{"id":87630,"date":"2019-06-15T09:53:09","date_gmt":"2019-06-15T07:53:09","guid":{"rendered":"http:\/\/www.feminissima.de\/?p=87630"},"modified":"2019-06-15T09:53:09","modified_gmt":"2019-06-15T07:53:09","slug":"sommerferien-in-der-turkei-und-die-angst-vor-zwangsverheiratung","status":"publish","type":"post","link":"https:\/\/feminissima.de\/index.php\/2019\/06\/15\/sommerferien-in-der-turkei-und-die-angst-vor-zwangsverheiratung\/","title":{"rendered":"Sommerferien in der T\u00fcrkei und die Angst vor Zwangsverheiratung!"},"content":{"rendered":"<p>Terre des Femmes geht gerade mit dieser G\u00e4nsehaut-News an die Presse. So viele t\u00fcrkisch-st\u00e4mmige Teenager b\u00e4ten um Rat und Hilfe. Die Gefahr in den Sommerferien, die von vielen in GER lebenden t\u00fcrkischen Familien traditionsgem\u00e4\u00df in der T\u00fcrkei verbracht werden &#8211; wird zur LEBENSGEFAHR f\u00fcr die jungen T\u00f6chter &#8211; Das Risiko zwangsverheiratet zu werden &#8211; was auch Vergewaltigung hei\u00dft, in erster Linie und das Ende der Chancen auf Bildung und ein eigenes freies Leben &#8211; GER schlampt da noch immer in seinen Vorschriften..!! &#8211; ist daher&#8230;in den langen Sommerferien besonders gro\u00df. Stoppt KINDEREHEN. VERBIETET SIE ENDLICH &#8211; ! Wer seine minderj\u00e4hrigen Kinder verkauft  &#8211; lasst diese Monster-Familien einfach nicht wieder ins Land GER zur\u00fcck. Das k\u00f6nnte endlich wirken!<\/p>\n<p>Guten Morgen aus Teneriffa ! Local time 8 Uhr 54 &#8211; Die Sonne ist nun \u00fcber das Hausdach auf der gegen\u00fcberliegenden Stra\u00dfe geklettert und wirft goldenes Licht ins Zimmer&#8230; h\u00fcbsch..:)) &#8230; Aber warm wird es erst richtig, wenn sie noch ein wenig h\u00f6her klettert&#8230;.<\/p>\n<p>Ja, im Gegensatz zu GER ist es hier im Norden von Teneriffa im Verlauf der letzten 7 Jahre merklich k\u00fchler geworden&#8230;im Vergleich zu 40 Grad&#8230; fr\u00fcher im Sommer&#8230; selbst im Norden&#8230; <\/p>\n","protected":false},"excerpt":{"rendered":"<p>Terre des Femmes geht gerade mit dieser G\u00e4nsehaut-News an die Presse. So viele t\u00fcrkisch-st\u00e4mmige Teenager b\u00e4ten um Rat und Hilfe. Die Gefahr in den Sommerferien, die von vielen in GER lebenden t\u00fcrkischen Familien traditionsgem\u00e4\u00df in der T\u00fcrkei verbracht werden &#8211; wird zur LEBENSGEFAHR f\u00fcr die jungen T\u00f6chter &#8211; Das Risiko zwangsverheiratet zu werden &#8211; was&hellip; <a class=\"more-link\" href=\"https:\/\/feminissima.de\/index.php\/2019\/06\/15\/sommerferien-in-der-turkei-und-die-angst-vor-zwangsverheiratung\/\"><span class=\"screen-reader-text\">Sommerferien in der T\u00fcrkei und die Angst vor Zwangsverheiratung!<\/span> weiterlesen<\/a><\/p>\n","protected":false},"author":3,"featured_media":0,"comment_status":"closed","ping_status":"closed","sticky":false,"template":"","format":"standard","meta":{"footnotes":""},"categories":[6],"tags":[],"class_list":["post-87630","post","type-post","status-publish","format-standard","hentry","category-femleben","entry"],"yoast_head":"<!-- This site is optimized with the Yoast SEO plugin v21.0 - https:\/\/yoast.com\/wordpress\/plugins\/seo\/ -->\n<title>Sommerferien in der T\u00fcrkei und die Angst vor Zwangsverheiratung! - Feminissima<\/title>\n<meta name=\"robots\" content=\"index, follow, max-snippet:-1, max-image-preview:large, max-video-preview:-1\" \/>\n<link rel=\"canonical\" href=\"https:\/\/feminissima.de\/index.php\/2019\/06\/15\/sommerferien-in-der-turkei-und-die-angst-vor-zwangsverheiratung\/\" \/>\n<meta property=\"og:locale\" content=\"de_DE\" \/>\n<meta property=\"og:type\" content=\"article\" \/>\n<meta property=\"og:title\" content=\"Sommerferien in der T\u00fcrkei und die Angst vor Zwangsverheiratung! - Feminissima\" \/>\n<meta property=\"og:description\" content=\"Terre des Femmes geht gerade mit dieser G\u00e4nsehaut-News an die Presse. So viele t\u00fcrkisch-st\u00e4mmige Teenager b\u00e4ten um Rat und Hilfe. Die Gefahr in den Sommerferien, die von vielen in GER lebenden t\u00fcrkischen Familien traditionsgem\u00e4\u00df in der T\u00fcrkei verbracht werden &#8211; wird zur LEBENSGEFAHR f\u00fcr die jungen T\u00f6chter &#8211; Das Risiko zwangsverheiratet zu werden &#8211; was&hellip; Sommerferien in der T\u00fcrkei und die Angst vor Zwangsverheiratung! weiterlesen\" \/>\n<meta property=\"og:url\" content=\"https:\/\/feminissima.de\/index.php\/2019\/06\/15\/sommerferien-in-der-turkei-und-die-angst-vor-zwangsverheiratung\/\" \/>\n<meta property=\"og:site_name\" content=\"Feminissima\" \/>\n<meta property=\"article:published_time\" content=\"2019-06-15T07:53:09+00:00\" \/>\n<meta name=\"author\" content=\"fem\" \/>\n<meta name=\"twitter:card\" content=\"summary_large_image\" \/>\n<meta name=\"twitter:label1\" content=\"Verfasst von\" \/>\n\t<meta name=\"twitter:data1\" content=\"fem\" \/>\n\t<meta name=\"twitter:label2\" content=\"Gesch\u00e4tzte Lesezeit\" \/>\n\t<meta name=\"twitter:data2\" content=\"1\u00a0Minute\" \/>\n<script type=\"application\/ld+json\" class=\"yoast-schema-graph\">{\"@context\":\"https:\/\/schema.org\",\"@graph\":[{\"@type\":\"WebPage\",\"@id\":\"https:\/\/feminissima.de\/index.php\/2019\/06\/15\/sommerferien-in-der-turkei-und-die-angst-vor-zwangsverheiratung\/\",\"url\":\"https:\/\/feminissima.de\/index.php\/2019\/06\/15\/sommerferien-in-der-turkei-und-die-angst-vor-zwangsverheiratung\/\",\"name\":\"Sommerferien in der T\u00fcrkei und die Angst vor Zwangsverheiratung! - Feminissima\",\"isPartOf\":{\"@id\":\"https:\/\/feminissima.de\/#website\"},\"datePublished\":\"2019-06-15T07:53:09+00:00\",\"dateModified\":\"2019-06-15T07:53:09+00:00\",\"author\":{\"@id\":\"https:\/\/feminissima.de\/#\/schema\/person\/5dea0fc707e9da59266a47da2f9a8210\"},\"breadcrumb\":{\"@id\":\"https:\/\/feminissima.de\/index.php\/2019\/06\/15\/sommerferien-in-der-turkei-und-die-angst-vor-zwangsverheiratung\/#breadcrumb\"},\"inLanguage\":\"de\",\"potentialAction\":[{\"@type\":\"ReadAction\",\"target\":[\"https:\/\/feminissima.de\/index.php\/2019\/06\/15\/sommerferien-in-der-turkei-und-die-angst-vor-zwangsverheiratung\/\"]}]},{\"@type\":\"BreadcrumbList\",\"@id\":\"https:\/\/feminissima.de\/index.php\/2019\/06\/15\/sommerferien-in-der-turkei-und-die-angst-vor-zwangsverheiratung\/#breadcrumb\",\"itemListElement\":[{\"@type\":\"ListItem\",\"position\":1,\"name\":\"Startseite\",\"item\":\"https:\/\/feminissima.de\/\"},{\"@type\":\"ListItem\",\"position\":2,\"name\":\"Sommerferien in der T\u00fcrkei und die Angst vor Zwangsverheiratung!\"}]},{\"@type\":\"WebSite\",\"@id\":\"https:\/\/feminissima.de\/#website\",\"url\":\"https:\/\/feminissima.de\/\",\"name\":\"Feminissima\",\"description\":\"\",\"potentialAction\":[{\"@type\":\"SearchAction\",\"target\":{\"@type\":\"EntryPoint\",\"urlTemplate\":\"https:\/\/feminissima.de\/?s={search_term_string}\"},\"query-input\":\"required name=search_term_string\"}],\"inLanguage\":\"de\"},{\"@type\":\"Person\",\"@id\":\"https:\/\/feminissima.de\/#\/schema\/person\/5dea0fc707e9da59266a47da2f9a8210\",\"name\":\"fem\",\"image\":{\"@type\":\"ImageObject\",\"inLanguage\":\"de\",\"@id\":\"https:\/\/feminissima.de\/#\/schema\/person\/image\/\",\"url\":\"https:\/\/secure.gravatar.com\/avatar\/892e878e26ee6e7c1689c0b5183da4949c35fb291d0554f021db478bb42e3226?s=96&d=mm&r=g\",\"contentUrl\":\"https:\/\/secure.gravatar.com\/avatar\/892e878e26ee6e7c1689c0b5183da4949c35fb291d0554f021db478bb42e3226?s=96&d=mm&r=g\",\"caption\":\"fem\"},\"url\":\"https:\/\/feminissima.de\/index.php\/author\/fem\/\"}]}<\/script>\n<!-- \/ Yoast SEO plugin. -->","yoast_head_json":{"title":"Sommerferien in der T\u00fcrkei und die Angst vor Zwangsverheiratung! - Feminissima","robots":{"index":"index","follow":"follow","max-snippet":"max-snippet:-1","max-image-preview":"max-image-preview:large","max-video-preview":"max-video-preview:-1"},"canonical":"https:\/\/feminissima.de\/index.php\/2019\/06\/15\/sommerferien-in-der-turkei-und-die-angst-vor-zwangsverheiratung\/","og_locale":"de_DE","og_type":"article","og_title":"Sommerferien in der T\u00fcrkei und die Angst vor Zwangsverheiratung! - Feminissima","og_description":"Terre des Femmes geht gerade mit dieser G\u00e4nsehaut-News an die Presse. So viele t\u00fcrkisch-st\u00e4mmige Teenager b\u00e4ten um Rat und Hilfe. Die Gefahr in den Sommerferien, die von vielen in GER lebenden t\u00fcrkischen Familien traditionsgem\u00e4\u00df in der T\u00fcrkei verbracht werden &#8211; wird zur LEBENSGEFAHR f\u00fcr die jungen T\u00f6chter &#8211; Das Risiko zwangsverheiratet zu werden &#8211; was&hellip; Sommerferien in der T\u00fcrkei und die Angst vor Zwangsverheiratung! weiterlesen","og_url":"https:\/\/feminissima.de\/index.php\/2019\/06\/15\/sommerferien-in-der-turkei-und-die-angst-vor-zwangsverheiratung\/","og_site_name":"Feminissima","article_published_time":"2019-06-15T07:53:09+00:00","author":"fem","twitter_card":"summary_large_image","twitter_misc":{"Verfasst von":"fem","Gesch\u00e4tzte Lesezeit":"1\u00a0Minute"},"schema":{"@context":"https:\/\/schema.org","@graph":[{"@type":"WebPage","@id":"https:\/\/feminissima.de\/index.php\/2019\/06\/15\/sommerferien-in-der-turkei-und-die-angst-vor-zwangsverheiratung\/","url":"https:\/\/feminissima.de\/index.php\/2019\/06\/15\/sommerferien-in-der-turkei-und-die-angst-vor-zwangsverheiratung\/","name":"Sommerferien in der T\u00fcrkei und die Angst vor Zwangsverheiratung! - Feminissima","isPartOf":{"@id":"https:\/\/feminissima.de\/#website"},"datePublished":"2019-06-15T07:53:09+00:00","dateModified":"2019-06-15T07:53:09+00:00","author":{"@id":"https:\/\/feminissima.de\/#\/schema\/person\/5dea0fc707e9da59266a47da2f9a8210"},"breadcrumb":{"@id":"https:\/\/feminissima.de\/index.php\/2019\/06\/15\/sommerferien-in-der-turkei-und-die-angst-vor-zwangsverheiratung\/#breadcrumb"},"inLanguage":"de","potentialAction":[{"@type":"ReadAction","target":["https:\/\/feminissima.de\/index.php\/2019\/06\/15\/sommerferien-in-der-turkei-und-die-angst-vor-zwangsverheiratung\/"]}]},{"@type":"BreadcrumbList","@id":"https:\/\/feminissima.de\/index.php\/2019\/06\/15\/sommerferien-in-der-turkei-und-die-angst-vor-zwangsverheiratung\/#breadcrumb","itemListElement":[{"@type":"ListItem","position":1,"name":"Startseite","item":"https:\/\/feminissima.de\/"},{"@type":"ListItem","position":2,"name":"Sommerferien in der T\u00fcrkei und die Angst vor Zwangsverheiratung!"}]},{"@type":"WebSite","@id":"https:\/\/feminissima.de\/#website","url":"https:\/\/feminissima.de\/","name":"Feminissima","description":"","potentialAction":[{"@type":"SearchAction","target":{"@type":"EntryPoint","urlTemplate":"https:\/\/feminissima.de\/?s={search_term_string}"},"query-input":"required name=search_term_string"}],"inLanguage":"de"},{"@type":"Person","@id":"https:\/\/feminissima.de\/#\/schema\/person\/5dea0fc707e9da59266a47da2f9a8210","name":"fem","image":{"@type":"ImageObject","inLanguage":"de","@id":"https:\/\/feminissima.de\/#\/schema\/person\/image\/","url":"https:\/\/secure.gravatar.com\/avatar\/892e878e26ee6e7c1689c0b5183da4949c35fb291d0554f021db478bb42e3226?s=96&d=mm&r=g","contentUrl":"https:\/\/secure.gravatar.com\/avatar\/892e878e26ee6e7c1689c0b5183da4949c35fb291d0554f021db478bb42e3226?s=96&d=mm&r=g","caption":"fem"},"url":"https:\/\/feminissima.de\/index.php\/author\/fem\/"}]}},"jetpack_featured_media_url":"","_links":{"self":[{"href":"https:\/\/feminissima.de\/index.php\/wp-json\/wp\/v2\/posts\/87630","targetHints":{"allow":["GET"]}}],"collection":[{"href":"https:\/\/feminissima.de\/index.php\/wp-json\/wp\/v2\/posts"}],"about":[{"href":"https:\/\/feminissima.de\/index.php\/wp-json\/wp\/v2\/types\/post"}],"author":[{"embeddable":true,"href":"https:\/\/feminissima.de\/index.php\/wp-json\/wp\/v2\/users\/3"}],"replies":[{"embeddable":true,"href":"https:\/\/feminissima.de\/index.php\/wp-json\/wp\/v2\/comments?post=87630"}],"version-history":[{"count":0,"href":"https:\/\/feminissima.de\/index.php\/wp-json\/wp\/v2\/posts\/87630\/revisions"}],"wp:attachment":[{"href":"https:\/\/feminissima.de\/index.php\/wp-json\/wp\/v2\/media?parent=87630"}],"wp:term":[{"taxonomy":"category","embeddable":true,"href":"https:\/\/feminissima.de\/index.php\/wp-json\/wp\/v2\/categories?post=87630"},{"taxonomy":"post_tag","embeddable":true,"href":"https:\/\/feminissima.de\/index.php\/wp-json\/wp\/v2\/tags?post=87630"}],"curies":[{"name":"wp","href":"https:\/\/api.w.org\/{rel}","templated":true}]}}