{"id":87613,"date":"2019-06-14T05:15:38","date_gmt":"2019-06-14T03:15:38","guid":{"rendered":"http:\/\/www.feminissima.de\/?p=87613"},"modified":"2019-06-14T05:15:38","modified_gmt":"2019-06-14T03:15:38","slug":"illner-zdf-gestern-abend-die-gnade-des-einschlafens","status":"publish","type":"post","link":"https:\/\/feminissima.de\/index.php\/2019\/06\/14\/illner-zdf-gestern-abend-die-gnade-des-einschlafens\/","title":{"rendered":"@Illner\/ ZDF : gestern Abend  &#8211; Die Gnade des Einschlafens&#8230;!"},"content":{"rendered":"<p>Lauter Langweiler. Gro\u00dfm\u00e4ulig, grobschl\u00e4chtig in Sprache und (inzwischen auch ) Aussehen, die einzige Frau au\u00dfer MayBrittIllner &#8211; Sophie Passmann. Zu lange auf TWITTER erlebt, um sie jemals irgendwo oder irgendwie &#8222;gut&#8220; oder gar &#8222;brilliant&#8220; zu finden. Eine eitle, unglaublich von sich eingenommene Person (was &#8222;eitel&#8220; ja bedeutet ..) und nun also auch &#8211; das angepasste Girlie, das die angepasste &#8222;Unangepasstheit&#8220; als Gesch\u00e4ftsmodell, als Werbetr\u00e4gerin gestern Abend f\u00fcr die SPD? Da schau her. Und klar, Werbung f\u00fcr den UNS\u00c4GLICHEN Kevin K. &#8230; ebenfalls vor Selbstliebe platzend&#8230;.ansonsten so erschreckende Langweiler\/innen &#8211; Ja, ach so &#8211; da war ja noch Frau Schwesig, gut gestylt optisch &#8211; inhaltlich ebenso null-wertig wie der gesamte Rest der G\u00e4ste, die Illner viel zu lange ausreden lie\u00df. LEERE als INHALT. Die politische und mediale Lage &#8211; in GER   gestern Abend mal wieder live &#8211; Maybritt ILLNER &#8211; auch wie gar nicht anwesend&#8230;. Wann geht sie eigentlichin die Sommerpause&#8230;?<\/p>\n<p>Guten Morgen &#8211; hier ist your onliny-online&#8230;live geschrieben, wie fast immer 4:26 Uhr local time auf TENERIFFA &#8211; Kommt gut in den Tag&#8230; Hier noch mal das Licht aus&#8230; Anders als in GER bleibt es morgens leider das ganze Jahr \u00fcber bis gegen 7 Uhr selbst im Sommer &#8230;dunkel drau\u00dfen&#8230;. Ja, ein paar tausend Kilometerchen entfernt&#8230; daf\u00fcr keine Gewitter..Nat\u00fcrlich w\u00e4re es jetzt sch\u00f6n, mit anderen auf TWITTER &#8230;.der AUSSTIEG nach all den Jahren aber hat FEMINISSIMA wieder aufleben lassen&#8230;Und neben dem Bedauern, dass das gemeinsame L\u00e4stern flach-f\u00e4llt, w\u00e4chst doch die Erleichterung dar\u00fcber, die Dauer- EIGEN-Werbenden aus Politik und Medien bei TWITTER nicht mehr erleben,  gar aushalten zu m\u00fcssen&#8230;. Und mehr verlangt auch der Kopf , als nur likes oder Retweets&#8230;.Die Tweets &#8211; ?In der K\u00fcrze liegt die W\u00fcrze? Auch kurz kann unendlich langweilig sein!  <\/p>\n","protected":false},"excerpt":{"rendered":"<p>Lauter Langweiler. Gro\u00dfm\u00e4ulig, grobschl\u00e4chtig in Sprache und (inzwischen auch ) Aussehen, die einzige Frau au\u00dfer MayBrittIllner &#8211; Sophie Passmann. Zu lange auf TWITTER erlebt, um sie jemals irgendwo oder irgendwie &#8222;gut&#8220; oder gar &#8222;brilliant&#8220; zu finden. Eine eitle, unglaublich von sich eingenommene Person (was &#8222;eitel&#8220; ja bedeutet ..) und nun also auch &#8211; das angepasste&hellip; <a class=\"more-link\" href=\"https:\/\/feminissima.de\/index.php\/2019\/06\/14\/illner-zdf-gestern-abend-die-gnade-des-einschlafens\/\"><span class=\"screen-reader-text\">@Illner\/ ZDF : gestern Abend  &#8211; Die Gnade des Einschlafens&#8230;!<\/span> weiterlesen<\/a><\/p>\n","protected":false},"author":3,"featured_media":0,"comment_status":"closed","ping_status":"closed","sticky":false,"template":"","format":"standard","meta":{"footnotes":""},"categories":[6,13],"tags":[],"class_list":["post-87613","post","type-post","status-publish","format-standard","hentry","category-femleben","category-femmedien","entry"],"yoast_head":"<!-- This site is optimized with the Yoast SEO plugin v21.0 - https:\/\/yoast.com\/wordpress\/plugins\/seo\/ -->\n<title>@Illner\/ ZDF : gestern Abend - Die Gnade des Einschlafens...! - Feminissima<\/title>\n<meta name=\"robots\" content=\"index, follow, max-snippet:-1, max-image-preview:large, max-video-preview:-1\" \/>\n<link rel=\"canonical\" href=\"https:\/\/feminissima.de\/index.php\/2019\/06\/14\/illner-zdf-gestern-abend-die-gnade-des-einschlafens\/\" \/>\n<meta property=\"og:locale\" content=\"de_DE\" \/>\n<meta property=\"og:type\" content=\"article\" \/>\n<meta property=\"og:title\" content=\"@Illner\/ ZDF : gestern Abend - Die Gnade des Einschlafens...! - Feminissima\" \/>\n<meta property=\"og:description\" content=\"Lauter Langweiler. Gro\u00dfm\u00e4ulig, grobschl\u00e4chtig in Sprache und (inzwischen auch ) Aussehen, die einzige Frau au\u00dfer MayBrittIllner &#8211; Sophie Passmann. Zu lange auf TWITTER erlebt, um sie jemals irgendwo oder irgendwie &#8222;gut&#8220; oder gar &#8222;brilliant&#8220; zu finden. Eine eitle, unglaublich von sich eingenommene Person (was &#8222;eitel&#8220; ja bedeutet ..) und nun also auch &#8211; das angepasste&hellip; @Illner\/ ZDF : gestern Abend &#8211; Die Gnade des Einschlafens&#8230;! weiterlesen\" \/>\n<meta property=\"og:url\" content=\"https:\/\/feminissima.de\/index.php\/2019\/06\/14\/illner-zdf-gestern-abend-die-gnade-des-einschlafens\/\" \/>\n<meta property=\"og:site_name\" content=\"Feminissima\" \/>\n<meta property=\"article:published_time\" content=\"2019-06-14T03:15:38+00:00\" \/>\n<meta name=\"author\" content=\"fem\" \/>\n<meta name=\"twitter:card\" content=\"summary_large_image\" \/>\n<meta name=\"twitter:label1\" content=\"Verfasst von\" \/>\n\t<meta name=\"twitter:data1\" content=\"fem\" \/>\n\t<meta name=\"twitter:label2\" content=\"Gesch\u00e4tzte Lesezeit\" \/>\n\t<meta name=\"twitter:data2\" content=\"2\u00a0Minuten\" \/>\n<script type=\"application\/ld+json\" class=\"yoast-schema-graph\">{\"@context\":\"https:\/\/schema.org\",\"@graph\":[{\"@type\":\"WebPage\",\"@id\":\"https:\/\/feminissima.de\/index.php\/2019\/06\/14\/illner-zdf-gestern-abend-die-gnade-des-einschlafens\/\",\"url\":\"https:\/\/feminissima.de\/index.php\/2019\/06\/14\/illner-zdf-gestern-abend-die-gnade-des-einschlafens\/\",\"name\":\"@Illner\/ ZDF : gestern Abend - Die Gnade des Einschlafens...! - Feminissima\",\"isPartOf\":{\"@id\":\"https:\/\/feminissima.de\/#website\"},\"datePublished\":\"2019-06-14T03:15:38+00:00\",\"dateModified\":\"2019-06-14T03:15:38+00:00\",\"author\":{\"@id\":\"https:\/\/feminissima.de\/#\/schema\/person\/5dea0fc707e9da59266a47da2f9a8210\"},\"breadcrumb\":{\"@id\":\"https:\/\/feminissima.de\/index.php\/2019\/06\/14\/illner-zdf-gestern-abend-die-gnade-des-einschlafens\/#breadcrumb\"},\"inLanguage\":\"de\",\"potentialAction\":[{\"@type\":\"ReadAction\",\"target\":[\"https:\/\/feminissima.de\/index.php\/2019\/06\/14\/illner-zdf-gestern-abend-die-gnade-des-einschlafens\/\"]}]},{\"@type\":\"BreadcrumbList\",\"@id\":\"https:\/\/feminissima.de\/index.php\/2019\/06\/14\/illner-zdf-gestern-abend-die-gnade-des-einschlafens\/#breadcrumb\",\"itemListElement\":[{\"@type\":\"ListItem\",\"position\":1,\"name\":\"Startseite\",\"item\":\"https:\/\/feminissima.de\/\"},{\"@type\":\"ListItem\",\"position\":2,\"name\":\"@Illner\/ ZDF : gestern Abend &#8211; Die Gnade des Einschlafens&#8230;!\"}]},{\"@type\":\"WebSite\",\"@id\":\"https:\/\/feminissima.de\/#website\",\"url\":\"https:\/\/feminissima.de\/\",\"name\":\"Feminissima\",\"description\":\"\",\"potentialAction\":[{\"@type\":\"SearchAction\",\"target\":{\"@type\":\"EntryPoint\",\"urlTemplate\":\"https:\/\/feminissima.de\/?s={search_term_string}\"},\"query-input\":\"required name=search_term_string\"}],\"inLanguage\":\"de\"},{\"@type\":\"Person\",\"@id\":\"https:\/\/feminissima.de\/#\/schema\/person\/5dea0fc707e9da59266a47da2f9a8210\",\"name\":\"fem\",\"image\":{\"@type\":\"ImageObject\",\"inLanguage\":\"de\",\"@id\":\"https:\/\/feminissima.de\/#\/schema\/person\/image\/\",\"url\":\"https:\/\/secure.gravatar.com\/avatar\/892e878e26ee6e7c1689c0b5183da4949c35fb291d0554f021db478bb42e3226?s=96&d=mm&r=g\",\"contentUrl\":\"https:\/\/secure.gravatar.com\/avatar\/892e878e26ee6e7c1689c0b5183da4949c35fb291d0554f021db478bb42e3226?s=96&d=mm&r=g\",\"caption\":\"fem\"},\"url\":\"https:\/\/feminissima.de\/index.php\/author\/fem\/\"}]}<\/script>\n<!-- \/ Yoast SEO plugin. -->","yoast_head_json":{"title":"@Illner\/ ZDF : gestern Abend - Die Gnade des Einschlafens...! - Feminissima","robots":{"index":"index","follow":"follow","max-snippet":"max-snippet:-1","max-image-preview":"max-image-preview:large","max-video-preview":"max-video-preview:-1"},"canonical":"https:\/\/feminissima.de\/index.php\/2019\/06\/14\/illner-zdf-gestern-abend-die-gnade-des-einschlafens\/","og_locale":"de_DE","og_type":"article","og_title":"@Illner\/ ZDF : gestern Abend - Die Gnade des Einschlafens...! - Feminissima","og_description":"Lauter Langweiler. Gro\u00dfm\u00e4ulig, grobschl\u00e4chtig in Sprache und (inzwischen auch ) Aussehen, die einzige Frau au\u00dfer MayBrittIllner &#8211; Sophie Passmann. Zu lange auf TWITTER erlebt, um sie jemals irgendwo oder irgendwie &#8222;gut&#8220; oder gar &#8222;brilliant&#8220; zu finden. Eine eitle, unglaublich von sich eingenommene Person (was &#8222;eitel&#8220; ja bedeutet ..) und nun also auch &#8211; das angepasste&hellip; @Illner\/ ZDF : gestern Abend &#8211; Die Gnade des Einschlafens&#8230;! weiterlesen","og_url":"https:\/\/feminissima.de\/index.php\/2019\/06\/14\/illner-zdf-gestern-abend-die-gnade-des-einschlafens\/","og_site_name":"Feminissima","article_published_time":"2019-06-14T03:15:38+00:00","author":"fem","twitter_card":"summary_large_image","twitter_misc":{"Verfasst von":"fem","Gesch\u00e4tzte Lesezeit":"2\u00a0Minuten"},"schema":{"@context":"https:\/\/schema.org","@graph":[{"@type":"WebPage","@id":"https:\/\/feminissima.de\/index.php\/2019\/06\/14\/illner-zdf-gestern-abend-die-gnade-des-einschlafens\/","url":"https:\/\/feminissima.de\/index.php\/2019\/06\/14\/illner-zdf-gestern-abend-die-gnade-des-einschlafens\/","name":"@Illner\/ ZDF : gestern Abend - Die Gnade des Einschlafens...! - Feminissima","isPartOf":{"@id":"https:\/\/feminissima.de\/#website"},"datePublished":"2019-06-14T03:15:38+00:00","dateModified":"2019-06-14T03:15:38+00:00","author":{"@id":"https:\/\/feminissima.de\/#\/schema\/person\/5dea0fc707e9da59266a47da2f9a8210"},"breadcrumb":{"@id":"https:\/\/feminissima.de\/index.php\/2019\/06\/14\/illner-zdf-gestern-abend-die-gnade-des-einschlafens\/#breadcrumb"},"inLanguage":"de","potentialAction":[{"@type":"ReadAction","target":["https:\/\/feminissima.de\/index.php\/2019\/06\/14\/illner-zdf-gestern-abend-die-gnade-des-einschlafens\/"]}]},{"@type":"BreadcrumbList","@id":"https:\/\/feminissima.de\/index.php\/2019\/06\/14\/illner-zdf-gestern-abend-die-gnade-des-einschlafens\/#breadcrumb","itemListElement":[{"@type":"ListItem","position":1,"name":"Startseite","item":"https:\/\/feminissima.de\/"},{"@type":"ListItem","position":2,"name":"@Illner\/ ZDF : gestern Abend &#8211; Die Gnade des Einschlafens&#8230;!"}]},{"@type":"WebSite","@id":"https:\/\/feminissima.de\/#website","url":"https:\/\/feminissima.de\/","name":"Feminissima","description":"","potentialAction":[{"@type":"SearchAction","target":{"@type":"EntryPoint","urlTemplate":"https:\/\/feminissima.de\/?s={search_term_string}"},"query-input":"required name=search_term_string"}],"inLanguage":"de"},{"@type":"Person","@id":"https:\/\/feminissima.de\/#\/schema\/person\/5dea0fc707e9da59266a47da2f9a8210","name":"fem","image":{"@type":"ImageObject","inLanguage":"de","@id":"https:\/\/feminissima.de\/#\/schema\/person\/image\/","url":"https:\/\/secure.gravatar.com\/avatar\/892e878e26ee6e7c1689c0b5183da4949c35fb291d0554f021db478bb42e3226?s=96&d=mm&r=g","contentUrl":"https:\/\/secure.gravatar.com\/avatar\/892e878e26ee6e7c1689c0b5183da4949c35fb291d0554f021db478bb42e3226?s=96&d=mm&r=g","caption":"fem"},"url":"https:\/\/feminissima.de\/index.php\/author\/fem\/"}]}},"jetpack_featured_media_url":"","_links":{"self":[{"href":"https:\/\/feminissima.de\/index.php\/wp-json\/wp\/v2\/posts\/87613","targetHints":{"allow":["GET"]}}],"collection":[{"href":"https:\/\/feminissima.de\/index.php\/wp-json\/wp\/v2\/posts"}],"about":[{"href":"https:\/\/feminissima.de\/index.php\/wp-json\/wp\/v2\/types\/post"}],"author":[{"embeddable":true,"href":"https:\/\/feminissima.de\/index.php\/wp-json\/wp\/v2\/users\/3"}],"replies":[{"embeddable":true,"href":"https:\/\/feminissima.de\/index.php\/wp-json\/wp\/v2\/comments?post=87613"}],"version-history":[{"count":0,"href":"https:\/\/feminissima.de\/index.php\/wp-json\/wp\/v2\/posts\/87613\/revisions"}],"wp:attachment":[{"href":"https:\/\/feminissima.de\/index.php\/wp-json\/wp\/v2\/media?parent=87613"}],"wp:term":[{"taxonomy":"category","embeddable":true,"href":"https:\/\/feminissima.de\/index.php\/wp-json\/wp\/v2\/categories?post=87613"},{"taxonomy":"post_tag","embeddable":true,"href":"https:\/\/feminissima.de\/index.php\/wp-json\/wp\/v2\/tags?post=87613"}],"curies":[{"name":"wp","href":"https:\/\/api.w.org\/{rel}","templated":true}]}}