{"id":87610,"date":"2019-06-13T19:35:50","date_gmt":"2019-06-13T17:35:50","guid":{"rendered":"http:\/\/www.feminissima.de\/?p=87610"},"modified":"2019-06-13T19:35:50","modified_gmt":"2019-06-13T17:35:50","slug":"macht-endlich-die-berliner-allee-in-bln-weissensee-dicht-die-burger-werden-wach-viel-zu-spat","status":"publish","type":"post","link":"https:\/\/feminissima.de\/index.php\/2019\/06\/13\/macht-endlich-die-berliner-allee-in-bln-weissensee-dicht-die-burger-werden-wach-viel-zu-spat\/","title":{"rendered":"Macht endlich die BERLINER ALLEE in Bln-WEISSENSEE dicht! Die B\u00fcrger werden wach &#8211; viel zu sp\u00e4t."},"content":{"rendered":"<p>Wenn du mehr \u00fcber Berlin-Weissensee atmosph\u00e4risch wissen willst &#8211; &#8211; legen wir Dir gern fem&#038;Reisen ans Herzilein. Die beiden ironischen Texte \u00fcber 2 neue Restaurants, damals, als MARENGA noch in Berlin-Weissensee wohnte und genau wu\u00dfte, wie LEBENSGEF\u00c4HRLICH -laut und unertr\u00e4glich h\u00e4sslich die BERLINER ALLEE in Wei\u00dfensee ist. ERST JETZT &#8211; hat sich ein &#8211; allerdings &#8211; so berichtet  der TAGESSPIEGEL &#8211; hochaktives B\u00fcrgerB\u00fcndnis gegen die BERLINER ALLEE gegr\u00fcndet. Die Allee soll zwischen Indira-Ghandi und Antonsplatz wenigstens am Wochenende f\u00fcr jede Art von Stra\u00dfenverkehr gesperrt werden&#8230; Tja&#8230;  Politiker in Berlin kannst du ja meist vergessenn..<\/p>\n","protected":false},"excerpt":{"rendered":"<p>Wenn du mehr \u00fcber Berlin-Weissensee atmosph\u00e4risch wissen willst &#8211; &#8211; legen wir Dir gern fem&#038;Reisen ans Herzilein. Die beiden ironischen Texte \u00fcber 2 neue Restaurants, damals, als MARENGA noch in Berlin-Weissensee wohnte und genau wu\u00dfte, wie LEBENSGEF\u00c4HRLICH -laut und unertr\u00e4glich h\u00e4sslich die BERLINER ALLEE in Wei\u00dfensee ist. ERST JETZT &#8211; hat sich ein &#8211; allerdings&hellip; <a class=\"more-link\" href=\"https:\/\/feminissima.de\/index.php\/2019\/06\/13\/macht-endlich-die-berliner-allee-in-bln-weissensee-dicht-die-burger-werden-wach-viel-zu-spat\/\"><span class=\"screen-reader-text\">Macht endlich die BERLINER ALLEE in Bln-WEISSENSEE dicht! Die B\u00fcrger werden wach &#8211; viel zu sp\u00e4t.<\/span> weiterlesen<\/a><\/p>\n","protected":false},"author":3,"featured_media":0,"comment_status":"closed","ping_status":"closed","sticky":false,"template":"","format":"standard","meta":{"footnotes":""},"categories":[6,14],"tags":[],"class_list":["post-87610","post","type-post","status-publish","format-standard","hentry","category-femleben","category-fempolitik","entry"],"yoast_head":"<!-- This site is optimized with the Yoast SEO plugin v21.0 - https:\/\/yoast.com\/wordpress\/plugins\/seo\/ -->\n<title>Macht endlich die BERLINER ALLEE in Bln-WEISSENSEE dicht! Die B\u00fcrger werden wach - viel zu sp\u00e4t. - Feminissima<\/title>\n<meta name=\"robots\" content=\"index, follow, max-snippet:-1, max-image-preview:large, max-video-preview:-1\" \/>\n<link rel=\"canonical\" href=\"https:\/\/feminissima.de\/index.php\/2019\/06\/13\/macht-endlich-die-berliner-allee-in-bln-weissensee-dicht-die-burger-werden-wach-viel-zu-spat\/\" \/>\n<meta property=\"og:locale\" content=\"de_DE\" \/>\n<meta property=\"og:type\" content=\"article\" \/>\n<meta property=\"og:title\" content=\"Macht endlich die BERLINER ALLEE in Bln-WEISSENSEE dicht! Die B\u00fcrger werden wach - viel zu sp\u00e4t. - Feminissima\" \/>\n<meta property=\"og:description\" content=\"Wenn du mehr \u00fcber Berlin-Weissensee atmosph\u00e4risch wissen willst &#8211; &#8211; legen wir Dir gern fem&#038;Reisen ans Herzilein. Die beiden ironischen Texte \u00fcber 2 neue Restaurants, damals, als MARENGA noch in Berlin-Weissensee wohnte und genau wu\u00dfte, wie LEBENSGEF\u00c4HRLICH -laut und unertr\u00e4glich h\u00e4sslich die BERLINER ALLEE in Wei\u00dfensee ist. ERST JETZT &#8211; hat sich ein &#8211; allerdings&hellip; Macht endlich die BERLINER ALLEE in Bln-WEISSENSEE dicht! Die B\u00fcrger werden wach &#8211; viel zu sp\u00e4t. weiterlesen\" \/>\n<meta property=\"og:url\" content=\"https:\/\/feminissima.de\/index.php\/2019\/06\/13\/macht-endlich-die-berliner-allee-in-bln-weissensee-dicht-die-burger-werden-wach-viel-zu-spat\/\" \/>\n<meta property=\"og:site_name\" content=\"Feminissima\" \/>\n<meta property=\"article:published_time\" content=\"2019-06-13T17:35:50+00:00\" \/>\n<meta name=\"author\" content=\"fem\" \/>\n<meta name=\"twitter:card\" content=\"summary_large_image\" \/>\n<meta name=\"twitter:label1\" content=\"Verfasst von\" \/>\n\t<meta name=\"twitter:data1\" content=\"fem\" \/>\n\t<meta name=\"twitter:label2\" content=\"Gesch\u00e4tzte Lesezeit\" \/>\n\t<meta name=\"twitter:data2\" content=\"1\u00a0Minute\" \/>\n<script type=\"application\/ld+json\" class=\"yoast-schema-graph\">{\"@context\":\"https:\/\/schema.org\",\"@graph\":[{\"@type\":\"WebPage\",\"@id\":\"https:\/\/feminissima.de\/index.php\/2019\/06\/13\/macht-endlich-die-berliner-allee-in-bln-weissensee-dicht-die-burger-werden-wach-viel-zu-spat\/\",\"url\":\"https:\/\/feminissima.de\/index.php\/2019\/06\/13\/macht-endlich-die-berliner-allee-in-bln-weissensee-dicht-die-burger-werden-wach-viel-zu-spat\/\",\"name\":\"Macht endlich die BERLINER ALLEE in Bln-WEISSENSEE dicht! Die B\u00fcrger werden wach - viel zu sp\u00e4t. - Feminissima\",\"isPartOf\":{\"@id\":\"https:\/\/feminissima.de\/#website\"},\"datePublished\":\"2019-06-13T17:35:50+00:00\",\"dateModified\":\"2019-06-13T17:35:50+00:00\",\"author\":{\"@id\":\"https:\/\/feminissima.de\/#\/schema\/person\/5dea0fc707e9da59266a47da2f9a8210\"},\"breadcrumb\":{\"@id\":\"https:\/\/feminissima.de\/index.php\/2019\/06\/13\/macht-endlich-die-berliner-allee-in-bln-weissensee-dicht-die-burger-werden-wach-viel-zu-spat\/#breadcrumb\"},\"inLanguage\":\"de\",\"potentialAction\":[{\"@type\":\"ReadAction\",\"target\":[\"https:\/\/feminissima.de\/index.php\/2019\/06\/13\/macht-endlich-die-berliner-allee-in-bln-weissensee-dicht-die-burger-werden-wach-viel-zu-spat\/\"]}]},{\"@type\":\"BreadcrumbList\",\"@id\":\"https:\/\/feminissima.de\/index.php\/2019\/06\/13\/macht-endlich-die-berliner-allee-in-bln-weissensee-dicht-die-burger-werden-wach-viel-zu-spat\/#breadcrumb\",\"itemListElement\":[{\"@type\":\"ListItem\",\"position\":1,\"name\":\"Startseite\",\"item\":\"https:\/\/feminissima.de\/\"},{\"@type\":\"ListItem\",\"position\":2,\"name\":\"Macht endlich die BERLINER ALLEE in Bln-WEISSENSEE dicht! Die B\u00fcrger werden wach &#8211; viel zu sp\u00e4t.\"}]},{\"@type\":\"WebSite\",\"@id\":\"https:\/\/feminissima.de\/#website\",\"url\":\"https:\/\/feminissima.de\/\",\"name\":\"Feminissima\",\"description\":\"\",\"potentialAction\":[{\"@type\":\"SearchAction\",\"target\":{\"@type\":\"EntryPoint\",\"urlTemplate\":\"https:\/\/feminissima.de\/?s={search_term_string}\"},\"query-input\":\"required name=search_term_string\"}],\"inLanguage\":\"de\"},{\"@type\":\"Person\",\"@id\":\"https:\/\/feminissima.de\/#\/schema\/person\/5dea0fc707e9da59266a47da2f9a8210\",\"name\":\"fem\",\"image\":{\"@type\":\"ImageObject\",\"inLanguage\":\"de\",\"@id\":\"https:\/\/feminissima.de\/#\/schema\/person\/image\/\",\"url\":\"https:\/\/secure.gravatar.com\/avatar\/892e878e26ee6e7c1689c0b5183da4949c35fb291d0554f021db478bb42e3226?s=96&d=mm&r=g\",\"contentUrl\":\"https:\/\/secure.gravatar.com\/avatar\/892e878e26ee6e7c1689c0b5183da4949c35fb291d0554f021db478bb42e3226?s=96&d=mm&r=g\",\"caption\":\"fem\"},\"url\":\"https:\/\/feminissima.de\/index.php\/author\/fem\/\"}]}<\/script>\n<!-- \/ Yoast SEO plugin. -->","yoast_head_json":{"title":"Macht endlich die BERLINER ALLEE in Bln-WEISSENSEE dicht! Die B\u00fcrger werden wach - viel zu sp\u00e4t. - Feminissima","robots":{"index":"index","follow":"follow","max-snippet":"max-snippet:-1","max-image-preview":"max-image-preview:large","max-video-preview":"max-video-preview:-1"},"canonical":"https:\/\/feminissima.de\/index.php\/2019\/06\/13\/macht-endlich-die-berliner-allee-in-bln-weissensee-dicht-die-burger-werden-wach-viel-zu-spat\/","og_locale":"de_DE","og_type":"article","og_title":"Macht endlich die BERLINER ALLEE in Bln-WEISSENSEE dicht! Die B\u00fcrger werden wach - viel zu sp\u00e4t. - Feminissima","og_description":"Wenn du mehr \u00fcber Berlin-Weissensee atmosph\u00e4risch wissen willst &#8211; &#8211; legen wir Dir gern fem&#038;Reisen ans Herzilein. Die beiden ironischen Texte \u00fcber 2 neue Restaurants, damals, als MARENGA noch in Berlin-Weissensee wohnte und genau wu\u00dfte, wie LEBENSGEF\u00c4HRLICH -laut und unertr\u00e4glich h\u00e4sslich die BERLINER ALLEE in Wei\u00dfensee ist. ERST JETZT &#8211; hat sich ein &#8211; allerdings&hellip; Macht endlich die BERLINER ALLEE in Bln-WEISSENSEE dicht! Die B\u00fcrger werden wach &#8211; viel zu sp\u00e4t. weiterlesen","og_url":"https:\/\/feminissima.de\/index.php\/2019\/06\/13\/macht-endlich-die-berliner-allee-in-bln-weissensee-dicht-die-burger-werden-wach-viel-zu-spat\/","og_site_name":"Feminissima","article_published_time":"2019-06-13T17:35:50+00:00","author":"fem","twitter_card":"summary_large_image","twitter_misc":{"Verfasst von":"fem","Gesch\u00e4tzte Lesezeit":"1\u00a0Minute"},"schema":{"@context":"https:\/\/schema.org","@graph":[{"@type":"WebPage","@id":"https:\/\/feminissima.de\/index.php\/2019\/06\/13\/macht-endlich-die-berliner-allee-in-bln-weissensee-dicht-die-burger-werden-wach-viel-zu-spat\/","url":"https:\/\/feminissima.de\/index.php\/2019\/06\/13\/macht-endlich-die-berliner-allee-in-bln-weissensee-dicht-die-burger-werden-wach-viel-zu-spat\/","name":"Macht endlich die BERLINER ALLEE in Bln-WEISSENSEE dicht! Die B\u00fcrger werden wach - viel zu sp\u00e4t. - Feminissima","isPartOf":{"@id":"https:\/\/feminissima.de\/#website"},"datePublished":"2019-06-13T17:35:50+00:00","dateModified":"2019-06-13T17:35:50+00:00","author":{"@id":"https:\/\/feminissima.de\/#\/schema\/person\/5dea0fc707e9da59266a47da2f9a8210"},"breadcrumb":{"@id":"https:\/\/feminissima.de\/index.php\/2019\/06\/13\/macht-endlich-die-berliner-allee-in-bln-weissensee-dicht-die-burger-werden-wach-viel-zu-spat\/#breadcrumb"},"inLanguage":"de","potentialAction":[{"@type":"ReadAction","target":["https:\/\/feminissima.de\/index.php\/2019\/06\/13\/macht-endlich-die-berliner-allee-in-bln-weissensee-dicht-die-burger-werden-wach-viel-zu-spat\/"]}]},{"@type":"BreadcrumbList","@id":"https:\/\/feminissima.de\/index.php\/2019\/06\/13\/macht-endlich-die-berliner-allee-in-bln-weissensee-dicht-die-burger-werden-wach-viel-zu-spat\/#breadcrumb","itemListElement":[{"@type":"ListItem","position":1,"name":"Startseite","item":"https:\/\/feminissima.de\/"},{"@type":"ListItem","position":2,"name":"Macht endlich die BERLINER ALLEE in Bln-WEISSENSEE dicht! Die B\u00fcrger werden wach &#8211; viel zu sp\u00e4t."}]},{"@type":"WebSite","@id":"https:\/\/feminissima.de\/#website","url":"https:\/\/feminissima.de\/","name":"Feminissima","description":"","potentialAction":[{"@type":"SearchAction","target":{"@type":"EntryPoint","urlTemplate":"https:\/\/feminissima.de\/?s={search_term_string}"},"query-input":"required name=search_term_string"}],"inLanguage":"de"},{"@type":"Person","@id":"https:\/\/feminissima.de\/#\/schema\/person\/5dea0fc707e9da59266a47da2f9a8210","name":"fem","image":{"@type":"ImageObject","inLanguage":"de","@id":"https:\/\/feminissima.de\/#\/schema\/person\/image\/","url":"https:\/\/secure.gravatar.com\/avatar\/892e878e26ee6e7c1689c0b5183da4949c35fb291d0554f021db478bb42e3226?s=96&d=mm&r=g","contentUrl":"https:\/\/secure.gravatar.com\/avatar\/892e878e26ee6e7c1689c0b5183da4949c35fb291d0554f021db478bb42e3226?s=96&d=mm&r=g","caption":"fem"},"url":"https:\/\/feminissima.de\/index.php\/author\/fem\/"}]}},"jetpack_featured_media_url":"","_links":{"self":[{"href":"https:\/\/feminissima.de\/index.php\/wp-json\/wp\/v2\/posts\/87610","targetHints":{"allow":["GET"]}}],"collection":[{"href":"https:\/\/feminissima.de\/index.php\/wp-json\/wp\/v2\/posts"}],"about":[{"href":"https:\/\/feminissima.de\/index.php\/wp-json\/wp\/v2\/types\/post"}],"author":[{"embeddable":true,"href":"https:\/\/feminissima.de\/index.php\/wp-json\/wp\/v2\/users\/3"}],"replies":[{"embeddable":true,"href":"https:\/\/feminissima.de\/index.php\/wp-json\/wp\/v2\/comments?post=87610"}],"version-history":[{"count":0,"href":"https:\/\/feminissima.de\/index.php\/wp-json\/wp\/v2\/posts\/87610\/revisions"}],"wp:attachment":[{"href":"https:\/\/feminissima.de\/index.php\/wp-json\/wp\/v2\/media?parent=87610"}],"wp:term":[{"taxonomy":"category","embeddable":true,"href":"https:\/\/feminissima.de\/index.php\/wp-json\/wp\/v2\/categories?post=87610"},{"taxonomy":"post_tag","embeddable":true,"href":"https:\/\/feminissima.de\/index.php\/wp-json\/wp\/v2\/tags?post=87610"}],"curies":[{"name":"wp","href":"https:\/\/api.w.org\/{rel}","templated":true}]}}