{"id":87594,"date":"2019-06-13T17:53:54","date_gmt":"2019-06-13T15:53:54","guid":{"rendered":"http:\/\/www.feminissima.de\/?p=87594"},"modified":"2019-06-13T17:53:54","modified_gmt":"2019-06-13T15:53:54","slug":"sie-ist-atemberaubend-schon-die-strecke-von-ibiza-nach-formentera-aber-beinah-ein-ungluck-geschehen","status":"publish","type":"post","link":"https:\/\/feminissima.de\/index.php\/2019\/06\/13\/sie-ist-atemberaubend-schon-die-strecke-von-ibiza-nach-formentera-aber-beinah-ein-ungluck-geschehen\/","title":{"rendered":"Sie ist atemberaubend sch\u00f6n, die Strecke von Ibiza nach Formentera&#8230;aber beinah ein Ungl\u00fcck geschehen.."},"content":{"rendered":"<p>https:\/\/www.antena3.com\/noticias\/sociedad\/un-ferry-de-balearia-y-un-barco-turistico-casi-chocan-entre-ibiza-y-formentera_201906135d02349c0cf20905ddf71e99.html<\/p>\n<p>www.antena3.com<\/p>\n<p>Unvergessen, das kleine Touristenboot, in dem wir damals vom Flughafen kommend, r\u00fcber nach Formentera fuhren&#8230; f\u00fcr unvergessliche Zeiten.. (schon sehr viel l\u00e4nger her..) Das Boot war so klein, das Meer so klar, dass du die Fische sehen konnntest, der Sohn, um die 12 Jahre alt, damals, seine H\u00e4nde w\u00e4hrend der Fahrt durchs Wasser gleiten lassen konnte&#8230;<\/p>\n<p>Nun stell Dir vor, in dieser Idylle, aber nat\u00fcrlich das Boot vollgestopft mit Gep\u00e4ck und voll besetzt mit Menschen, die mit dem Flug auch den Transport r\u00fcber nach Formentera gebucht hatten, und von einer Sekunde zur anderen scheinst du auf eine im Vergleich riesengro\u00dfe F\u00e4hre zuzurasen.. Hat der Kapit\u00e4n gepennt..? Jedenfalls gestern nur knapp vor dieser Art von Kollision davongekommen&#8230; Nicht von ungef\u00e4hr soll eine staatsanwaltliche Untersuchung eingeleitet werden..<\/p>\n","protected":false},"excerpt":{"rendered":"<p>https:\/\/www.antena3.com\/noticias\/sociedad\/un-ferry-de-balearia-y-un-barco-turistico-casi-chocan-entre-ibiza-y-formentera_201906135d02349c0cf20905ddf71e99.html www.antena3.com Unvergessen, das kleine Touristenboot, in dem wir damals vom Flughafen kommend, r\u00fcber nach Formentera fuhren&#8230; f\u00fcr unvergessliche Zeiten.. (schon sehr viel l\u00e4nger her..) Das Boot war so klein, das Meer so klar, dass du die Fische sehen konnntest, der Sohn, um die 12 Jahre alt, damals, seine H\u00e4nde w\u00e4hrend der Fahrt durchs Wasser&hellip; <a class=\"more-link\" href=\"https:\/\/feminissima.de\/index.php\/2019\/06\/13\/sie-ist-atemberaubend-schon-die-strecke-von-ibiza-nach-formentera-aber-beinah-ein-ungluck-geschehen\/\"><span class=\"screen-reader-text\">Sie ist atemberaubend sch\u00f6n, die Strecke von Ibiza nach Formentera&#8230;aber beinah ein Ungl\u00fcck geschehen..<\/span> weiterlesen<\/a><\/p>\n","protected":false},"author":3,"featured_media":0,"comment_status":"closed","ping_status":"closed","sticky":false,"template":"","format":"standard","meta":{"footnotes":""},"categories":[6],"tags":[],"class_list":["post-87594","post","type-post","status-publish","format-standard","hentry","category-femleben","entry"],"yoast_head":"<!-- This site is optimized with the Yoast SEO plugin v21.0 - https:\/\/yoast.com\/wordpress\/plugins\/seo\/ -->\n<title>Sie ist atemberaubend sch\u00f6n, die Strecke von Ibiza nach Formentera...aber beinah ein Ungl\u00fcck geschehen.. - Feminissima<\/title>\n<meta name=\"robots\" content=\"index, follow, max-snippet:-1, max-image-preview:large, max-video-preview:-1\" \/>\n<link rel=\"canonical\" href=\"https:\/\/feminissima.de\/index.php\/2019\/06\/13\/sie-ist-atemberaubend-schon-die-strecke-von-ibiza-nach-formentera-aber-beinah-ein-ungluck-geschehen\/\" \/>\n<meta property=\"og:locale\" content=\"de_DE\" \/>\n<meta property=\"og:type\" content=\"article\" \/>\n<meta property=\"og:title\" content=\"Sie ist atemberaubend sch\u00f6n, die Strecke von Ibiza nach Formentera...aber beinah ein Ungl\u00fcck geschehen.. - Feminissima\" \/>\n<meta property=\"og:description\" content=\"https:\/\/www.antena3.com\/noticias\/sociedad\/un-ferry-de-balearia-y-un-barco-turistico-casi-chocan-entre-ibiza-y-formentera_201906135d02349c0cf20905ddf71e99.html www.antena3.com Unvergessen, das kleine Touristenboot, in dem wir damals vom Flughafen kommend, r\u00fcber nach Formentera fuhren&#8230; f\u00fcr unvergessliche Zeiten.. (schon sehr viel l\u00e4nger her..) Das Boot war so klein, das Meer so klar, dass du die Fische sehen konnntest, der Sohn, um die 12 Jahre alt, damals, seine H\u00e4nde w\u00e4hrend der Fahrt durchs Wasser&hellip; Sie ist atemberaubend sch\u00f6n, die Strecke von Ibiza nach Formentera&#8230;aber beinah ein Ungl\u00fcck geschehen.. weiterlesen\" \/>\n<meta property=\"og:url\" content=\"https:\/\/feminissima.de\/index.php\/2019\/06\/13\/sie-ist-atemberaubend-schon-die-strecke-von-ibiza-nach-formentera-aber-beinah-ein-ungluck-geschehen\/\" \/>\n<meta property=\"og:site_name\" content=\"Feminissima\" \/>\n<meta property=\"article:published_time\" content=\"2019-06-13T15:53:54+00:00\" \/>\n<meta name=\"author\" content=\"fem\" \/>\n<meta name=\"twitter:card\" content=\"summary_large_image\" \/>\n<meta name=\"twitter:label1\" content=\"Verfasst von\" \/>\n\t<meta name=\"twitter:data1\" content=\"fem\" \/>\n\t<meta name=\"twitter:label2\" content=\"Gesch\u00e4tzte Lesezeit\" \/>\n\t<meta name=\"twitter:data2\" content=\"1\u00a0Minute\" \/>\n<script type=\"application\/ld+json\" class=\"yoast-schema-graph\">{\"@context\":\"https:\/\/schema.org\",\"@graph\":[{\"@type\":\"WebPage\",\"@id\":\"https:\/\/feminissima.de\/index.php\/2019\/06\/13\/sie-ist-atemberaubend-schon-die-strecke-von-ibiza-nach-formentera-aber-beinah-ein-ungluck-geschehen\/\",\"url\":\"https:\/\/feminissima.de\/index.php\/2019\/06\/13\/sie-ist-atemberaubend-schon-die-strecke-von-ibiza-nach-formentera-aber-beinah-ein-ungluck-geschehen\/\",\"name\":\"Sie ist atemberaubend sch\u00f6n, die Strecke von Ibiza nach Formentera...aber beinah ein Ungl\u00fcck geschehen.. - Feminissima\",\"isPartOf\":{\"@id\":\"https:\/\/feminissima.de\/#website\"},\"datePublished\":\"2019-06-13T15:53:54+00:00\",\"dateModified\":\"2019-06-13T15:53:54+00:00\",\"author\":{\"@id\":\"https:\/\/feminissima.de\/#\/schema\/person\/5dea0fc707e9da59266a47da2f9a8210\"},\"breadcrumb\":{\"@id\":\"https:\/\/feminissima.de\/index.php\/2019\/06\/13\/sie-ist-atemberaubend-schon-die-strecke-von-ibiza-nach-formentera-aber-beinah-ein-ungluck-geschehen\/#breadcrumb\"},\"inLanguage\":\"de\",\"potentialAction\":[{\"@type\":\"ReadAction\",\"target\":[\"https:\/\/feminissima.de\/index.php\/2019\/06\/13\/sie-ist-atemberaubend-schon-die-strecke-von-ibiza-nach-formentera-aber-beinah-ein-ungluck-geschehen\/\"]}]},{\"@type\":\"BreadcrumbList\",\"@id\":\"https:\/\/feminissima.de\/index.php\/2019\/06\/13\/sie-ist-atemberaubend-schon-die-strecke-von-ibiza-nach-formentera-aber-beinah-ein-ungluck-geschehen\/#breadcrumb\",\"itemListElement\":[{\"@type\":\"ListItem\",\"position\":1,\"name\":\"Startseite\",\"item\":\"https:\/\/feminissima.de\/\"},{\"@type\":\"ListItem\",\"position\":2,\"name\":\"Sie ist atemberaubend sch\u00f6n, die Strecke von Ibiza nach Formentera&#8230;aber beinah ein Ungl\u00fcck geschehen..\"}]},{\"@type\":\"WebSite\",\"@id\":\"https:\/\/feminissima.de\/#website\",\"url\":\"https:\/\/feminissima.de\/\",\"name\":\"Feminissima\",\"description\":\"\",\"potentialAction\":[{\"@type\":\"SearchAction\",\"target\":{\"@type\":\"EntryPoint\",\"urlTemplate\":\"https:\/\/feminissima.de\/?s={search_term_string}\"},\"query-input\":\"required name=search_term_string\"}],\"inLanguage\":\"de\"},{\"@type\":\"Person\",\"@id\":\"https:\/\/feminissima.de\/#\/schema\/person\/5dea0fc707e9da59266a47da2f9a8210\",\"name\":\"fem\",\"image\":{\"@type\":\"ImageObject\",\"inLanguage\":\"de\",\"@id\":\"https:\/\/feminissima.de\/#\/schema\/person\/image\/\",\"url\":\"https:\/\/secure.gravatar.com\/avatar\/892e878e26ee6e7c1689c0b5183da4949c35fb291d0554f021db478bb42e3226?s=96&d=mm&r=g\",\"contentUrl\":\"https:\/\/secure.gravatar.com\/avatar\/892e878e26ee6e7c1689c0b5183da4949c35fb291d0554f021db478bb42e3226?s=96&d=mm&r=g\",\"caption\":\"fem\"},\"url\":\"https:\/\/feminissima.de\/index.php\/author\/fem\/\"}]}<\/script>\n<!-- \/ Yoast SEO plugin. -->","yoast_head_json":{"title":"Sie ist atemberaubend sch\u00f6n, die Strecke von Ibiza nach Formentera...aber beinah ein Ungl\u00fcck geschehen.. - Feminissima","robots":{"index":"index","follow":"follow","max-snippet":"max-snippet:-1","max-image-preview":"max-image-preview:large","max-video-preview":"max-video-preview:-1"},"canonical":"https:\/\/feminissima.de\/index.php\/2019\/06\/13\/sie-ist-atemberaubend-schon-die-strecke-von-ibiza-nach-formentera-aber-beinah-ein-ungluck-geschehen\/","og_locale":"de_DE","og_type":"article","og_title":"Sie ist atemberaubend sch\u00f6n, die Strecke von Ibiza nach Formentera...aber beinah ein Ungl\u00fcck geschehen.. - Feminissima","og_description":"https:\/\/www.antena3.com\/noticias\/sociedad\/un-ferry-de-balearia-y-un-barco-turistico-casi-chocan-entre-ibiza-y-formentera_201906135d02349c0cf20905ddf71e99.html www.antena3.com Unvergessen, das kleine Touristenboot, in dem wir damals vom Flughafen kommend, r\u00fcber nach Formentera fuhren&#8230; f\u00fcr unvergessliche Zeiten.. (schon sehr viel l\u00e4nger her..) Das Boot war so klein, das Meer so klar, dass du die Fische sehen konnntest, der Sohn, um die 12 Jahre alt, damals, seine H\u00e4nde w\u00e4hrend der Fahrt durchs Wasser&hellip; Sie ist atemberaubend sch\u00f6n, die Strecke von Ibiza nach Formentera&#8230;aber beinah ein Ungl\u00fcck geschehen.. weiterlesen","og_url":"https:\/\/feminissima.de\/index.php\/2019\/06\/13\/sie-ist-atemberaubend-schon-die-strecke-von-ibiza-nach-formentera-aber-beinah-ein-ungluck-geschehen\/","og_site_name":"Feminissima","article_published_time":"2019-06-13T15:53:54+00:00","author":"fem","twitter_card":"summary_large_image","twitter_misc":{"Verfasst von":"fem","Gesch\u00e4tzte Lesezeit":"1\u00a0Minute"},"schema":{"@context":"https:\/\/schema.org","@graph":[{"@type":"WebPage","@id":"https:\/\/feminissima.de\/index.php\/2019\/06\/13\/sie-ist-atemberaubend-schon-die-strecke-von-ibiza-nach-formentera-aber-beinah-ein-ungluck-geschehen\/","url":"https:\/\/feminissima.de\/index.php\/2019\/06\/13\/sie-ist-atemberaubend-schon-die-strecke-von-ibiza-nach-formentera-aber-beinah-ein-ungluck-geschehen\/","name":"Sie ist atemberaubend sch\u00f6n, die Strecke von Ibiza nach Formentera...aber beinah ein Ungl\u00fcck geschehen.. - Feminissima","isPartOf":{"@id":"https:\/\/feminissima.de\/#website"},"datePublished":"2019-06-13T15:53:54+00:00","dateModified":"2019-06-13T15:53:54+00:00","author":{"@id":"https:\/\/feminissima.de\/#\/schema\/person\/5dea0fc707e9da59266a47da2f9a8210"},"breadcrumb":{"@id":"https:\/\/feminissima.de\/index.php\/2019\/06\/13\/sie-ist-atemberaubend-schon-die-strecke-von-ibiza-nach-formentera-aber-beinah-ein-ungluck-geschehen\/#breadcrumb"},"inLanguage":"de","potentialAction":[{"@type":"ReadAction","target":["https:\/\/feminissima.de\/index.php\/2019\/06\/13\/sie-ist-atemberaubend-schon-die-strecke-von-ibiza-nach-formentera-aber-beinah-ein-ungluck-geschehen\/"]}]},{"@type":"BreadcrumbList","@id":"https:\/\/feminissima.de\/index.php\/2019\/06\/13\/sie-ist-atemberaubend-schon-die-strecke-von-ibiza-nach-formentera-aber-beinah-ein-ungluck-geschehen\/#breadcrumb","itemListElement":[{"@type":"ListItem","position":1,"name":"Startseite","item":"https:\/\/feminissima.de\/"},{"@type":"ListItem","position":2,"name":"Sie ist atemberaubend sch\u00f6n, die Strecke von Ibiza nach Formentera&#8230;aber beinah ein Ungl\u00fcck geschehen.."}]},{"@type":"WebSite","@id":"https:\/\/feminissima.de\/#website","url":"https:\/\/feminissima.de\/","name":"Feminissima","description":"","potentialAction":[{"@type":"SearchAction","target":{"@type":"EntryPoint","urlTemplate":"https:\/\/feminissima.de\/?s={search_term_string}"},"query-input":"required name=search_term_string"}],"inLanguage":"de"},{"@type":"Person","@id":"https:\/\/feminissima.de\/#\/schema\/person\/5dea0fc707e9da59266a47da2f9a8210","name":"fem","image":{"@type":"ImageObject","inLanguage":"de","@id":"https:\/\/feminissima.de\/#\/schema\/person\/image\/","url":"https:\/\/secure.gravatar.com\/avatar\/892e878e26ee6e7c1689c0b5183da4949c35fb291d0554f021db478bb42e3226?s=96&d=mm&r=g","contentUrl":"https:\/\/secure.gravatar.com\/avatar\/892e878e26ee6e7c1689c0b5183da4949c35fb291d0554f021db478bb42e3226?s=96&d=mm&r=g","caption":"fem"},"url":"https:\/\/feminissima.de\/index.php\/author\/fem\/"}]}},"jetpack_featured_media_url":"","_links":{"self":[{"href":"https:\/\/feminissima.de\/index.php\/wp-json\/wp\/v2\/posts\/87594","targetHints":{"allow":["GET"]}}],"collection":[{"href":"https:\/\/feminissima.de\/index.php\/wp-json\/wp\/v2\/posts"}],"about":[{"href":"https:\/\/feminissima.de\/index.php\/wp-json\/wp\/v2\/types\/post"}],"author":[{"embeddable":true,"href":"https:\/\/feminissima.de\/index.php\/wp-json\/wp\/v2\/users\/3"}],"replies":[{"embeddable":true,"href":"https:\/\/feminissima.de\/index.php\/wp-json\/wp\/v2\/comments?post=87594"}],"version-history":[{"count":0,"href":"https:\/\/feminissima.de\/index.php\/wp-json\/wp\/v2\/posts\/87594\/revisions"}],"wp:attachment":[{"href":"https:\/\/feminissima.de\/index.php\/wp-json\/wp\/v2\/media?parent=87594"}],"wp:term":[{"taxonomy":"category","embeddable":true,"href":"https:\/\/feminissima.de\/index.php\/wp-json\/wp\/v2\/categories?post=87594"},{"taxonomy":"post_tag","embeddable":true,"href":"https:\/\/feminissima.de\/index.php\/wp-json\/wp\/v2\/tags?post=87594"}],"curies":[{"name":"wp","href":"https:\/\/api.w.org\/{rel}","templated":true}]}}