{"id":87074,"date":"2016-06-14T16:06:04","date_gmt":"2016-06-14T14:06:04","guid":{"rendered":"http:\/\/www.feminissima.de\/?p=87074"},"modified":"2016-06-14T16:06:04","modified_gmt":"2016-06-14T14:06:04","slug":"tage-denen-das-adjektiv-fehlt","status":"publish","type":"post","link":"https:\/\/feminissima.de\/index.php\/2016\/06\/14\/tage-denen-das-adjektiv-fehlt\/","title":{"rendered":"Tage, denen das Adjektiv fehlt.."},"content":{"rendered":"<p>Denn sie sind verbraucht. Das Ende der sprachlichen Steigerungsform ist erreicht. Das Hirn m\u00f6chte in seinen Grenzen zerspringen. Ein einzelner Mann &#8211; Mensch &#8211; jung noch &#8211; hat \u00fcber 50 Menschen get\u00f6tet. In Orlanda. In einem Club, dessen Besucher und Besucherinnen er entweder hasste, oder denen er wie auch immer &#8211; das Leben neidete. Die Presse: &#8222;Schwule und Lesben&#8220;.<\/p>\n<p>Dachten wir schon 2015, elender, \u00fcbler, brutaler, ha\u00dferf\u00fcllter geht es nicht, so scheint uns 2016 von Anfang an eines ..ja&#8230;noch Unvorstellbarerem als Wahrheit zu pr\u00e4sentieren. Als h\u00e4tten sich H\u00f6llentore ge\u00f6ffnet&#8230;aber was herauskommt, sind ganz gew\u00f6hnliche Zweibeiner. Denen Du nicht ansiehst, dass &#8222;ihr Lebensziel&#8220; &#8211; der Tod ist. Der anderen. M\u00f6glichst vieler anderen. Ihr eigenes Sterben dabei ist ihnen offenbar gleichg\u00fcltig. Das &#8222;es&#8220; &#8211; von dem die britischeLiteraturnobelpreistr\u00e4gerin Doris Lessing in ihrem Roman &#8222;Memoiren einer \u00dcberlebenden&#8220; schrieb &#8211; und das eine Welt zerst\u00f6rte, bis nur die Ruinen einer Technologie \u00fcbrigblieben, die sowieso nie jemand wirklich gebraucht hatte &#8211; dieses &#8222;es&#8220; &#8211; so schrieb Doris Lessing:<\/p>\n<p>War es eine Naturkatastrophe, war es eine Seuche, waren es die Gr\u00e4uel, die im Namen einer Ideologie begangen worden sind &#8230;.<\/p>\n<p>Wir leben jetzt in diesem &#8222;es&#8220; &#8211; wir, die wir noch \u00fcberlebt haben, bisher. \u00a0Und t\u00e4glich machtlos erleben, wie dieses &#8222;es&#8220; aus Terror, blindem Glauben, Machtgier, aber auch Engstirnigkeit &#8211; neue Todesopfer fordert&#8230;Gerade so \u00a0&#8211; als wolle eine b\u00f6se Macht &#8211; Leben auf der Erde f\u00fcr immer und endg\u00fcltig vernichten. Wer sind solche Menschen? Was treibt sie an. Wir bezeichnen sie als &#8222;krank&#8220;. Aber hilft das weiter? Rettet dies Leben? Nein.<\/p>\n","protected":false},"excerpt":{"rendered":"<p>Denn sie sind verbraucht. Das Ende der sprachlichen Steigerungsform ist erreicht. Das Hirn m\u00f6chte in seinen Grenzen zerspringen. Ein einzelner Mann &#8211; Mensch &#8211; jung noch &#8211; hat \u00fcber 50 Menschen get\u00f6tet. In Orlanda. In einem Club, dessen Besucher und Besucherinnen er entweder hasste, oder denen er wie auch immer &#8211; das Leben neidete. Die&hellip; <a class=\"more-link\" href=\"https:\/\/feminissima.de\/index.php\/2016\/06\/14\/tage-denen-das-adjektiv-fehlt\/\"><span class=\"screen-reader-text\">Tage, denen das Adjektiv fehlt..<\/span> weiterlesen<\/a><\/p>\n","protected":false},"author":2,"featured_media":0,"comment_status":"closed","ping_status":"closed","sticky":false,"template":"","format":"standard","meta":{"footnotes":""},"categories":[6],"tags":[],"class_list":["post-87074","post","type-post","status-publish","format-standard","hentry","category-femleben","entry"],"yoast_head":"<!-- This site is optimized with the Yoast SEO plugin v21.0 - https:\/\/yoast.com\/wordpress\/plugins\/seo\/ -->\n<title>Tage, denen das Adjektiv fehlt.. - Feminissima<\/title>\n<meta name=\"robots\" content=\"index, follow, max-snippet:-1, max-image-preview:large, max-video-preview:-1\" \/>\n<link rel=\"canonical\" href=\"https:\/\/feminissima.de\/index.php\/2016\/06\/14\/tage-denen-das-adjektiv-fehlt\/\" \/>\n<meta property=\"og:locale\" content=\"de_DE\" \/>\n<meta property=\"og:type\" content=\"article\" \/>\n<meta property=\"og:title\" content=\"Tage, denen das Adjektiv fehlt.. - Feminissima\" \/>\n<meta property=\"og:description\" content=\"Denn sie sind verbraucht. Das Ende der sprachlichen Steigerungsform ist erreicht. Das Hirn m\u00f6chte in seinen Grenzen zerspringen. Ein einzelner Mann &#8211; Mensch &#8211; jung noch &#8211; hat \u00fcber 50 Menschen get\u00f6tet. In Orlanda. In einem Club, dessen Besucher und Besucherinnen er entweder hasste, oder denen er wie auch immer &#8211; das Leben neidete. Die&hellip; Tage, denen das Adjektiv fehlt.. weiterlesen\" \/>\n<meta property=\"og:url\" content=\"https:\/\/feminissima.de\/index.php\/2016\/06\/14\/tage-denen-das-adjektiv-fehlt\/\" \/>\n<meta property=\"og:site_name\" content=\"Feminissima\" \/>\n<meta property=\"article:published_time\" content=\"2016-06-14T14:06:04+00:00\" \/>\n<meta name=\"author\" content=\"admin\" \/>\n<meta name=\"twitter:card\" content=\"summary_large_image\" \/>\n<meta name=\"twitter:label1\" content=\"Verfasst von\" \/>\n\t<meta name=\"twitter:data1\" content=\"admin\" \/>\n\t<meta name=\"twitter:label2\" content=\"Gesch\u00e4tzte Lesezeit\" \/>\n\t<meta name=\"twitter:data2\" content=\"1\u00a0Minute\" \/>\n<script type=\"application\/ld+json\" class=\"yoast-schema-graph\">{\"@context\":\"https:\/\/schema.org\",\"@graph\":[{\"@type\":\"WebPage\",\"@id\":\"https:\/\/feminissima.de\/index.php\/2016\/06\/14\/tage-denen-das-adjektiv-fehlt\/\",\"url\":\"https:\/\/feminissima.de\/index.php\/2016\/06\/14\/tage-denen-das-adjektiv-fehlt\/\",\"name\":\"Tage, denen das Adjektiv fehlt.. - Feminissima\",\"isPartOf\":{\"@id\":\"https:\/\/feminissima.de\/#website\"},\"datePublished\":\"2016-06-14T14:06:04+00:00\",\"dateModified\":\"2016-06-14T14:06:04+00:00\",\"author\":{\"@id\":\"https:\/\/feminissima.de\/#\/schema\/person\/0b901e053624f88e7ecbea289d9d5128\"},\"breadcrumb\":{\"@id\":\"https:\/\/feminissima.de\/index.php\/2016\/06\/14\/tage-denen-das-adjektiv-fehlt\/#breadcrumb\"},\"inLanguage\":\"de\",\"potentialAction\":[{\"@type\":\"ReadAction\",\"target\":[\"https:\/\/feminissima.de\/index.php\/2016\/06\/14\/tage-denen-das-adjektiv-fehlt\/\"]}]},{\"@type\":\"BreadcrumbList\",\"@id\":\"https:\/\/feminissima.de\/index.php\/2016\/06\/14\/tage-denen-das-adjektiv-fehlt\/#breadcrumb\",\"itemListElement\":[{\"@type\":\"ListItem\",\"position\":1,\"name\":\"Startseite\",\"item\":\"https:\/\/feminissima.de\/\"},{\"@type\":\"ListItem\",\"position\":2,\"name\":\"Tage, denen das Adjektiv fehlt..\"}]},{\"@type\":\"WebSite\",\"@id\":\"https:\/\/feminissima.de\/#website\",\"url\":\"https:\/\/feminissima.de\/\",\"name\":\"Feminissima\",\"description\":\"\",\"potentialAction\":[{\"@type\":\"SearchAction\",\"target\":{\"@type\":\"EntryPoint\",\"urlTemplate\":\"https:\/\/feminissima.de\/?s={search_term_string}\"},\"query-input\":\"required name=search_term_string\"}],\"inLanguage\":\"de\"},{\"@type\":\"Person\",\"@id\":\"https:\/\/feminissima.de\/#\/schema\/person\/0b901e053624f88e7ecbea289d9d5128\",\"name\":\"admin\",\"image\":{\"@type\":\"ImageObject\",\"inLanguage\":\"de\",\"@id\":\"https:\/\/feminissima.de\/#\/schema\/person\/image\/\",\"url\":\"https:\/\/secure.gravatar.com\/avatar\/8da1f51327453c0bf63338e8e2a791948b7d2ac19b68839492d1e69aac6924a8?s=96&d=mm&r=g\",\"contentUrl\":\"https:\/\/secure.gravatar.com\/avatar\/8da1f51327453c0bf63338e8e2a791948b7d2ac19b68839492d1e69aac6924a8?s=96&d=mm&r=g\",\"caption\":\"admin\"},\"url\":\"https:\/\/feminissima.de\/index.php\/author\/admin\/\"}]}<\/script>\n<!-- \/ Yoast SEO plugin. -->","yoast_head_json":{"title":"Tage, denen das Adjektiv fehlt.. - Feminissima","robots":{"index":"index","follow":"follow","max-snippet":"max-snippet:-1","max-image-preview":"max-image-preview:large","max-video-preview":"max-video-preview:-1"},"canonical":"https:\/\/feminissima.de\/index.php\/2016\/06\/14\/tage-denen-das-adjektiv-fehlt\/","og_locale":"de_DE","og_type":"article","og_title":"Tage, denen das Adjektiv fehlt.. - Feminissima","og_description":"Denn sie sind verbraucht. Das Ende der sprachlichen Steigerungsform ist erreicht. Das Hirn m\u00f6chte in seinen Grenzen zerspringen. Ein einzelner Mann &#8211; Mensch &#8211; jung noch &#8211; hat \u00fcber 50 Menschen get\u00f6tet. In Orlanda. In einem Club, dessen Besucher und Besucherinnen er entweder hasste, oder denen er wie auch immer &#8211; das Leben neidete. Die&hellip; Tage, denen das Adjektiv fehlt.. weiterlesen","og_url":"https:\/\/feminissima.de\/index.php\/2016\/06\/14\/tage-denen-das-adjektiv-fehlt\/","og_site_name":"Feminissima","article_published_time":"2016-06-14T14:06:04+00:00","author":"admin","twitter_card":"summary_large_image","twitter_misc":{"Verfasst von":"admin","Gesch\u00e4tzte Lesezeit":"1\u00a0Minute"},"schema":{"@context":"https:\/\/schema.org","@graph":[{"@type":"WebPage","@id":"https:\/\/feminissima.de\/index.php\/2016\/06\/14\/tage-denen-das-adjektiv-fehlt\/","url":"https:\/\/feminissima.de\/index.php\/2016\/06\/14\/tage-denen-das-adjektiv-fehlt\/","name":"Tage, denen das Adjektiv fehlt.. - Feminissima","isPartOf":{"@id":"https:\/\/feminissima.de\/#website"},"datePublished":"2016-06-14T14:06:04+00:00","dateModified":"2016-06-14T14:06:04+00:00","author":{"@id":"https:\/\/feminissima.de\/#\/schema\/person\/0b901e053624f88e7ecbea289d9d5128"},"breadcrumb":{"@id":"https:\/\/feminissima.de\/index.php\/2016\/06\/14\/tage-denen-das-adjektiv-fehlt\/#breadcrumb"},"inLanguage":"de","potentialAction":[{"@type":"ReadAction","target":["https:\/\/feminissima.de\/index.php\/2016\/06\/14\/tage-denen-das-adjektiv-fehlt\/"]}]},{"@type":"BreadcrumbList","@id":"https:\/\/feminissima.de\/index.php\/2016\/06\/14\/tage-denen-das-adjektiv-fehlt\/#breadcrumb","itemListElement":[{"@type":"ListItem","position":1,"name":"Startseite","item":"https:\/\/feminissima.de\/"},{"@type":"ListItem","position":2,"name":"Tage, denen das Adjektiv fehlt.."}]},{"@type":"WebSite","@id":"https:\/\/feminissima.de\/#website","url":"https:\/\/feminissima.de\/","name":"Feminissima","description":"","potentialAction":[{"@type":"SearchAction","target":{"@type":"EntryPoint","urlTemplate":"https:\/\/feminissima.de\/?s={search_term_string}"},"query-input":"required name=search_term_string"}],"inLanguage":"de"},{"@type":"Person","@id":"https:\/\/feminissima.de\/#\/schema\/person\/0b901e053624f88e7ecbea289d9d5128","name":"admin","image":{"@type":"ImageObject","inLanguage":"de","@id":"https:\/\/feminissima.de\/#\/schema\/person\/image\/","url":"https:\/\/secure.gravatar.com\/avatar\/8da1f51327453c0bf63338e8e2a791948b7d2ac19b68839492d1e69aac6924a8?s=96&d=mm&r=g","contentUrl":"https:\/\/secure.gravatar.com\/avatar\/8da1f51327453c0bf63338e8e2a791948b7d2ac19b68839492d1e69aac6924a8?s=96&d=mm&r=g","caption":"admin"},"url":"https:\/\/feminissima.de\/index.php\/author\/admin\/"}]}},"jetpack_featured_media_url":"","_links":{"self":[{"href":"https:\/\/feminissima.de\/index.php\/wp-json\/wp\/v2\/posts\/87074","targetHints":{"allow":["GET"]}}],"collection":[{"href":"https:\/\/feminissima.de\/index.php\/wp-json\/wp\/v2\/posts"}],"about":[{"href":"https:\/\/feminissima.de\/index.php\/wp-json\/wp\/v2\/types\/post"}],"author":[{"embeddable":true,"href":"https:\/\/feminissima.de\/index.php\/wp-json\/wp\/v2\/users\/2"}],"replies":[{"embeddable":true,"href":"https:\/\/feminissima.de\/index.php\/wp-json\/wp\/v2\/comments?post=87074"}],"version-history":[{"count":0,"href":"https:\/\/feminissima.de\/index.php\/wp-json\/wp\/v2\/posts\/87074\/revisions"}],"wp:attachment":[{"href":"https:\/\/feminissima.de\/index.php\/wp-json\/wp\/v2\/media?parent=87074"}],"wp:term":[{"taxonomy":"category","embeddable":true,"href":"https:\/\/feminissima.de\/index.php\/wp-json\/wp\/v2\/categories?post=87074"},{"taxonomy":"post_tag","embeddable":true,"href":"https:\/\/feminissima.de\/index.php\/wp-json\/wp\/v2\/tags?post=87074"}],"curies":[{"name":"wp","href":"https:\/\/api.w.org\/{rel}","templated":true}]}}