{"id":87056,"date":"2016-06-11T04:42:29","date_gmt":"2016-06-11T02:42:29","guid":{"rendered":"http:\/\/www.feminissima.de\/?p=87056"},"modified":"2016-06-11T04:42:29","modified_gmt":"2016-06-11T02:42:29","slug":"der-sonntag-in-friedrichshain-damals","status":"publish","type":"post","link":"https:\/\/feminissima.de\/index.php\/2016\/06\/11\/der-sonntag-in-friedrichshain-damals\/","title":{"rendered":"Der Sonntag, in Friedrichshain&#8230; damals.."},"content":{"rendered":"<p>Am Sonntag, einen Tag nach der solidarischen Vernissage, werfe ich mich wieder in eine U-Bahn. Irgendwas mu\u00df ich doch tun. Und ich habe ja auch diese Monatskarte. Sie ist so teuer, dass sie sich lohnen mu\u00df.<\/p>\n<p>Ich fahre erst sp\u00e4t los. Das gef\u00e4llt mir. Ziellos. Einfach so. Und die Uhrzeit spielt auch keine Rolle. Ich fahre gern mit der U-Bahn. Du steigst ein, und sie schie\u00dft los. Du steigst aus, wann du willst. \u00a0Jedesmal eine andere Welt. Diese Stadt ist so gro\u00df.<\/p>\n<p>Der Flohmarkt endet nach Einbruch der Dunkelheit. Stimmt. Auch am Boxhagener Platz. In Friedrichshain. Und von jetzt auf gleich ist es schon dann auch richtig dunkel. Aber auch nicht wirklich. Gelbstichig blinkt der FastVollmond. Und da sind noch Leute am Einpacken. Am Abmontieren ihrer St\u00e4nde. Ich kriege sozusagen das Ende des Flohmarkts mit. Bei Mondenschein. Immerhin. Ein Standardwerk wird mir in die Hand gedr\u00fcckt.<\/p>\n<p>&#8222;Hier! Geschenkt!&#8220;<\/p>\n<p>Ist ja schon Feierabend. Schon l\u00e4ngst.<\/p>\n<p>&#8222;Wir sind jetzt die Letzten, die abhauen!&#8220;<\/p>\n<p>Fortsetzung folgt bald.. )) ..<\/p>\n","protected":false},"excerpt":{"rendered":"<p>Am Sonntag, einen Tag nach der solidarischen Vernissage, werfe ich mich wieder in eine U-Bahn. Irgendwas mu\u00df ich doch tun. Und ich habe ja auch diese Monatskarte. Sie ist so teuer, dass sie sich lohnen mu\u00df. Ich fahre erst sp\u00e4t los. Das gef\u00e4llt mir. Ziellos. Einfach so. Und die Uhrzeit spielt auch keine Rolle. Ich&hellip; <a class=\"more-link\" href=\"https:\/\/feminissima.de\/index.php\/2016\/06\/11\/der-sonntag-in-friedrichshain-damals\/\"><span class=\"screen-reader-text\">Der Sonntag, in Friedrichshain&#8230; damals..<\/span> weiterlesen<\/a><\/p>\n","protected":false},"author":2,"featured_media":0,"comment_status":"closed","ping_status":"closed","sticky":false,"template":"","format":"standard","meta":{"footnotes":""},"categories":[6],"tags":[],"class_list":["post-87056","post","type-post","status-publish","format-standard","hentry","category-femleben","entry"],"yoast_head":"<!-- This site is optimized with the Yoast SEO plugin v21.0 - https:\/\/yoast.com\/wordpress\/plugins\/seo\/ -->\n<title>Der Sonntag, in Friedrichshain... damals.. - Feminissima<\/title>\n<meta name=\"robots\" content=\"index, follow, max-snippet:-1, max-image-preview:large, max-video-preview:-1\" \/>\n<link rel=\"canonical\" href=\"https:\/\/feminissima.de\/index.php\/2016\/06\/11\/der-sonntag-in-friedrichshain-damals\/\" \/>\n<meta property=\"og:locale\" content=\"de_DE\" \/>\n<meta property=\"og:type\" content=\"article\" \/>\n<meta property=\"og:title\" content=\"Der Sonntag, in Friedrichshain... damals.. - Feminissima\" \/>\n<meta property=\"og:description\" content=\"Am Sonntag, einen Tag nach der solidarischen Vernissage, werfe ich mich wieder in eine U-Bahn. Irgendwas mu\u00df ich doch tun. Und ich habe ja auch diese Monatskarte. Sie ist so teuer, dass sie sich lohnen mu\u00df. Ich fahre erst sp\u00e4t los. Das gef\u00e4llt mir. Ziellos. Einfach so. Und die Uhrzeit spielt auch keine Rolle. Ich&hellip; Der Sonntag, in Friedrichshain&#8230; damals.. weiterlesen\" \/>\n<meta property=\"og:url\" content=\"https:\/\/feminissima.de\/index.php\/2016\/06\/11\/der-sonntag-in-friedrichshain-damals\/\" \/>\n<meta property=\"og:site_name\" content=\"Feminissima\" \/>\n<meta property=\"article:published_time\" content=\"2016-06-11T02:42:29+00:00\" \/>\n<meta name=\"author\" content=\"admin\" \/>\n<meta name=\"twitter:card\" content=\"summary_large_image\" \/>\n<meta name=\"twitter:label1\" content=\"Verfasst von\" \/>\n\t<meta name=\"twitter:data1\" content=\"admin\" \/>\n\t<meta name=\"twitter:label2\" content=\"Gesch\u00e4tzte Lesezeit\" \/>\n\t<meta name=\"twitter:data2\" content=\"1\u00a0Minute\" \/>\n<script type=\"application\/ld+json\" class=\"yoast-schema-graph\">{\"@context\":\"https:\/\/schema.org\",\"@graph\":[{\"@type\":\"WebPage\",\"@id\":\"https:\/\/feminissima.de\/index.php\/2016\/06\/11\/der-sonntag-in-friedrichshain-damals\/\",\"url\":\"https:\/\/feminissima.de\/index.php\/2016\/06\/11\/der-sonntag-in-friedrichshain-damals\/\",\"name\":\"Der Sonntag, in Friedrichshain... damals.. - Feminissima\",\"isPartOf\":{\"@id\":\"https:\/\/feminissima.de\/#website\"},\"datePublished\":\"2016-06-11T02:42:29+00:00\",\"dateModified\":\"2016-06-11T02:42:29+00:00\",\"author\":{\"@id\":\"https:\/\/feminissima.de\/#\/schema\/person\/0b901e053624f88e7ecbea289d9d5128\"},\"breadcrumb\":{\"@id\":\"https:\/\/feminissima.de\/index.php\/2016\/06\/11\/der-sonntag-in-friedrichshain-damals\/#breadcrumb\"},\"inLanguage\":\"de\",\"potentialAction\":[{\"@type\":\"ReadAction\",\"target\":[\"https:\/\/feminissima.de\/index.php\/2016\/06\/11\/der-sonntag-in-friedrichshain-damals\/\"]}]},{\"@type\":\"BreadcrumbList\",\"@id\":\"https:\/\/feminissima.de\/index.php\/2016\/06\/11\/der-sonntag-in-friedrichshain-damals\/#breadcrumb\",\"itemListElement\":[{\"@type\":\"ListItem\",\"position\":1,\"name\":\"Startseite\",\"item\":\"https:\/\/feminissima.de\/\"},{\"@type\":\"ListItem\",\"position\":2,\"name\":\"Der Sonntag, in Friedrichshain&#8230; damals..\"}]},{\"@type\":\"WebSite\",\"@id\":\"https:\/\/feminissima.de\/#website\",\"url\":\"https:\/\/feminissima.de\/\",\"name\":\"Feminissima\",\"description\":\"\",\"potentialAction\":[{\"@type\":\"SearchAction\",\"target\":{\"@type\":\"EntryPoint\",\"urlTemplate\":\"https:\/\/feminissima.de\/?s={search_term_string}\"},\"query-input\":\"required name=search_term_string\"}],\"inLanguage\":\"de\"},{\"@type\":\"Person\",\"@id\":\"https:\/\/feminissima.de\/#\/schema\/person\/0b901e053624f88e7ecbea289d9d5128\",\"name\":\"admin\",\"image\":{\"@type\":\"ImageObject\",\"inLanguage\":\"de\",\"@id\":\"https:\/\/feminissima.de\/#\/schema\/person\/image\/\",\"url\":\"https:\/\/secure.gravatar.com\/avatar\/8da1f51327453c0bf63338e8e2a791948b7d2ac19b68839492d1e69aac6924a8?s=96&d=mm&r=g\",\"contentUrl\":\"https:\/\/secure.gravatar.com\/avatar\/8da1f51327453c0bf63338e8e2a791948b7d2ac19b68839492d1e69aac6924a8?s=96&d=mm&r=g\",\"caption\":\"admin\"},\"url\":\"https:\/\/feminissima.de\/index.php\/author\/admin\/\"}]}<\/script>\n<!-- \/ Yoast SEO plugin. -->","yoast_head_json":{"title":"Der Sonntag, in Friedrichshain... damals.. - Feminissima","robots":{"index":"index","follow":"follow","max-snippet":"max-snippet:-1","max-image-preview":"max-image-preview:large","max-video-preview":"max-video-preview:-1"},"canonical":"https:\/\/feminissima.de\/index.php\/2016\/06\/11\/der-sonntag-in-friedrichshain-damals\/","og_locale":"de_DE","og_type":"article","og_title":"Der Sonntag, in Friedrichshain... damals.. - Feminissima","og_description":"Am Sonntag, einen Tag nach der solidarischen Vernissage, werfe ich mich wieder in eine U-Bahn. Irgendwas mu\u00df ich doch tun. Und ich habe ja auch diese Monatskarte. Sie ist so teuer, dass sie sich lohnen mu\u00df. Ich fahre erst sp\u00e4t los. Das gef\u00e4llt mir. Ziellos. Einfach so. Und die Uhrzeit spielt auch keine Rolle. Ich&hellip; Der Sonntag, in Friedrichshain&#8230; damals.. weiterlesen","og_url":"https:\/\/feminissima.de\/index.php\/2016\/06\/11\/der-sonntag-in-friedrichshain-damals\/","og_site_name":"Feminissima","article_published_time":"2016-06-11T02:42:29+00:00","author":"admin","twitter_card":"summary_large_image","twitter_misc":{"Verfasst von":"admin","Gesch\u00e4tzte Lesezeit":"1\u00a0Minute"},"schema":{"@context":"https:\/\/schema.org","@graph":[{"@type":"WebPage","@id":"https:\/\/feminissima.de\/index.php\/2016\/06\/11\/der-sonntag-in-friedrichshain-damals\/","url":"https:\/\/feminissima.de\/index.php\/2016\/06\/11\/der-sonntag-in-friedrichshain-damals\/","name":"Der Sonntag, in Friedrichshain... damals.. - Feminissima","isPartOf":{"@id":"https:\/\/feminissima.de\/#website"},"datePublished":"2016-06-11T02:42:29+00:00","dateModified":"2016-06-11T02:42:29+00:00","author":{"@id":"https:\/\/feminissima.de\/#\/schema\/person\/0b901e053624f88e7ecbea289d9d5128"},"breadcrumb":{"@id":"https:\/\/feminissima.de\/index.php\/2016\/06\/11\/der-sonntag-in-friedrichshain-damals\/#breadcrumb"},"inLanguage":"de","potentialAction":[{"@type":"ReadAction","target":["https:\/\/feminissima.de\/index.php\/2016\/06\/11\/der-sonntag-in-friedrichshain-damals\/"]}]},{"@type":"BreadcrumbList","@id":"https:\/\/feminissima.de\/index.php\/2016\/06\/11\/der-sonntag-in-friedrichshain-damals\/#breadcrumb","itemListElement":[{"@type":"ListItem","position":1,"name":"Startseite","item":"https:\/\/feminissima.de\/"},{"@type":"ListItem","position":2,"name":"Der Sonntag, in Friedrichshain&#8230; damals.."}]},{"@type":"WebSite","@id":"https:\/\/feminissima.de\/#website","url":"https:\/\/feminissima.de\/","name":"Feminissima","description":"","potentialAction":[{"@type":"SearchAction","target":{"@type":"EntryPoint","urlTemplate":"https:\/\/feminissima.de\/?s={search_term_string}"},"query-input":"required name=search_term_string"}],"inLanguage":"de"},{"@type":"Person","@id":"https:\/\/feminissima.de\/#\/schema\/person\/0b901e053624f88e7ecbea289d9d5128","name":"admin","image":{"@type":"ImageObject","inLanguage":"de","@id":"https:\/\/feminissima.de\/#\/schema\/person\/image\/","url":"https:\/\/secure.gravatar.com\/avatar\/8da1f51327453c0bf63338e8e2a791948b7d2ac19b68839492d1e69aac6924a8?s=96&d=mm&r=g","contentUrl":"https:\/\/secure.gravatar.com\/avatar\/8da1f51327453c0bf63338e8e2a791948b7d2ac19b68839492d1e69aac6924a8?s=96&d=mm&r=g","caption":"admin"},"url":"https:\/\/feminissima.de\/index.php\/author\/admin\/"}]}},"jetpack_featured_media_url":"","_links":{"self":[{"href":"https:\/\/feminissima.de\/index.php\/wp-json\/wp\/v2\/posts\/87056","targetHints":{"allow":["GET"]}}],"collection":[{"href":"https:\/\/feminissima.de\/index.php\/wp-json\/wp\/v2\/posts"}],"about":[{"href":"https:\/\/feminissima.de\/index.php\/wp-json\/wp\/v2\/types\/post"}],"author":[{"embeddable":true,"href":"https:\/\/feminissima.de\/index.php\/wp-json\/wp\/v2\/users\/2"}],"replies":[{"embeddable":true,"href":"https:\/\/feminissima.de\/index.php\/wp-json\/wp\/v2\/comments?post=87056"}],"version-history":[{"count":0,"href":"https:\/\/feminissima.de\/index.php\/wp-json\/wp\/v2\/posts\/87056\/revisions"}],"wp:attachment":[{"href":"https:\/\/feminissima.de\/index.php\/wp-json\/wp\/v2\/media?parent=87056"}],"wp:term":[{"taxonomy":"category","embeddable":true,"href":"https:\/\/feminissima.de\/index.php\/wp-json\/wp\/v2\/categories?post=87056"},{"taxonomy":"post_tag","embeddable":true,"href":"https:\/\/feminissima.de\/index.php\/wp-json\/wp\/v2\/tags?post=87056"}],"curies":[{"name":"wp","href":"https:\/\/api.w.org\/{rel}","templated":true}]}}