{"id":86221,"date":"2011-03-12T21:12:19","date_gmt":"2011-03-12T21:12:19","guid":{"rendered":"http:\/\/www.feminissima.de\/?p=86221"},"modified":"2011-03-12T21:12:19","modified_gmt":"2011-03-12T21:12:19","slug":"der-mann-von-gestern-abend","status":"publish","type":"post","link":"https:\/\/feminissima.de\/index.php\/2011\/03\/12\/der-mann-von-gestern-abend\/","title":{"rendered":"Der Mann von gestern Abend"},"content":{"rendered":"<p>Spontan-Text vom 23. Februar<br \/><b>update 23 Uhr 40<\/p>\n<p>3.358.017.<br \/>gestern: 1.393<br \/>heute: 2.333<\/p>\n<p>________________<\/p>\n<p>3.357.604.<br \/>heute: 1.920 &#8211; willkommen!<\/p>\n<p>Atmos&#8230;.Berlin-Atmos&#8230;<\/p>\n<p>19 Uhr  &#8211; <\/p>\n<p>Es war kalt, sehr kalt, <br \/>in diesem kalten \u00dcbergangs-Schienen-und-Auto-Kreuzungs-und-wehe-Ampel-nicht-rechtzeitig-Stra\u00dfengebr\u00e4u &#8211; <br \/>eingepfercht, klein und eng der Mensch,<br \/>inmitten der Unurbanit\u00e4t achtlos hingepflasterter Kreuzungs &#8211; <br \/>ein Blick zu wenig, nach links und rechts,<br \/> und geradeaus und noch einmal &#8211; <br \/>dann bist du mausetot, \u00fcberfahren, <br \/>wie auch immer.<br \/>Kalt glitzerte das Geleis der Schienen der Ostberlin-Stra\u00dfenbahnen &#8211; <br \/>in der kalten Nacht, <br \/>gestern Abend. <br \/>Die neonwei\u00dfe Normaluhr auf dem kurzen und knappen<br \/> Quarr\u00e9 einer Art &#8222;B\u00fcrger-steig&#8220; &#8211; man mu\u00df sich das Wort einmal, <br \/>aus welcher Zeit stammt es..?<br \/>&#8222;B\u00fcrger &#8211; Steig&#8220;..<br \/>waren das Wege in den Bergen..?<br \/>Wie auch immer, <br \/>die kaltleuchtende Uhr zeigt 22 Uhr 30,<br \/>gestern Abend &#8211;  <br \/>Sie wirkt wie ein Leuchtturm in diesem schwarzen Kreuzungs-Schienen-und-Ampel-menschenbedrohlich-Konglomerat,<br \/>triste Hausfassaden tun das \u00dcbrige.<\/p>\n<p>Die Kreuzung \u00fcberstanden, \u00fcberlebt,<br \/>f\u00fchrt der dr\u00fcben-seitige B\u00fcrgersteig <br \/>zum einzigen Sp\u00e4tkaufladen<br \/>weit und breit,<br \/>an einer Bushaltestelle &#8211; vorbei.<\/p>\n<p>Seit kurzem ist sie \u00fcberdacht.<br \/> Sieht aus wie Plexiglas. <br \/>Und es gibt in den Boden eingeschwei\u00dfte <br \/>Sitzgelegenheiten.<br \/>Manche sagen &#8222;Bank&#8220; dazu. <br \/>Auf dieser Bank sitzt ein Mann.<br \/>Warum soll an einer Bushaltestelle <br \/>kein Mann sitzen?<br \/>Und auf den n\u00e4chsten Bus warten?<br \/>Es ist die Sitzhaltung des Mannes.<br \/>Er sieht nicht aus wie jemand, <br \/>der auf den n\u00e4chsten Bus wartet. <br \/>Es ist seine Haltung.<br \/>Und es ist sein Gep\u00e4ck. <br \/>Dieses Berliner Gep\u00e4ck.<br \/>Dein Hab und Gut<br \/> in einem Einkaufs-Trolly, <br \/>den du f\u00fcr 5 Euro beim Araber <\/p>\n<p>\nam Stuttgarter Platz kaufen kannst.<br \/>Oder f\u00fcr 1 Euro beim Alles ist Geiz. <\/p>\n<p>Der Mann sitzt nach vorne gebeugt, <br \/>den Kopf beinah auf seinem Trolly <br \/>und er erinnert wie an einen Hirten, <br \/>auf seinen Wanderstab gest\u00fctzt. <br \/>Der Mann ist seltsam eingewickelt. <br \/>Es scheint ihm an richtiger Kleidung zu fehlen.<br \/>Als habe er noch ein paar T\u00fccher und Decken um seinen K\u00f6rper gewickelt<br \/>und um seinen Kopf,<br \/>vor allem \u00fcber die Ohren, <br \/>farblose Versatzst\u00fccke aus Plastik, <br \/>als Ohrenschutz, <br \/>gegen die K\u00e4lte. <br \/>Nein, es k\u00f6nnte ein Haube aus Plastik sein, <br \/>eine Art Regenschutz-Haube, <br \/>mit einem Gummizug,<br \/>der das Gesicht abschlie\u00dft, <br \/>vor den Ohren und vor dem Haaransatz. <br \/>Der Nachtladen hat noch Licht. <br \/>Nat\u00fcrlich. <br \/>Bis Mitternacht ge\u00f6ffnet.<br \/>Funktioniert das Faxger\u00e4t noch?<br \/>Ja?<br \/>Es ist wichtig, das Fax. <br \/>Es mu\u00df noch vor Mitternacht gefaxt werden.<br \/>Sonst Termin\u00fcberschreitung.<br \/>Und dann &#8211; <br \/>Der Besitzer des Sp\u00e4tladens sagt,<br \/>die Nummer ist falsch.<br \/>Da kommt nur ein Rufzeichen. <br \/>Noch einmal zur\u00fcck. <br \/>Der Mann sitzt noch immer an der Bushaltestelle.<\/p>\n<p>&#8222;Warten Sie auf den Bus..?&#8220;<br \/>Der Mann blickt auf. <br \/>Und sch\u00fcttelt den Kopf.<br \/>&#8222;Wo wollen Sie denn hin?&#8220;<br \/>Der Mann hebt nun richtig den Kopf.<\/p>\n","protected":false},"excerpt":{"rendered":"<p>Spontan-Text vom 23. Februar<\/p>\n","protected":false},"author":2,"featured_media":0,"comment_status":"closed","ping_status":"closed","sticky":false,"template":"","format":"standard","meta":{"footnotes":""},"categories":[29],"tags":[],"class_list":["post-86221","post","type-post","status-publish","format-standard","hentry","category-shortstories","entry"],"yoast_head":"<!-- This site is optimized with the Yoast SEO plugin v21.0 - https:\/\/yoast.com\/wordpress\/plugins\/seo\/ -->\n<title>Der Mann von gestern Abend - Feminissima<\/title>\n<meta name=\"robots\" content=\"index, follow, max-snippet:-1, max-image-preview:large, max-video-preview:-1\" \/>\n<link rel=\"canonical\" href=\"https:\/\/feminissima.de\/index.php\/2011\/03\/12\/der-mann-von-gestern-abend\/\" \/>\n<meta property=\"og:locale\" content=\"de_DE\" \/>\n<meta property=\"og:type\" content=\"article\" \/>\n<meta property=\"og:title\" content=\"Der Mann von gestern Abend - Feminissima\" \/>\n<meta property=\"og:description\" content=\"Spontan-Text vom 23. Februar\" \/>\n<meta property=\"og:url\" content=\"https:\/\/feminissima.de\/index.php\/2011\/03\/12\/der-mann-von-gestern-abend\/\" \/>\n<meta property=\"og:site_name\" content=\"Feminissima\" \/>\n<meta property=\"article:published_time\" content=\"2011-03-12T21:12:19+00:00\" \/>\n<meta name=\"author\" content=\"admin\" \/>\n<meta name=\"twitter:card\" content=\"summary_large_image\" \/>\n<meta name=\"twitter:label1\" content=\"Verfasst von\" \/>\n\t<meta name=\"twitter:data1\" content=\"admin\" \/>\n\t<meta name=\"twitter:label2\" content=\"Gesch\u00e4tzte Lesezeit\" \/>\n\t<meta name=\"twitter:data2\" content=\"2\u00a0Minuten\" \/>\n<script type=\"application\/ld+json\" class=\"yoast-schema-graph\">{\"@context\":\"https:\/\/schema.org\",\"@graph\":[{\"@type\":\"WebPage\",\"@id\":\"https:\/\/feminissima.de\/index.php\/2011\/03\/12\/der-mann-von-gestern-abend\/\",\"url\":\"https:\/\/feminissima.de\/index.php\/2011\/03\/12\/der-mann-von-gestern-abend\/\",\"name\":\"Der Mann von gestern Abend - Feminissima\",\"isPartOf\":{\"@id\":\"https:\/\/feminissima.de\/#website\"},\"datePublished\":\"2011-03-12T21:12:19+00:00\",\"dateModified\":\"2011-03-12T21:12:19+00:00\",\"author\":{\"@id\":\"https:\/\/feminissima.de\/#\/schema\/person\/0b901e053624f88e7ecbea289d9d5128\"},\"breadcrumb\":{\"@id\":\"https:\/\/feminissima.de\/index.php\/2011\/03\/12\/der-mann-von-gestern-abend\/#breadcrumb\"},\"inLanguage\":\"de\",\"potentialAction\":[{\"@type\":\"ReadAction\",\"target\":[\"https:\/\/feminissima.de\/index.php\/2011\/03\/12\/der-mann-von-gestern-abend\/\"]}]},{\"@type\":\"BreadcrumbList\",\"@id\":\"https:\/\/feminissima.de\/index.php\/2011\/03\/12\/der-mann-von-gestern-abend\/#breadcrumb\",\"itemListElement\":[{\"@type\":\"ListItem\",\"position\":1,\"name\":\"Startseite\",\"item\":\"https:\/\/feminissima.de\/\"},{\"@type\":\"ListItem\",\"position\":2,\"name\":\"Der Mann von gestern Abend\"}]},{\"@type\":\"WebSite\",\"@id\":\"https:\/\/feminissima.de\/#website\",\"url\":\"https:\/\/feminissima.de\/\",\"name\":\"Feminissima\",\"description\":\"\",\"potentialAction\":[{\"@type\":\"SearchAction\",\"target\":{\"@type\":\"EntryPoint\",\"urlTemplate\":\"https:\/\/feminissima.de\/?s={search_term_string}\"},\"query-input\":\"required name=search_term_string\"}],\"inLanguage\":\"de\"},{\"@type\":\"Person\",\"@id\":\"https:\/\/feminissima.de\/#\/schema\/person\/0b901e053624f88e7ecbea289d9d5128\",\"name\":\"admin\",\"image\":{\"@type\":\"ImageObject\",\"inLanguage\":\"de\",\"@id\":\"https:\/\/feminissima.de\/#\/schema\/person\/image\/\",\"url\":\"https:\/\/secure.gravatar.com\/avatar\/8da1f51327453c0bf63338e8e2a791948b7d2ac19b68839492d1e69aac6924a8?s=96&d=mm&r=g\",\"contentUrl\":\"https:\/\/secure.gravatar.com\/avatar\/8da1f51327453c0bf63338e8e2a791948b7d2ac19b68839492d1e69aac6924a8?s=96&d=mm&r=g\",\"caption\":\"admin\"},\"url\":\"https:\/\/feminissima.de\/index.php\/author\/admin\/\"}]}<\/script>\n<!-- \/ Yoast SEO plugin. -->","yoast_head_json":{"title":"Der Mann von gestern Abend - Feminissima","robots":{"index":"index","follow":"follow","max-snippet":"max-snippet:-1","max-image-preview":"max-image-preview:large","max-video-preview":"max-video-preview:-1"},"canonical":"https:\/\/feminissima.de\/index.php\/2011\/03\/12\/der-mann-von-gestern-abend\/","og_locale":"de_DE","og_type":"article","og_title":"Der Mann von gestern Abend - Feminissima","og_description":"Spontan-Text vom 23. Februar","og_url":"https:\/\/feminissima.de\/index.php\/2011\/03\/12\/der-mann-von-gestern-abend\/","og_site_name":"Feminissima","article_published_time":"2011-03-12T21:12:19+00:00","author":"admin","twitter_card":"summary_large_image","twitter_misc":{"Verfasst von":"admin","Gesch\u00e4tzte Lesezeit":"2\u00a0Minuten"},"schema":{"@context":"https:\/\/schema.org","@graph":[{"@type":"WebPage","@id":"https:\/\/feminissima.de\/index.php\/2011\/03\/12\/der-mann-von-gestern-abend\/","url":"https:\/\/feminissima.de\/index.php\/2011\/03\/12\/der-mann-von-gestern-abend\/","name":"Der Mann von gestern Abend - Feminissima","isPartOf":{"@id":"https:\/\/feminissima.de\/#website"},"datePublished":"2011-03-12T21:12:19+00:00","dateModified":"2011-03-12T21:12:19+00:00","author":{"@id":"https:\/\/feminissima.de\/#\/schema\/person\/0b901e053624f88e7ecbea289d9d5128"},"breadcrumb":{"@id":"https:\/\/feminissima.de\/index.php\/2011\/03\/12\/der-mann-von-gestern-abend\/#breadcrumb"},"inLanguage":"de","potentialAction":[{"@type":"ReadAction","target":["https:\/\/feminissima.de\/index.php\/2011\/03\/12\/der-mann-von-gestern-abend\/"]}]},{"@type":"BreadcrumbList","@id":"https:\/\/feminissima.de\/index.php\/2011\/03\/12\/der-mann-von-gestern-abend\/#breadcrumb","itemListElement":[{"@type":"ListItem","position":1,"name":"Startseite","item":"https:\/\/feminissima.de\/"},{"@type":"ListItem","position":2,"name":"Der Mann von gestern Abend"}]},{"@type":"WebSite","@id":"https:\/\/feminissima.de\/#website","url":"https:\/\/feminissima.de\/","name":"Feminissima","description":"","potentialAction":[{"@type":"SearchAction","target":{"@type":"EntryPoint","urlTemplate":"https:\/\/feminissima.de\/?s={search_term_string}"},"query-input":"required name=search_term_string"}],"inLanguage":"de"},{"@type":"Person","@id":"https:\/\/feminissima.de\/#\/schema\/person\/0b901e053624f88e7ecbea289d9d5128","name":"admin","image":{"@type":"ImageObject","inLanguage":"de","@id":"https:\/\/feminissima.de\/#\/schema\/person\/image\/","url":"https:\/\/secure.gravatar.com\/avatar\/8da1f51327453c0bf63338e8e2a791948b7d2ac19b68839492d1e69aac6924a8?s=96&d=mm&r=g","contentUrl":"https:\/\/secure.gravatar.com\/avatar\/8da1f51327453c0bf63338e8e2a791948b7d2ac19b68839492d1e69aac6924a8?s=96&d=mm&r=g","caption":"admin"},"url":"https:\/\/feminissima.de\/index.php\/author\/admin\/"}]}},"jetpack_featured_media_url":"","_links":{"self":[{"href":"https:\/\/feminissima.de\/index.php\/wp-json\/wp\/v2\/posts\/86221","targetHints":{"allow":["GET"]}}],"collection":[{"href":"https:\/\/feminissima.de\/index.php\/wp-json\/wp\/v2\/posts"}],"about":[{"href":"https:\/\/feminissima.de\/index.php\/wp-json\/wp\/v2\/types\/post"}],"author":[{"embeddable":true,"href":"https:\/\/feminissima.de\/index.php\/wp-json\/wp\/v2\/users\/2"}],"replies":[{"embeddable":true,"href":"https:\/\/feminissima.de\/index.php\/wp-json\/wp\/v2\/comments?post=86221"}],"version-history":[{"count":0,"href":"https:\/\/feminissima.de\/index.php\/wp-json\/wp\/v2\/posts\/86221\/revisions"}],"wp:attachment":[{"href":"https:\/\/feminissima.de\/index.php\/wp-json\/wp\/v2\/media?parent=86221"}],"wp:term":[{"taxonomy":"category","embeddable":true,"href":"https:\/\/feminissima.de\/index.php\/wp-json\/wp\/v2\/categories?post=86221"},{"taxonomy":"post_tag","embeddable":true,"href":"https:\/\/feminissima.de\/index.php\/wp-json\/wp\/v2\/tags?post=86221"}],"curies":[{"name":"wp","href":"https:\/\/api.w.org\/{rel}","templated":true}]}}