{"id":86216,"date":"2011-02-10T18:04:51","date_gmt":"2011-02-10T18:04:51","guid":{"rendered":"http:\/\/www.feminissima.de\/?p=86216"},"modified":"2011-02-10T18:04:51","modified_gmt":"2011-02-10T18:04:51","slug":"mubarak-oder-immunitaet-von-ex-staatshaeuptern","status":"publish","type":"post","link":"https:\/\/feminissima.de\/index.php\/2011\/02\/10\/mubarak-oder-immunitaet-von-ex-staatshaeuptern\/","title":{"rendered":"Mubarak &#8211; oder Immunit\u00e4t von  Ex-Staatsh\u00e4uptern.."},"content":{"rendered":"<p>Bei Kuraufenthalt in Deutschland nicht unbedingt vor Strafverfolgung sicher &#8211; dann wohl Ex-Diktator Mubarak &#8211; mehr:<br \/>Quelle &#8211; LTO &#8211; <\/p>\n<p>Der noch amtierende \u00e4gyptische Pr\u00e4sident Mubarak k\u00f6nnte bald f\u00fcr einen l\u00e4ngeren Kuraufenthalt nach Deutschland kommen. In diesem  &#8222;Luxus-Exil&#8220; w\u00e4re Mubarak, der \u00c4gypten 30 Jahre lang mit harter Hand regierte, jedoch nicht unbedingt vor Strafverfolgung sicher. Denn die Immunit\u00e4t von Ex-Staatsoberh\u00e4uptern ist rechtlich umstritten. Das musste j\u00fcngst auch George W. Bush erfahren.<\/p>\n<p>In der Presse wird dar\u00fcber spekuliert, dass zur L\u00f6sung der Staatskrise in \u00c4gypten  Pr\u00e4sident Hosni Mubarak nach Deutschland ins Exil gehen k\u00f6nnte. Im Gespr\u00e4ch ist dabei die Max-Grundig-Klinik &#8222;B\u00fchlerh\u00f6he&#8220; im baden-w\u00fcrttembergischen B\u00fchl bei Baden-Baden. Zwar ist dies im Moment eher unwahrscheinlich, zu sehr klammert sich der Despot noch an die Macht. Sollte er sein Amt irgendwann aufgeben, w\u00e4re ihm allerdings auch in Deutschland m\u00f6glicherweise keine Ruhe geg\u00f6nnt. Denn Menschenrechtler haben bereits Klagen angedroht, sollte Mubarak nach Deutschland reisen.<\/p>\n<p>Im Fall des ehemaligen US-Pr\u00e4sidenten George W. Bush haben entsprechende Organisationen ihre Drohung bereits wahr gemacht. Und so sagte Bush offenbar aus Angst, als Ex-Staatsoberhaupt wegen w\u00e4hrend seiner Amtszeit begangener Taten in der Schweiz vor Gericht gestellt zu werden werden, eine f\u00fcr kommenden Samstag in Genf geplante Rede ab. Es geht um die Vorw\u00fcrfe, die Folterung von Gefangenen auf Guant\u00e1namo erlaubt und angeordnet zu haben. Amnesty International hatte deswegen bei den Schweizer Beh\u00f6rden Anzeige erstattet.<\/p>\n<p>Ob Ex-Staatsoberh\u00e4upter wegen Verbrechen, die w\u00e4hrend ihrer Amtszeit auf ihre Anordnung oder zumindest mit ihrem Wissen passiert sind, angeklagt werden k\u00f6nnen, ist jedoch noch nicht abschlie\u00dfend gekl\u00e4rt.<\/p>\n<p>Amtierende Staatsoberh\u00e4upter genie\u00dfen absolute Immunit\u00e4t \u2026<\/p>\n<p>Rechtlich unumstritten ist, dass amtierende Staatsoberh\u00e4upter und Personen in \u00e4hnlicher Position absolute Immunit\u00e4t vor strafrechtlicher Verfolgung durch Gerichte anderer Staaten genie\u00dfen. Dies gilt sowohl f\u00fcr privates, als auch hoheitliches Handeln.<\/p>\n<p>Grundlage daf\u00fcr ist die Staatenimmunit\u00e4t und die souver\u00e4ne Staatengleichheit. Staaten erkennen ihre Souver\u00e4nit\u00e4t gegenseitig an und k\u00f6nnen einen anderen Staat nicht ihrer Hoheitsgewalt unterwerfen, etwa durch Aus\u00fcbung der Gerichtsbarkeit. Die Immunit\u00e4t von amtierenden Staatsoberh\u00e4uptern wird insofern aus der allgemeinen Staatenimmunit\u00e4t abgeleitet. Daher konnte zum Beispiel der Papst im September 2010 trotz angedrohter Klagen unbehelligt nach Gro\u00dfbritannien reisen.<\/p>\n<p>Der Grundsatz der absoluten Immunit\u00e4t amtierender Staatsrepr\u00e4sentanten vor der Gerichtsbarkeit eines anderen Staates gilt selbst dann, wenn der betreffenden Person besonders schwerwiegende Verbrechen vorgeworfen werden. Dies entschied der Internationale Gerichtshof (IGH) im Jahre 2002 im Fall Belgien gegen Kongo. Belgien erlie\u00df wegen des Vorwurfs von Kriegsverbrechen und Verbrechen gegen die Menschlichkeit gegen den amtierenden kongolesischen Au\u00dfenminister einen internationalen Haftbefehl. Der IGH urteilte jedoch, dass dem kongolesischen Au\u00dfenminister nach v\u00f6lkerrechtlichen Grunds\u00e4tzen umfassende Immunit\u00e4t gegen\u00fcber der belgischen Strafgerichtsbarkeit zukommt.<\/p>\n<p>\u2026 jedoch nicht vor internationalen Gerichten<\/p>\n<p>Gleichzeitig stellte der IGH aber auch klar, dass sich die absolute Immunit\u00e4t lediglich auf die Gerichtsbarkeit anderer Staaten bezieht. V\u00f6lkerrechtlich nicht verboten ist hingegen die Strafverfolgung sowohl amtierender als ehemaliger Au\u00dfenminister und Staatsoberh\u00e4upter durch internationale Strafgerichtsh\u00f6fe.<\/p>\n<p>Von dieser Ausnahme machte etwa das Sondergericht f\u00fcr Sierra Leone Gebrauch, als es einen Haftbefehl und eine Anklage wegen Kriegsverbrechen gegen den noch amtierenden Pr\u00e4sidenten von Sierra Leone, Charles Talyor, zulie\u00df. Und auch der Internationale Strafgerichtshof (IStGH) ist weder an nationale noch v\u00f6lkerrechtliche Immunit\u00e4tsregeln gebunden. Art. 27 des R\u00f6mischen Statuts bestimmt, dass die amtliche Eigenschaft als Staatschef oder Mitglied einer Regierung die strafrechtliche Verantwortlichkeit unber\u00fchrt l\u00e4sst.<\/p>\n<p>Scheidet ein Staatsoberhaupt aus dem Amt, endet auch seine Immunit\u00e4t vor Strafverfolgung f\u00fcr privates Handeln. Noch nicht abschlie\u00dfend gekl\u00e4rt bleibt hingegen, ob auch die Immunit\u00e4t f\u00fcr hoheitliches Handeln (so genannte funktionelle Immunit\u00e4t) zeitlich beschr\u00e4nkt ist. Grund f\u00fcr diese Unterscheidung ist, dass hoheitliche Akte eines Staatsoberhaupts zun\u00e4chst weiterhin dem Staat zuzurechnen sind und somit unter die Staatenimmunit\u00e4t fallen.<\/p>\n<p>Mubarak wird bei der Wahl seines Exils wohl auf Nummer sicher gehen<\/p>\n<p>Allerdings wird diskutiert, die funktionelle Immunit\u00e4t nach Ende der Amtszeit zumindest bei Verbrechen gegen die Menschlichkeit und Kriegsverbrechen aufzuheben. So hatte das englische House of Lords im Auslieferungsverfahren gegen den ehemaligen chilenischen Staatschef Augusto Pinochet entschieden, dass diesem keine Immunit\u00e4t bez\u00fcglich w\u00e4hrend seiner Amtszeit angeordneter Folter zukommt.<\/p>\n<p>Manche Law Lords (so hie\u00dfen die mit Aus\u00fcbung der Richtert\u00e4tigkeit betrauten Mitglieder des House of Lords) begr\u00fcndeten dies damit, dass Folter ein internationales Verbrechen darstellt, dessen ausnahmslose Ahndung auch durch die UN-Antifolterkonvention vorgesehen ist. Andere wiederum argumentierten, Folter sei wegen der v\u00f6lkerrechtlichen Illegalit\u00e4t nicht als hoheitliches, sondern als privates Handeln anzusehen, so dass diesbz\u00fcgliche Immunit\u00e4t mit der Amtszeit ende.<\/p>\n<p>Unter V\u00f6lkerrechtlern stie\u00df die Entscheidung des House of Lords auf Zustimmung, aber auch auf Bedenken. Ob sich die Ansicht des House of Lords bez\u00fcglich der funktionalen Immunit\u00e4t ehemaliger Staatsoberh\u00e4upter international durchgesetzt hat, kann im Moment noch nicht mit Bestimmtheit gesagt werden. Auch der IGH lie\u00df die Frage in der Entscheidung Kongo gegen Belgien offen.<\/p>\n<p>Ob Hosni Mubarak sich bei einem m\u00f6glichen Exil in Deutschland trotz Foltervorw\u00fcrfen sicher f\u00fchlen k\u00f6nnte, ist daher ungewiss. Denn auch Deutschland ist an das V\u00f6lkerstrafrecht und das R\u00f6mische Statut gebunden. Sollte der \u00e4gyptische Pr\u00e4sident erw\u00e4gen, ins Exil zu gehen, wird er daher wahrscheinlich ein Land w\u00e4hlen, das ihm Garantien bez\u00fcglich seiner Immunit\u00e4t geben kann. Eine Verantwortlichkeit von Staatsoberh\u00e4uptern f\u00fcr von ihnen angeordnete Verbrechen w\u00e4re aber \u00fcberall zu begr\u00fc\u00dfen.<\/p>\n<p>Der Autor Przemyslaw Nick Roguski, Mag. Iur. ist Wissenschaftlicher Mitarbeiter am Lehrstuhl f\u00fcr \u00d6ffentliches Recht, V\u00f6lker- und Europarecht, Internationales Wirtschaftsrecht an der Johannes Gutenberg-Universit\u00e4t Mainz.<\/p>\n<p>Mehr auf LTO.de:<\/p>\n<p>Benedikt XVI. in Gro\u00dfbritannien: Kann der Papst verhaftet werden?<\/p>\n<p>EGMR: Hinter den Fassaden von F-67075 Strasbourg<\/p>\n<p>Irak-Protokolle: Von der Verantwortung der Amerikaner<\/p>\n<p>Rechtsgebiet<\/p>\n<p> Europa- und V\u00f6lkerrecht<\/p>\n<p>Immunit\u00e4t von Ex-Staatsoberh\u00e4uptern<\/p>\n","protected":false},"excerpt":{"rendered":"<p>Bei Kuraufenthalt in Deutschland nicht unbedingt vor Strafverfolgung sicher &#8211; dann wohl Ex-Diktator Mubarak &#8211; mehr:<\/p>\n","protected":false},"author":2,"featured_media":0,"comment_status":"closed","ping_status":"closed","sticky":false,"template":"","format":"standard","meta":{"footnotes":""},"categories":[15],"tags":[],"class_list":["post-86216","post","type-post","status-publish","format-standard","hentry","category-femrecht","entry"],"yoast_head":"<!-- This site is optimized with the Yoast SEO plugin v21.0 - https:\/\/yoast.com\/wordpress\/plugins\/seo\/ -->\n<title>Mubarak - oder Immunit\u00e4t von Ex-Staatsh\u00e4uptern.. - Feminissima<\/title>\n<meta name=\"robots\" content=\"index, follow, max-snippet:-1, max-image-preview:large, max-video-preview:-1\" \/>\n<link rel=\"canonical\" href=\"https:\/\/feminissima.de\/index.php\/2011\/02\/10\/mubarak-oder-immunitaet-von-ex-staatshaeuptern\/\" \/>\n<meta property=\"og:locale\" content=\"de_DE\" \/>\n<meta property=\"og:type\" content=\"article\" \/>\n<meta property=\"og:title\" content=\"Mubarak - oder Immunit\u00e4t von Ex-Staatsh\u00e4uptern.. - Feminissima\" \/>\n<meta property=\"og:description\" content=\"Bei Kuraufenthalt in Deutschland nicht unbedingt vor Strafverfolgung sicher - dann wohl Ex-Diktator Mubarak - mehr:\" \/>\n<meta property=\"og:url\" content=\"https:\/\/feminissima.de\/index.php\/2011\/02\/10\/mubarak-oder-immunitaet-von-ex-staatshaeuptern\/\" \/>\n<meta property=\"og:site_name\" content=\"Feminissima\" \/>\n<meta property=\"article:published_time\" content=\"2011-02-10T18:04:51+00:00\" \/>\n<meta name=\"author\" content=\"admin\" \/>\n<meta name=\"twitter:card\" content=\"summary_large_image\" \/>\n<meta name=\"twitter:label1\" content=\"Verfasst von\" \/>\n\t<meta name=\"twitter:data1\" content=\"admin\" \/>\n\t<meta name=\"twitter:label2\" content=\"Gesch\u00e4tzte Lesezeit\" \/>\n\t<meta name=\"twitter:data2\" content=\"5\u00a0Minuten\" \/>\n<script type=\"application\/ld+json\" class=\"yoast-schema-graph\">{\"@context\":\"https:\/\/schema.org\",\"@graph\":[{\"@type\":\"WebPage\",\"@id\":\"https:\/\/feminissima.de\/index.php\/2011\/02\/10\/mubarak-oder-immunitaet-von-ex-staatshaeuptern\/\",\"url\":\"https:\/\/feminissima.de\/index.php\/2011\/02\/10\/mubarak-oder-immunitaet-von-ex-staatshaeuptern\/\",\"name\":\"Mubarak - oder Immunit\u00e4t von Ex-Staatsh\u00e4uptern.. - Feminissima\",\"isPartOf\":{\"@id\":\"https:\/\/feminissima.de\/#website\"},\"datePublished\":\"2011-02-10T18:04:51+00:00\",\"dateModified\":\"2011-02-10T18:04:51+00:00\",\"author\":{\"@id\":\"https:\/\/feminissima.de\/#\/schema\/person\/0b901e053624f88e7ecbea289d9d5128\"},\"breadcrumb\":{\"@id\":\"https:\/\/feminissima.de\/index.php\/2011\/02\/10\/mubarak-oder-immunitaet-von-ex-staatshaeuptern\/#breadcrumb\"},\"inLanguage\":\"de\",\"potentialAction\":[{\"@type\":\"ReadAction\",\"target\":[\"https:\/\/feminissima.de\/index.php\/2011\/02\/10\/mubarak-oder-immunitaet-von-ex-staatshaeuptern\/\"]}]},{\"@type\":\"BreadcrumbList\",\"@id\":\"https:\/\/feminissima.de\/index.php\/2011\/02\/10\/mubarak-oder-immunitaet-von-ex-staatshaeuptern\/#breadcrumb\",\"itemListElement\":[{\"@type\":\"ListItem\",\"position\":1,\"name\":\"Startseite\",\"item\":\"https:\/\/feminissima.de\/\"},{\"@type\":\"ListItem\",\"position\":2,\"name\":\"Mubarak &#8211; oder Immunit\u00e4t von Ex-Staatsh\u00e4uptern..\"}]},{\"@type\":\"WebSite\",\"@id\":\"https:\/\/feminissima.de\/#website\",\"url\":\"https:\/\/feminissima.de\/\",\"name\":\"Feminissima\",\"description\":\"\",\"potentialAction\":[{\"@type\":\"SearchAction\",\"target\":{\"@type\":\"EntryPoint\",\"urlTemplate\":\"https:\/\/feminissima.de\/?s={search_term_string}\"},\"query-input\":\"required name=search_term_string\"}],\"inLanguage\":\"de\"},{\"@type\":\"Person\",\"@id\":\"https:\/\/feminissima.de\/#\/schema\/person\/0b901e053624f88e7ecbea289d9d5128\",\"name\":\"admin\",\"image\":{\"@type\":\"ImageObject\",\"inLanguage\":\"de\",\"@id\":\"https:\/\/feminissima.de\/#\/schema\/person\/image\/\",\"url\":\"https:\/\/secure.gravatar.com\/avatar\/8da1f51327453c0bf63338e8e2a791948b7d2ac19b68839492d1e69aac6924a8?s=96&d=mm&r=g\",\"contentUrl\":\"https:\/\/secure.gravatar.com\/avatar\/8da1f51327453c0bf63338e8e2a791948b7d2ac19b68839492d1e69aac6924a8?s=96&d=mm&r=g\",\"caption\":\"admin\"},\"url\":\"https:\/\/feminissima.de\/index.php\/author\/admin\/\"}]}<\/script>\n<!-- \/ Yoast SEO plugin. -->","yoast_head_json":{"title":"Mubarak - oder Immunit\u00e4t von Ex-Staatsh\u00e4uptern.. - Feminissima","robots":{"index":"index","follow":"follow","max-snippet":"max-snippet:-1","max-image-preview":"max-image-preview:large","max-video-preview":"max-video-preview:-1"},"canonical":"https:\/\/feminissima.de\/index.php\/2011\/02\/10\/mubarak-oder-immunitaet-von-ex-staatshaeuptern\/","og_locale":"de_DE","og_type":"article","og_title":"Mubarak - oder Immunit\u00e4t von Ex-Staatsh\u00e4uptern.. - Feminissima","og_description":"Bei Kuraufenthalt in Deutschland nicht unbedingt vor Strafverfolgung sicher - dann wohl Ex-Diktator Mubarak - mehr:","og_url":"https:\/\/feminissima.de\/index.php\/2011\/02\/10\/mubarak-oder-immunitaet-von-ex-staatshaeuptern\/","og_site_name":"Feminissima","article_published_time":"2011-02-10T18:04:51+00:00","author":"admin","twitter_card":"summary_large_image","twitter_misc":{"Verfasst von":"admin","Gesch\u00e4tzte Lesezeit":"5\u00a0Minuten"},"schema":{"@context":"https:\/\/schema.org","@graph":[{"@type":"WebPage","@id":"https:\/\/feminissima.de\/index.php\/2011\/02\/10\/mubarak-oder-immunitaet-von-ex-staatshaeuptern\/","url":"https:\/\/feminissima.de\/index.php\/2011\/02\/10\/mubarak-oder-immunitaet-von-ex-staatshaeuptern\/","name":"Mubarak - oder Immunit\u00e4t von Ex-Staatsh\u00e4uptern.. - Feminissima","isPartOf":{"@id":"https:\/\/feminissima.de\/#website"},"datePublished":"2011-02-10T18:04:51+00:00","dateModified":"2011-02-10T18:04:51+00:00","author":{"@id":"https:\/\/feminissima.de\/#\/schema\/person\/0b901e053624f88e7ecbea289d9d5128"},"breadcrumb":{"@id":"https:\/\/feminissima.de\/index.php\/2011\/02\/10\/mubarak-oder-immunitaet-von-ex-staatshaeuptern\/#breadcrumb"},"inLanguage":"de","potentialAction":[{"@type":"ReadAction","target":["https:\/\/feminissima.de\/index.php\/2011\/02\/10\/mubarak-oder-immunitaet-von-ex-staatshaeuptern\/"]}]},{"@type":"BreadcrumbList","@id":"https:\/\/feminissima.de\/index.php\/2011\/02\/10\/mubarak-oder-immunitaet-von-ex-staatshaeuptern\/#breadcrumb","itemListElement":[{"@type":"ListItem","position":1,"name":"Startseite","item":"https:\/\/feminissima.de\/"},{"@type":"ListItem","position":2,"name":"Mubarak &#8211; oder Immunit\u00e4t von Ex-Staatsh\u00e4uptern.."}]},{"@type":"WebSite","@id":"https:\/\/feminissima.de\/#website","url":"https:\/\/feminissima.de\/","name":"Feminissima","description":"","potentialAction":[{"@type":"SearchAction","target":{"@type":"EntryPoint","urlTemplate":"https:\/\/feminissima.de\/?s={search_term_string}"},"query-input":"required name=search_term_string"}],"inLanguage":"de"},{"@type":"Person","@id":"https:\/\/feminissima.de\/#\/schema\/person\/0b901e053624f88e7ecbea289d9d5128","name":"admin","image":{"@type":"ImageObject","inLanguage":"de","@id":"https:\/\/feminissima.de\/#\/schema\/person\/image\/","url":"https:\/\/secure.gravatar.com\/avatar\/8da1f51327453c0bf63338e8e2a791948b7d2ac19b68839492d1e69aac6924a8?s=96&d=mm&r=g","contentUrl":"https:\/\/secure.gravatar.com\/avatar\/8da1f51327453c0bf63338e8e2a791948b7d2ac19b68839492d1e69aac6924a8?s=96&d=mm&r=g","caption":"admin"},"url":"https:\/\/feminissima.de\/index.php\/author\/admin\/"}]}},"jetpack_featured_media_url":"","_links":{"self":[{"href":"https:\/\/feminissima.de\/index.php\/wp-json\/wp\/v2\/posts\/86216","targetHints":{"allow":["GET"]}}],"collection":[{"href":"https:\/\/feminissima.de\/index.php\/wp-json\/wp\/v2\/posts"}],"about":[{"href":"https:\/\/feminissima.de\/index.php\/wp-json\/wp\/v2\/types\/post"}],"author":[{"embeddable":true,"href":"https:\/\/feminissima.de\/index.php\/wp-json\/wp\/v2\/users\/2"}],"replies":[{"embeddable":true,"href":"https:\/\/feminissima.de\/index.php\/wp-json\/wp\/v2\/comments?post=86216"}],"version-history":[{"count":0,"href":"https:\/\/feminissima.de\/index.php\/wp-json\/wp\/v2\/posts\/86216\/revisions"}],"wp:attachment":[{"href":"https:\/\/feminissima.de\/index.php\/wp-json\/wp\/v2\/media?parent=86216"}],"wp:term":[{"taxonomy":"category","embeddable":true,"href":"https:\/\/feminissima.de\/index.php\/wp-json\/wp\/v2\/categories?post=86216"},{"taxonomy":"post_tag","embeddable":true,"href":"https:\/\/feminissima.de\/index.php\/wp-json\/wp\/v2\/tags?post=86216"}],"curies":[{"name":"wp","href":"https:\/\/api.w.org\/{rel}","templated":true}]}}