{"id":86203,"date":"2011-01-22T14:24:17","date_gmt":"2011-01-22T14:24:17","guid":{"rendered":"http:\/\/www.feminissima.de\/?p=86203"},"modified":"2011-01-22T14:24:17","modified_gmt":"2011-01-22T14:24:17","slug":"presse-schau-nach-bild-bericht-wurde-der-kapitaen-der-gorch-fock-gefeuert","status":"publish","type":"post","link":"https:\/\/feminissima.de\/index.php\/2011\/01\/22\/presse-schau-nach-bild-bericht-wurde-der-kapitaen-der-gorch-fock-gefeuert\/","title":{"rendered":"PRESSE-SCHAU: Nach BILD-Bericht wurde der Kapit\u00e4n der GORCH  FOCK gefeuert"},"content":{"rendered":"<p>Man kann nicht ruhig bleiben, wenn man den Bericht liest- wie es zum Tod der jungen Matrosin (25) gekommen ist &#8211; <\/p>\n<p>Das Ausma\u00df der Menschenverachtung  &#8211; ist qu\u00e4lend!<\/p>\n<p>Quelle  &#8211; BILD-online: (Und daf\u00fcr eine SUPISSIMA!)<\/p>\n<p>\nGorch-Fock-Kapit\u00e4n gefeuert: Kamerad packt aus: So starb die Gorch-Fock-Matrosin<\/p>\n<p>Nach BILD-Bericht Gorch-Fock-Kapit\u00e4n gefeuert<\/p>\n<p>Kamerad packt aus: So starb die Gorch-Fock-Matrosin:<\/p>\n<p>22.01.2011 &#8211; 08:43 UHR<\/p>\n<p>Von Julian Reichelt<\/p>\n<p>Die Aff\u00e4re um den Tod der Offiziersaw\u00e4rterin Sarah S. (25) an Bord des Marine-Schulschiffes \u201eGorch Fock\u201c hat Konsequenzen!<\/p>\n<p>Nach einem BILD-Bericht \u00fcber die Zust\u00e4nde an Bord wurde Kapit\u00e4n Norbert Schatz noch gestern Abend seines Amtes enthoben, die &#8222;Gorch Fock&#8220; zur\u00fcck nach Deutschland beordert. BILD hatte das Bundesverteidigungsministerium gestern Abend \u00fcber den Bericht vorab informiert.<\/p>\n<p>Daten der Gorch Fock<\/p>\n<p>Foto: In Grafiken Magazin, www.ingrafiken.de<\/p>\n<p>Die &#8222;Gorch Fock&#8220; liegt derzeit vor der argentinischen Hafenstadt Ushuaia. Anfang Februar soll sie sich unter neuem Kommando auf den Heimweg nach Kiel machen.<\/p>\n<p>Der Minister ordnete weiter an, dass das Schiff bis auf weiteres nicht mehr auslaufen wird: &#8222;Nach R\u00fcckkehr in den Heimathafen wird die Gorch Fock aus der Fahrbereitschaft genommen, bis eine noch einzusetzende Kommission auch unter Mitwirkung von Abgeordneten des Deutschen Bundestags beurteilt hat, inwieweit die Gorch Fock als Ausbildungsschiff und Botschafterin Deutschlands auf den Weltmeeren Zukunft hat&#8220;, so Guttenberg gegen\u00fcber der BILD am SONNTAG.<\/p>\n<p>Lesen Sie im folgenden den BILD-Bericht \u00fcber die Zust\u00e4nde an Bord des Schiffes.<\/p>\n<p>Am 7. November 2010 st\u00fcrzte die junge Kadettin Sarah S. (\u2020 25) auf dem Marine-Schiff \u201eGorch Fock\u201c in den Tod. Sie verlor den Halt, als sie in 27 Meter H\u00f6he in der Takelage kletterte.<\/p>\n<p>Ein Offiziersanw\u00e4rter, der auf der tragischen Fahrt dabei war, berichtet von Ersch\u00f6pfung, G\u00e4ngelung und Alkohol. Und von einer geschmacklosen Party, die nur einen Tag nach der Gedenkfeier f\u00fcr die Tote stattfand.<\/p>\n<p>Der Offiziersanw\u00e4rter, der anonym bleiben will, erz\u00e4hlt vom Tag des Ungl\u00fccks: \u201eWir lagen im Hafen von Salvador de Bahia. Morgens um sieben Uhr wurde aufgeentert. Die \u00dcbung war f\u00fcr den ganzen Vormittag angesetzt.\u201c<\/p>\n<p>Unter \u201eaufentern\u201c versteht man das riskante Klettern in der Takelage.<\/p>\n<p>Vergr\u00f6\u00dfern<\/p>\n<p>Kamerad packt aus: So starb die Gorch-Fock-Matrosin<\/p>\n<p>Die Offiziersanw\u00e4rterin Sarah S. (\u2020 25) st\u00fcrzte 27 Meter in den Tod<\/p>\n<p>Hintergrund<\/p>\n<p>Guttenberg k\u00fcndigt an<\/p>\n<p>Menschenunw\u00fcrdiger<\/p>\n<p>Drill wird nicht geduldet<\/p>\n<p>Mutter von toter Sarah<\/p>\n<p>Gorch-Fock-Kapit\u00e4n<\/p>\n<p>soll zur\u00fccktreten<\/p>\n<p>\u201eGorch Fock\u201c-Meuterei<\/p>\n<p>Nach Tod der Soldatin<\/p>\n<p>feierte Crew Karneval!<\/p>\n<p>Nach Meuterei-Vorwurf<\/p>\n<p>Ermittler-Team kommt<\/p>\n<p>an Bord der Gorch Fock<\/p>\n<p>mehr zum thema<\/p>\n<p>Meuterei auf der \u201eGorch Fock\u201c: Zu klein \u2013 Sarah S. (\u2020 25) h\u00e4tte nicht auf den Mast gedurft<\/p>\n<p>\u201eGorch Fock\u201c-Meuterei<\/p>\n<p>Sarah (\u2020 25) zu klein f\u00fcr<\/p>\n<p>Einsatz in den Segeln?<\/p>\n<p>\u201eGorch Fock\u201c-Meuterei<\/p>\n<p>Kadetten rebellierten<\/p>\n<p>gegen Kommandanten<\/p>\n<p>Weil Sarah S. (\u202025) starb<\/p>\n<p>Meuterei auf der<\/p>\n<p>\u201eGorch Fock\u201c<\/p>\n<p>Drama auf Marineschiff<\/p>\n<p>\n\u201eSarah hatte vorher einem Offizier gesagt, dass sie nicht mehr kann. Er antwortete, sie solle sich nicht so anstellen. Oben in der Takelage hat Sarah eine kurze Pause gemacht, sich auf die Knie gest\u00fctzt. Einer der Ausbilder fragte sie, ob sie aufgeben wolle. Sie sagte, nein, es ginge schon. Dann ist sie abgest\u00fcrzt.\u201c<\/p>\n<p>Die jungen Kameraden h\u00f6rten einen dumpfen Knall, als Sarah auf dem Deck aufschlug.<\/p>\n<p>\u201eSie lag da mit offenen Augen\u201c, erz\u00e4hlt der Offiziersanw\u00e4rter. \u201eEs war klar, dass es nicht gut f\u00fcr sie aussah. Wir wurden alle unter Deck geschickt. Dann wurde uns kistenweise Cola serviert, um die Stimmung etwas zu heben. Alle schwiegen, einige haben geweint. Man sagte uns, Sarah h\u00e4tte gute Chancen zu \u00fcberleben. Aber wir wussten, dass das nicht stimmte.\u201c<\/p>\n<p>Einen Tag nach dem Ungl\u00fcck h\u00e4lt Kapit\u00e4n Norbert Schatz, Kommandant der \u201eGorch Fock\u201c, eine Ansprache, verk\u00fcndet, dass Sarah S. tot ist. \u201eWir haben die Rede als unpassend empfunden\u201c, berichtet der Offiziersanw\u00e4rter. \u201eDer Kapit\u00e4n sagte sinngem\u00e4\u00df: \u201aFlugzeuge st\u00fcrzen ab, Autos verungl\u00fccken, und auch hier passieren Unf\u00e4lle.\u2018 Eine Kameradin brach weinend zusammen. Da sagte einer der Offiziere zu ihr: \u201aWas stellen Sie sich so an? Das ist hier kein Kinderspielplatz.\u2018\u201c<\/p>\n<p>Die Stimmung nach dem t\u00f6dlichen Unfall beschreibt der Offiziersanw\u00e4rter gegen\u00fcber BILD als \u201eextrem gereizt.\u201c Er sagt aber auch: \u201eMit Meuterei hatte das nichts zu tun. Das Wort ist an Bord nie gefallen. Die vier Offiziersanw\u00e4rter, die jetzt beschuldigt werden, haben eher deeskalierend gewirkt. Die werden jetzt nur zu S\u00fcndenb\u00f6cken gemacht. Die Schiffsf\u00fchrung hat bei der Sache voll ins Klo gegriffen.\u201c<\/p>\n<p>Der Offiziersanw\u00e4rter beschreibt gegen\u00fcber BILD auch eine Szene, die sich in einem der Lehrr\u00e4ume an Bord kurz nach dem Unfall abgespielt haben soll: \u201eEiner der Ausbilder sagte: \u201aHier wird seit \u00fcber f\u00fcnfzig Jahren ausgebildet und solche Unf\u00e4lle hat es fr\u00fcher nicht gegeben. Das liegt daran, dass heute viel mehr minderwertiges Menschenmaterial an Bord ist.\u2018\u201c<\/p>\n<p>Den Offiziersanw\u00e4rtern, die nach dem Unfall nicht mehr aufentern wollten, wurde schriftlich die \u201eOffizierseignung\u201c aberkannt. \u201eDa hie\u00df es dann, sie h\u00e4tten das Lehrgangsziel verfehlt.\u201c<\/p>\n<p>Besonders geschmacklos: Nur einen Tag nach der Gedenkfeier f\u00fcr Sarah S., am 11. November, feierte die Stammbesatzung (u. a. Ausbilder) an Bord des Schiffes Karneval \u2013 launig mit H\u00fcten, bunten Per\u00fccken und Bier. Und der Offiziersanw\u00e4rter berichtet von einer weiteren, noch bizarreren Party: \u201eTeile der Stammbesatzung legten Geld in einen Topf.<\/p>\n<p>Wer die h\u00e4sslichste Offiziersanw\u00e4rterin knallt, der bekommt das Geld. Der Topf wurde unmittelbar nach dem Unfall geknackt. Auch da wurde dann gefeiert. Wie mit Sarahs Tod umgegangen wurde, finde ich unmenschlich!\u201c<\/p>\n<p>Kurz nach dem t\u00f6dlichen Unfall wurden alle Offiziersanw\u00e4rter zur\u00fcck nach Deutschland geflogen. \u201eUns wurde gesagt, wir sollten am Flughafen keine Fragen beantworten, weil da Reporter sein k\u00f6nnten.\u201c<\/p>\n<p>F\u00fcr viele Offiziersanw\u00e4rter endete mit der Todesfahrt der \u201eGorch Fock\u201c ein Traum. \u201eWir haben es eigentlich als Privileg empfunden, auf der \u201aGorch Fock\u2018 fahren zu d\u00fcrfen. Aber bei dieser Reise ist aus dem Traum ein Albtraum geworden.\u201c<\/p>\n<p>Google-Anzeigen<\/p>\n<p>Kabel Tarife f\u00fcr Berlin<\/p>\n<p>Fernsehen, Telefonieren und Surfen. Kabel Infos, Beratung &#038; Bestellung.<\/p>\n<p>Kabel-Internet-Telefon.de\/Berlin<\/p>\n<p>Griechenland pleite?<\/p>\n<p>Ist jetzt der Euro in Gefahr? Jetzt Prognose anfordern! Gratis.<\/p>\n<p>Gruener-Fisher.de\/Prognose<\/p>\n<p>Schon Gratis gesprochen?<\/p>\n<p>Das erste Gratisgespr\u00e4ch wartet auf Sie kicken sie hier -viversum<\/p>\n<p>www.viversum.de\/viversum<\/p>\n<p>&#8222;Schreiben Sie Ihre Meinung&#8220;<\/p>\n<p>Bitte beachten Sie die Verhaltensregeln (Netiquette) f\u00fcr die Nutzung der Kommentarfunktion auf BILD.de.<\/p>\n<p>Bitte beachten Sie die Verhaltensregeln (Netiquette) f\u00fcr die Nutzung der Kommentarfunktion auf BILD.de.<\/p>\n<p>waiting &#8230; Loading &#8230;<\/p>\n<p>Bitte loggen sie sich ein. Login<\/p>\n<p>Login mit Facebook<\/p>\n<p>Login mit Facebook Neu anmelden So geht&#8217;s<\/p>\n<p>Kommentare (389)<\/p>\n<p>alle Aufklappen<\/p>\n<p>scuzz schrieb: vor 10 Minuten<\/p>\n<p>es bewegt uns zu tiefst, dass offenbar v\u00f6llig \u00fcberdehte vorgesetzte ihre untergebenen in den tod treiben. der ehre wegen oder weil sie offenbar langeweile haben&#8230;. es bewegt uns zu tiefst, dass offenbar v\u00f6llig \u00fcberdehte vorgesetzte ihre untergebenen in den tod treiben. der ehre wegen oder weil sie offenbar langeweile haben&#8230;.<\/p>\n<p>melden<\/p>\n<p>Link aufklappen<\/p>\n<p>100075 schrieb: vor 16 Minuten<\/p>\n<p>Nat\u00fcrlich tut mir der Verlust eines Menschenlebens bei dem Unfall sehr leid.<\/p>\n<p>Ich frage mich schon, was das f\u00fcr eine Armee ist.<\/p>\n<p>Stammt sie aus einer Operette? Kann da jeder Befehle befolgen oder auch nicht und das a&#8230; Nat\u00fcrlich tut mir der Verlust eines Menschenlebens bei dem Unfall sehr leid.<\/p>\n<p>Ich frage mich schon, was das f\u00fcr eine Armee ist.<\/p>\n<p>Stammt sie aus einer Operette? Kann da jeder Befehle befolgen oder auch nicht und das als OFFIZIERSANW\u00c4RTER?<\/p>\n<p>Ich frage das mal als Steuerzahler, denn wir Steuerzahler finanzieren das Ausbildungsschiff und nicht der Herr von und zu&#8230;.<\/p>\n<p>N\u00e4chste Frage ist, was Frauen auf einem Grossegler &#8211; einem der Kriegsmarine, wohlgemerkt &#8211; zu suchen haben (ausser als Passagier). Die die es geschafft haben, solche &#8222;Gleichberechtigungsgrunds\u00e4tze&#8220; juristisch durchzudr\u00fccken, die sollten jetzt vielleicht einmal in sich gehen. Denen kann nicht viel passieren ausser, dass sie von der Teppichkante st\u00fcrzen.<\/p>\n<p>Und die Aktionismusorgie des Ministers? Hatten wir doch schon mal bei diesem Minister, der dabei l\u00e4ngst nicht als sauberer Sieger herauskam.<\/p>\n<p>melden<\/p>\n<p>Link aufklappen<\/p>\n<p>Charlie_Harper schrieb: vor 19 Minuten<\/p>\n<p>@BLAUWAL1: Dann sollten demn\u00e4chst kommende Formel 1-Fahrer auch auf Kettcars ausgebildet werden bis sie die Superlizenz bekommen. Kettcars ham mit nem Formel1-Boliden genauso viel gemein wie ein Segelschiff mit einer F&#8230; @BLAUWAL1: Dann sollten demn\u00e4chst kommende Formel 1-Fahrer auch auf Kettcars ausgebildet werden bis sie die Superlizenz bekommen. Kettcars ham mit nem Formel1-Boliden genauso viel gemein wie ein Segelschiff mit einer Fregatte.<\/p>\n<p>melden<\/p>\n<p>Link aufklappen<\/p>\n<p>rappelzappel schrieb: vor 22 Minuten<\/p>\n<p>@Asuro<\/p>\n<p>haha..und was ist mit Blackwater (heute Xe)? @Asuro<\/p>\n<p>haha..und was ist mit Blackwater (heute Xe)?<\/p>\n<p>melden<\/p>\n<p>Link aufklappen<\/p>\n<p>Schrumpfgermane schrieb: vor 35 Minuten<\/p>\n<p>Die Bundeswehr war und wird nie zur Geiselbefreiung eingesetzt.<\/p>\n<p>1. Die Ausbildung bei der BW gibt das nicht her.<\/p>\n<p>2. Rechtlich ist das auch nicht abgesegnet.<\/p>\n<p>3. Geiselbefreiung ist Polizeiarbeit und somit Hoheitlich ge&#8230; Die Bundeswehr war und wird nie zur Geiselbefreiung eingesetzt.<\/p>\n<p>1. Die Ausbildung bei der BW gibt das nicht her.<\/p>\n<p>2. Rechtlich ist das auch nicht abgesegnet.<\/p>\n<p>3. Geiselbefreiung ist Polizeiarbeit und somit Hoheitlich geregelt.<\/p>\n<p>und und und.<\/p>\n<p>melden<\/p>\n<p>Link aufklappen<\/p>\n<p>    *<\/p>\n<p>      ARCHIV<\/p>\n<p>\u201eGorch Fock\u201c-UnfallSoldatin (25) st\u00fcrzt in den Tod<\/p>\n<p>Rekruten gequ\u00e4ltHaft auf Bew\u00e4hrung f\u00fcr die Ausbilder<\/p>\n<p>Hauptmann vor GerichtPerverse Spiele bei der Bundeswehr<\/p>\n<p>Ex-Soldat packt ausBrisante Storys aus Kabul<\/p>\n<p>\u201eAnpimmeln\u201cSex-Skandal bei der Bundeswehr<\/p>\n<p>Gorch FockWarum starb die junge Soldatin?<\/p>\n<p>\u201eGorch Fock\u201c-Ungl\u00fcck\u201eNiemand f\u00e4llt einfach \u00fcber die Reling\u201c<\/p>\n<p>Suche erfolglosSoldatin (18) st\u00fcrzt von \u201eGorch Fock\u201c<\/p>\n<p>Setzt die Segel!Gorch Fock feiert 50. Geburtstag<\/p>\n<p>Ulli Kinau\u201eIch war die Taufpatin der Gorch Fock\u201c<\/p>\n<p>Norbert SchatzBILD-Interview mit dem Kapit\u00e4n<\/p>\n<p>Soldaten fordernHer mit der Busen-Granate!<\/p>\n<p>Silikon-Br\u00fcsteWelche Jobs nicht machbar?<\/p>\n<p>BundestagAnti-Terror-Mandat in Afghanistan verl\u00e4ngert<\/p>\n<p>Vater klagt an\u201eDie Bundeswehr hat meinen Sohn zu Tode gedrillt\u201c<\/p>\n<p>Keine jubelte so sch\u00f6nLaudehr: Ich werde jetzt Soldatin!<\/p>\n<p>SteinmeierR\u00fcckzug aus Afghanistan w\u00e4re Sieg der Taliban!<\/p>\n<p>Achtung, \u00dcberflieger!Bundeswehr erschreckt Autofahrer<\/p>\n<p>Tornado-AbsturzSo \u00fcberlebte der zweite Mann<\/p>\n<p>1234<\/p>\n<p>    *<\/p>\n<p>      Topthemen News<\/p>\n<p>Nach Tod von \u201eBig Brother&#8220;-Star: Coras \u00c4rzte d\u00fcrfen weiteroperieren<\/p>\n<p>\u201eBig Brother&#8220;-Star tot<\/p>\n<p>Coras Arzt<\/p>\n<p>darf<\/p>\n<p>weiteroperieren<\/p>\n<p>Unfassbar! Der Arzt, bei dessen OP das Herz von \u201eBig Brother&#8220;-Star Cora (\u2020 23) in einer Hamburger Klinik stehen blieb, darf weiteroperieren!   mehr &#8230;<\/p>\n<p>Kamerad packt aus: So starb die Gorch-Fock-Matrosin<\/p>\n<p>Kamerad packt aus<\/p>\n<p>So starb die<\/p>\n<p>Gorch-Fock-<\/p>\n<p>Matrosin<\/p>\n<p>Am 7. 11. 2010 st\u00fcrzte Kadettin Sarah S. auf der \u201eGorch Fock\u201c in den Tod. Sie verlor den Halt, als sie in 27 Meter H\u00f6he in der Takelage kletterte.   mehr &#8230;<\/p>\n","protected":false},"excerpt":{"rendered":"<p>Man kann nicht ruhig bleiben, wenn man den Bericht liest- wie es zum Tod der jungen Matrosin (25) gekommen ist &#8211; <\/p>\n<p>Das Ausma\u00df der Menschenverachtung  &#8211; ist qu\u00e4lend!<\/p>\n<p>Quelle  &#8211; BILD-online: (Und daf\u00fcr eine SUPISSIMA!)<\/p>\n","protected":false},"author":2,"featured_media":0,"comment_status":"closed","ping_status":"closed","sticky":false,"template":"","format":"standard","meta":{"footnotes":""},"categories":[32],"tags":[],"class_list":["post-86203","post","type-post","status-publish","format-standard","hentry","category-supissima","entry"],"yoast_head":"<!-- This site is optimized with the Yoast SEO plugin v21.0 - https:\/\/yoast.com\/wordpress\/plugins\/seo\/ -->\n<title>PRESSE-SCHAU: Nach BILD-Bericht wurde der Kapit\u00e4n der GORCH FOCK gefeuert - Feminissima<\/title>\n<meta name=\"robots\" content=\"index, follow, max-snippet:-1, max-image-preview:large, max-video-preview:-1\" \/>\n<link rel=\"canonical\" href=\"https:\/\/feminissima.de\/index.php\/2011\/01\/22\/presse-schau-nach-bild-bericht-wurde-der-kapitaen-der-gorch-fock-gefeuert\/\" \/>\n<meta property=\"og:locale\" content=\"de_DE\" \/>\n<meta property=\"og:type\" content=\"article\" \/>\n<meta property=\"og:title\" content=\"PRESSE-SCHAU: Nach BILD-Bericht wurde der Kapit\u00e4n der GORCH FOCK gefeuert - Feminissima\" \/>\n<meta property=\"og:description\" content=\"Man kann nicht ruhig bleiben, wenn man den Bericht liest- wie es zum Tod der jungen Matrosin (25) gekommen ist - Das Ausma\u00df der Menschenverachtung - ist qu\u00e4lend! Quelle - BILD-online: (Und daf\u00fcr eine SUPISSIMA!)\" \/>\n<meta property=\"og:url\" content=\"https:\/\/feminissima.de\/index.php\/2011\/01\/22\/presse-schau-nach-bild-bericht-wurde-der-kapitaen-der-gorch-fock-gefeuert\/\" \/>\n<meta property=\"og:site_name\" content=\"Feminissima\" \/>\n<meta property=\"article:published_time\" content=\"2011-01-22T14:24:17+00:00\" \/>\n<meta name=\"author\" content=\"admin\" \/>\n<meta name=\"twitter:card\" content=\"summary_large_image\" \/>\n<meta name=\"twitter:label1\" content=\"Verfasst von\" \/>\n\t<meta name=\"twitter:data1\" content=\"admin\" \/>\n\t<meta name=\"twitter:label2\" content=\"Gesch\u00e4tzte Lesezeit\" \/>\n\t<meta name=\"twitter:data2\" content=\"9\u00a0Minuten\" \/>\n<script type=\"application\/ld+json\" class=\"yoast-schema-graph\">{\"@context\":\"https:\/\/schema.org\",\"@graph\":[{\"@type\":\"WebPage\",\"@id\":\"https:\/\/feminissima.de\/index.php\/2011\/01\/22\/presse-schau-nach-bild-bericht-wurde-der-kapitaen-der-gorch-fock-gefeuert\/\",\"url\":\"https:\/\/feminissima.de\/index.php\/2011\/01\/22\/presse-schau-nach-bild-bericht-wurde-der-kapitaen-der-gorch-fock-gefeuert\/\",\"name\":\"PRESSE-SCHAU: Nach BILD-Bericht wurde der Kapit\u00e4n der GORCH FOCK gefeuert - Feminissima\",\"isPartOf\":{\"@id\":\"https:\/\/feminissima.de\/#website\"},\"datePublished\":\"2011-01-22T14:24:17+00:00\",\"dateModified\":\"2011-01-22T14:24:17+00:00\",\"author\":{\"@id\":\"https:\/\/feminissima.de\/#\/schema\/person\/0b901e053624f88e7ecbea289d9d5128\"},\"breadcrumb\":{\"@id\":\"https:\/\/feminissima.de\/index.php\/2011\/01\/22\/presse-schau-nach-bild-bericht-wurde-der-kapitaen-der-gorch-fock-gefeuert\/#breadcrumb\"},\"inLanguage\":\"de\",\"potentialAction\":[{\"@type\":\"ReadAction\",\"target\":[\"https:\/\/feminissima.de\/index.php\/2011\/01\/22\/presse-schau-nach-bild-bericht-wurde-der-kapitaen-der-gorch-fock-gefeuert\/\"]}]},{\"@type\":\"BreadcrumbList\",\"@id\":\"https:\/\/feminissima.de\/index.php\/2011\/01\/22\/presse-schau-nach-bild-bericht-wurde-der-kapitaen-der-gorch-fock-gefeuert\/#breadcrumb\",\"itemListElement\":[{\"@type\":\"ListItem\",\"position\":1,\"name\":\"Startseite\",\"item\":\"https:\/\/feminissima.de\/\"},{\"@type\":\"ListItem\",\"position\":2,\"name\":\"PRESSE-SCHAU: Nach BILD-Bericht wurde der Kapit\u00e4n der GORCH FOCK gefeuert\"}]},{\"@type\":\"WebSite\",\"@id\":\"https:\/\/feminissima.de\/#website\",\"url\":\"https:\/\/feminissima.de\/\",\"name\":\"Feminissima\",\"description\":\"\",\"potentialAction\":[{\"@type\":\"SearchAction\",\"target\":{\"@type\":\"EntryPoint\",\"urlTemplate\":\"https:\/\/feminissima.de\/?s={search_term_string}\"},\"query-input\":\"required name=search_term_string\"}],\"inLanguage\":\"de\"},{\"@type\":\"Person\",\"@id\":\"https:\/\/feminissima.de\/#\/schema\/person\/0b901e053624f88e7ecbea289d9d5128\",\"name\":\"admin\",\"image\":{\"@type\":\"ImageObject\",\"inLanguage\":\"de\",\"@id\":\"https:\/\/feminissima.de\/#\/schema\/person\/image\/\",\"url\":\"https:\/\/secure.gravatar.com\/avatar\/8da1f51327453c0bf63338e8e2a791948b7d2ac19b68839492d1e69aac6924a8?s=96&d=mm&r=g\",\"contentUrl\":\"https:\/\/secure.gravatar.com\/avatar\/8da1f51327453c0bf63338e8e2a791948b7d2ac19b68839492d1e69aac6924a8?s=96&d=mm&r=g\",\"caption\":\"admin\"},\"url\":\"https:\/\/feminissima.de\/index.php\/author\/admin\/\"}]}<\/script>\n<!-- \/ Yoast SEO plugin. -->","yoast_head_json":{"title":"PRESSE-SCHAU: Nach BILD-Bericht wurde der Kapit\u00e4n der GORCH FOCK gefeuert - Feminissima","robots":{"index":"index","follow":"follow","max-snippet":"max-snippet:-1","max-image-preview":"max-image-preview:large","max-video-preview":"max-video-preview:-1"},"canonical":"https:\/\/feminissima.de\/index.php\/2011\/01\/22\/presse-schau-nach-bild-bericht-wurde-der-kapitaen-der-gorch-fock-gefeuert\/","og_locale":"de_DE","og_type":"article","og_title":"PRESSE-SCHAU: Nach BILD-Bericht wurde der Kapit\u00e4n der GORCH FOCK gefeuert - Feminissima","og_description":"Man kann nicht ruhig bleiben, wenn man den Bericht liest- wie es zum Tod der jungen Matrosin (25) gekommen ist - Das Ausma\u00df der Menschenverachtung - ist qu\u00e4lend! Quelle - BILD-online: (Und daf\u00fcr eine SUPISSIMA!)","og_url":"https:\/\/feminissima.de\/index.php\/2011\/01\/22\/presse-schau-nach-bild-bericht-wurde-der-kapitaen-der-gorch-fock-gefeuert\/","og_site_name":"Feminissima","article_published_time":"2011-01-22T14:24:17+00:00","author":"admin","twitter_card":"summary_large_image","twitter_misc":{"Verfasst von":"admin","Gesch\u00e4tzte Lesezeit":"9\u00a0Minuten"},"schema":{"@context":"https:\/\/schema.org","@graph":[{"@type":"WebPage","@id":"https:\/\/feminissima.de\/index.php\/2011\/01\/22\/presse-schau-nach-bild-bericht-wurde-der-kapitaen-der-gorch-fock-gefeuert\/","url":"https:\/\/feminissima.de\/index.php\/2011\/01\/22\/presse-schau-nach-bild-bericht-wurde-der-kapitaen-der-gorch-fock-gefeuert\/","name":"PRESSE-SCHAU: Nach BILD-Bericht wurde der Kapit\u00e4n der GORCH FOCK gefeuert - Feminissima","isPartOf":{"@id":"https:\/\/feminissima.de\/#website"},"datePublished":"2011-01-22T14:24:17+00:00","dateModified":"2011-01-22T14:24:17+00:00","author":{"@id":"https:\/\/feminissima.de\/#\/schema\/person\/0b901e053624f88e7ecbea289d9d5128"},"breadcrumb":{"@id":"https:\/\/feminissima.de\/index.php\/2011\/01\/22\/presse-schau-nach-bild-bericht-wurde-der-kapitaen-der-gorch-fock-gefeuert\/#breadcrumb"},"inLanguage":"de","potentialAction":[{"@type":"ReadAction","target":["https:\/\/feminissima.de\/index.php\/2011\/01\/22\/presse-schau-nach-bild-bericht-wurde-der-kapitaen-der-gorch-fock-gefeuert\/"]}]},{"@type":"BreadcrumbList","@id":"https:\/\/feminissima.de\/index.php\/2011\/01\/22\/presse-schau-nach-bild-bericht-wurde-der-kapitaen-der-gorch-fock-gefeuert\/#breadcrumb","itemListElement":[{"@type":"ListItem","position":1,"name":"Startseite","item":"https:\/\/feminissima.de\/"},{"@type":"ListItem","position":2,"name":"PRESSE-SCHAU: Nach BILD-Bericht wurde der Kapit\u00e4n der GORCH FOCK gefeuert"}]},{"@type":"WebSite","@id":"https:\/\/feminissima.de\/#website","url":"https:\/\/feminissima.de\/","name":"Feminissima","description":"","potentialAction":[{"@type":"SearchAction","target":{"@type":"EntryPoint","urlTemplate":"https:\/\/feminissima.de\/?s={search_term_string}"},"query-input":"required name=search_term_string"}],"inLanguage":"de"},{"@type":"Person","@id":"https:\/\/feminissima.de\/#\/schema\/person\/0b901e053624f88e7ecbea289d9d5128","name":"admin","image":{"@type":"ImageObject","inLanguage":"de","@id":"https:\/\/feminissima.de\/#\/schema\/person\/image\/","url":"https:\/\/secure.gravatar.com\/avatar\/8da1f51327453c0bf63338e8e2a791948b7d2ac19b68839492d1e69aac6924a8?s=96&d=mm&r=g","contentUrl":"https:\/\/secure.gravatar.com\/avatar\/8da1f51327453c0bf63338e8e2a791948b7d2ac19b68839492d1e69aac6924a8?s=96&d=mm&r=g","caption":"admin"},"url":"https:\/\/feminissima.de\/index.php\/author\/admin\/"}]}},"jetpack_featured_media_url":"","_links":{"self":[{"href":"https:\/\/feminissima.de\/index.php\/wp-json\/wp\/v2\/posts\/86203","targetHints":{"allow":["GET"]}}],"collection":[{"href":"https:\/\/feminissima.de\/index.php\/wp-json\/wp\/v2\/posts"}],"about":[{"href":"https:\/\/feminissima.de\/index.php\/wp-json\/wp\/v2\/types\/post"}],"author":[{"embeddable":true,"href":"https:\/\/feminissima.de\/index.php\/wp-json\/wp\/v2\/users\/2"}],"replies":[{"embeddable":true,"href":"https:\/\/feminissima.de\/index.php\/wp-json\/wp\/v2\/comments?post=86203"}],"version-history":[{"count":0,"href":"https:\/\/feminissima.de\/index.php\/wp-json\/wp\/v2\/posts\/86203\/revisions"}],"wp:attachment":[{"href":"https:\/\/feminissima.de\/index.php\/wp-json\/wp\/v2\/media?parent=86203"}],"wp:term":[{"taxonomy":"category","embeddable":true,"href":"https:\/\/feminissima.de\/index.php\/wp-json\/wp\/v2\/categories?post=86203"},{"taxonomy":"post_tag","embeddable":true,"href":"https:\/\/feminissima.de\/index.php\/wp-json\/wp\/v2\/tags?post=86203"}],"curies":[{"name":"wp","href":"https:\/\/api.w.org\/{rel}","templated":true}]}}