{"id":86133,"date":"2010-08-27T14:13:39","date_gmt":"2010-08-27T14:13:39","guid":{"rendered":"http:\/\/www.feminissima.de\/?p=86133"},"modified":"2010-08-27T14:13:39","modified_gmt":"2010-08-27T14:13:39","slug":"torndados-ueber-deutschland","status":"publish","type":"post","link":"https:\/\/feminissima.de\/index.php\/2010\/08\/27\/torndados-ueber-deutschland\/","title":{"rendered":"TORNDADOS \u00fcber Deutschland"},"content":{"rendered":"<p>QUELLE &#8211; BILD-online von heute:<\/p>\n<p>\nWetter: Wieder dramatische Tornados und St\u00fcrme: Droht Deutschland ein \u201eTornado-Herbst?<\/p>\n<p>    *<br \/>\n    *<br \/>\n    *<br \/>\n      | <\/p>\n<p>Wieder dramatische Tornados und Unwetter Droht Deutschland ein Tornado-Herbst?<br \/>\n++ Tornados richten schwere Sch\u00e4den an ++ Katastrophenalarm ++ Autobahnen stehen unter Wasser ++ Zugverkehr gesperrt ++<br \/>\nUnwetter: Regentief Cathleen macht Deutschland nass<br \/>\nUnwetter<br \/>\nRegensturm \u00fcber Deutschland<br \/>\nEin Tornado in Bad Salzuflen hat schwere Verw\u00fcstungen angerichtet. Umst\u00fcrzende B\u00e4ume haben ein Gew\u00e4chshaus v\u00f6llig zerst\u00f6rt<br \/>\nFoto: Reuters<br \/>\n1 von 14<br \/>\n27.08.2010 &#8211; 13:58 UHR<\/p>\n<p>Abgedeckte D\u00e4cher, zerst\u00f6rte Autos, umgeknickte Ampeln \u2013 mehrere Tornados haben in Deutschland in dieser Woche gro\u00dfen Schaden angerichtet. Erst Orkantief \u201eJeanette\u201c, jetzt Regentief \u201eCathleen\u201c \u2013 droht uns ein Tornado-Herbst?<\/p>\n<p>Tornado-Experte Andreas Friedrich vom Deutschen Wetterdienst erkl\u00e4rt: Man kann Tornados nicht auf dem Radar sehen. Darum ist er nicht vorherzusagen. Die St\u00fcrme entstehen in Sekunden und l\u00f6sen sich genauso schnell wieder auf. Die Windgeschwindigkeiten sind gewaltig und k\u00f6nnen in Spitzen 500 Stundenkilometer erreichen.<\/p>\n<p>Jedes Jahr werden in Deutschland etwa 20 bis 60 Tornados gez\u00e4hlt. \u201eAber das ist nur die Spitze des Eisbergs\u201c, so Friedrich. Die Zahl der Verdachtsf\u00e4lle sei viel h\u00f6her. Allerdings lasse sich sp\u00e4ter nicht allein anhand der Sch\u00e4den auf einen Tornado schlie\u00dfen.<\/p>\n<p>In der Nacht zu Freitag machte \u201eCathleen\u201c ganz Deutschland nass. Gesperrte Autobahnen und Bahnstrecken, Katastrophenalarm, Regenrekorde, vollgelaufene Keller und Stromausf\u00e4lle.<br \/>\n1414-Internet-Scout: Leser-Reporter-News und Stories aus dem World Wide Web<br \/>\nMehr zum Thema<br \/>\nSt\u00fcrmisches Wetter in Deutschland: Was ist ein Tornado?<br \/>\nSt\u00fcrmisches Wetter<br \/>\nWas ist<br \/>\nein Tornado?<br \/>\nmehr zum thema<br \/>\nUnwetter: Regentief Cathleen macht Deutschland nass<br \/>\nUnwetter<br \/>\nTornado und Regen<br \/>\nsorgen f\u00fcr Chaos<br \/>\nDorf zerst\u00f6rt<br \/>\nTornado<br \/>\nw\u00fctet in Hessen<br \/>\nMutter Pamela (37)<br \/>\nFast von Tornado<br \/>\numgeb\u00fcgelt<br \/>\nExperten warnen<br \/>\nDeutschland droht<br \/>\nSommer der Unwetter<br \/>\nGewaltige St\u00fcrme<br \/>\nTornado fegt<br \/>\ndurchs L\u00e4ndle<br \/>\nVideoVergr\u00f6\u00dfern<br \/>\nWirbelsturm verw\u00fcstet Ortschaften<br \/>\nTornado zieht<br \/>\n\u00fcber Mittelhessen<br \/>\nBitte aktuelle Flash-Version installieren<\/p>\n<p>Und in Bad Salzuflen w\u00fctete ein Tornado, er riss u. a. mehrere B\u00e4ume aus und deckte H\u00e4user ab. Im nordrhein-westf\u00e4lischen Kreis Steinfurt wurde am fr\u00fchen Freitagmorgen der Katastrophenalarm ausgerufen. Ein Regenr\u00fcckhaltebecken in Rheine drohte ein Industriegebiet zu \u00fcberfluten. Auch im S\u00fcdwesten Deutschlands liefen zahlreiche Keller voll, Stra\u00dfen wurden \u00fcberschwemmt.<\/p>\n<p>Das Tornado-Unwetter-Protokoll der vergangenen Tage:<\/p>\n<p>\u2022 Bad Salzuflen (NRW): Hier w\u00fctete am Donnerstagabend kurz vor 20 Uhr ein Tornado. Er hinterlie\u00df eine Spur der Zerst\u00f6rung. Ausgerissene B\u00e4ume, mindestens zwei abgedeckte D\u00e4cher. Der Tornado zog von S\u00fcdwest nach Nordost zwischen den Ortsteilen Sch\u00f6tmar und R\u00e4tzen hindurch.<\/p>\n<p>\u2022 Heidelberg: Am Freitagmorgen fielen bis zu 60 Liter Regen pro Quadratmeter. Zwischen 00.45 Uhr und 2 Uhr zog das Unwetter \u00fcber die Stadt sowie den \u00f6stlichen und n\u00f6rdlichen Rhein-Neckar-Kreis.<\/p>\n<p>\u2022 \u201eCathleen\u201c hat Nordrhein-Westfalen einen neuen Regenrekord beschert. \u201eNie seit Beginn unserer Aufzeichnungen im Jahr 1891 war dort ein August nasser\u201c, sagte Andreas Wagner vom Wetterdienst Meteomedia. Innerhalb eines Tages sei im M\u00fcnsterland dreimal so viel Regen gefallen wie sonst im ganzen Monat. Allein in Steinfurt gingen in der Nacht zu Freitag Regenmassen von 187,5 Liter pro Quadratmeter nieder.<\/p>\n<p>\u2022 Ochsenfurt am Main: Eine starke Windb\u00f6e hat zwei tonnenschwere G\u00fcterwagen aus dem Gleis gehoben. Die Bahnstrecke Ansbach-W\u00fcrzburg war den gesamten Freitag \u00fcber blockiert, wie Deutsche Bahn (DB) und Bundespolizei berichteten. Der Lokf\u00fchrer habe wegen des starken Windes sein Tempo gedrosselt. Pl\u00f6tzlich habe er hinter sich einen Schlag vernommen und kurz darauf gemerkt, dass zwei direkt hinter der Lok zusammen gekoppelte Waggons entgleist waren.<\/p>\n<p>\u2022 M\u00fcnsterland: Auf drei Strecken kam der Bahnverkehr zum Erliegen. Ein R\u00fcckhaltebecken war am Donnerstagabend gebrochen und hatte die Strecke M\u00fcnster-Osnabr\u00fcck \u00fcberflutet. Auch die Strecken M\u00fcnster-Gronau und Gronau-Coesfeld wurden in der Nacht wegen \u00dcberschwemmungen gesperrt. Am fr\u00fchen Morgen war noch nicht absehbar, wann wieder Z\u00fcge rollen.<\/p>\n<p>\u2022 Katastrophenalarm im Kreis Steinfurt und Osnabr\u00fcck! Ein Regenr\u00fcckhaltebecken in Rheine drohte zu bersten und ein Industriegebiet zu \u00fcberfluten. In Steinfurt fiel eine Kl\u00e4ranlage aus, ein Haus am Hang ist kurz davor, untersp\u00fclt zu werden. Die Leiterin des Kreis-Ordnungsamtes: \u201eDie Feuerwehren sind am Ende ihrer Kr\u00e4fte.\u201c<\/p>\n<p>\u2022 Osnabr\u00fcck: Kurz nach 4 Uhr wurde im Stadtgebiet Katastrophenalarm ausgel\u00f6st. Der Pegelstand der Hase (Fluss durch Osnabr\u00fcck) stieg zeitweise auf 2,40 Meter \u00fcber normal. Wegen des Katastrophenalarms f\u00e4llt heute der Unterricht an allen allgemeinbildenden Schulen und Berufsschulen in Osnabr\u00fcck und dem s\u00fcdlichen Landkreis aus.<\/p>\n<p>\u2022 Autobahn A2 bei Bielefeld: Weil ein Autofahrer bei Starkregen die Kontrolle \u00fcber sein Fahrzeug verloren hat, ist es auf der Autobahn A2 bei Bielefeld zu einem Unfall mit drei Schwerverletzten gekommen. Die A2 war in Richtung Hannover mehrere Stunden gesperrt.<\/p>\n<p>\u2022 Autobahn 30 bei Osnabr\u00fcck-Mahne: Hier stand in Richtung Hannover das Wasser 40 Zentimeter hoch. Drei Personen blieben im Wasser auf der Fahrbahn stecken und wurden von Helfern befreit. In der Gegenrichtung waren die Ausfahrt nach BadIburg und die Auffahrt aus Richtung Osnabr\u00fcck geflutet und mussten gesperrt werden.<\/p>\n<p>\u2022 Hessen: Im 673-Einwohner-Dorf Lumda im Landkreis Gie\u00dfen wurden bereits am Dienstag zehn Geb\u00e4ude komplett von einem Tornado abgedeckt und 44 weitere H\u00e4user oder Scheunen besch\u00e4digt. Auch im 70 Kilometer entfernten Schl\u00fcchtern w\u00fctete ein Tornado, deckte zahlreiche D\u00e4cher ab und kippte Container um. \u201eDer Tornado hat eine Schneise durch die ganze Stadt geschlagen\u201c, sagte ein Sprecher der Feuerwehr.<\/p>\n<p>\u2022 Usedom: Auf der Ostseeinsel hatte ein Tornado am Wochenbeginn gr\u00f6\u00dfere Sch\u00e4den verursacht. Bisherige Schadensbilanz: 500 abgeknickte oder entwurzelte B\u00e4ume.<\/p>\n<p>\u2022 Bremen: Starke Sturmb\u00f6en haben am Dienstagabend zahlreiche Feuerwehreins\u00e4tze ausgel\u00f6st. \u201eEs waren sehr starke B\u00f6en. Aber es ist noch einmal glimpflich ausgegangen\u201c, sagte der Sprecher.<\/p>\n<p>\u2022 M\u00fcnchen: Nur wenige Minuten lang hat ein Gewitter mit Sturm und Platzregen gew\u00fctet und dabei erheblichen Schaden angerichtet. Ein Polizeisprecher sprach von \u201eVerw\u00fcstung\u201c im ganzen Stadtgebiet.<\/p>\n<p>Und die Aussichten?<\/p>\n<p>\u201eEs ist noch nicht vorbei\u201c, warnt Wetterexperte Dominik Jung vom Wetterdienst Wetter.net. Aus Frankreich ziehen bereits neue dunkle Wolken auf. Sie haben neuen kr\u00e4ftigen Regen im Gep\u00e4ck. \u201eDiesmal wird es die Mitte und den S\u00fcden treffen\u201c, meint Jung.<\/p>\n<p>    *<br \/>\n      Archiv<\/p>\n<p>Tornado in SachsenWir sind die Menschen aus dem Tr\u00fcmmerdorf<br \/>\nTornado-Chaos!Drei Menschen sterben nach Unwetter<br \/>\nUnwetter in NRWUnwetter rasen \u00fcber uns hinweg<br \/>\nMitten in SachsenTornado t\u00f6tet M\u00e4dchen (6) im Auto<br \/>\nTornados und HagelJetzt kommt das Tropen- Donner-Wetter<br \/>\nTornado-Chaos!Drei Menschen sterben nach Unwetter<br \/>\nWetter-ChaosTornados jagen durch NRW<br \/>\nExperten warnenDeutschland droht Sommer der Unwetter<br \/>\nJetzt wird&#8217;s schw\u00fclErst Mega-Hitze, dann Monster-Gewitter<br \/>\nNach UnwetterMP Tillich st\u00fcrmt durchs Tornado-Gebiet<br \/>\nTornado in SachsenDie Spur der Zerst\u00f6rung<br \/>\nOstdeutschlandM\u00e4dchen (6) stirbt bei Unwetter<br \/>\nWar&#8217;s das mit dem Mai?Jetzt bringt Tief \u201eUlrike\u201c Unwetter<br \/>\nNach Sonnen-TagenOrkanb\u00f6en fegen \u00fcber Deutschland<br \/>\nUnwetterwarnungOrkan \u201eXynthia\u201c tobt \u00fcber Deutschland<br \/>\n123<\/p>\n<p>    *<br \/>\n      Topthemen News<\/p>\n<p>Wetter: Wieder dramatische Tornados und St\u00fcrme: Droht Deutschland ein \u201eHurrikan-Herbst?<br \/>\nWetter in Deutschland<br \/>\nDroht uns<br \/>\nein Tornado-<br \/>\nHerbst?<br \/>\nMehrere Tornados haben in Deutschland gro\u00dfen Schaden angerichtet. Tief \u201eJeanette\u201c hat ganze Arbeit geleistet. Droht uns ein Tornado-Herbst?   <\/p>\n","protected":false},"excerpt":{"rendered":"<p>QUELLE &#8211; BILD-online von heute:<\/p>\n","protected":false},"author":2,"featured_media":0,"comment_status":"closed","ping_status":"closed","sticky":false,"template":"","format":"standard","meta":{"footnotes":""},"categories":[13],"tags":[],"class_list":["post-86133","post","type-post","status-publish","format-standard","hentry","category-femmedien","entry"],"yoast_head":"<!-- This site is optimized with the Yoast SEO plugin v21.0 - https:\/\/yoast.com\/wordpress\/plugins\/seo\/ -->\n<title>TORNDADOS \u00fcber Deutschland - Feminissima<\/title>\n<meta name=\"robots\" content=\"index, follow, max-snippet:-1, max-image-preview:large, max-video-preview:-1\" \/>\n<link rel=\"canonical\" href=\"https:\/\/feminissima.de\/index.php\/2010\/08\/27\/torndados-ueber-deutschland\/\" \/>\n<meta property=\"og:locale\" content=\"de_DE\" \/>\n<meta property=\"og:type\" content=\"article\" \/>\n<meta property=\"og:title\" content=\"TORNDADOS \u00fcber Deutschland - Feminissima\" \/>\n<meta property=\"og:description\" content=\"QUELLE - BILD-online von heute:\" \/>\n<meta property=\"og:url\" content=\"https:\/\/feminissima.de\/index.php\/2010\/08\/27\/torndados-ueber-deutschland\/\" \/>\n<meta property=\"og:site_name\" content=\"Feminissima\" \/>\n<meta property=\"article:published_time\" content=\"2010-08-27T14:13:39+00:00\" \/>\n<meta name=\"author\" content=\"admin\" \/>\n<meta name=\"twitter:card\" content=\"summary_large_image\" \/>\n<meta name=\"twitter:label1\" content=\"Verfasst von\" \/>\n\t<meta name=\"twitter:data1\" content=\"admin\" \/>\n\t<meta name=\"twitter:label2\" content=\"Gesch\u00e4tzte Lesezeit\" \/>\n\t<meta name=\"twitter:data2\" content=\"6\u00a0Minuten\" \/>\n<script type=\"application\/ld+json\" class=\"yoast-schema-graph\">{\"@context\":\"https:\/\/schema.org\",\"@graph\":[{\"@type\":\"WebPage\",\"@id\":\"https:\/\/feminissima.de\/index.php\/2010\/08\/27\/torndados-ueber-deutschland\/\",\"url\":\"https:\/\/feminissima.de\/index.php\/2010\/08\/27\/torndados-ueber-deutschland\/\",\"name\":\"TORNDADOS \u00fcber Deutschland - Feminissima\",\"isPartOf\":{\"@id\":\"https:\/\/feminissima.de\/#website\"},\"datePublished\":\"2010-08-27T14:13:39+00:00\",\"dateModified\":\"2010-08-27T14:13:39+00:00\",\"author\":{\"@id\":\"https:\/\/feminissima.de\/#\/schema\/person\/0b901e053624f88e7ecbea289d9d5128\"},\"breadcrumb\":{\"@id\":\"https:\/\/feminissima.de\/index.php\/2010\/08\/27\/torndados-ueber-deutschland\/#breadcrumb\"},\"inLanguage\":\"de\",\"potentialAction\":[{\"@type\":\"ReadAction\",\"target\":[\"https:\/\/feminissima.de\/index.php\/2010\/08\/27\/torndados-ueber-deutschland\/\"]}]},{\"@type\":\"BreadcrumbList\",\"@id\":\"https:\/\/feminissima.de\/index.php\/2010\/08\/27\/torndados-ueber-deutschland\/#breadcrumb\",\"itemListElement\":[{\"@type\":\"ListItem\",\"position\":1,\"name\":\"Startseite\",\"item\":\"https:\/\/feminissima.de\/\"},{\"@type\":\"ListItem\",\"position\":2,\"name\":\"TORNDADOS \u00fcber Deutschland\"}]},{\"@type\":\"WebSite\",\"@id\":\"https:\/\/feminissima.de\/#website\",\"url\":\"https:\/\/feminissima.de\/\",\"name\":\"Feminissima\",\"description\":\"\",\"potentialAction\":[{\"@type\":\"SearchAction\",\"target\":{\"@type\":\"EntryPoint\",\"urlTemplate\":\"https:\/\/feminissima.de\/?s={search_term_string}\"},\"query-input\":\"required name=search_term_string\"}],\"inLanguage\":\"de\"},{\"@type\":\"Person\",\"@id\":\"https:\/\/feminissima.de\/#\/schema\/person\/0b901e053624f88e7ecbea289d9d5128\",\"name\":\"admin\",\"image\":{\"@type\":\"ImageObject\",\"inLanguage\":\"de\",\"@id\":\"https:\/\/feminissima.de\/#\/schema\/person\/image\/\",\"url\":\"https:\/\/secure.gravatar.com\/avatar\/8da1f51327453c0bf63338e8e2a791948b7d2ac19b68839492d1e69aac6924a8?s=96&d=mm&r=g\",\"contentUrl\":\"https:\/\/secure.gravatar.com\/avatar\/8da1f51327453c0bf63338e8e2a791948b7d2ac19b68839492d1e69aac6924a8?s=96&d=mm&r=g\",\"caption\":\"admin\"},\"url\":\"https:\/\/feminissima.de\/index.php\/author\/admin\/\"}]}<\/script>\n<!-- \/ Yoast SEO plugin. -->","yoast_head_json":{"title":"TORNDADOS \u00fcber Deutschland - Feminissima","robots":{"index":"index","follow":"follow","max-snippet":"max-snippet:-1","max-image-preview":"max-image-preview:large","max-video-preview":"max-video-preview:-1"},"canonical":"https:\/\/feminissima.de\/index.php\/2010\/08\/27\/torndados-ueber-deutschland\/","og_locale":"de_DE","og_type":"article","og_title":"TORNDADOS \u00fcber Deutschland - Feminissima","og_description":"QUELLE - BILD-online von heute:","og_url":"https:\/\/feminissima.de\/index.php\/2010\/08\/27\/torndados-ueber-deutschland\/","og_site_name":"Feminissima","article_published_time":"2010-08-27T14:13:39+00:00","author":"admin","twitter_card":"summary_large_image","twitter_misc":{"Verfasst von":"admin","Gesch\u00e4tzte Lesezeit":"6\u00a0Minuten"},"schema":{"@context":"https:\/\/schema.org","@graph":[{"@type":"WebPage","@id":"https:\/\/feminissima.de\/index.php\/2010\/08\/27\/torndados-ueber-deutschland\/","url":"https:\/\/feminissima.de\/index.php\/2010\/08\/27\/torndados-ueber-deutschland\/","name":"TORNDADOS \u00fcber Deutschland - Feminissima","isPartOf":{"@id":"https:\/\/feminissima.de\/#website"},"datePublished":"2010-08-27T14:13:39+00:00","dateModified":"2010-08-27T14:13:39+00:00","author":{"@id":"https:\/\/feminissima.de\/#\/schema\/person\/0b901e053624f88e7ecbea289d9d5128"},"breadcrumb":{"@id":"https:\/\/feminissima.de\/index.php\/2010\/08\/27\/torndados-ueber-deutschland\/#breadcrumb"},"inLanguage":"de","potentialAction":[{"@type":"ReadAction","target":["https:\/\/feminissima.de\/index.php\/2010\/08\/27\/torndados-ueber-deutschland\/"]}]},{"@type":"BreadcrumbList","@id":"https:\/\/feminissima.de\/index.php\/2010\/08\/27\/torndados-ueber-deutschland\/#breadcrumb","itemListElement":[{"@type":"ListItem","position":1,"name":"Startseite","item":"https:\/\/feminissima.de\/"},{"@type":"ListItem","position":2,"name":"TORNDADOS \u00fcber Deutschland"}]},{"@type":"WebSite","@id":"https:\/\/feminissima.de\/#website","url":"https:\/\/feminissima.de\/","name":"Feminissima","description":"","potentialAction":[{"@type":"SearchAction","target":{"@type":"EntryPoint","urlTemplate":"https:\/\/feminissima.de\/?s={search_term_string}"},"query-input":"required name=search_term_string"}],"inLanguage":"de"},{"@type":"Person","@id":"https:\/\/feminissima.de\/#\/schema\/person\/0b901e053624f88e7ecbea289d9d5128","name":"admin","image":{"@type":"ImageObject","inLanguage":"de","@id":"https:\/\/feminissima.de\/#\/schema\/person\/image\/","url":"https:\/\/secure.gravatar.com\/avatar\/8da1f51327453c0bf63338e8e2a791948b7d2ac19b68839492d1e69aac6924a8?s=96&d=mm&r=g","contentUrl":"https:\/\/secure.gravatar.com\/avatar\/8da1f51327453c0bf63338e8e2a791948b7d2ac19b68839492d1e69aac6924a8?s=96&d=mm&r=g","caption":"admin"},"url":"https:\/\/feminissima.de\/index.php\/author\/admin\/"}]}},"jetpack_featured_media_url":"","_links":{"self":[{"href":"https:\/\/feminissima.de\/index.php\/wp-json\/wp\/v2\/posts\/86133","targetHints":{"allow":["GET"]}}],"collection":[{"href":"https:\/\/feminissima.de\/index.php\/wp-json\/wp\/v2\/posts"}],"about":[{"href":"https:\/\/feminissima.de\/index.php\/wp-json\/wp\/v2\/types\/post"}],"author":[{"embeddable":true,"href":"https:\/\/feminissima.de\/index.php\/wp-json\/wp\/v2\/users\/2"}],"replies":[{"embeddable":true,"href":"https:\/\/feminissima.de\/index.php\/wp-json\/wp\/v2\/comments?post=86133"}],"version-history":[{"count":0,"href":"https:\/\/feminissima.de\/index.php\/wp-json\/wp\/v2\/posts\/86133\/revisions"}],"wp:attachment":[{"href":"https:\/\/feminissima.de\/index.php\/wp-json\/wp\/v2\/media?parent=86133"}],"wp:term":[{"taxonomy":"category","embeddable":true,"href":"https:\/\/feminissima.de\/index.php\/wp-json\/wp\/v2\/categories?post=86133"},{"taxonomy":"post_tag","embeddable":true,"href":"https:\/\/feminissima.de\/index.php\/wp-json\/wp\/v2\/tags?post=86133"}],"curies":[{"name":"wp","href":"https:\/\/api.w.org\/{rel}","templated":true}]}}