{"id":86131,"date":"2010-06-03T12:49:04","date_gmt":"2010-06-03T12:49:04","guid":{"rendered":"http:\/\/www.feminissima.de\/?p=86131"},"modified":"2010-06-03T12:49:04","modified_gmt":"2010-06-03T12:49:04","slug":"noble-gaeste-im-max-liebermann-haus","status":"publish","type":"post","link":"https:\/\/feminissima.de\/index.php\/2010\/06\/03\/noble-gaeste-im-max-liebermann-haus\/","title":{"rendered":"NOBLE G\u00c4STE &#8211; im Max-Liebermann-Haus"},"content":{"rendered":"<p>(EX-LIVE-TEXT) von 16. Mai &#8211; &#8222;NOBLE G\u00c4STE&#8220; &#8211;  ein R\u00fcckblick auf gestern, einen Tag mit Regen..Aktuell: 9 Uhr 35 &#8211; <br \/>16. Mai &#8211; &#8222;NOBLE G\u00c4STE&#8220; &#8211;  ein R\u00fcckblick auf gestern, einen Tag mit Regen..Aktuell: 9 Uhr 35 &#8211; willkommen!<\/p>\n<p>last page view:<br \/>2.909.033.<br \/>heute: 1.270 &#8211; <br \/>Sonntagmorgen!<\/p>\n<p>___________<\/p>\n<p>\n(Wenn du NOBLE G\u00c4STE <br \/>bei GOOGLE eingibst,<br \/>wird Dir dieses Kunstprojekt..<br \/> mit 69.000 Treffern&#8230;<br \/>sofort erkl\u00e4rt&#8230;!)<\/p>\n<p>Update 8 Uhr 54 &#8211; der Text ist da&#8230;!<br \/>Weiter unten !<\/p>\n<p>_________________________<\/p>\n<p>\n2.908.958.<br \/>gestern: 5.198<br \/>heute: 1.195 &#8211; <\/p>\n<p>\nGuten Morgen, <\/p>\n<p>7 Uhr 32 in Berlin-Ost. <br \/>Es beginnt die Eiszeit. <\/p>\n<p>Kunstlicht gegen die Dunkelheit.<\/p>\n<p>Auch Kunst hilft gegen<br \/> manche Dunkelheit. <\/p>\n<p>Aber, Moment &#8211; <br \/>wobei &#8211; soll &#8222;Kunst helfen?!&#8220;<\/p>\n<p>(Bei der Erkenntnis..?)<\/p>\n<p>Gleich mehr..<\/p>\n<p>Ein K\u00e4ffchen dampft gerade&#8230;verlockend&#8230;<br \/>und duftet&#8230;mmhhh&#8230;.!<\/p>\n<p>__________<\/p>\n<p>Entsteht jedenfalls jetzt gerade..:<\/p>\n<p>Ja. Gestern. Bei Regen. <br \/>Und arger K\u00e4lte. <br \/>Und das an einem Samstag.<br \/>Aber Berlin kennt kein schlechtes Wetter!<br \/>Berlin hat &#8211; Museen, Kunsthallen&#8230;<br \/>magische Pl\u00e4tze&#8230;<br \/>erinnerungstr\u00e4chtige Pl\u00e4tze&#8230;<br \/>und Sch\u00e4tze&#8230;!<\/p>\n<p>Wie das <br \/>von der Max-Liebermann-Gesellschaft (und Freunden)<br \/>restaurierte ehemalige MAX LIEBERMANN HAUS in Wannsee, <br \/>in der Colomierstra\u00dfe <br \/>(Buslinie 114 gegen\u00fcber vom S-Bahnhof Wannsee), <br \/>nur wenige Schritte entfernt von der Gedenkst\u00e4tte <br \/>HAUS DER WANNSEEKONFERENZ &#8211; <br \/>(hat allerdings samstags<br \/> und sonntags geschlossen. <\/p>\n<p>Das Sommerhaus des deutschen Malers j\u00fcdischen Glaubens, <br \/>von ihm stammt ja auch das ber\u00fchmte Zitat &#8211; <\/p>\n<p>&#8222;Ich kann gar nicht so viel essen, <br \/>wie ich kotzen m\u00f6chte..!&#8220;<\/p>\n<p>als er die Nazis aufmarschieren sah, <br \/>vor seinem von seinen Eltern geerbten Stadthaus, <br \/>direkt neben dem BRANDENBURGER TOR, <br \/>am Pariser Platz.<\/p>\n<p>Sein Sommerhaus,<br \/> seine Sommervilla am Wannsee, <br \/>von der Liebermann stolz sagte,  &#8211;<br \/>er &#8222;habe sie mit seinen eigenen 10 Fingern <br \/>in nur 2 Jahren er-malt&#8220; &#8211; <\/p>\n<p>ist ja auch von &#8222;Liebermanns Garten&#8220; gepr\u00e4gt. <\/p>\n<p>Das lichte Birkenw\u00e4ldchen vorm See&#8230;<br \/>der Staudengarten vor dem Haus&#8230;.<\/p>\n<p>alles ist wieder liebevoll angelegt worden. <\/p>\n<p>Auch von unz\u00e4hligen freiwilligen Helfern, <br \/>dank der Initiativen der <br \/>Max-Liebermann-Gesellschaft. <\/p>\n<p>An diesem Regentag, gestern, <br \/>haben wohl viele Menschen gedacht, <br \/>ach, bei dem Wetter geht ja keiner raus, <br \/>da ist das Haus&#8230;das Liebermann-Haus,<br \/> ist ja ein Museum..mit integrierem Caf\u00e9..,<br \/>leer&#8230;<br \/>und der Blick aus dem Caf\u00e9raum hinaus, <br \/>sollte es gar zu sehr regnen, <br \/>ha, er geh\u00f6rt mir dann ganz ungeteilt..<br \/>mir ganz allein&#8230;<\/p>\n<p>Ja, <br \/>so mochten viele gestern gedacht haben.!<\/p>\n<p>Und daher &#8230;.\u00e4u\u00dferst gut besucht, gestern!<br \/>Das Max Liebermann Haus am Wannsee!<br \/>(Eintritt 6 Euro, daher ist es ratsam, <br \/>vielleicht nicht erst zur letzten Stunde<br \/> aufzukreuzen, <br \/>das Haus schlie\u00dft um 18 Uhr, <br \/>nur DONNERSTAGS um 20 Uhr..).<\/p>\n<p>Parterre nachkonstruiert&#8230;<br \/>der Platz,<br \/>an dem Liebermann gerne sa\u00df, <br \/>der runde Tisch, <br \/>mit seiner Familie&#8230;.<br \/>Fotos und Informationstafeln <br \/>zeigen Ausschnitte aus seinem Leben, <br \/>seinem Werdegang als K\u00fcnstler, <br \/>seine Familie.<\/p>\n<p>Im 1. Stock die Ausstellung mit Werken von ..<br \/>Max Liebermann und Freunden &#8211; <\/p>\n<p>ABER AUCH:<\/p>\n<p>JENE NEUN NOBLEN G\u00c4STE&#8230;!<\/p>\n<p>Neun Leihgaben der Bremer Kunsthalle!<br \/>Im Rahmen ihres Projekts:<br \/> &#8222;NOBLE G\u00c4STE&#8220; &#8211; <\/p>\n<p>Ausleihe von etwa 200 Kunstwerken <br \/>an 22 deutsche Kunsthallen und Museen.<br \/>Denn die Kunsthalle Bremen ist seit Ende 2008 <br \/>&#8222;wg.Umbaus&#8220; geschlossen. <\/p>\n<p>Bis Ende dieses Jahres..,<br \/>bis Ende 2010,<br \/> sind daher 200 Gem\u00e4lde auf Reisen gegangen.. <\/p>\n<p>Es erweckt ein ganz eigenartiges Flair<br \/> in deiner Gef\u00fchlswelt&#8230;,<\/p>\n<p>wenn du nun im ehemaligen Atelier <br \/>des Malers Max Liebermann <br \/>9 seiner genau hier einst entstandenen Gem\u00e4lde betrachtest <br \/>nun hier auf Besuch&#8230;&#8230;<\/p>\n<p>Ja, wozu Regentage doch gut sind&#8230;<\/p>\n<p>Du atmest den regenfrischen<br \/>  Duft der Erde, <br \/>und &#8230;vergisst alles andere&#8230;?<br \/>Wenn du dich in die Magie von Kunst&#8230;<br \/>begibst&#8230;?<\/p>\n<p>NEIN, DU ENTDECKST.<br \/>Wie ausgehungert du bist.<\/p>\n<p>Du m\u00f6chtest ja gar nicht wieder ..<br \/>gehen&#8230;<\/p>\n<p><\/p>\n","protected":false},"excerpt":{"rendered":"<p>(EX-LIVE-TEXT) von 16. Mai &#8211; &#8222;NOBLE G\u00c4STE&#8220; &#8211;  ein R\u00fcckblick auf gestern, einen Tag mit Regen..Aktuell: 9 Uhr 35 &#8211; <\/p>\n","protected":false},"author":2,"featured_media":0,"comment_status":"closed","ping_status":"closed","sticky":false,"template":"","format":"standard","meta":{"footnotes":""},"categories":[11],"tags":[],"class_list":["post-86131","post","type-post","status-publish","format-standard","hentry","category-femkultur","entry"],"yoast_head":"<!-- This site is optimized with the Yoast SEO plugin v21.0 - https:\/\/yoast.com\/wordpress\/plugins\/seo\/ -->\n<title>NOBLE G\u00c4STE - im Max-Liebermann-Haus - Feminissima<\/title>\n<meta name=\"robots\" content=\"index, follow, max-snippet:-1, max-image-preview:large, max-video-preview:-1\" \/>\n<link rel=\"canonical\" href=\"https:\/\/feminissima.de\/index.php\/2010\/06\/03\/noble-gaeste-im-max-liebermann-haus\/\" \/>\n<meta property=\"og:locale\" content=\"de_DE\" \/>\n<meta property=\"og:type\" content=\"article\" \/>\n<meta property=\"og:title\" content=\"NOBLE G\u00c4STE - im Max-Liebermann-Haus - Feminissima\" \/>\n<meta property=\"og:description\" content=\"(EX-LIVE-TEXT) von 16. Mai - &quot;NOBLE G\u00c4STE&quot; - ein R\u00fcckblick auf gestern, einen Tag mit Regen..Aktuell: 9 Uhr 35 -\" \/>\n<meta property=\"og:url\" content=\"https:\/\/feminissima.de\/index.php\/2010\/06\/03\/noble-gaeste-im-max-liebermann-haus\/\" \/>\n<meta property=\"og:site_name\" content=\"Feminissima\" \/>\n<meta property=\"article:published_time\" content=\"2010-06-03T12:49:04+00:00\" \/>\n<meta name=\"author\" content=\"admin\" \/>\n<meta name=\"twitter:card\" content=\"summary_large_image\" \/>\n<meta name=\"twitter:label1\" content=\"Verfasst von\" \/>\n\t<meta name=\"twitter:data1\" content=\"admin\" \/>\n\t<meta name=\"twitter:label2\" content=\"Gesch\u00e4tzte Lesezeit\" \/>\n\t<meta name=\"twitter:data2\" content=\"3\u00a0Minuten\" \/>\n<script type=\"application\/ld+json\" class=\"yoast-schema-graph\">{\"@context\":\"https:\/\/schema.org\",\"@graph\":[{\"@type\":\"WebPage\",\"@id\":\"https:\/\/feminissima.de\/index.php\/2010\/06\/03\/noble-gaeste-im-max-liebermann-haus\/\",\"url\":\"https:\/\/feminissima.de\/index.php\/2010\/06\/03\/noble-gaeste-im-max-liebermann-haus\/\",\"name\":\"NOBLE G\u00c4STE - im Max-Liebermann-Haus - Feminissima\",\"isPartOf\":{\"@id\":\"https:\/\/feminissima.de\/#website\"},\"datePublished\":\"2010-06-03T12:49:04+00:00\",\"dateModified\":\"2010-06-03T12:49:04+00:00\",\"author\":{\"@id\":\"https:\/\/feminissima.de\/#\/schema\/person\/0b901e053624f88e7ecbea289d9d5128\"},\"breadcrumb\":{\"@id\":\"https:\/\/feminissima.de\/index.php\/2010\/06\/03\/noble-gaeste-im-max-liebermann-haus\/#breadcrumb\"},\"inLanguage\":\"de\",\"potentialAction\":[{\"@type\":\"ReadAction\",\"target\":[\"https:\/\/feminissima.de\/index.php\/2010\/06\/03\/noble-gaeste-im-max-liebermann-haus\/\"]}]},{\"@type\":\"BreadcrumbList\",\"@id\":\"https:\/\/feminissima.de\/index.php\/2010\/06\/03\/noble-gaeste-im-max-liebermann-haus\/#breadcrumb\",\"itemListElement\":[{\"@type\":\"ListItem\",\"position\":1,\"name\":\"Startseite\",\"item\":\"https:\/\/feminissima.de\/\"},{\"@type\":\"ListItem\",\"position\":2,\"name\":\"NOBLE G\u00c4STE &#8211; im Max-Liebermann-Haus\"}]},{\"@type\":\"WebSite\",\"@id\":\"https:\/\/feminissima.de\/#website\",\"url\":\"https:\/\/feminissima.de\/\",\"name\":\"Feminissima\",\"description\":\"\",\"potentialAction\":[{\"@type\":\"SearchAction\",\"target\":{\"@type\":\"EntryPoint\",\"urlTemplate\":\"https:\/\/feminissima.de\/?s={search_term_string}\"},\"query-input\":\"required name=search_term_string\"}],\"inLanguage\":\"de\"},{\"@type\":\"Person\",\"@id\":\"https:\/\/feminissima.de\/#\/schema\/person\/0b901e053624f88e7ecbea289d9d5128\",\"name\":\"admin\",\"image\":{\"@type\":\"ImageObject\",\"inLanguage\":\"de\",\"@id\":\"https:\/\/feminissima.de\/#\/schema\/person\/image\/\",\"url\":\"https:\/\/secure.gravatar.com\/avatar\/8da1f51327453c0bf63338e8e2a791948b7d2ac19b68839492d1e69aac6924a8?s=96&d=mm&r=g\",\"contentUrl\":\"https:\/\/secure.gravatar.com\/avatar\/8da1f51327453c0bf63338e8e2a791948b7d2ac19b68839492d1e69aac6924a8?s=96&d=mm&r=g\",\"caption\":\"admin\"},\"url\":\"https:\/\/feminissima.de\/index.php\/author\/admin\/\"}]}<\/script>\n<!-- \/ Yoast SEO plugin. -->","yoast_head_json":{"title":"NOBLE G\u00c4STE - im Max-Liebermann-Haus - Feminissima","robots":{"index":"index","follow":"follow","max-snippet":"max-snippet:-1","max-image-preview":"max-image-preview:large","max-video-preview":"max-video-preview:-1"},"canonical":"https:\/\/feminissima.de\/index.php\/2010\/06\/03\/noble-gaeste-im-max-liebermann-haus\/","og_locale":"de_DE","og_type":"article","og_title":"NOBLE G\u00c4STE - im Max-Liebermann-Haus - Feminissima","og_description":"(EX-LIVE-TEXT) von 16. Mai - \"NOBLE G\u00c4STE\" - ein R\u00fcckblick auf gestern, einen Tag mit Regen..Aktuell: 9 Uhr 35 -","og_url":"https:\/\/feminissima.de\/index.php\/2010\/06\/03\/noble-gaeste-im-max-liebermann-haus\/","og_site_name":"Feminissima","article_published_time":"2010-06-03T12:49:04+00:00","author":"admin","twitter_card":"summary_large_image","twitter_misc":{"Verfasst von":"admin","Gesch\u00e4tzte Lesezeit":"3\u00a0Minuten"},"schema":{"@context":"https:\/\/schema.org","@graph":[{"@type":"WebPage","@id":"https:\/\/feminissima.de\/index.php\/2010\/06\/03\/noble-gaeste-im-max-liebermann-haus\/","url":"https:\/\/feminissima.de\/index.php\/2010\/06\/03\/noble-gaeste-im-max-liebermann-haus\/","name":"NOBLE G\u00c4STE - im Max-Liebermann-Haus - Feminissima","isPartOf":{"@id":"https:\/\/feminissima.de\/#website"},"datePublished":"2010-06-03T12:49:04+00:00","dateModified":"2010-06-03T12:49:04+00:00","author":{"@id":"https:\/\/feminissima.de\/#\/schema\/person\/0b901e053624f88e7ecbea289d9d5128"},"breadcrumb":{"@id":"https:\/\/feminissima.de\/index.php\/2010\/06\/03\/noble-gaeste-im-max-liebermann-haus\/#breadcrumb"},"inLanguage":"de","potentialAction":[{"@type":"ReadAction","target":["https:\/\/feminissima.de\/index.php\/2010\/06\/03\/noble-gaeste-im-max-liebermann-haus\/"]}]},{"@type":"BreadcrumbList","@id":"https:\/\/feminissima.de\/index.php\/2010\/06\/03\/noble-gaeste-im-max-liebermann-haus\/#breadcrumb","itemListElement":[{"@type":"ListItem","position":1,"name":"Startseite","item":"https:\/\/feminissima.de\/"},{"@type":"ListItem","position":2,"name":"NOBLE G\u00c4STE &#8211; im Max-Liebermann-Haus"}]},{"@type":"WebSite","@id":"https:\/\/feminissima.de\/#website","url":"https:\/\/feminissima.de\/","name":"Feminissima","description":"","potentialAction":[{"@type":"SearchAction","target":{"@type":"EntryPoint","urlTemplate":"https:\/\/feminissima.de\/?s={search_term_string}"},"query-input":"required name=search_term_string"}],"inLanguage":"de"},{"@type":"Person","@id":"https:\/\/feminissima.de\/#\/schema\/person\/0b901e053624f88e7ecbea289d9d5128","name":"admin","image":{"@type":"ImageObject","inLanguage":"de","@id":"https:\/\/feminissima.de\/#\/schema\/person\/image\/","url":"https:\/\/secure.gravatar.com\/avatar\/8da1f51327453c0bf63338e8e2a791948b7d2ac19b68839492d1e69aac6924a8?s=96&d=mm&r=g","contentUrl":"https:\/\/secure.gravatar.com\/avatar\/8da1f51327453c0bf63338e8e2a791948b7d2ac19b68839492d1e69aac6924a8?s=96&d=mm&r=g","caption":"admin"},"url":"https:\/\/feminissima.de\/index.php\/author\/admin\/"}]}},"jetpack_featured_media_url":"","_links":{"self":[{"href":"https:\/\/feminissima.de\/index.php\/wp-json\/wp\/v2\/posts\/86131","targetHints":{"allow":["GET"]}}],"collection":[{"href":"https:\/\/feminissima.de\/index.php\/wp-json\/wp\/v2\/posts"}],"about":[{"href":"https:\/\/feminissima.de\/index.php\/wp-json\/wp\/v2\/types\/post"}],"author":[{"embeddable":true,"href":"https:\/\/feminissima.de\/index.php\/wp-json\/wp\/v2\/users\/2"}],"replies":[{"embeddable":true,"href":"https:\/\/feminissima.de\/index.php\/wp-json\/wp\/v2\/comments?post=86131"}],"version-history":[{"count":0,"href":"https:\/\/feminissima.de\/index.php\/wp-json\/wp\/v2\/posts\/86131\/revisions"}],"wp:attachment":[{"href":"https:\/\/feminissima.de\/index.php\/wp-json\/wp\/v2\/media?parent=86131"}],"wp:term":[{"taxonomy":"category","embeddable":true,"href":"https:\/\/feminissima.de\/index.php\/wp-json\/wp\/v2\/categories?post=86131"},{"taxonomy":"post_tag","embeddable":true,"href":"https:\/\/feminissima.de\/index.php\/wp-json\/wp\/v2\/tags?post=86131"}],"curies":[{"name":"wp","href":"https:\/\/api.w.org\/{rel}","templated":true}]}}