{"id":86109,"date":"2010-07-11T14:16:36","date_gmt":"2010-07-11T14:16:36","guid":{"rendered":"http:\/\/www.feminissima.de\/?p=86109"},"modified":"2010-07-11T14:16:36","modified_gmt":"2010-07-11T14:16:36","slug":"presse-stimmen-ende-der-deutschen-wm","status":"publish","type":"post","link":"https:\/\/feminissima.de\/index.php\/2010\/07\/11\/presse-stimmen-ende-der-deutschen-wm\/","title":{"rendered":"PRESSE-STIMMEN &#8211; ENDE der deutschen WM:"},"content":{"rendered":"<p>der wunderbare SPON-Kommentar<br \/>mit dem Bundesverdienstkreuz von FEMINISSIMA &#8211; <br \/>dem Lorbeer &#8222;supissima..&#8220; &#8211; &#8211; &#8211; :<br \/>\nSPON: TV-Kritik zum 24. WM-Spieltag<br \/>\nZwei Abschiede und ein Grippefall:<\/p>\n<p>11.07.2010<\/p>\n<p>TV-Kritik zum 24. WM-Spieltag<br \/>\nZwei Abschiede und ein Grippefall<\/p>\n<p>Von Peer Schader<br \/>\nARD-Moderator Delling (l.), Experte Netzer: &#8222;Es ist das letzte Spiel der WM&#8220;<br \/>\nZur Gro\u00dfansicht<br \/>\ndpa<\/p>\n<p>ARD-Moderator Delling (l.), Experte Netzer: &#8222;Es ist das letzte Spiel der WM&#8220;<\/p>\n<p>Deutschland ist durch, Netzer auch. Und so wurde die \u00dcbertragung des kleinen Finales zur Abschieds-Show in der ARD. Am Ende hatten sich der Experte und sein Moderator Gerhard Delling sogar richtig lieb.<\/p>\n<p>Was geguckt? Die Volker Herres (ARD) &#038; Thomas Bellut (ZDF) Show, Deutschland &#8211; Uruguay (ARD), &#8222;Waldis WM-Club&#8220; (ARD)<\/p>\n<p>Was ist passiert? Am Mittwochabend, als das Spiel gegen Spanien endlich vorbei war, ist der Kapit\u00e4n der deutschen Nationalmannschaft vom Reporter gefragt worden, wie viel Lust er jetzt auf das Spiel um Platz drei am Samstag habe. Und Phillip Lahm hat ebenso ehrlich wie knapp geantwortet: &#8222;Heute? Gar keine.&#8220;<\/p>\n<p>Dann hat ihn die Grippe erwischt.<\/p>\n<p>Platz drei, tja. Da kann man nicht viel zu sagen. Au\u00dfer: Was g\u00e4be es f\u00fcr ein geeigneteres Spiel, um es gemeinsam mit Menschen anzusehen, die etwas von verpassten Chancen verstehen und sich selbst eine gewisse Leidensf\u00e4higkeit zuschreiben &#8211; mit Journalisten also.<\/p>\n<p>Auf dem Gel\u00e4nde des Norddeutschen Rundfunks in Hamburg-Lokstedt, um die Ecke von Hagenbecks Tierpark und der Seniorenresidenz New Living Home, sind vor dem Konferenzzentrum mehrere Stehtische mit gelbem Plastik\u00fcberzug aufgebaut. Links die W\u00fcrstchenbude, rechts die &#8222;Zapfstelle&#8220;, alles sieht ein bisschen nach CDU-Ortsteilfest aus.<\/p>\n<p>FOTOSTRECKE<\/p>\n<p>21  Bilder<br \/>\nSchwarz-rot-goldener Jubel: So feierten die Fans<\/p>\n<p>In der Mitte stehen zwei HD-Fernseher. Davor haben sich die \u00fcbriggebliebenen Besucher der Netzwerk-Recherche-Jahreskonferenz versammelt, bei der sich Schreiber und Fernsehmacher getroffen haben, um sich gegenseitig zu best\u00e4tigen, dass ihre Branche quasi dem Untergang geweiht ist. Weil es immer seltener um guten Journalismus, aber immer mehr ums Geldverdienen geht (wobei Letzteres noch nicht mal richtig hinhaut).<\/p>\n<p>Zum Schluss war ARD-Programmdirektor Volker Herres da und hat mit ZDF-Programmdirektor Thomas Bellut \u00fcber &#8222;Geb\u00fchrengelder nur noch f\u00fcr Trallala?&#8220;, die Entertainisierung ihrer Programme, sprechen sollen. Weil es so hei\u00df war, haben sich die beiden dann aber einfach gegenseitig die B\u00e4lle zugespielt (&#8222;Da bin ich ganz Ihrer Meinung&#8220;, &#8222;Ich muss Ihnen zustimmen&#8220;). Herres hat nachher zusammengefasst: &#8222;Fernsehen ist ja nicht &#8218;W\u00fcnsch dir was&#8216; &#8211; jeder sagt, was er gerne h\u00e4tte, und was rauskommt, ist das Programm.&#8220;<\/p>\n<p>Vangelis feiert sein Comeback<\/p>\n<p>Und Fu\u00dfball? Der auch nicht! Schade, dass Herres nicht noch zum Fachsimpeln geblieben ist. Die Stimmung vor dem NDR-Konferenzzentrum ist am Abend eher verhalten, aber das kann auch an der Ersch\u00f6pfung liegen. Auf dem Bildschirm versucht die ARD mit dramatischen Beitr\u00e4gen zu emotionalisieren und scheint f\u00fcr die Musikuntermalung extra eine Vangelis-Platte auf dem Flohmarkt erstanden zu haben. Aber irgendwie ist die Luft raus, trotz sp\u00e4terem F\u00fchrungstor.<\/p>\n<p>Nach dem Ausgleich Uruguays sind vereinzelt Tintenfischwitze zu h\u00f6ren: dass es Calamares gebe, wenn Krakenorakel Paul aus Oberhausen mit seiner Vorhersage zugunsten der Deutschen falsch gelegen habe. &#8222;Man merkt ganz eindeutig: Es ist das letzte Spiel der WM&#8220;, sagt Gerhard Delling in der Halbzeitpause \u00fcber die Nationalmannschaft. Susanne Holst erz\u00e4hlt in den &#8222;Tagesthemen&#8220;, die gleich nebenan produziert werden, dass es neue Versuche von BP gebe, das \u00d6lleck zu stopfen. &#8222;Dat Ding kriegen die nie zu&#8220;, sagt der Mann vom W\u00fcrstchenstand. Als Forl\u00e1n in der 51. Minute das F\u00fchrungstor f\u00fcr Uruguay schie\u00dft, steigt die Frequenz der Calamares-Witze kurzzeitig an.<\/p>\n<p>FOTOSTRECKE<br \/>\n14  Bilder<br \/>\nDFB-Einzelkritik: M\u00fcller m\u00fcllert, Schweinsteiger \u00fcberall<\/p>\n<p>Am Ende aber gibt es doch noch Bronze. Christian Wulff hat einen neuen Kurzhaarschnitt und eine schwarz-rot-goldene Krawatte mit nach S\u00fcdafrika gebracht, sch\u00fcttelt den deutschen Spielern die H\u00e4nde und sagt nachher: &#8222;Man hat einfach sp\u00fcren k\u00f6nnen, dass das tolle Charaktere sind.&#8220; Toll, dieser Bundespr\u00e4sident, was der schon jetzt alles sp\u00fcrt.<\/p>\n<p>In Lokstedt werden sofort nach der Medaillenvergabe die Fernseher abgeschaltet, offensichtlich mag sich hier niemand geb\u00fchrend von G\u00fcnter Netzer verabschieden, der sein letztes Spiel f\u00fcr die ARD analysiert hat. Entt\u00e4uschte Flucht ins Schanzenviertel, wo in der Kneipe auf der Gro\u00dfleinwand schon wieder Christian Wulff redet, diesmal \u00fcbers Finale (&#8222;Da m\u00f6ge der Bessere gewinnen, bla bla, zwei tolle L\u00e4nder, bla bla, zwei tolle Mannschaften, bla bla, S\u00fcdafrika ist ein tolles Land&#8220;). Auf dem Heimweg h\u00f6rt der Taxifahrer zur Feier des Tages Howard Carpendale und ist nach vier Wochen WM nicht mehr von mobilen Vuvuzela-Bl\u00e4sern zu schocken, die wegen des Fahrtwinds im Wagen nebenan beinahe die Tr\u00f6ten verlieren.<\/p>\n<p>Aber nur beinahe. Wir sind hier ja schlie\u00dflich nicht bei &#8222;W\u00fcnsch dir was&#8220;.<\/p>\n<p>Was war der H\u00f6hepunkt des Tages? Drei DVDs &#8211; mit den sch\u00f6nsten Momenten, den besten Versprechern und den lustigsten Beschimpfungen &#8211; kriegt G\u00fcnter Netzer am Ende geschenkt, Gerhard Delling packt einen Zettel aus, auf dem steht, &#8222;was ich Ihnen schon immer sagen wollte: Danke!&#8220;. Franz Beckenbauer (der echte!) klebt einige offensichtlich lobend gemeinten S\u00e4tze aneinander und versucht witzig zu sein: &#8222;Er ist \u00e4lter als ich, wie man sieht, wesentlich \u00e4lter, das kann man sehen. Ein Jahr.&#8220; Und Netzer, jeglichen Abschiedsschmerz gekonnt verbergend, wird ein letztes Mal weich: &#8222;Sie haben sich in diesen 13 Jahren als echter Freund bewiesen&#8220;, sagt er zu Delling. &#8222;Es ist eine Freude gewesen, mit Ihnen gearbeitet zu haben. Es hat mich f\u00fcrs Leben gest\u00e4hlt.&#8220; Beim Team bedankt er sich mit den Worten: &#8222;Sie waren immer alle lieb zu mir.&#8220; Bis in vier Jahren, dann! Bei RTL.<\/p>\n<p>Was war der Tiefpunkt des Tages? Matze Knop war f\u00fcr die letzte Ausgabe von &#8222;Waldis WM-Club&#8220; nicht als Franz Beckenbauer verkleidet, sondern als er selbst. Ist aber auch keine Alternative.<\/p>\n<p>Was bleibt vom Tage \u00fcbrig? Die Erkenntnis, dass Fu\u00dfballgucken mit &#8222;SZ&#8220;-Rechercheur Hans Leyendecker gar nicht so spektakul\u00e4r ist, wie man sich das vorstellt. Wegen absoluter Jubelverweigerung.<\/p>\n<p>Und heute? Niederlande &#8211; Spanien (ZDF)<\/p>\n","protected":false},"excerpt":{"rendered":"<p>der wunderbare SPON-Kommentar<br \/>mit dem Bundesverdienstkreuz von FEMINISSIMA &#8211; <br \/>dem Lorbeer &#8222;supissima..&#8220; &#8211; &#8211; &#8211; :<br \/>\nSPON: TV-Kritik zum 24. WM-Spieltag<br \/>\nZwei Abschiede und ein Grippefall:<\/p>\n","protected":false},"author":2,"featured_media":0,"comment_status":"closed","ping_status":"closed","sticky":false,"template":"","format":"standard","meta":{"footnotes":""},"categories":[32],"tags":[],"class_list":["post-86109","post","type-post","status-publish","format-standard","hentry","category-supissima","entry"],"yoast_head":"<!-- This site is optimized with the Yoast SEO plugin v21.0 - https:\/\/yoast.com\/wordpress\/plugins\/seo\/ -->\n<title>PRESSE-STIMMEN - ENDE der deutschen WM: - Feminissima<\/title>\n<meta name=\"robots\" content=\"index, follow, max-snippet:-1, max-image-preview:large, max-video-preview:-1\" \/>\n<link rel=\"canonical\" href=\"https:\/\/feminissima.de\/index.php\/2010\/07\/11\/presse-stimmen-ende-der-deutschen-wm\/\" \/>\n<meta property=\"og:locale\" content=\"de_DE\" \/>\n<meta property=\"og:type\" content=\"article\" \/>\n<meta property=\"og:title\" content=\"PRESSE-STIMMEN - ENDE der deutschen WM: - Feminissima\" \/>\n<meta property=\"og:description\" content=\"der wunderbare SPON-Kommentarmit dem Bundesverdienstkreuz von FEMINISSIMA - dem Lorbeer &quot;supissima..&quot; - - - : SPON: TV-Kritik zum 24. WM-Spieltag Zwei Abschiede und ein Grippefall:\" \/>\n<meta property=\"og:url\" content=\"https:\/\/feminissima.de\/index.php\/2010\/07\/11\/presse-stimmen-ende-der-deutschen-wm\/\" \/>\n<meta property=\"og:site_name\" content=\"Feminissima\" \/>\n<meta property=\"article:published_time\" content=\"2010-07-11T14:16:36+00:00\" \/>\n<meta name=\"author\" content=\"admin\" \/>\n<meta name=\"twitter:card\" content=\"summary_large_image\" \/>\n<meta name=\"twitter:label1\" content=\"Verfasst von\" \/>\n\t<meta name=\"twitter:data1\" content=\"admin\" \/>\n\t<meta name=\"twitter:label2\" content=\"Gesch\u00e4tzte Lesezeit\" \/>\n\t<meta name=\"twitter:data2\" content=\"5\u00a0Minuten\" \/>\n<script type=\"application\/ld+json\" class=\"yoast-schema-graph\">{\"@context\":\"https:\/\/schema.org\",\"@graph\":[{\"@type\":\"WebPage\",\"@id\":\"https:\/\/feminissima.de\/index.php\/2010\/07\/11\/presse-stimmen-ende-der-deutschen-wm\/\",\"url\":\"https:\/\/feminissima.de\/index.php\/2010\/07\/11\/presse-stimmen-ende-der-deutschen-wm\/\",\"name\":\"PRESSE-STIMMEN - ENDE der deutschen WM: - Feminissima\",\"isPartOf\":{\"@id\":\"https:\/\/feminissima.de\/#website\"},\"datePublished\":\"2010-07-11T14:16:36+00:00\",\"dateModified\":\"2010-07-11T14:16:36+00:00\",\"author\":{\"@id\":\"https:\/\/feminissima.de\/#\/schema\/person\/0b901e053624f88e7ecbea289d9d5128\"},\"breadcrumb\":{\"@id\":\"https:\/\/feminissima.de\/index.php\/2010\/07\/11\/presse-stimmen-ende-der-deutschen-wm\/#breadcrumb\"},\"inLanguage\":\"de\",\"potentialAction\":[{\"@type\":\"ReadAction\",\"target\":[\"https:\/\/feminissima.de\/index.php\/2010\/07\/11\/presse-stimmen-ende-der-deutschen-wm\/\"]}]},{\"@type\":\"BreadcrumbList\",\"@id\":\"https:\/\/feminissima.de\/index.php\/2010\/07\/11\/presse-stimmen-ende-der-deutschen-wm\/#breadcrumb\",\"itemListElement\":[{\"@type\":\"ListItem\",\"position\":1,\"name\":\"Startseite\",\"item\":\"https:\/\/feminissima.de\/\"},{\"@type\":\"ListItem\",\"position\":2,\"name\":\"PRESSE-STIMMEN &#8211; ENDE der deutschen WM:\"}]},{\"@type\":\"WebSite\",\"@id\":\"https:\/\/feminissima.de\/#website\",\"url\":\"https:\/\/feminissima.de\/\",\"name\":\"Feminissima\",\"description\":\"\",\"potentialAction\":[{\"@type\":\"SearchAction\",\"target\":{\"@type\":\"EntryPoint\",\"urlTemplate\":\"https:\/\/feminissima.de\/?s={search_term_string}\"},\"query-input\":\"required name=search_term_string\"}],\"inLanguage\":\"de\"},{\"@type\":\"Person\",\"@id\":\"https:\/\/feminissima.de\/#\/schema\/person\/0b901e053624f88e7ecbea289d9d5128\",\"name\":\"admin\",\"image\":{\"@type\":\"ImageObject\",\"inLanguage\":\"de\",\"@id\":\"https:\/\/feminissima.de\/#\/schema\/person\/image\/\",\"url\":\"https:\/\/secure.gravatar.com\/avatar\/8da1f51327453c0bf63338e8e2a791948b7d2ac19b68839492d1e69aac6924a8?s=96&d=mm&r=g\",\"contentUrl\":\"https:\/\/secure.gravatar.com\/avatar\/8da1f51327453c0bf63338e8e2a791948b7d2ac19b68839492d1e69aac6924a8?s=96&d=mm&r=g\",\"caption\":\"admin\"},\"url\":\"https:\/\/feminissima.de\/index.php\/author\/admin\/\"}]}<\/script>\n<!-- \/ Yoast SEO plugin. -->","yoast_head_json":{"title":"PRESSE-STIMMEN - ENDE der deutschen WM: - Feminissima","robots":{"index":"index","follow":"follow","max-snippet":"max-snippet:-1","max-image-preview":"max-image-preview:large","max-video-preview":"max-video-preview:-1"},"canonical":"https:\/\/feminissima.de\/index.php\/2010\/07\/11\/presse-stimmen-ende-der-deutschen-wm\/","og_locale":"de_DE","og_type":"article","og_title":"PRESSE-STIMMEN - ENDE der deutschen WM: - Feminissima","og_description":"der wunderbare SPON-Kommentarmit dem Bundesverdienstkreuz von FEMINISSIMA - dem Lorbeer \"supissima..\" - - - : SPON: TV-Kritik zum 24. WM-Spieltag Zwei Abschiede und ein Grippefall:","og_url":"https:\/\/feminissima.de\/index.php\/2010\/07\/11\/presse-stimmen-ende-der-deutschen-wm\/","og_site_name":"Feminissima","article_published_time":"2010-07-11T14:16:36+00:00","author":"admin","twitter_card":"summary_large_image","twitter_misc":{"Verfasst von":"admin","Gesch\u00e4tzte Lesezeit":"5\u00a0Minuten"},"schema":{"@context":"https:\/\/schema.org","@graph":[{"@type":"WebPage","@id":"https:\/\/feminissima.de\/index.php\/2010\/07\/11\/presse-stimmen-ende-der-deutschen-wm\/","url":"https:\/\/feminissima.de\/index.php\/2010\/07\/11\/presse-stimmen-ende-der-deutschen-wm\/","name":"PRESSE-STIMMEN - ENDE der deutschen WM: - Feminissima","isPartOf":{"@id":"https:\/\/feminissima.de\/#website"},"datePublished":"2010-07-11T14:16:36+00:00","dateModified":"2010-07-11T14:16:36+00:00","author":{"@id":"https:\/\/feminissima.de\/#\/schema\/person\/0b901e053624f88e7ecbea289d9d5128"},"breadcrumb":{"@id":"https:\/\/feminissima.de\/index.php\/2010\/07\/11\/presse-stimmen-ende-der-deutschen-wm\/#breadcrumb"},"inLanguage":"de","potentialAction":[{"@type":"ReadAction","target":["https:\/\/feminissima.de\/index.php\/2010\/07\/11\/presse-stimmen-ende-der-deutschen-wm\/"]}]},{"@type":"BreadcrumbList","@id":"https:\/\/feminissima.de\/index.php\/2010\/07\/11\/presse-stimmen-ende-der-deutschen-wm\/#breadcrumb","itemListElement":[{"@type":"ListItem","position":1,"name":"Startseite","item":"https:\/\/feminissima.de\/"},{"@type":"ListItem","position":2,"name":"PRESSE-STIMMEN &#8211; ENDE der deutschen WM:"}]},{"@type":"WebSite","@id":"https:\/\/feminissima.de\/#website","url":"https:\/\/feminissima.de\/","name":"Feminissima","description":"","potentialAction":[{"@type":"SearchAction","target":{"@type":"EntryPoint","urlTemplate":"https:\/\/feminissima.de\/?s={search_term_string}"},"query-input":"required name=search_term_string"}],"inLanguage":"de"},{"@type":"Person","@id":"https:\/\/feminissima.de\/#\/schema\/person\/0b901e053624f88e7ecbea289d9d5128","name":"admin","image":{"@type":"ImageObject","inLanguage":"de","@id":"https:\/\/feminissima.de\/#\/schema\/person\/image\/","url":"https:\/\/secure.gravatar.com\/avatar\/8da1f51327453c0bf63338e8e2a791948b7d2ac19b68839492d1e69aac6924a8?s=96&d=mm&r=g","contentUrl":"https:\/\/secure.gravatar.com\/avatar\/8da1f51327453c0bf63338e8e2a791948b7d2ac19b68839492d1e69aac6924a8?s=96&d=mm&r=g","caption":"admin"},"url":"https:\/\/feminissima.de\/index.php\/author\/admin\/"}]}},"jetpack_featured_media_url":"","_links":{"self":[{"href":"https:\/\/feminissima.de\/index.php\/wp-json\/wp\/v2\/posts\/86109","targetHints":{"allow":["GET"]}}],"collection":[{"href":"https:\/\/feminissima.de\/index.php\/wp-json\/wp\/v2\/posts"}],"about":[{"href":"https:\/\/feminissima.de\/index.php\/wp-json\/wp\/v2\/types\/post"}],"author":[{"embeddable":true,"href":"https:\/\/feminissima.de\/index.php\/wp-json\/wp\/v2\/users\/2"}],"replies":[{"embeddable":true,"href":"https:\/\/feminissima.de\/index.php\/wp-json\/wp\/v2\/comments?post=86109"}],"version-history":[{"count":0,"href":"https:\/\/feminissima.de\/index.php\/wp-json\/wp\/v2\/posts\/86109\/revisions"}],"wp:attachment":[{"href":"https:\/\/feminissima.de\/index.php\/wp-json\/wp\/v2\/media?parent=86109"}],"wp:term":[{"taxonomy":"category","embeddable":true,"href":"https:\/\/feminissima.de\/index.php\/wp-json\/wp\/v2\/categories?post=86109"},{"taxonomy":"post_tag","embeddable":true,"href":"https:\/\/feminissima.de\/index.php\/wp-json\/wp\/v2\/tags?post=86109"}],"curies":[{"name":"wp","href":"https:\/\/api.w.org\/{rel}","templated":true}]}}