{"id":86108,"date":"2010-07-11T12:47:14","date_gmt":"2010-07-11T12:47:14","guid":{"rendered":"http:\/\/www.feminissima.de\/?p=86108"},"modified":"2010-07-11T12:47:14","modified_gmt":"2010-07-11T12:47:14","slug":"11-juli-1995-als-das-angeblich-zivilierste-und-dann-das-massaker-von-srebrenice","status":"publish","type":"post","link":"https:\/\/feminissima.de\/index.php\/2010\/07\/11\/11-juli-1995-als-das-angeblich-zivilierste-und-dann-das-massaker-von-srebrenice\/","title":{"rendered":"11. Juli 1995 &#8211; als das angeblich zivilierste ..und dann das MASSAKER von SREBRENICE"},"content":{"rendered":"<p>femundUnrecht<br \/>\nText aus der Nacht..Er teilte sich mit dem anderen Nachttext -&#8222;Zwei V\u00e4ter &#8211; die besseren M\u00fctter..?&#8220;<br \/>\ndie 4.000 page views einer Nacht bis jetzt&#8230;bis eben noch auf der front page\/live-text-page\/Site.<br \/>Es gibt keinen Gott.<br \/>Es ist nur eine M\u00e4r<br \/>p\u00e4dophiler Priester. <br \/>Mein Gott w\u00e4re <br \/>eine sanfte G\u00f6ttin.<br \/>Und sie h\u00e4tte Menschen <br \/>friedlich <br \/>gestaltet. <br \/>Ganz ohne Gebetbuch.<br \/>Und erst recht ohne Waffen.<\/p>\n<p>\n3.017.640.<br \/>gestern: 2.346<br \/>heute: 1.810<\/p>\n<p>\nEs ist 5 Uhr 59 in Berlin &#8211; <br \/>willkommen bei Feminissima, <br \/>das online-only..&#038; stets live&#8230;<\/p>\n<p>\nNachts ist rbb am besten:<br \/>Wenn sie Kultfilme senden, wie :<br \/>&#8222;Einer flog \u00fcbers Kuckucksnest.&#8220;<br \/>Sehr aktuell.<br \/>(Ansonsten ist der Hauptstadtsender ein totaler Provinzsender, <br \/>so mu\u00df DDR-Fernsehen ausgesehen haben.?<br \/>nein, das war politischer&#8230;<br \/>f\u00fcr sich genommen&#8230;<br \/>Sie haben dieses:<br \/> &#8222;Wir fahr&#8217;n raus zum Wannsee&#8220;&#8230;<br \/>&#8222;Pack-die-Badehose-ein..&#8220; <br \/>50er Jahre Conny-Froboess-Flair drauf&#8230;<br \/>keinen Pepp, <br \/>keinen Biss, <br \/>alles verharmlosend.<br \/>Die Hauptstadt h\u00e4tte einen<br \/> tausendfach besseren Sender verdient.<br \/>Es sollen ja nur Seilschaften <br \/>dort eine Chance haben, <br \/>h\u00f6rt man so&#8230;.).<\/p>\n<p>Ja, stimmt.<br \/>Mit Journalismus hat das GAR NICHTS zu tun. <\/p>\n<p>________________________<\/p>\n<p>Gerade regt sich das reaktion\u00e4re Deutschland ..<br \/>diese tollen Politiker, <br \/>die sorgenfrei in den Urlaub starten, <br \/>Geld spielt ja f\u00fcr sie keine Rolle &#8211; <br \/>dar\u00fcber auf, <br \/>dass die EU die Lebensbedingungen f\u00fcr ASYLBEWERBER <br \/>endlich verbessern will.<\/p>\n<p>_____________<\/p>\n<p>Sonntag. <br \/>Sonntag??<\/p>\n<p>3.017.203.<br \/>gestern: 2.346<br \/>heute: 1.370 &#8211; willkommen&#8230;!<\/p>\n<p>Tipp- , Stil- und Grammatikfehler werden am Tag ..<br \/>unnachsichtig ausgemerzt&#8230;.aber jetzt nicht.<\/p>\n<p>Genie\u00dfe den bitteren live-Text. <br \/>Und gew\u00f6hn Dich an den Feminissima Stil:<br \/>WACH AUF!<\/p>\n<p>4 Uhr 04 \/ 4 Uhr 40\/ 5 Uhr 10  &#8211; <\/p>\n<p><b>Die Uhrzeit in Berlin ,<br \/>in realer Naturzeit<br \/>eine Stunde zur\u00fcck.. &#8211; <br \/>l\u00e4sst die spanische Nacht, pardon, BERLINER Nacht&#8230;leider ohne das Mittelmeer anbei&#8230;<br \/>mit einem kleinen L\u00fcftchen..<br \/>ja, nicht schlecht. <\/p>\n<p>Welcome to the very&#8230;<br \/>&#038; active night-riders&#8230;<\/p>\n<p>Viel zu schade, <br \/>um noch oder <br \/>\u00fcberhaupt schon &#8211; <br \/>zu schlafen,<br \/> oder&#8230;?!<\/p>\n<p>Aber auch zu sp\u00e4t in der Nacht, <br \/>zu fr\u00fch am Morgen &#8230;<br \/>f\u00fcr all die tiefsch\u00fcrfigen&#8230;<br \/>wild-herum-dribbelnden Gedanken,<br \/>ach wie banal formuliert,  <br \/>to give them &#8230;<br \/>na, sie schon oder noch..<br \/>nee&#8230;ja &#8211; auch nicht witzig, <br \/>\u00fcberhaupt nicht <br \/>und warum hat es so lange gedauert, <br \/>der 15. Jahrestag&#8230;!<br \/>es wurde damals berichtet, ohne Ende &#8211; <br \/>aber ohne Auswirkung&#8230;<br \/>lange Zeit&#8230;<br \/>aber immerhin kam ein gewisser Serbe vor ausgerechnet ein in den Niederlanden angesiedeltes Gericht&#8230;<br \/>waren doch die niederl\u00e4ndischen Soldaten &#8230;<br \/>am Massaker beteiligt,<br \/>indem sie es nicht verhinderten, <br \/>ach-ja, wir sind ja blo\u00df UNO-Nichtstuer-Soldaten..!<\/p>\n<p>bis man wirklich realisiert &#8211; <\/p>\n<p>Ja, die Rede ist von dem Massaker von SREBRENICA &#8211; <\/p>\n<p>unter den Augen der UNO und ihrer Blauhelme. <\/p>\n<p>Heute ein Jahrestag &#8211; <br \/>das so unfassbare Verbrechen, <br \/>wie die noch immer <br \/>unfassbaren Verbrechen der Nazis &#8211; <\/p>\n<p>unter und vor den Augen<br \/> der gesammelten Gutmensch-schaft..???<\/p>\n<p>Mehr am Tag, dearies and dears.<\/p>\n<p>Es ist so furchtbar,<br \/>wie ..<br \/>w\u00fcrdest du das je erkl\u00e4ren k\u00f6nnen ?<br \/>Nein, da hilft auch kein Steffen Seibert. <br \/>Als k\u00fcnftiger Regierungssprecher. <br \/>Auch wenn hier die <br \/>Feiglinge holl\u00e4ndisch waren &#8211; <br \/>aber UNO ist ja nicht auf ein Land begrenzt&#8230;<br \/>das w\u00e4re zu einfach.<\/p>\n<p>Dann kannst du die zahnlose UNO <br \/>und wieso wurde sie es nicht l\u00e4ngst ?<\/p>\n<p>gleich abschaffen. <\/p>\n<p>Sie hat doch nur ein einziges Erfolgserlebnis :<\/p>\n<p>ST\u00c4NDIG ZU VERSAGEN. <\/p>\n<p>Remember Irak&#8230;<\/p>\n<p>Die USA und Great Britain&#8230;<br \/> als Dauer-..Kolonie&#8230;<\/p>\n<p>Wann wird ein Tony Blair ..<\/p>\n<p>Wann wird ein George Bush&#8230;<br \/>als Kriegsverbrecher gebrandmarkt?<\/p>\n<p>Wann denn&#8230;<br \/>Am Sankt Nimmerleinstag.<\/p>\n<p>Sie wollten den IRAK \u00fcberfallen, <br \/>um really &#8211; &#8211; &#8211; &#8211; jeden Preis. <\/p>\n<p>Und sie haben es gemacht &#8211; <br \/>und den Irak zerst\u00f6rt.<\/p>\n<p>Ihr Blutzoll war und ist gigantisch.<\/p>\n<p>Wie lange wird es dauern, <br \/>bis jemand ernsthaft die USA und das Common Wealth als gigantische Kriegsverbrecher, <br \/>Menschenumbringer  &#8211; anprangert????<\/p>\n<p>20 Jahre&#8230;???<\/p>\n<p>Zum Gl\u00fcck haben sie ja alle<br \/> immer noch die <br \/>Nazi-Vergangenheit der Deutschen, <br \/>an der sie sich aufgeilen k\u00f6nnen. <br \/>Statt fr\u00fchzeitig einzugreifen: <br \/>Das Morden und Massakrieren zu verhindern.<\/p>\n<p>Dabei bleiben dann die eigenen modernen&#8230;Verbrechen <br \/>so wunderbar dezent im Hintergrund. <\/p>\n<p>SREBRENICA &#8211; <\/p>\n<p>als Europa,<br \/>ach ja&#8230;<br \/>&#8222;die Unschuld verlor&#8220; &#8211; <br \/>die es nie besa\u00df&#8230;??<\/p>\n<p>8000 Knaben und M\u00e4nner wurden einfach (wie kriegt ein Mensch so etwas hin???) ERMORDET, abgeknallt &#8211; <\/p>\n<p>die holl\u00e4ndischen Blauhelme schauten ruhig zu.<\/p>\n<p>WIKIPEDIA:<\/p>\n<p>&#8222;In der Gegend von Srebrenica<br \/> wurden im Juli 1995 bis zu 8000 Bosniaken  \u2013 <br \/>vor allem M\u00e4nner und Jungen <br \/>zwischen 12 und 77 Jahren \u2013 get\u00f6tet.<br \/>  Das Massaker  wurde unter der F\u00fchrung von Ratko Mladic<br \/> von der Armee der Republika Srpska <br \/>(Vojska Republike Srpske, VRS), <br \/>der Polizei, <br \/>und serbischen Paramilit\u00e4rs <br \/> trotz Anwesenheit von <br \/>Blauhelmsoldaten ver\u00fcbt. <br \/>Es zog sich \u00fcber mehrere Tage hin und<br \/> verteilte sich auf eine Vielzahl von Tatorten<br \/> in der N\u00e4he von Srebrenica. <\/p>\n<p>Die T\u00e4ter vergruben tausende <br \/>Leichen in Massengr\u00e4bern. <br \/>Mehrfache Umbettungen in den darauf folgenden Wochen<br \/> sollten die Taten verschleiern.<\/p>\n<p>Das Massaker vom Juli 1995 <br \/>gilt als das schwerste Kriegsverbrechen in Europa<br \/> seit dem Ende des Zweiten Weltkriegs.<br \/> Bereits abgeschlossene Prozesse vor internationalen<br \/> Gerichten haben gezeigt, <br \/>dass die Verbrechen nicht spontan erfolgten, <br \/>sondern systematisch geplant und durchgef\u00fchrt wurden. <br \/>Der Internationale Strafgerichtshof <br \/>f\u00fcr das ehemalige Jugoslawien <br \/>(UN-Kriegsverbrechertribunal) in Den Haag bezeichnete<br \/> das Massaker in den Urteilen <br \/>gegen Radislav, Vidoje Blagojevic Dragan Joki&#263; <br \/>Ljubi\u0161a Beara und Vujadin Popovi&#263; <br \/>als V\u00f6lkermord.<\/p>\n<p> Ende Februar 2007 <br \/>bewertete der Internationale Gerichtshof das Massaker ebenfalls als Genozid.&#8220;<\/p>\n<p>Holland selbst wurde nie<br \/> verurteilt,<br \/> bis heute nicht. <\/p>\n<p>Wie kann Europa je zusammenleben wollen ????????????????????????<\/p>\n<p>Mit all dieser Schuld &#8211; \u00fcberall. <br \/>Frankreich mit seinen Verbrechen in Algeriein?<br \/>Deutschland mit seiner NaziTerror-Vergangenheit?<br \/>Die den Zweiten Weltkrieg anzettelte?<br \/>Die Welt in Brand steckte?<br \/>Und die Juden Europas <br \/>vernichtete und vertrieb <br \/>(wer noch das Gl\u00fcck hatte, zu entkommen..)!?<br \/><b>Und dann vor 16 Jahren das <\/p>\n<p>ach- so etwas sollte doch nie wieder vorkommen&#8230;???<\/p>\n<p>durch die Serben das Massaker an den Kosovo-Muslimen<br \/> im sogenannten <br \/>&#8222;Jugoslawien-Krieg?&#8220;<\/p>\n<p>WIESO hat Europa das nicht verhindert?<\/p>\n<p>Nein, sie und die USA &#8211; <\/p>\n<p>haben alles noch viel schlimmer gemacht. <br \/>Indem sie noch mehr Blutvergie\u00dfen&#8230;.<br \/>nicht verhinderten , <br \/>sondern verursachten. <\/p>\n<p>Durch falsche Hoffnungen.<\/p>\n<p>Und nun schau nach Afghanistan. <\/p>\n<p>Wo immer die USA und Europa auftreten &#8211; <\/p>\n<p>wird es noch schlimmer&#8230;<br \/>als es vorher war. <\/p>\n<p>Aber klar, <br \/>wir sind die Reichen, <br \/>wir bleiben die Gutmenschen. <br \/>Und wenn wir noch so verbrecherisch sind. <br \/>Wir besitzen ja die wei\u00dfe Hautfarbe. <br \/>Und der Wei\u00dfe schlimme Christ, <br \/>der hatte ja noch <br \/>immer recht.<\/p>\n<p>Das Massaker von SREBRENICA <br \/>ist bis heute letztlich unges\u00fchnt geblieben. <\/p>\n<p>DIE UNO und die niederl\u00e4ndischen Blauhelme blieben <br \/>unbestraft.<br \/>Trotz unterlassener <br \/>Hilfeleistung. <\/p>\n<p>Man war dorhin geflohen, <br \/>wo sie stationiert waren, <br \/>Hilfe erhoffend. <br \/>Es war die Todesfalle.<\/p>\n<p>Dar\u00fcber beklagen <br \/>(ach, hier wird die deutsche Sprache schwach&#8230;<br \/>beklagen&#8230;was hei\u00dft das schon, <br \/>dieses namenlose Ungl\u00fcck findet keine passenden Verben )<br \/>(wie auch der Holocaust nie und nimmer sich in &#8222;Worte kleiden l\u00e4sst&#8220; &#8211; )<br \/>sich die \u00fcberlebenden <br \/>FRAUEN, SCHWESTERN, COUSINEN, M\u00dcTTER, GROSSM\u00dcTTER, <br \/>FREUNDINNEN <\/p>\n<p>bitter. <\/p>\n<p>Und sie haben recht. <br \/>Heute ist der 15. Jahrestag des Verbrechens.<\/p>\n","protected":false},"excerpt":{"rendered":"<p>femundUnrecht<br \/>\nText aus der Nacht..Er teilte sich mit dem anderen Nachttext -&#8222;Zwei V\u00e4ter &#8211; die besseren M\u00fctter..?&#8220;<br \/>\ndie 4.000 page views einer Nacht bis jetzt&#8230;bis eben noch auf der front page\/live-text-page\/Site.<\/p>\n","protected":false},"author":2,"featured_media":0,"comment_status":"closed","ping_status":"closed","sticky":false,"template":"","format":"standard","meta":{"footnotes":""},"categories":[15],"tags":[],"class_list":["post-86108","post","type-post","status-publish","format-standard","hentry","category-femrecht","entry"],"yoast_head":"<!-- This site is optimized with the Yoast SEO plugin v21.0 - https:\/\/yoast.com\/wordpress\/plugins\/seo\/ -->\n<title>11. Juli 1995 - als das angeblich zivilierste ..und dann das MASSAKER von SREBRENICE - Feminissima<\/title>\n<meta name=\"robots\" content=\"index, follow, max-snippet:-1, max-image-preview:large, max-video-preview:-1\" \/>\n<link rel=\"canonical\" href=\"https:\/\/feminissima.de\/index.php\/2010\/07\/11\/11-juli-1995-als-das-angeblich-zivilierste-und-dann-das-massaker-von-srebrenice\/\" \/>\n<meta property=\"og:locale\" content=\"de_DE\" \/>\n<meta property=\"og:type\" content=\"article\" \/>\n<meta property=\"og:title\" content=\"11. Juli 1995 - als das angeblich zivilierste ..und dann das MASSAKER von SREBRENICE - Feminissima\" \/>\n<meta property=\"og:description\" content=\"femundUnrecht Text aus der Nacht..Er teilte sich mit dem anderen Nachttext -&quot;Zwei V\u00e4ter - die besseren M\u00fctter..?&quot; die 4.000 page views einer Nacht bis jetzt...bis eben noch auf der front page\/live-text-page\/Site.\" \/>\n<meta property=\"og:url\" content=\"https:\/\/feminissima.de\/index.php\/2010\/07\/11\/11-juli-1995-als-das-angeblich-zivilierste-und-dann-das-massaker-von-srebrenice\/\" \/>\n<meta property=\"og:site_name\" content=\"Feminissima\" \/>\n<meta property=\"article:published_time\" content=\"2010-07-11T12:47:14+00:00\" \/>\n<meta name=\"author\" content=\"admin\" \/>\n<meta name=\"twitter:card\" content=\"summary_large_image\" \/>\n<meta name=\"twitter:label1\" content=\"Verfasst von\" \/>\n\t<meta name=\"twitter:data1\" content=\"admin\" \/>\n\t<meta name=\"twitter:label2\" content=\"Gesch\u00e4tzte Lesezeit\" \/>\n\t<meta name=\"twitter:data2\" content=\"6\u00a0Minuten\" \/>\n<script type=\"application\/ld+json\" class=\"yoast-schema-graph\">{\"@context\":\"https:\/\/schema.org\",\"@graph\":[{\"@type\":\"WebPage\",\"@id\":\"https:\/\/feminissima.de\/index.php\/2010\/07\/11\/11-juli-1995-als-das-angeblich-zivilierste-und-dann-das-massaker-von-srebrenice\/\",\"url\":\"https:\/\/feminissima.de\/index.php\/2010\/07\/11\/11-juli-1995-als-das-angeblich-zivilierste-und-dann-das-massaker-von-srebrenice\/\",\"name\":\"11. Juli 1995 - als das angeblich zivilierste ..und dann das MASSAKER von SREBRENICE - Feminissima\",\"isPartOf\":{\"@id\":\"https:\/\/feminissima.de\/#website\"},\"datePublished\":\"2010-07-11T12:47:14+00:00\",\"dateModified\":\"2010-07-11T12:47:14+00:00\",\"author\":{\"@id\":\"https:\/\/feminissima.de\/#\/schema\/person\/0b901e053624f88e7ecbea289d9d5128\"},\"breadcrumb\":{\"@id\":\"https:\/\/feminissima.de\/index.php\/2010\/07\/11\/11-juli-1995-als-das-angeblich-zivilierste-und-dann-das-massaker-von-srebrenice\/#breadcrumb\"},\"inLanguage\":\"de\",\"potentialAction\":[{\"@type\":\"ReadAction\",\"target\":[\"https:\/\/feminissima.de\/index.php\/2010\/07\/11\/11-juli-1995-als-das-angeblich-zivilierste-und-dann-das-massaker-von-srebrenice\/\"]}]},{\"@type\":\"BreadcrumbList\",\"@id\":\"https:\/\/feminissima.de\/index.php\/2010\/07\/11\/11-juli-1995-als-das-angeblich-zivilierste-und-dann-das-massaker-von-srebrenice\/#breadcrumb\",\"itemListElement\":[{\"@type\":\"ListItem\",\"position\":1,\"name\":\"Startseite\",\"item\":\"https:\/\/feminissima.de\/\"},{\"@type\":\"ListItem\",\"position\":2,\"name\":\"11. Juli 1995 &#8211; als das angeblich zivilierste ..und dann das MASSAKER von SREBRENICE\"}]},{\"@type\":\"WebSite\",\"@id\":\"https:\/\/feminissima.de\/#website\",\"url\":\"https:\/\/feminissima.de\/\",\"name\":\"Feminissima\",\"description\":\"\",\"potentialAction\":[{\"@type\":\"SearchAction\",\"target\":{\"@type\":\"EntryPoint\",\"urlTemplate\":\"https:\/\/feminissima.de\/?s={search_term_string}\"},\"query-input\":\"required name=search_term_string\"}],\"inLanguage\":\"de\"},{\"@type\":\"Person\",\"@id\":\"https:\/\/feminissima.de\/#\/schema\/person\/0b901e053624f88e7ecbea289d9d5128\",\"name\":\"admin\",\"image\":{\"@type\":\"ImageObject\",\"inLanguage\":\"de\",\"@id\":\"https:\/\/feminissima.de\/#\/schema\/person\/image\/\",\"url\":\"https:\/\/secure.gravatar.com\/avatar\/8da1f51327453c0bf63338e8e2a791948b7d2ac19b68839492d1e69aac6924a8?s=96&d=mm&r=g\",\"contentUrl\":\"https:\/\/secure.gravatar.com\/avatar\/8da1f51327453c0bf63338e8e2a791948b7d2ac19b68839492d1e69aac6924a8?s=96&d=mm&r=g\",\"caption\":\"admin\"},\"url\":\"https:\/\/feminissima.de\/index.php\/author\/admin\/\"}]}<\/script>\n<!-- \/ Yoast SEO plugin. -->","yoast_head_json":{"title":"11. Juli 1995 - als das angeblich zivilierste ..und dann das MASSAKER von SREBRENICE - Feminissima","robots":{"index":"index","follow":"follow","max-snippet":"max-snippet:-1","max-image-preview":"max-image-preview:large","max-video-preview":"max-video-preview:-1"},"canonical":"https:\/\/feminissima.de\/index.php\/2010\/07\/11\/11-juli-1995-als-das-angeblich-zivilierste-und-dann-das-massaker-von-srebrenice\/","og_locale":"de_DE","og_type":"article","og_title":"11. Juli 1995 - als das angeblich zivilierste ..und dann das MASSAKER von SREBRENICE - Feminissima","og_description":"femundUnrecht Text aus der Nacht..Er teilte sich mit dem anderen Nachttext -\"Zwei V\u00e4ter - die besseren M\u00fctter..?\" die 4.000 page views einer Nacht bis jetzt...bis eben noch auf der front page\/live-text-page\/Site.","og_url":"https:\/\/feminissima.de\/index.php\/2010\/07\/11\/11-juli-1995-als-das-angeblich-zivilierste-und-dann-das-massaker-von-srebrenice\/","og_site_name":"Feminissima","article_published_time":"2010-07-11T12:47:14+00:00","author":"admin","twitter_card":"summary_large_image","twitter_misc":{"Verfasst von":"admin","Gesch\u00e4tzte Lesezeit":"6\u00a0Minuten"},"schema":{"@context":"https:\/\/schema.org","@graph":[{"@type":"WebPage","@id":"https:\/\/feminissima.de\/index.php\/2010\/07\/11\/11-juli-1995-als-das-angeblich-zivilierste-und-dann-das-massaker-von-srebrenice\/","url":"https:\/\/feminissima.de\/index.php\/2010\/07\/11\/11-juli-1995-als-das-angeblich-zivilierste-und-dann-das-massaker-von-srebrenice\/","name":"11. Juli 1995 - als das angeblich zivilierste ..und dann das MASSAKER von SREBRENICE - Feminissima","isPartOf":{"@id":"https:\/\/feminissima.de\/#website"},"datePublished":"2010-07-11T12:47:14+00:00","dateModified":"2010-07-11T12:47:14+00:00","author":{"@id":"https:\/\/feminissima.de\/#\/schema\/person\/0b901e053624f88e7ecbea289d9d5128"},"breadcrumb":{"@id":"https:\/\/feminissima.de\/index.php\/2010\/07\/11\/11-juli-1995-als-das-angeblich-zivilierste-und-dann-das-massaker-von-srebrenice\/#breadcrumb"},"inLanguage":"de","potentialAction":[{"@type":"ReadAction","target":["https:\/\/feminissima.de\/index.php\/2010\/07\/11\/11-juli-1995-als-das-angeblich-zivilierste-und-dann-das-massaker-von-srebrenice\/"]}]},{"@type":"BreadcrumbList","@id":"https:\/\/feminissima.de\/index.php\/2010\/07\/11\/11-juli-1995-als-das-angeblich-zivilierste-und-dann-das-massaker-von-srebrenice\/#breadcrumb","itemListElement":[{"@type":"ListItem","position":1,"name":"Startseite","item":"https:\/\/feminissima.de\/"},{"@type":"ListItem","position":2,"name":"11. Juli 1995 &#8211; als das angeblich zivilierste ..und dann das MASSAKER von SREBRENICE"}]},{"@type":"WebSite","@id":"https:\/\/feminissima.de\/#website","url":"https:\/\/feminissima.de\/","name":"Feminissima","description":"","potentialAction":[{"@type":"SearchAction","target":{"@type":"EntryPoint","urlTemplate":"https:\/\/feminissima.de\/?s={search_term_string}"},"query-input":"required name=search_term_string"}],"inLanguage":"de"},{"@type":"Person","@id":"https:\/\/feminissima.de\/#\/schema\/person\/0b901e053624f88e7ecbea289d9d5128","name":"admin","image":{"@type":"ImageObject","inLanguage":"de","@id":"https:\/\/feminissima.de\/#\/schema\/person\/image\/","url":"https:\/\/secure.gravatar.com\/avatar\/8da1f51327453c0bf63338e8e2a791948b7d2ac19b68839492d1e69aac6924a8?s=96&d=mm&r=g","contentUrl":"https:\/\/secure.gravatar.com\/avatar\/8da1f51327453c0bf63338e8e2a791948b7d2ac19b68839492d1e69aac6924a8?s=96&d=mm&r=g","caption":"admin"},"url":"https:\/\/feminissima.de\/index.php\/author\/admin\/"}]}},"jetpack_featured_media_url":"","_links":{"self":[{"href":"https:\/\/feminissima.de\/index.php\/wp-json\/wp\/v2\/posts\/86108","targetHints":{"allow":["GET"]}}],"collection":[{"href":"https:\/\/feminissima.de\/index.php\/wp-json\/wp\/v2\/posts"}],"about":[{"href":"https:\/\/feminissima.de\/index.php\/wp-json\/wp\/v2\/types\/post"}],"author":[{"embeddable":true,"href":"https:\/\/feminissima.de\/index.php\/wp-json\/wp\/v2\/users\/2"}],"replies":[{"embeddable":true,"href":"https:\/\/feminissima.de\/index.php\/wp-json\/wp\/v2\/comments?post=86108"}],"version-history":[{"count":0,"href":"https:\/\/feminissima.de\/index.php\/wp-json\/wp\/v2\/posts\/86108\/revisions"}],"wp:attachment":[{"href":"https:\/\/feminissima.de\/index.php\/wp-json\/wp\/v2\/media?parent=86108"}],"wp:term":[{"taxonomy":"category","embeddable":true,"href":"https:\/\/feminissima.de\/index.php\/wp-json\/wp\/v2\/categories?post=86108"},{"taxonomy":"post_tag","embeddable":true,"href":"https:\/\/feminissima.de\/index.php\/wp-json\/wp\/v2\/tags?post=86108"}],"curies":[{"name":"wp","href":"https:\/\/api.w.org\/{rel}","templated":true}]}}