{"id":86100,"date":"2010-07-31T19:10:46","date_gmt":"2010-07-31T19:10:46","guid":{"rendered":"http:\/\/www.feminissima.de\/?p=86100"},"modified":"2010-07-31T19:10:46","modified_gmt":"2010-07-31T19:10:46","slug":"erinnerungen-an-gestern-medien-popstar-gysi-aaglatt-und-abgebrueht","status":"publish","type":"post","link":"https:\/\/feminissima.de\/index.php\/2010\/07\/31\/erinnerungen-an-gestern-medien-popstar-gysi-aaglatt-und-abgebrueht\/","title":{"rendered":"Erinnerungen an gestern: Medien-Popstar Gysi aaglatt und abgebr\u00fcht"},"content":{"rendered":"<p>Dieser Artikel stammt aus dem FOCUS Magazin, Ausgabe Nr.48, 1994<\/p>\n<p>\n    Inhaltsangabe Nr.48<\/p>\n<p>\n    Magazin-Archiv<\/p>\n<p>dass der DDR-Staranwalt, also regime-treu, sonst h\u00e4tte er kein Rechtsanwalt sein k\u00f6nnen, so schnell nach dem Ende des DDR-Regimes aufsteigen konnte, verr\u00e4t viel \u00fcber die NICHT-GESCHICHTLICHKEIT und die politische UNGEBLIDETHEIT des Fernsehen. <\/p>\n<p>Der FOCUS text ist gerade abgest\u00fcrzt. Sp\u00e4ter wird er wieder aufgesammelt.<\/p>\n<p>HIER DER LINK:http:\/\/www.focus.de\/politik\/deutschland\/medienstar-gregor-gysi-aalglatt-und-ab-gebrueht_aid_149768.html<\/p>\n<p>\nSEHR SEHR SEHR LESENSWERT!!<\/p>\n","protected":false},"excerpt":{"rendered":"<p>Dieser Artikel stammt aus dem FOCUS Magazin, Ausgabe Nr.48, 1994<\/p>\n<p>\n    Inhaltsangabe Nr.48<\/p>\n<p>\n    Magazin-Archiv<\/p>\n<p><\/p>\n","protected":false},"author":2,"featured_media":0,"comment_status":"closed","ping_status":"closed","sticky":false,"template":"","format":"standard","meta":{"footnotes":""},"categories":[13],"tags":[],"class_list":["post-86100","post","type-post","status-publish","format-standard","hentry","category-femmedien","entry"],"yoast_head":"<!-- This site is optimized with the Yoast SEO plugin v21.0 - https:\/\/yoast.com\/wordpress\/plugins\/seo\/ -->\n<title>Erinnerungen an gestern: Medien-Popstar Gysi aaglatt und abgebr\u00fcht - Feminissima<\/title>\n<meta name=\"robots\" content=\"index, follow, max-snippet:-1, max-image-preview:large, max-video-preview:-1\" \/>\n<link rel=\"canonical\" href=\"https:\/\/feminissima.de\/index.php\/2010\/07\/31\/erinnerungen-an-gestern-medien-popstar-gysi-aaglatt-und-abgebrueht\/\" \/>\n<meta property=\"og:locale\" content=\"de_DE\" \/>\n<meta property=\"og:type\" content=\"article\" \/>\n<meta property=\"og:title\" content=\"Erinnerungen an gestern: Medien-Popstar Gysi aaglatt und abgebr\u00fcht - Feminissima\" \/>\n<meta property=\"og:description\" content=\"Dieser Artikel stammt aus dem FOCUS Magazin, Ausgabe Nr.48, 1994   Inhaltsangabe Nr.48   Magazin-Archiv\" \/>\n<meta property=\"og:url\" content=\"https:\/\/feminissima.de\/index.php\/2010\/07\/31\/erinnerungen-an-gestern-medien-popstar-gysi-aaglatt-und-abgebrueht\/\" \/>\n<meta property=\"og:site_name\" content=\"Feminissima\" \/>\n<meta property=\"article:published_time\" content=\"2010-07-31T19:10:46+00:00\" \/>\n<meta name=\"author\" content=\"admin\" \/>\n<meta name=\"twitter:card\" content=\"summary_large_image\" \/>\n<meta name=\"twitter:label1\" content=\"Verfasst von\" \/>\n\t<meta name=\"twitter:data1\" content=\"admin\" \/>\n<script type=\"application\/ld+json\" class=\"yoast-schema-graph\">{\"@context\":\"https:\/\/schema.org\",\"@graph\":[{\"@type\":\"WebPage\",\"@id\":\"https:\/\/feminissima.de\/index.php\/2010\/07\/31\/erinnerungen-an-gestern-medien-popstar-gysi-aaglatt-und-abgebrueht\/\",\"url\":\"https:\/\/feminissima.de\/index.php\/2010\/07\/31\/erinnerungen-an-gestern-medien-popstar-gysi-aaglatt-und-abgebrueht\/\",\"name\":\"Erinnerungen an gestern: Medien-Popstar Gysi aaglatt und abgebr\u00fcht - Feminissima\",\"isPartOf\":{\"@id\":\"https:\/\/feminissima.de\/#website\"},\"datePublished\":\"2010-07-31T19:10:46+00:00\",\"dateModified\":\"2010-07-31T19:10:46+00:00\",\"author\":{\"@id\":\"https:\/\/feminissima.de\/#\/schema\/person\/0b901e053624f88e7ecbea289d9d5128\"},\"breadcrumb\":{\"@id\":\"https:\/\/feminissima.de\/index.php\/2010\/07\/31\/erinnerungen-an-gestern-medien-popstar-gysi-aaglatt-und-abgebrueht\/#breadcrumb\"},\"inLanguage\":\"de\",\"potentialAction\":[{\"@type\":\"ReadAction\",\"target\":[\"https:\/\/feminissima.de\/index.php\/2010\/07\/31\/erinnerungen-an-gestern-medien-popstar-gysi-aaglatt-und-abgebrueht\/\"]}]},{\"@type\":\"BreadcrumbList\",\"@id\":\"https:\/\/feminissima.de\/index.php\/2010\/07\/31\/erinnerungen-an-gestern-medien-popstar-gysi-aaglatt-und-abgebrueht\/#breadcrumb\",\"itemListElement\":[{\"@type\":\"ListItem\",\"position\":1,\"name\":\"Startseite\",\"item\":\"https:\/\/feminissima.de\/\"},{\"@type\":\"ListItem\",\"position\":2,\"name\":\"Erinnerungen an gestern: Medien-Popstar Gysi aaglatt und abgebr\u00fcht\"}]},{\"@type\":\"WebSite\",\"@id\":\"https:\/\/feminissima.de\/#website\",\"url\":\"https:\/\/feminissima.de\/\",\"name\":\"Feminissima\",\"description\":\"\",\"potentialAction\":[{\"@type\":\"SearchAction\",\"target\":{\"@type\":\"EntryPoint\",\"urlTemplate\":\"https:\/\/feminissima.de\/?s={search_term_string}\"},\"query-input\":\"required name=search_term_string\"}],\"inLanguage\":\"de\"},{\"@type\":\"Person\",\"@id\":\"https:\/\/feminissima.de\/#\/schema\/person\/0b901e053624f88e7ecbea289d9d5128\",\"name\":\"admin\",\"image\":{\"@type\":\"ImageObject\",\"inLanguage\":\"de\",\"@id\":\"https:\/\/feminissima.de\/#\/schema\/person\/image\/\",\"url\":\"https:\/\/secure.gravatar.com\/avatar\/8da1f51327453c0bf63338e8e2a791948b7d2ac19b68839492d1e69aac6924a8?s=96&d=mm&r=g\",\"contentUrl\":\"https:\/\/secure.gravatar.com\/avatar\/8da1f51327453c0bf63338e8e2a791948b7d2ac19b68839492d1e69aac6924a8?s=96&d=mm&r=g\",\"caption\":\"admin\"},\"url\":\"https:\/\/feminissima.de\/index.php\/author\/admin\/\"}]}<\/script>\n<!-- \/ Yoast SEO plugin. -->","yoast_head_json":{"title":"Erinnerungen an gestern: Medien-Popstar Gysi aaglatt und abgebr\u00fcht - Feminissima","robots":{"index":"index","follow":"follow","max-snippet":"max-snippet:-1","max-image-preview":"max-image-preview:large","max-video-preview":"max-video-preview:-1"},"canonical":"https:\/\/feminissima.de\/index.php\/2010\/07\/31\/erinnerungen-an-gestern-medien-popstar-gysi-aaglatt-und-abgebrueht\/","og_locale":"de_DE","og_type":"article","og_title":"Erinnerungen an gestern: Medien-Popstar Gysi aaglatt und abgebr\u00fcht - Feminissima","og_description":"Dieser Artikel stammt aus dem FOCUS Magazin, Ausgabe Nr.48, 1994   Inhaltsangabe Nr.48   Magazin-Archiv","og_url":"https:\/\/feminissima.de\/index.php\/2010\/07\/31\/erinnerungen-an-gestern-medien-popstar-gysi-aaglatt-und-abgebrueht\/","og_site_name":"Feminissima","article_published_time":"2010-07-31T19:10:46+00:00","author":"admin","twitter_card":"summary_large_image","twitter_misc":{"Verfasst von":"admin"},"schema":{"@context":"https:\/\/schema.org","@graph":[{"@type":"WebPage","@id":"https:\/\/feminissima.de\/index.php\/2010\/07\/31\/erinnerungen-an-gestern-medien-popstar-gysi-aaglatt-und-abgebrueht\/","url":"https:\/\/feminissima.de\/index.php\/2010\/07\/31\/erinnerungen-an-gestern-medien-popstar-gysi-aaglatt-und-abgebrueht\/","name":"Erinnerungen an gestern: Medien-Popstar Gysi aaglatt und abgebr\u00fcht - Feminissima","isPartOf":{"@id":"https:\/\/feminissima.de\/#website"},"datePublished":"2010-07-31T19:10:46+00:00","dateModified":"2010-07-31T19:10:46+00:00","author":{"@id":"https:\/\/feminissima.de\/#\/schema\/person\/0b901e053624f88e7ecbea289d9d5128"},"breadcrumb":{"@id":"https:\/\/feminissima.de\/index.php\/2010\/07\/31\/erinnerungen-an-gestern-medien-popstar-gysi-aaglatt-und-abgebrueht\/#breadcrumb"},"inLanguage":"de","potentialAction":[{"@type":"ReadAction","target":["https:\/\/feminissima.de\/index.php\/2010\/07\/31\/erinnerungen-an-gestern-medien-popstar-gysi-aaglatt-und-abgebrueht\/"]}]},{"@type":"BreadcrumbList","@id":"https:\/\/feminissima.de\/index.php\/2010\/07\/31\/erinnerungen-an-gestern-medien-popstar-gysi-aaglatt-und-abgebrueht\/#breadcrumb","itemListElement":[{"@type":"ListItem","position":1,"name":"Startseite","item":"https:\/\/feminissima.de\/"},{"@type":"ListItem","position":2,"name":"Erinnerungen an gestern: Medien-Popstar Gysi aaglatt und abgebr\u00fcht"}]},{"@type":"WebSite","@id":"https:\/\/feminissima.de\/#website","url":"https:\/\/feminissima.de\/","name":"Feminissima","description":"","potentialAction":[{"@type":"SearchAction","target":{"@type":"EntryPoint","urlTemplate":"https:\/\/feminissima.de\/?s={search_term_string}"},"query-input":"required name=search_term_string"}],"inLanguage":"de"},{"@type":"Person","@id":"https:\/\/feminissima.de\/#\/schema\/person\/0b901e053624f88e7ecbea289d9d5128","name":"admin","image":{"@type":"ImageObject","inLanguage":"de","@id":"https:\/\/feminissima.de\/#\/schema\/person\/image\/","url":"https:\/\/secure.gravatar.com\/avatar\/8da1f51327453c0bf63338e8e2a791948b7d2ac19b68839492d1e69aac6924a8?s=96&d=mm&r=g","contentUrl":"https:\/\/secure.gravatar.com\/avatar\/8da1f51327453c0bf63338e8e2a791948b7d2ac19b68839492d1e69aac6924a8?s=96&d=mm&r=g","caption":"admin"},"url":"https:\/\/feminissima.de\/index.php\/author\/admin\/"}]}},"jetpack_featured_media_url":"","_links":{"self":[{"href":"https:\/\/feminissima.de\/index.php\/wp-json\/wp\/v2\/posts\/86100","targetHints":{"allow":["GET"]}}],"collection":[{"href":"https:\/\/feminissima.de\/index.php\/wp-json\/wp\/v2\/posts"}],"about":[{"href":"https:\/\/feminissima.de\/index.php\/wp-json\/wp\/v2\/types\/post"}],"author":[{"embeddable":true,"href":"https:\/\/feminissima.de\/index.php\/wp-json\/wp\/v2\/users\/2"}],"replies":[{"embeddable":true,"href":"https:\/\/feminissima.de\/index.php\/wp-json\/wp\/v2\/comments?post=86100"}],"version-history":[{"count":0,"href":"https:\/\/feminissima.de\/index.php\/wp-json\/wp\/v2\/posts\/86100\/revisions"}],"wp:attachment":[{"href":"https:\/\/feminissima.de\/index.php\/wp-json\/wp\/v2\/media?parent=86100"}],"wp:term":[{"taxonomy":"category","embeddable":true,"href":"https:\/\/feminissima.de\/index.php\/wp-json\/wp\/v2\/categories?post=86100"},{"taxonomy":"post_tag","embeddable":true,"href":"https:\/\/feminissima.de\/index.php\/wp-json\/wp\/v2\/tags?post=86100"}],"curies":[{"name":"wp","href":"https:\/\/api.w.org\/{rel}","templated":true}]}}