{"id":86048,"date":"2010-01-07T07:16:37","date_gmt":"2010-01-07T07:16:37","guid":{"rendered":"http:\/\/www.feminissima.de\/?p=86048"},"modified":"2010-01-07T07:16:37","modified_gmt":"2010-01-07T07:16:37","slug":"tea-time-i-1-2010","status":"publish","type":"post","link":"https:\/\/feminissima.de\/index.php\/2010\/01\/07\/tea-time-i-1-2010\/","title":{"rendered":"Tea-Time I\/1\/2010"},"content":{"rendered":"<p>live-text-vom 5. 1. &#8211; about Westerwelle&#8230;<br \/>afternoon&#8230;<\/p>\n<p>last page view: 2.702.300.<br \/>gestern: 2.598<br \/>heute: 784 &#8211; willkommen!<\/p>\n<p><\/p>\n<table width=\"100%\">\n<tr>\n<td style=\"background-image=url('images\/monet-heller.jpg')\"><font size=\"+1\"><\/p>\n<p> &#8230;.&#8220;Lass dir den Raum&#8230;<\/p>\n<p>Deine spontanen Ideen<\/p>\n<p>zu verwirklichen..!&#8220;<\/p>\n<p>Denn Polly hat ja recht &#8211; <\/p>\n<p>Was hat der Westerwelle nun davon, <br \/>dass er die Wahl gewinnen wollte&#8230;?!<\/p>\n<p>Den Wahlbetrug darf er nicht zugeben, <br \/>daher t\u00f6nt er t\u00e4glich:<\/p>\n<p>&#8222;Wir halten uns an unser Wahlversprechen,<br \/>die Steuern werden gesenkt!&#8220;<\/p>\n<p>Daf\u00fcr h\u00e4ufen sich die Meldungen, <br \/>dass Schulen, Bibliotheken, Schwimmb\u00e4der dichtgemacht werden,<br \/>ja sogar Stadtbeleuchtung gestrichen wird, <\/p>\n<p>weil die St\u00e4dte, Kommunen und Gemeinden<br \/>durch die Steuergeschenke an die Gro\u00dfkopferten &#8211;  <\/p>\n<p>(die Familien sehen ja eher ver-ballhornt aus, <br \/>mit ihren l\u00e4cherlichen 20 Euro mehr Kindergeld&#8230;<br \/>oder wer ledig, <br \/>gerade mal 60 Euro mehr, <br \/>bei 3.000 brutto;<br \/>richtig los mit den Steuergeschenken <br \/>gehts da, <br \/>wo das Geld sitzt, <br \/>das den Staat eigentlich infrastrukturell ern\u00e4hren sollte!..)<\/p>\n<p> &#8211; in die Radikal-Verarmung abst\u00fcrzen.<\/p>\n<p>Nach dem ROT-GR\u00dcN-Betrug (&#8222;Agenda 2010&#8230;&#8220;<\/p>\n<p>nun der SCHWARZ-GELB-BETRUG&#8230;<\/p>\n<p>WAS sind wir doch <br \/>f\u00fcr ein dummes Volk.<\/p>\n<p>Man mu\u00df wirklich st\u00e4ndig <br \/>das SCHLIMMSTE <br \/>bef\u00fcrchten!<\/p>\n<p>Statt Grips im Kopf<br \/>nur wie immer <br \/>der alte <br \/>Obrigkeitsglaube&#8230;.<\/p>\n<p>Aber der Fluch der b\u00f6sen Tat, <br \/>wird sich bald vollziehen:<\/p>\n<p>Westerwelle wird niemals ein Au\u00dfenminister.<br \/>Er hat den Posten zuf\u00e4llig bekommen. <br \/>Sein pers\u00f6nliches Pech.<\/p>\n<p>So unpassend hat noch niemals zuvor ein <br \/>politisches Kleid gewirkt.<\/p>\n<p>Auch durch die Total-Versteifung seiner Mimik,<br \/>dem Total-Einfrieren seines eh <br \/>mini-dosiert-in-der-Grundsicherung-vorhandenen Charmes&#8230;<br \/>und sogar durch die Andeutung, <br \/>er k\u00f6nne Englisch&#8230;<\/p>\n<p>wird dieser Mann nicht parkettsicher.<br \/>Fr\u00fcher oder sp\u00e4ter wird er zur\u00fccktreten.<\/p>\n<p>Er hat es einfach nicht drauf!<br \/> Kein Gesp\u00fcr.<br \/>&#8222;Kein H\u00e4ndchen!&#8220;<\/p>\n<p>Wie kleinkindhaft er drauf ist, hingegen, <br \/>spiegelt sich in \u00c4u\u00dferungen wider, wie:<\/p>\n<p>&#8222;Ich bin ja auch nicht auf&#8217;m Schloss gro\u00dfgeworden!&#8220;<\/p>\n<p>Good manners&#8230;gewinnendes Wesen, <br \/>Humor, Souver\u00e4nit\u00e4t&#8230;.<\/p>\n<p> sind nicht an einen Schlo\u00dfhof gebunden!<\/p>\n<p>Man kann sich Westerwelle hingegen <br \/>sehr gut in einer staubtrockenen<br \/>Steuer-Kanzlei vorstellen, <br \/>sicher w\u00fcrde er keinen Cent <br \/>veruntreuen, <br \/>sicher ist er diesbez\u00fcglich redlich, <br \/>but who knows..!<\/p>\n<p>doch er hat die falsche Berufswahl vorgezogen. <\/p>\n<p>Wer Politiker wird, <br \/>mu\u00df ja auch ne Menge kompensieren&#8230;<\/p>\n<p>Eine st\u00e4rkere MACHT-GIER, <br \/>als Menschen wie Du und ich&#8230;.<\/p>\n<p>und dies als ..&#8220;ich bin einfach ein toller Typ&#8220;..<br \/>der &#8222;Beste f\u00fcr alle&#8220;&#8230;<br \/>nur dezent..nach au\u00dfen verkaufen&#8230;<\/p>\n<p>Ja, uns fehlt die L\u00e4ssigkeit der OBAMAS, <br \/>wie gestern Abend <br \/>mal wieder neidvoll zu besichtigen.<br \/>Dazu ..heute..?<br \/>das deutsche Pendant&#8230;<br \/>&#8222;Helmut und Hannelore Kohl&#8230;.&#8220;<\/p>\n<p>Tja.<\/p>\n<p>Update am 6. 1. :<\/p>\n<p>Letztlich ein tragisches Paar.<br \/>Und Frau Hannelore hat die Politik ihres Mannes<br \/>das Leben gekostet: <br \/>Stress, Scham&#8230;?<br \/>Wir erfuhren auch gestern Abend nicht wirklich, <br \/>warum Hannelore Kohl <br \/>von dieser unheilbaren Licht-Allergie-Erkrankung \u00fcberfallen worden ist, <br \/>diese Krankheit brach mit neuem heftigem Schub in der Spendenaff\u00e4ren-\u00c4ra ihres Mannes durch.<\/p>\n<\/tr>\n<\/table>\n<p><\/p>\n","protected":false},"excerpt":{"rendered":"<p>live-text-vom 5. 1. &#8211; about Westerwelle&#8230;<\/p>\n","protected":false},"author":2,"featured_media":0,"comment_status":"closed","ping_status":"closed","sticky":false,"template":"","format":"standard","meta":{"footnotes":""},"categories":[14],"tags":[],"class_list":["post-86048","post","type-post","status-publish","format-standard","hentry","category-fempolitik","entry"],"yoast_head":"<!-- This site is optimized with the Yoast SEO plugin v21.0 - https:\/\/yoast.com\/wordpress\/plugins\/seo\/ -->\n<title>Tea-Time I\/1\/2010 - Feminissima<\/title>\n<meta name=\"robots\" content=\"index, follow, max-snippet:-1, max-image-preview:large, max-video-preview:-1\" \/>\n<link rel=\"canonical\" href=\"https:\/\/feminissima.de\/index.php\/2010\/01\/07\/tea-time-i-1-2010\/\" \/>\n<meta property=\"og:locale\" content=\"de_DE\" \/>\n<meta property=\"og:type\" content=\"article\" \/>\n<meta property=\"og:title\" content=\"Tea-Time I\/1\/2010 - Feminissima\" \/>\n<meta property=\"og:description\" content=\"live-text-vom 5. 1. - about Westerwelle...\" \/>\n<meta property=\"og:url\" content=\"https:\/\/feminissima.de\/index.php\/2010\/01\/07\/tea-time-i-1-2010\/\" \/>\n<meta property=\"og:site_name\" content=\"Feminissima\" \/>\n<meta property=\"article:published_time\" content=\"2010-01-07T07:16:37+00:00\" \/>\n<meta name=\"author\" content=\"admin\" \/>\n<meta name=\"twitter:card\" content=\"summary_large_image\" \/>\n<meta name=\"twitter:label1\" content=\"Verfasst von\" \/>\n\t<meta name=\"twitter:data1\" content=\"admin\" \/>\n\t<meta name=\"twitter:label2\" content=\"Gesch\u00e4tzte Lesezeit\" \/>\n\t<meta name=\"twitter:data2\" content=\"2\u00a0Minuten\" \/>\n<script type=\"application\/ld+json\" class=\"yoast-schema-graph\">{\"@context\":\"https:\/\/schema.org\",\"@graph\":[{\"@type\":\"WebPage\",\"@id\":\"https:\/\/feminissima.de\/index.php\/2010\/01\/07\/tea-time-i-1-2010\/\",\"url\":\"https:\/\/feminissima.de\/index.php\/2010\/01\/07\/tea-time-i-1-2010\/\",\"name\":\"Tea-Time I\/1\/2010 - Feminissima\",\"isPartOf\":{\"@id\":\"https:\/\/feminissima.de\/#website\"},\"datePublished\":\"2010-01-07T07:16:37+00:00\",\"dateModified\":\"2010-01-07T07:16:37+00:00\",\"author\":{\"@id\":\"https:\/\/feminissima.de\/#\/schema\/person\/0b901e053624f88e7ecbea289d9d5128\"},\"breadcrumb\":{\"@id\":\"https:\/\/feminissima.de\/index.php\/2010\/01\/07\/tea-time-i-1-2010\/#breadcrumb\"},\"inLanguage\":\"de\",\"potentialAction\":[{\"@type\":\"ReadAction\",\"target\":[\"https:\/\/feminissima.de\/index.php\/2010\/01\/07\/tea-time-i-1-2010\/\"]}]},{\"@type\":\"BreadcrumbList\",\"@id\":\"https:\/\/feminissima.de\/index.php\/2010\/01\/07\/tea-time-i-1-2010\/#breadcrumb\",\"itemListElement\":[{\"@type\":\"ListItem\",\"position\":1,\"name\":\"Startseite\",\"item\":\"https:\/\/feminissima.de\/\"},{\"@type\":\"ListItem\",\"position\":2,\"name\":\"Tea-Time I\/1\/2010\"}]},{\"@type\":\"WebSite\",\"@id\":\"https:\/\/feminissima.de\/#website\",\"url\":\"https:\/\/feminissima.de\/\",\"name\":\"Feminissima\",\"description\":\"\",\"potentialAction\":[{\"@type\":\"SearchAction\",\"target\":{\"@type\":\"EntryPoint\",\"urlTemplate\":\"https:\/\/feminissima.de\/?s={search_term_string}\"},\"query-input\":\"required name=search_term_string\"}],\"inLanguage\":\"de\"},{\"@type\":\"Person\",\"@id\":\"https:\/\/feminissima.de\/#\/schema\/person\/0b901e053624f88e7ecbea289d9d5128\",\"name\":\"admin\",\"image\":{\"@type\":\"ImageObject\",\"inLanguage\":\"de\",\"@id\":\"https:\/\/feminissima.de\/#\/schema\/person\/image\/\",\"url\":\"https:\/\/secure.gravatar.com\/avatar\/8da1f51327453c0bf63338e8e2a791948b7d2ac19b68839492d1e69aac6924a8?s=96&d=mm&r=g\",\"contentUrl\":\"https:\/\/secure.gravatar.com\/avatar\/8da1f51327453c0bf63338e8e2a791948b7d2ac19b68839492d1e69aac6924a8?s=96&d=mm&r=g\",\"caption\":\"admin\"},\"url\":\"https:\/\/feminissima.de\/index.php\/author\/admin\/\"}]}<\/script>\n<!-- \/ Yoast SEO plugin. -->","yoast_head_json":{"title":"Tea-Time I\/1\/2010 - Feminissima","robots":{"index":"index","follow":"follow","max-snippet":"max-snippet:-1","max-image-preview":"max-image-preview:large","max-video-preview":"max-video-preview:-1"},"canonical":"https:\/\/feminissima.de\/index.php\/2010\/01\/07\/tea-time-i-1-2010\/","og_locale":"de_DE","og_type":"article","og_title":"Tea-Time I\/1\/2010 - Feminissima","og_description":"live-text-vom 5. 1. - about Westerwelle...","og_url":"https:\/\/feminissima.de\/index.php\/2010\/01\/07\/tea-time-i-1-2010\/","og_site_name":"Feminissima","article_published_time":"2010-01-07T07:16:37+00:00","author":"admin","twitter_card":"summary_large_image","twitter_misc":{"Verfasst von":"admin","Gesch\u00e4tzte Lesezeit":"2\u00a0Minuten"},"schema":{"@context":"https:\/\/schema.org","@graph":[{"@type":"WebPage","@id":"https:\/\/feminissima.de\/index.php\/2010\/01\/07\/tea-time-i-1-2010\/","url":"https:\/\/feminissima.de\/index.php\/2010\/01\/07\/tea-time-i-1-2010\/","name":"Tea-Time I\/1\/2010 - Feminissima","isPartOf":{"@id":"https:\/\/feminissima.de\/#website"},"datePublished":"2010-01-07T07:16:37+00:00","dateModified":"2010-01-07T07:16:37+00:00","author":{"@id":"https:\/\/feminissima.de\/#\/schema\/person\/0b901e053624f88e7ecbea289d9d5128"},"breadcrumb":{"@id":"https:\/\/feminissima.de\/index.php\/2010\/01\/07\/tea-time-i-1-2010\/#breadcrumb"},"inLanguage":"de","potentialAction":[{"@type":"ReadAction","target":["https:\/\/feminissima.de\/index.php\/2010\/01\/07\/tea-time-i-1-2010\/"]}]},{"@type":"BreadcrumbList","@id":"https:\/\/feminissima.de\/index.php\/2010\/01\/07\/tea-time-i-1-2010\/#breadcrumb","itemListElement":[{"@type":"ListItem","position":1,"name":"Startseite","item":"https:\/\/feminissima.de\/"},{"@type":"ListItem","position":2,"name":"Tea-Time I\/1\/2010"}]},{"@type":"WebSite","@id":"https:\/\/feminissima.de\/#website","url":"https:\/\/feminissima.de\/","name":"Feminissima","description":"","potentialAction":[{"@type":"SearchAction","target":{"@type":"EntryPoint","urlTemplate":"https:\/\/feminissima.de\/?s={search_term_string}"},"query-input":"required name=search_term_string"}],"inLanguage":"de"},{"@type":"Person","@id":"https:\/\/feminissima.de\/#\/schema\/person\/0b901e053624f88e7ecbea289d9d5128","name":"admin","image":{"@type":"ImageObject","inLanguage":"de","@id":"https:\/\/feminissima.de\/#\/schema\/person\/image\/","url":"https:\/\/secure.gravatar.com\/avatar\/8da1f51327453c0bf63338e8e2a791948b7d2ac19b68839492d1e69aac6924a8?s=96&d=mm&r=g","contentUrl":"https:\/\/secure.gravatar.com\/avatar\/8da1f51327453c0bf63338e8e2a791948b7d2ac19b68839492d1e69aac6924a8?s=96&d=mm&r=g","caption":"admin"},"url":"https:\/\/feminissima.de\/index.php\/author\/admin\/"}]}},"jetpack_featured_media_url":"","_links":{"self":[{"href":"https:\/\/feminissima.de\/index.php\/wp-json\/wp\/v2\/posts\/86048","targetHints":{"allow":["GET"]}}],"collection":[{"href":"https:\/\/feminissima.de\/index.php\/wp-json\/wp\/v2\/posts"}],"about":[{"href":"https:\/\/feminissima.de\/index.php\/wp-json\/wp\/v2\/types\/post"}],"author":[{"embeddable":true,"href":"https:\/\/feminissima.de\/index.php\/wp-json\/wp\/v2\/users\/2"}],"replies":[{"embeddable":true,"href":"https:\/\/feminissima.de\/index.php\/wp-json\/wp\/v2\/comments?post=86048"}],"version-history":[{"count":0,"href":"https:\/\/feminissima.de\/index.php\/wp-json\/wp\/v2\/posts\/86048\/revisions"}],"wp:attachment":[{"href":"https:\/\/feminissima.de\/index.php\/wp-json\/wp\/v2\/media?parent=86048"}],"wp:term":[{"taxonomy":"category","embeddable":true,"href":"https:\/\/feminissima.de\/index.php\/wp-json\/wp\/v2\/categories?post=86048"},{"taxonomy":"post_tag","embeddable":true,"href":"https:\/\/feminissima.de\/index.php\/wp-json\/wp\/v2\/tags?post=86048"}],"curies":[{"name":"wp","href":"https:\/\/api.w.org\/{rel}","templated":true}]}}