{"id":86044,"date":"2010-01-07T13:18:20","date_gmt":"2010-01-07T13:18:20","guid":{"rendered":"http:\/\/www.feminissima.de\/?p=86044"},"modified":"2010-01-07T13:18:20","modified_gmt":"2010-01-07T13:18:20","slug":"hessische-ihks-draengen-auf-zuegigen-breitbandausbau","status":"publish","type":"post","link":"https:\/\/feminissima.de\/index.php\/2010\/01\/07\/hessische-ihks-draengen-auf-zuegigen-breitbandausbau\/","title":{"rendered":"Hessische IHKs dr\u00e4ngen auf z\u00fcgigen Breitbandausbau"},"content":{"rendered":"<p>Auch die Hessen wollen schnell sein &#8211; !<br \/>Pressemeldung der IHK Arbeitsgemeinschaft Hessen &#8222;Hessische IHKs dr\u00e4ngen auf z\u00fcgigen Breitbandausbau&#8220;&#8207;<br \/>\nVon: \ta.borz@frankfurt-main.ihk.de f\u00fcr presse@frankfurt-main.ihk.de<br \/>\nGesendet: \tDonnerstag, 7. Januar 2010 11:49:40<\/p>\n<p>PRESSEMELDUNG<br \/>\nanl\u00e4sslich der \u00f6ffentlichen Anh\u00f6rung des Ausschusses f\u00fcr Wirtschaft und Verkehr des Hessischen Landtages am 14. Januar 2010<\/p>\n<p>\nHessische IHKs dr\u00e4ngen auf z\u00fcgigen Breitbandausbau<\/p>\n<p>\u201eSchnelle Internetverbindungen sind Voraussetzungen f\u00fcr die zuk\u00fcnftige Wettbewerbsf\u00e4higkeit des Standorts Hessen. In einer sich zunehmend vernetzenden Wirtschaft ist das Internet existenzieller Bestandteil der unternehmerischen Infrastruktur. Es muss schnellstm\u00f6glich daf\u00fcr gesorgt werden, L\u00fccken der Breitbandversorgung in Hessen zu beseitigen\u201c, fordert Matthias Gr\u00e4\u00dfle, Gesch\u00e4ftsf\u00fchrer der Arbeitsgemeinschaft hessischer Industrie- und Handelskammern.<\/p>\n<p>Das Gef\u00e4lle zwischen Hochleistungsnetzen in den Ballungsr\u00e4umen und \u201ewei\u00dfen Flecken\u201c in l\u00e4ndlichen R\u00e4umen ist eklatant und dringend zu beheben. Die Unternehmen, die durch leistungsschwache Internetverbindungen betroffen sind, haben klare Wettbewerbsnachteile. Das f\u00fchrt in der Konsequenz zur Schw\u00e4chung der wirtschaftlichen Situation einer gesamten Region, f\u00f6rdert Abwanderungen von bestehenden Unternehmen und verhindert vor allem Neuansiedlungen; nicht nur von Unternehmen, sondern auch von Familien. Damit wird die mangelnde Verf\u00fcgbarkeit von Fachkr\u00e4ften in manchen Regionen noch versch\u00e4rft.<\/p>\n<p>\u201eWichtig ist nun, dass die Verantwortlichen vor Ort das Thema Breitbandversorgung mit Nachdruck zum Erfolg f\u00fchren. Die hessischen IHKs, f\u00fcr die ein leistungsf\u00e4higer Breitbandanschluss zu den zentralen Anliegen ihrer Standortpolitik geh\u00f6rt, bieten dazu ihre Unterst\u00fctzung an\u201c, sagt Gr\u00e4\u00dfle. Die Nachfrage m\u00fcsse vor Ort geb\u00fcndelt werden. Ebenso sei es an der Zeit f\u00fcr eine Analyse der vorhandenen Breitbandstrukturen sowie der notwendigen Breitbandversorgung. \u201eEs muss gekl\u00e4rt werden, was da ist, und was wirklich gebraucht wird. Dazu m\u00fcssen Kommunen, Telekommunikationsunternehmen und potenzielle Kunden an einen Tisch.\u201c Nachbarkommunen und benachbarte Unternehmen sollten zusammenarbeiten.<\/p>\n<p>Marktwirtschaftlichen L\u00f6sungen ist dabei der Vorzug zu geben. Nur dort, wo der Markt nicht das gew\u00fcnschte Ergebnis bringt, gelte es nach anderen L\u00f6sungen zu suchen. Das sei \u00fcberwiegend im l\u00e4ndlichen Raum zu beobachten. \u201eWenn auf absehbare Zeit die L\u00fccken nicht wirtschaftlich zu schlie\u00dfen sind, kann eine F\u00f6rderung Sinn machen. Die F\u00f6rderinstrumente m\u00fcssen dann jedoch effektiv, effizient, technologieoffen, mit minimalem b\u00fcrokratischem Aufwand und regional ausgeglichen sein\u201c, sagt Gr\u00e4\u00dfle.<\/p>\n<p>Die hessischen IHKs haben sich gemeinsam mit der Breitbandinitiative Hessen f\u00fcr einen sinnvollen Ausbau der Strukturen eingesetzt. Zahlreiche Veranstaltungen der IHKs, darunter das \u201e1. Frankfurter Symposium f\u00fcr digitale Infrastruktur\u201c und die Veranstaltung \u201eSchnelles Internet f\u00fcr alle\u201c, haben im vergangenen Jahr Verantwortliche aus Wirtschaft und Kommunen f\u00fcr das Thema Breitbandausbau sensibilisiert. Im zweiten Quartal 2010 wird sich eine Veranstaltung mit dem Breitbandausbau im Software-Cluster S\u00fcdhessen besch\u00e4ftigen.<\/p>\n<p>Anl\u00e4sslich der \u00f6ffentlichen Anh\u00f6rung zum Breitbandausbau in Hessen am 14. Januar 2010 im Hessischen Landtag legten die IHKs eine Stellungnahme vor.<br \/>\nDiese steht unter www.ihk-hessen.de\/breitband zum Download bereit.  <\/p>\n<p>Pressestelle der IHK Frankfurt am Main und der<br \/>\nIHK Arbeitsgemeinschaft Hessen<br \/>\nPressesprecher: Reinhard Fr\u00f6hlich<br \/>\nFon: +49 69 2197 1254<br \/>\nE-Mail: r.froehlich@frankfurt-main.ihk.de<\/p>\n<p>Pressereferent: Alexander Schaub<br \/>\nFon: +49 69 2197 1584<br \/>\nE-Mail: a.schaub@frankfurt-main.ihk.de<\/p>\n<p>IHK Frankfurt am Main<br \/>\nB\u00f6rsenplatz 4<br \/>\n60313 Frankfurt am Main<\/p>\n<p>Besuchen Sie uns auf:<br \/>\nhttp:\/\/www.frankfurt-main.ihk.de<br \/>\n&#8211; &#8211; &#8211; &#8211; &#8211; &#8211; &#8211; &#8211; &#8211; &#8211; &#8211; &#8211; &#8211; &#8211; &#8211; &#8211; &#8211; &#8211; &#8211; &#8211; &#8211; &#8211; &#8211; &#8211; &#8211; &#8211; &#8211; &#8211; &#8211; &#8211; &#8211; &#8211; &#8211; &#8211; &#8211; &#8211; &#8211; &#8211; &#8211; &#8211; &#8211; &#8211; &#8211; &#8211; &#8211; &#8211; &#8211; &#8211; &#8211; &#8211;<\/p>\n","protected":false},"excerpt":{"rendered":"<p>Auch die Hessen wollen schnell sein &#8211; !<\/p>\n","protected":false},"author":2,"featured_media":0,"comment_status":"closed","ping_status":"closed","sticky":false,"template":"","format":"standard","meta":{"footnotes":""},"categories":[17],"tags":[],"class_list":["post-86044","post","type-post","status-publish","format-standard","hentry","category-femwirtschaft","entry"],"yoast_head":"<!-- This site is optimized with the Yoast SEO plugin v21.0 - https:\/\/yoast.com\/wordpress\/plugins\/seo\/ -->\n<title>Hessische IHKs dr\u00e4ngen auf z\u00fcgigen Breitbandausbau - Feminissima<\/title>\n<meta name=\"robots\" content=\"index, follow, max-snippet:-1, max-image-preview:large, max-video-preview:-1\" \/>\n<link rel=\"canonical\" href=\"https:\/\/feminissima.de\/index.php\/2010\/01\/07\/hessische-ihks-draengen-auf-zuegigen-breitbandausbau\/\" \/>\n<meta property=\"og:locale\" content=\"de_DE\" \/>\n<meta property=\"og:type\" content=\"article\" \/>\n<meta property=\"og:title\" content=\"Hessische IHKs dr\u00e4ngen auf z\u00fcgigen Breitbandausbau - Feminissima\" \/>\n<meta property=\"og:description\" content=\"Auch die Hessen wollen schnell sein - !\" \/>\n<meta property=\"og:url\" content=\"https:\/\/feminissima.de\/index.php\/2010\/01\/07\/hessische-ihks-draengen-auf-zuegigen-breitbandausbau\/\" \/>\n<meta property=\"og:site_name\" content=\"Feminissima\" \/>\n<meta property=\"article:published_time\" content=\"2010-01-07T13:18:20+00:00\" \/>\n<meta name=\"author\" content=\"admin\" \/>\n<meta name=\"twitter:card\" content=\"summary_large_image\" \/>\n<meta name=\"twitter:label1\" content=\"Verfasst von\" \/>\n\t<meta name=\"twitter:data1\" content=\"admin\" \/>\n\t<meta name=\"twitter:label2\" content=\"Gesch\u00e4tzte Lesezeit\" \/>\n\t<meta name=\"twitter:data2\" content=\"3\u00a0Minuten\" \/>\n<script type=\"application\/ld+json\" class=\"yoast-schema-graph\">{\"@context\":\"https:\/\/schema.org\",\"@graph\":[{\"@type\":\"WebPage\",\"@id\":\"https:\/\/feminissima.de\/index.php\/2010\/01\/07\/hessische-ihks-draengen-auf-zuegigen-breitbandausbau\/\",\"url\":\"https:\/\/feminissima.de\/index.php\/2010\/01\/07\/hessische-ihks-draengen-auf-zuegigen-breitbandausbau\/\",\"name\":\"Hessische IHKs dr\u00e4ngen auf z\u00fcgigen Breitbandausbau - Feminissima\",\"isPartOf\":{\"@id\":\"https:\/\/feminissima.de\/#website\"},\"datePublished\":\"2010-01-07T13:18:20+00:00\",\"dateModified\":\"2010-01-07T13:18:20+00:00\",\"author\":{\"@id\":\"https:\/\/feminissima.de\/#\/schema\/person\/0b901e053624f88e7ecbea289d9d5128\"},\"breadcrumb\":{\"@id\":\"https:\/\/feminissima.de\/index.php\/2010\/01\/07\/hessische-ihks-draengen-auf-zuegigen-breitbandausbau\/#breadcrumb\"},\"inLanguage\":\"de\",\"potentialAction\":[{\"@type\":\"ReadAction\",\"target\":[\"https:\/\/feminissima.de\/index.php\/2010\/01\/07\/hessische-ihks-draengen-auf-zuegigen-breitbandausbau\/\"]}]},{\"@type\":\"BreadcrumbList\",\"@id\":\"https:\/\/feminissima.de\/index.php\/2010\/01\/07\/hessische-ihks-draengen-auf-zuegigen-breitbandausbau\/#breadcrumb\",\"itemListElement\":[{\"@type\":\"ListItem\",\"position\":1,\"name\":\"Startseite\",\"item\":\"https:\/\/feminissima.de\/\"},{\"@type\":\"ListItem\",\"position\":2,\"name\":\"Hessische IHKs dr\u00e4ngen auf z\u00fcgigen Breitbandausbau\"}]},{\"@type\":\"WebSite\",\"@id\":\"https:\/\/feminissima.de\/#website\",\"url\":\"https:\/\/feminissima.de\/\",\"name\":\"Feminissima\",\"description\":\"\",\"potentialAction\":[{\"@type\":\"SearchAction\",\"target\":{\"@type\":\"EntryPoint\",\"urlTemplate\":\"https:\/\/feminissima.de\/?s={search_term_string}\"},\"query-input\":\"required name=search_term_string\"}],\"inLanguage\":\"de\"},{\"@type\":\"Person\",\"@id\":\"https:\/\/feminissima.de\/#\/schema\/person\/0b901e053624f88e7ecbea289d9d5128\",\"name\":\"admin\",\"image\":{\"@type\":\"ImageObject\",\"inLanguage\":\"de\",\"@id\":\"https:\/\/feminissima.de\/#\/schema\/person\/image\/\",\"url\":\"https:\/\/secure.gravatar.com\/avatar\/8da1f51327453c0bf63338e8e2a791948b7d2ac19b68839492d1e69aac6924a8?s=96&d=mm&r=g\",\"contentUrl\":\"https:\/\/secure.gravatar.com\/avatar\/8da1f51327453c0bf63338e8e2a791948b7d2ac19b68839492d1e69aac6924a8?s=96&d=mm&r=g\",\"caption\":\"admin\"},\"url\":\"https:\/\/feminissima.de\/index.php\/author\/admin\/\"}]}<\/script>\n<!-- \/ Yoast SEO plugin. -->","yoast_head_json":{"title":"Hessische IHKs dr\u00e4ngen auf z\u00fcgigen Breitbandausbau - Feminissima","robots":{"index":"index","follow":"follow","max-snippet":"max-snippet:-1","max-image-preview":"max-image-preview:large","max-video-preview":"max-video-preview:-1"},"canonical":"https:\/\/feminissima.de\/index.php\/2010\/01\/07\/hessische-ihks-draengen-auf-zuegigen-breitbandausbau\/","og_locale":"de_DE","og_type":"article","og_title":"Hessische IHKs dr\u00e4ngen auf z\u00fcgigen Breitbandausbau - Feminissima","og_description":"Auch die Hessen wollen schnell sein - !","og_url":"https:\/\/feminissima.de\/index.php\/2010\/01\/07\/hessische-ihks-draengen-auf-zuegigen-breitbandausbau\/","og_site_name":"Feminissima","article_published_time":"2010-01-07T13:18:20+00:00","author":"admin","twitter_card":"summary_large_image","twitter_misc":{"Verfasst von":"admin","Gesch\u00e4tzte Lesezeit":"3\u00a0Minuten"},"schema":{"@context":"https:\/\/schema.org","@graph":[{"@type":"WebPage","@id":"https:\/\/feminissima.de\/index.php\/2010\/01\/07\/hessische-ihks-draengen-auf-zuegigen-breitbandausbau\/","url":"https:\/\/feminissima.de\/index.php\/2010\/01\/07\/hessische-ihks-draengen-auf-zuegigen-breitbandausbau\/","name":"Hessische IHKs dr\u00e4ngen auf z\u00fcgigen Breitbandausbau - Feminissima","isPartOf":{"@id":"https:\/\/feminissima.de\/#website"},"datePublished":"2010-01-07T13:18:20+00:00","dateModified":"2010-01-07T13:18:20+00:00","author":{"@id":"https:\/\/feminissima.de\/#\/schema\/person\/0b901e053624f88e7ecbea289d9d5128"},"breadcrumb":{"@id":"https:\/\/feminissima.de\/index.php\/2010\/01\/07\/hessische-ihks-draengen-auf-zuegigen-breitbandausbau\/#breadcrumb"},"inLanguage":"de","potentialAction":[{"@type":"ReadAction","target":["https:\/\/feminissima.de\/index.php\/2010\/01\/07\/hessische-ihks-draengen-auf-zuegigen-breitbandausbau\/"]}]},{"@type":"BreadcrumbList","@id":"https:\/\/feminissima.de\/index.php\/2010\/01\/07\/hessische-ihks-draengen-auf-zuegigen-breitbandausbau\/#breadcrumb","itemListElement":[{"@type":"ListItem","position":1,"name":"Startseite","item":"https:\/\/feminissima.de\/"},{"@type":"ListItem","position":2,"name":"Hessische IHKs dr\u00e4ngen auf z\u00fcgigen Breitbandausbau"}]},{"@type":"WebSite","@id":"https:\/\/feminissima.de\/#website","url":"https:\/\/feminissima.de\/","name":"Feminissima","description":"","potentialAction":[{"@type":"SearchAction","target":{"@type":"EntryPoint","urlTemplate":"https:\/\/feminissima.de\/?s={search_term_string}"},"query-input":"required name=search_term_string"}],"inLanguage":"de"},{"@type":"Person","@id":"https:\/\/feminissima.de\/#\/schema\/person\/0b901e053624f88e7ecbea289d9d5128","name":"admin","image":{"@type":"ImageObject","inLanguage":"de","@id":"https:\/\/feminissima.de\/#\/schema\/person\/image\/","url":"https:\/\/secure.gravatar.com\/avatar\/8da1f51327453c0bf63338e8e2a791948b7d2ac19b68839492d1e69aac6924a8?s=96&d=mm&r=g","contentUrl":"https:\/\/secure.gravatar.com\/avatar\/8da1f51327453c0bf63338e8e2a791948b7d2ac19b68839492d1e69aac6924a8?s=96&d=mm&r=g","caption":"admin"},"url":"https:\/\/feminissima.de\/index.php\/author\/admin\/"}]}},"jetpack_featured_media_url":"","_links":{"self":[{"href":"https:\/\/feminissima.de\/index.php\/wp-json\/wp\/v2\/posts\/86044","targetHints":{"allow":["GET"]}}],"collection":[{"href":"https:\/\/feminissima.de\/index.php\/wp-json\/wp\/v2\/posts"}],"about":[{"href":"https:\/\/feminissima.de\/index.php\/wp-json\/wp\/v2\/types\/post"}],"author":[{"embeddable":true,"href":"https:\/\/feminissima.de\/index.php\/wp-json\/wp\/v2\/users\/2"}],"replies":[{"embeddable":true,"href":"https:\/\/feminissima.de\/index.php\/wp-json\/wp\/v2\/comments?post=86044"}],"version-history":[{"count":0,"href":"https:\/\/feminissima.de\/index.php\/wp-json\/wp\/v2\/posts\/86044\/revisions"}],"wp:attachment":[{"href":"https:\/\/feminissima.de\/index.php\/wp-json\/wp\/v2\/media?parent=86044"}],"wp:term":[{"taxonomy":"category","embeddable":true,"href":"https:\/\/feminissima.de\/index.php\/wp-json\/wp\/v2\/categories?post=86044"},{"taxonomy":"post_tag","embeddable":true,"href":"https:\/\/feminissima.de\/index.php\/wp-json\/wp\/v2\/tags?post=86044"}],"curies":[{"name":"wp","href":"https:\/\/api.w.org\/{rel}","templated":true}]}}