{"id":86043,"date":"2010-01-07T12:29:40","date_gmt":"2010-01-07T12:29:40","guid":{"rendered":"http:\/\/www.feminissima.de\/?p=86043"},"modified":"2010-01-07T12:29:40","modified_gmt":"2010-01-07T12:29:40","slug":"26-millionen-deutsche-in-sozialen-netzwerken-1-2010","status":"publish","type":"post","link":"https:\/\/feminissima.de\/index.php\/2010\/01\/07\/26-millionen-deutsche-in-sozialen-netzwerken-1-2010\/","title":{"rendered":"26 Millionen Deutsche  in Sozialen Netzwerken\/1\/2010"},"content":{"rendered":"<p>Fast ein DRITTEL aller Deutschen kommunizieren in diesen Netzen..der Anstieg ist sprunghaft, gigantisch.<\/p>\n<p>\n26 Millionen Aktive bei sozialen Netzwerken <\/p>\n<p>\nStudiVZ Gruppe mit 14,6 Millionen Nutzern erfolgreichstes Netzwerk <\/p>\n<p>\nTwitter mit gr\u00f6\u00dftem Zuwachs <\/p>\n<p>\nBITKOM gr\u00fcndet Arbeitskreis Social Media<\/p>\n<p>\nBerlin, 28. Oktober 2009 &#8211; 26,4 Millionen aktive Nutzer pro Monat verzeichneten die Sozialen Netzwerke im dritten Quartal in Deutschland. Das sind 3,6 Millionen mehr als im entsprechenden Vorjahresquartal \u2013 ein neuer H\u00f6chststand. Das teilte der Hightech-Verband BITKOM auf Basis einer exklusiven Erhebung des Marktforschungsinstituts Comscore mit. \u201eOnline-Communitys erschlie\u00dfen sich ganz neue Mitgliederkreise. Sie werden heute \u00fcber alle Alterklassen hinweg genutzt\u201c, sagte Achim Berg, Vizepr\u00e4sident des BITKOM. \u201eAuch im beruflichen Umfeld werden Communitys immer wichtiger.\u201c <\/p>\n<p>\nBeliebtestes Netzwerk sind die VZ-Seiten mit StudiVZ, Sch\u00fclerVZ und MeinVZ. Im dritten Quartal nutzten 14,6 Millionen Menschen in Deutschland im Monatsdurchschnitt diese Seiten. Auf Platz 2 rangiert mit 6,2 Millionen aktiven Nutzern das zur RTL-Gruppe geh\u00f6rende Angebot Wer-kennt-wen.de. Erstmals unter die drei gr\u00f6\u00dften sozialen Netzwerke in Deutschland schafft es Facebook. Im dritten Quartal dieses Jahres verzeichnete Facebook 5,6 Millionen Nutzer. Das sind dreimal mehr als noch vor einem Jahr. Stark zulegen konnte auch das urspr\u00fcnglich nur f\u00fcr gesch\u00e4ftliche Kontakte verwendete Netzwerk Xing. Binnen Jahresfrist verdoppelte sich die Nutzerzahl ann\u00e4hernd auf fast 2 Millionen. Der gr\u00f6\u00dfte Sprung allerdings gelang Twitter: In nur einem Jahr ging es von 72.000 auf 1,8 Millionen Nutzer nach oben. Das ist eine Steigerung um den Faktor 25. Damit landet Twitter auf Platz 10 der meistgenutzten Sozialen Netzwerke in Deutschland. <\/p>\n<p>Vor dem Hintergrund dieses dynamischen Wachstums baut der Hightech-Verband BITKOM seine Aktivit\u00e4ten im Bereich Neue Medien weiter aus und hat einen neuen Arbeitskreis Social Media ins Leben gerufen. Der Arbeitskreis befasst sich mit Anwendungen und Einsatzgebieten von Social Media-Plattformen, Communitys und Open Networks. Dar\u00fcber hinaus besch\u00e4ftigt sich BITKOM intensiv mit Fragen des Daten- und Jugendschutzes sowie der Sicherheit sozialer Netzwerke und ver\u00f6ffentlicht hierzu z.B. Verbraucherhinweise. Im BITKOM sind u.a. die sozialen Netzwerke StudiVZ und Xing organisiert.<\/p>\n<p>\nDownloads zum Artikel<\/p>\n<p>\nBITKOM-Grafik Soziale Netzwerke 28 10 2009 (JPG, 243 KB)<\/p>\n<p>\nBITKOM-Presseinfo Soziale Netzwerke 28 10 2009. (PDF, 199 KB)<\/p>\n<p>\nzur\u00fcck zur \u00dcbersicht weiterempfehlendrucken <\/p>\n<p>\nPresse-AnsprechpartnerChristian Hallerberg<\/p>\n<p>\nc.hallerberg@bitkom.org<\/p>\n<p>Tel.: 030.27576-119<\/p>\n<p>\nFax: 030.27576-400<\/p>\n<p>AnsprechpartnerFlorian Koch<\/p>\n<p>\nf.koch@bitkom.org<\/p>\n<p>Tel.: 030.27576-249<\/p>\n<p>\nFax: 030.27576-400<\/p>\n","protected":false},"excerpt":{"rendered":"<p>Fast ein DRITTEL aller Deutschen kommunizieren in diesen Netzen..der Anstieg ist sprunghaft, gigantisch.<\/p>\n","protected":false},"author":2,"featured_media":0,"comment_status":"closed","ping_status":"closed","sticky":false,"template":"","format":"standard","meta":{"footnotes":""},"categories":[13],"tags":[],"class_list":["post-86043","post","type-post","status-publish","format-standard","hentry","category-femmedien","entry"],"yoast_head":"<!-- This site is optimized with the Yoast SEO plugin v21.0 - https:\/\/yoast.com\/wordpress\/plugins\/seo\/ -->\n<title>26 Millionen Deutsche in Sozialen Netzwerken\/1\/2010 - Feminissima<\/title>\n<meta name=\"robots\" content=\"index, follow, max-snippet:-1, max-image-preview:large, max-video-preview:-1\" \/>\n<link rel=\"canonical\" href=\"https:\/\/feminissima.de\/index.php\/2010\/01\/07\/26-millionen-deutsche-in-sozialen-netzwerken-1-2010\/\" \/>\n<meta property=\"og:locale\" content=\"de_DE\" \/>\n<meta property=\"og:type\" content=\"article\" \/>\n<meta property=\"og:title\" content=\"26 Millionen Deutsche in Sozialen Netzwerken\/1\/2010 - Feminissima\" \/>\n<meta property=\"og:description\" content=\"Fast ein DRITTEL aller Deutschen kommunizieren in diesen Netzen..der Anstieg ist sprunghaft, gigantisch.\" \/>\n<meta property=\"og:url\" content=\"https:\/\/feminissima.de\/index.php\/2010\/01\/07\/26-millionen-deutsche-in-sozialen-netzwerken-1-2010\/\" \/>\n<meta property=\"og:site_name\" content=\"Feminissima\" \/>\n<meta property=\"article:published_time\" content=\"2010-01-07T12:29:40+00:00\" \/>\n<meta name=\"author\" content=\"admin\" \/>\n<meta name=\"twitter:card\" content=\"summary_large_image\" \/>\n<meta name=\"twitter:label1\" content=\"Verfasst von\" \/>\n\t<meta name=\"twitter:data1\" content=\"admin\" \/>\n\t<meta name=\"twitter:label2\" content=\"Gesch\u00e4tzte Lesezeit\" \/>\n\t<meta name=\"twitter:data2\" content=\"2\u00a0Minuten\" \/>\n<script type=\"application\/ld+json\" class=\"yoast-schema-graph\">{\"@context\":\"https:\/\/schema.org\",\"@graph\":[{\"@type\":\"WebPage\",\"@id\":\"https:\/\/feminissima.de\/index.php\/2010\/01\/07\/26-millionen-deutsche-in-sozialen-netzwerken-1-2010\/\",\"url\":\"https:\/\/feminissima.de\/index.php\/2010\/01\/07\/26-millionen-deutsche-in-sozialen-netzwerken-1-2010\/\",\"name\":\"26 Millionen Deutsche in Sozialen Netzwerken\/1\/2010 - Feminissima\",\"isPartOf\":{\"@id\":\"https:\/\/feminissima.de\/#website\"},\"datePublished\":\"2010-01-07T12:29:40+00:00\",\"dateModified\":\"2010-01-07T12:29:40+00:00\",\"author\":{\"@id\":\"https:\/\/feminissima.de\/#\/schema\/person\/0b901e053624f88e7ecbea289d9d5128\"},\"breadcrumb\":{\"@id\":\"https:\/\/feminissima.de\/index.php\/2010\/01\/07\/26-millionen-deutsche-in-sozialen-netzwerken-1-2010\/#breadcrumb\"},\"inLanguage\":\"de\",\"potentialAction\":[{\"@type\":\"ReadAction\",\"target\":[\"https:\/\/feminissima.de\/index.php\/2010\/01\/07\/26-millionen-deutsche-in-sozialen-netzwerken-1-2010\/\"]}]},{\"@type\":\"BreadcrumbList\",\"@id\":\"https:\/\/feminissima.de\/index.php\/2010\/01\/07\/26-millionen-deutsche-in-sozialen-netzwerken-1-2010\/#breadcrumb\",\"itemListElement\":[{\"@type\":\"ListItem\",\"position\":1,\"name\":\"Startseite\",\"item\":\"https:\/\/feminissima.de\/\"},{\"@type\":\"ListItem\",\"position\":2,\"name\":\"26 Millionen Deutsche in Sozialen Netzwerken\/1\/2010\"}]},{\"@type\":\"WebSite\",\"@id\":\"https:\/\/feminissima.de\/#website\",\"url\":\"https:\/\/feminissima.de\/\",\"name\":\"Feminissima\",\"description\":\"\",\"potentialAction\":[{\"@type\":\"SearchAction\",\"target\":{\"@type\":\"EntryPoint\",\"urlTemplate\":\"https:\/\/feminissima.de\/?s={search_term_string}\"},\"query-input\":\"required name=search_term_string\"}],\"inLanguage\":\"de\"},{\"@type\":\"Person\",\"@id\":\"https:\/\/feminissima.de\/#\/schema\/person\/0b901e053624f88e7ecbea289d9d5128\",\"name\":\"admin\",\"image\":{\"@type\":\"ImageObject\",\"inLanguage\":\"de\",\"@id\":\"https:\/\/feminissima.de\/#\/schema\/person\/image\/\",\"url\":\"https:\/\/secure.gravatar.com\/avatar\/8da1f51327453c0bf63338e8e2a791948b7d2ac19b68839492d1e69aac6924a8?s=96&d=mm&r=g\",\"contentUrl\":\"https:\/\/secure.gravatar.com\/avatar\/8da1f51327453c0bf63338e8e2a791948b7d2ac19b68839492d1e69aac6924a8?s=96&d=mm&r=g\",\"caption\":\"admin\"},\"url\":\"https:\/\/feminissima.de\/index.php\/author\/admin\/\"}]}<\/script>\n<!-- \/ Yoast SEO plugin. -->","yoast_head_json":{"title":"26 Millionen Deutsche in Sozialen Netzwerken\/1\/2010 - Feminissima","robots":{"index":"index","follow":"follow","max-snippet":"max-snippet:-1","max-image-preview":"max-image-preview:large","max-video-preview":"max-video-preview:-1"},"canonical":"https:\/\/feminissima.de\/index.php\/2010\/01\/07\/26-millionen-deutsche-in-sozialen-netzwerken-1-2010\/","og_locale":"de_DE","og_type":"article","og_title":"26 Millionen Deutsche in Sozialen Netzwerken\/1\/2010 - Feminissima","og_description":"Fast ein DRITTEL aller Deutschen kommunizieren in diesen Netzen..der Anstieg ist sprunghaft, gigantisch.","og_url":"https:\/\/feminissima.de\/index.php\/2010\/01\/07\/26-millionen-deutsche-in-sozialen-netzwerken-1-2010\/","og_site_name":"Feminissima","article_published_time":"2010-01-07T12:29:40+00:00","author":"admin","twitter_card":"summary_large_image","twitter_misc":{"Verfasst von":"admin","Gesch\u00e4tzte Lesezeit":"2\u00a0Minuten"},"schema":{"@context":"https:\/\/schema.org","@graph":[{"@type":"WebPage","@id":"https:\/\/feminissima.de\/index.php\/2010\/01\/07\/26-millionen-deutsche-in-sozialen-netzwerken-1-2010\/","url":"https:\/\/feminissima.de\/index.php\/2010\/01\/07\/26-millionen-deutsche-in-sozialen-netzwerken-1-2010\/","name":"26 Millionen Deutsche in Sozialen Netzwerken\/1\/2010 - Feminissima","isPartOf":{"@id":"https:\/\/feminissima.de\/#website"},"datePublished":"2010-01-07T12:29:40+00:00","dateModified":"2010-01-07T12:29:40+00:00","author":{"@id":"https:\/\/feminissima.de\/#\/schema\/person\/0b901e053624f88e7ecbea289d9d5128"},"breadcrumb":{"@id":"https:\/\/feminissima.de\/index.php\/2010\/01\/07\/26-millionen-deutsche-in-sozialen-netzwerken-1-2010\/#breadcrumb"},"inLanguage":"de","potentialAction":[{"@type":"ReadAction","target":["https:\/\/feminissima.de\/index.php\/2010\/01\/07\/26-millionen-deutsche-in-sozialen-netzwerken-1-2010\/"]}]},{"@type":"BreadcrumbList","@id":"https:\/\/feminissima.de\/index.php\/2010\/01\/07\/26-millionen-deutsche-in-sozialen-netzwerken-1-2010\/#breadcrumb","itemListElement":[{"@type":"ListItem","position":1,"name":"Startseite","item":"https:\/\/feminissima.de\/"},{"@type":"ListItem","position":2,"name":"26 Millionen Deutsche in Sozialen Netzwerken\/1\/2010"}]},{"@type":"WebSite","@id":"https:\/\/feminissima.de\/#website","url":"https:\/\/feminissima.de\/","name":"Feminissima","description":"","potentialAction":[{"@type":"SearchAction","target":{"@type":"EntryPoint","urlTemplate":"https:\/\/feminissima.de\/?s={search_term_string}"},"query-input":"required name=search_term_string"}],"inLanguage":"de"},{"@type":"Person","@id":"https:\/\/feminissima.de\/#\/schema\/person\/0b901e053624f88e7ecbea289d9d5128","name":"admin","image":{"@type":"ImageObject","inLanguage":"de","@id":"https:\/\/feminissima.de\/#\/schema\/person\/image\/","url":"https:\/\/secure.gravatar.com\/avatar\/8da1f51327453c0bf63338e8e2a791948b7d2ac19b68839492d1e69aac6924a8?s=96&d=mm&r=g","contentUrl":"https:\/\/secure.gravatar.com\/avatar\/8da1f51327453c0bf63338e8e2a791948b7d2ac19b68839492d1e69aac6924a8?s=96&d=mm&r=g","caption":"admin"},"url":"https:\/\/feminissima.de\/index.php\/author\/admin\/"}]}},"jetpack_featured_media_url":"","_links":{"self":[{"href":"https:\/\/feminissima.de\/index.php\/wp-json\/wp\/v2\/posts\/86043","targetHints":{"allow":["GET"]}}],"collection":[{"href":"https:\/\/feminissima.de\/index.php\/wp-json\/wp\/v2\/posts"}],"about":[{"href":"https:\/\/feminissima.de\/index.php\/wp-json\/wp\/v2\/types\/post"}],"author":[{"embeddable":true,"href":"https:\/\/feminissima.de\/index.php\/wp-json\/wp\/v2\/users\/2"}],"replies":[{"embeddable":true,"href":"https:\/\/feminissima.de\/index.php\/wp-json\/wp\/v2\/comments?post=86043"}],"version-history":[{"count":0,"href":"https:\/\/feminissima.de\/index.php\/wp-json\/wp\/v2\/posts\/86043\/revisions"}],"wp:attachment":[{"href":"https:\/\/feminissima.de\/index.php\/wp-json\/wp\/v2\/media?parent=86043"}],"wp:term":[{"taxonomy":"category","embeddable":true,"href":"https:\/\/feminissima.de\/index.php\/wp-json\/wp\/v2\/categories?post=86043"},{"taxonomy":"post_tag","embeddable":true,"href":"https:\/\/feminissima.de\/index.php\/wp-json\/wp\/v2\/tags?post=86043"}],"curies":[{"name":"wp","href":"https:\/\/api.w.org\/{rel}","templated":true}]}}