{"id":85971,"date":"2009-11-03T10:11:58","date_gmt":"2009-11-03T10:11:58","guid":{"rendered":"http:\/\/www.feminissima.de\/?p=85971"},"modified":"2009-11-03T10:11:58","modified_gmt":"2009-11-03T10:11:58","slug":"das-gift-amitraz-in-tuerkischen-birnen-10-09","status":"publish","type":"post","link":"https:\/\/feminissima.de\/index.php\/2009\/11\/03\/das-gift-amitraz-in-tuerkischen-birnen-10-09\/","title":{"rendered":"Das Gift AMITRAZ in t\u00fcrkischen Birnen \/10\/09"},"content":{"rendered":"<p>Quelle: WELT-online\/Gesundheit vom  1. 10. 09<\/p>\n<p>Minister warnt vor t\u00fcrkischen Birnen<\/p>\n<p> 1. Oktober 2008, 14:42 Uhr <\/p>\n<p> T\u00fcrkische Birnen k\u00f6nnen unter Umst\u00e4nden zu Schl\u00e4frigkeit, Sprachst\u00f6rungen und Desorientiertheit f\u00fchren. Das Agrarministerium Baden-W\u00fcrttembergs warnt vor R\u00fcckst\u00e4nden des Insektizides Amitraz und fordert gar ein EU-weites Einfuhrverbot f\u00fcr t\u00fcrkische Birnen. Auf dem Gro\u00dfmarkt in Stuttgart fehlen die Birnen bereits. <\/p>\n<p>\nBirnen sind gesund &#8211; wenn sie nicht mit Insektiziden verpestet sind<\/p>\n<p>\n Birnen aus der T\u00fcrkei enthalten nach Angaben von Baden-W\u00fcrttembergs Agrarministerium oftmals ein in Deutschland verbotenes Spritzmittel. Regelm\u00e4\u00dfig w\u00fcrden bei t\u00fcrkischen Birnen erhebliche R\u00fcckst\u00e4nde von Amitraz entdeckt, teilte Minister Peter Hauk (CDU) mit. Da davon auszugehen sei, dass die Birnen bundesweit vertrieben werden, forderte Hauk die Bundesregierung auf, sich f\u00fcr ein EU-weites Einfuhrverbot f\u00fcr t\u00fcrkische Birnen einzusetzen.  <\/p>\n<p> Eine Gesundheitsgefahr beim Verzehr der Birnen sei nicht auszuschlie\u00dfen. Denkbar seien Schl\u00e4frigkeit, Sprachst\u00f6rungen und Desorientiertheit. Der Wirkstoff Amitraz wirkt als Insektizid (gegen Insekten) und Akarizid (gegen Spinnentiere) und ist in Deutschland seit einigen Jahren und in der EU seit Anfang 2008 nicht mehr zugelassen.  <\/p>\n<p>In Baden-W\u00fcrttemberg h\u00e4tten Lebensmittelkontrolleure in diesem Jahr 65 Proben von Birnen aus neun verschiedenen Herkunftsl\u00e4ndern genommen. S\u00e4mtliche 17 Proben t\u00fcrkischer Herkunft wiesen deutlich \u00fcberh\u00f6hte Amitraz-Werte auf. Die zul\u00e4ssige H\u00f6chstmenge betr\u00e4gt 0,05 Milligramm pro Kilogramm, das t\u00fcrkische Obst enthielt bis zu 2,9 Milligramm. \u201eDer Fall muss Konsequenzen haben\u201c, forderte Hauk. <\/p>\n<p> F\u00fcr den Gro\u00dfmarkt Stuttgart wurde bereits ein Handelsverbot erlassen. Mindestens 3,8 Tonnen belastetes Obst seien aus dem Verkehr genommen und w\u00fcrden vernichtet. <\/p>\n<p>dpa\/cl<\/p>\n<p>\n 16:23 Uhr giftcocktail sagt: <\/p>\n<p>Ah. Es scheinen tats\u00e4chlich einige Leute aufzuwachen. Ich m\u00f6chte an dieser Stelle auf die Greenpeace Pestizid Studien aufmerksam machen: <\/p>\n<p>http:\/\/www.greenpeace.de\/themen\/chemie\/pestizide_lebensmittel\/detail\/artikel\/dirty_portfolios\/ <\/p>\n<p>&#8222;Wenige Chemiekonzerne, machen die Gesch\u00e4fte mit der Agrochemie unter sich aus. Bayer, Syngenta, Monsanto, die BASF und Dow Chemical decken allein 75 Prozent des Weltmarktes f\u00fcr Pestizide ab. Zusammen verkaufen sie weltweit 512 Spritzmittel &#8230; Alle f\u00fcnf Konzerne gef\u00e4hrden ganz erheblich die Gesundheit und Umwelt. Im Schnitt stecken 46 Prozent besonders kritische Stoffe in den Portfolios der Multis. 243 der 512 Spritzmittel gef\u00e4hrden Mensch und Natur besonders stark. Hinzu kommt, dass es f\u00fcr 16 Prozent der verkauften Pestizidwirkstoffe nur unzureichende \u00f6ffentliche Informationen \u00fcber ihre Giftwirkungen gibt. <\/p>\n<p>Und selbst die besten EU-Labors k\u00f6nnen m\u00f6gliche Pestizidr\u00fcckst\u00e4nde in Lebensmitteln bei 42 Prozent der Stoffe mit den heute eingesetzten Routineverfahren nicht nachweisen.&#8220; <\/p>\n","protected":false},"excerpt":{"rendered":"<p>Quelle: WELT-online\/Gesundheit vom  1. 10. 09<\/p>\n","protected":false},"author":2,"featured_media":0,"comment_status":"closed","ping_status":"closed","sticky":false,"template":"","format":"standard","meta":{"footnotes":""},"categories":[10],"tags":[],"class_list":["post-85971","post","type-post","status-publish","format-standard","hentry","category-femgesundheit","entry"],"yoast_head":"<!-- This site is optimized with the Yoast SEO plugin v21.0 - https:\/\/yoast.com\/wordpress\/plugins\/seo\/ -->\n<title>Das Gift AMITRAZ in t\u00fcrkischen Birnen \/10\/09 - Feminissima<\/title>\n<meta name=\"robots\" content=\"index, follow, max-snippet:-1, max-image-preview:large, max-video-preview:-1\" \/>\n<link rel=\"canonical\" href=\"https:\/\/feminissima.de\/index.php\/2009\/11\/03\/das-gift-amitraz-in-tuerkischen-birnen-10-09\/\" \/>\n<meta property=\"og:locale\" content=\"de_DE\" \/>\n<meta property=\"og:type\" content=\"article\" \/>\n<meta property=\"og:title\" content=\"Das Gift AMITRAZ in t\u00fcrkischen Birnen \/10\/09 - Feminissima\" \/>\n<meta property=\"og:description\" content=\"Quelle: WELT-online\/Gesundheit vom 1. 10. 09\" \/>\n<meta property=\"og:url\" content=\"https:\/\/feminissima.de\/index.php\/2009\/11\/03\/das-gift-amitraz-in-tuerkischen-birnen-10-09\/\" \/>\n<meta property=\"og:site_name\" content=\"Feminissima\" \/>\n<meta property=\"article:published_time\" content=\"2009-11-03T10:11:58+00:00\" \/>\n<meta name=\"author\" content=\"admin\" \/>\n<meta name=\"twitter:card\" content=\"summary_large_image\" \/>\n<meta name=\"twitter:label1\" content=\"Verfasst von\" \/>\n\t<meta name=\"twitter:data1\" content=\"admin\" \/>\n\t<meta name=\"twitter:label2\" content=\"Gesch\u00e4tzte Lesezeit\" \/>\n\t<meta name=\"twitter:data2\" content=\"2\u00a0Minuten\" \/>\n<script type=\"application\/ld+json\" class=\"yoast-schema-graph\">{\"@context\":\"https:\/\/schema.org\",\"@graph\":[{\"@type\":\"WebPage\",\"@id\":\"https:\/\/feminissima.de\/index.php\/2009\/11\/03\/das-gift-amitraz-in-tuerkischen-birnen-10-09\/\",\"url\":\"https:\/\/feminissima.de\/index.php\/2009\/11\/03\/das-gift-amitraz-in-tuerkischen-birnen-10-09\/\",\"name\":\"Das Gift AMITRAZ in t\u00fcrkischen Birnen \/10\/09 - Feminissima\",\"isPartOf\":{\"@id\":\"https:\/\/feminissima.de\/#website\"},\"datePublished\":\"2009-11-03T10:11:58+00:00\",\"dateModified\":\"2009-11-03T10:11:58+00:00\",\"author\":{\"@id\":\"https:\/\/feminissima.de\/#\/schema\/person\/0b901e053624f88e7ecbea289d9d5128\"},\"breadcrumb\":{\"@id\":\"https:\/\/feminissima.de\/index.php\/2009\/11\/03\/das-gift-amitraz-in-tuerkischen-birnen-10-09\/#breadcrumb\"},\"inLanguage\":\"de\",\"potentialAction\":[{\"@type\":\"ReadAction\",\"target\":[\"https:\/\/feminissima.de\/index.php\/2009\/11\/03\/das-gift-amitraz-in-tuerkischen-birnen-10-09\/\"]}]},{\"@type\":\"BreadcrumbList\",\"@id\":\"https:\/\/feminissima.de\/index.php\/2009\/11\/03\/das-gift-amitraz-in-tuerkischen-birnen-10-09\/#breadcrumb\",\"itemListElement\":[{\"@type\":\"ListItem\",\"position\":1,\"name\":\"Startseite\",\"item\":\"https:\/\/feminissima.de\/\"},{\"@type\":\"ListItem\",\"position\":2,\"name\":\"Das Gift AMITRAZ in t\u00fcrkischen Birnen \/10\/09\"}]},{\"@type\":\"WebSite\",\"@id\":\"https:\/\/feminissima.de\/#website\",\"url\":\"https:\/\/feminissima.de\/\",\"name\":\"Feminissima\",\"description\":\"\",\"potentialAction\":[{\"@type\":\"SearchAction\",\"target\":{\"@type\":\"EntryPoint\",\"urlTemplate\":\"https:\/\/feminissima.de\/?s={search_term_string}\"},\"query-input\":\"required name=search_term_string\"}],\"inLanguage\":\"de\"},{\"@type\":\"Person\",\"@id\":\"https:\/\/feminissima.de\/#\/schema\/person\/0b901e053624f88e7ecbea289d9d5128\",\"name\":\"admin\",\"image\":{\"@type\":\"ImageObject\",\"inLanguage\":\"de\",\"@id\":\"https:\/\/feminissima.de\/#\/schema\/person\/image\/\",\"url\":\"https:\/\/secure.gravatar.com\/avatar\/8da1f51327453c0bf63338e8e2a791948b7d2ac19b68839492d1e69aac6924a8?s=96&d=mm&r=g\",\"contentUrl\":\"https:\/\/secure.gravatar.com\/avatar\/8da1f51327453c0bf63338e8e2a791948b7d2ac19b68839492d1e69aac6924a8?s=96&d=mm&r=g\",\"caption\":\"admin\"},\"url\":\"https:\/\/feminissima.de\/index.php\/author\/admin\/\"}]}<\/script>\n<!-- \/ Yoast SEO plugin. -->","yoast_head_json":{"title":"Das Gift AMITRAZ in t\u00fcrkischen Birnen \/10\/09 - Feminissima","robots":{"index":"index","follow":"follow","max-snippet":"max-snippet:-1","max-image-preview":"max-image-preview:large","max-video-preview":"max-video-preview:-1"},"canonical":"https:\/\/feminissima.de\/index.php\/2009\/11\/03\/das-gift-amitraz-in-tuerkischen-birnen-10-09\/","og_locale":"de_DE","og_type":"article","og_title":"Das Gift AMITRAZ in t\u00fcrkischen Birnen \/10\/09 - Feminissima","og_description":"Quelle: WELT-online\/Gesundheit vom 1. 10. 09","og_url":"https:\/\/feminissima.de\/index.php\/2009\/11\/03\/das-gift-amitraz-in-tuerkischen-birnen-10-09\/","og_site_name":"Feminissima","article_published_time":"2009-11-03T10:11:58+00:00","author":"admin","twitter_card":"summary_large_image","twitter_misc":{"Verfasst von":"admin","Gesch\u00e4tzte Lesezeit":"2\u00a0Minuten"},"schema":{"@context":"https:\/\/schema.org","@graph":[{"@type":"WebPage","@id":"https:\/\/feminissima.de\/index.php\/2009\/11\/03\/das-gift-amitraz-in-tuerkischen-birnen-10-09\/","url":"https:\/\/feminissima.de\/index.php\/2009\/11\/03\/das-gift-amitraz-in-tuerkischen-birnen-10-09\/","name":"Das Gift AMITRAZ in t\u00fcrkischen Birnen \/10\/09 - Feminissima","isPartOf":{"@id":"https:\/\/feminissima.de\/#website"},"datePublished":"2009-11-03T10:11:58+00:00","dateModified":"2009-11-03T10:11:58+00:00","author":{"@id":"https:\/\/feminissima.de\/#\/schema\/person\/0b901e053624f88e7ecbea289d9d5128"},"breadcrumb":{"@id":"https:\/\/feminissima.de\/index.php\/2009\/11\/03\/das-gift-amitraz-in-tuerkischen-birnen-10-09\/#breadcrumb"},"inLanguage":"de","potentialAction":[{"@type":"ReadAction","target":["https:\/\/feminissima.de\/index.php\/2009\/11\/03\/das-gift-amitraz-in-tuerkischen-birnen-10-09\/"]}]},{"@type":"BreadcrumbList","@id":"https:\/\/feminissima.de\/index.php\/2009\/11\/03\/das-gift-amitraz-in-tuerkischen-birnen-10-09\/#breadcrumb","itemListElement":[{"@type":"ListItem","position":1,"name":"Startseite","item":"https:\/\/feminissima.de\/"},{"@type":"ListItem","position":2,"name":"Das Gift AMITRAZ in t\u00fcrkischen Birnen \/10\/09"}]},{"@type":"WebSite","@id":"https:\/\/feminissima.de\/#website","url":"https:\/\/feminissima.de\/","name":"Feminissima","description":"","potentialAction":[{"@type":"SearchAction","target":{"@type":"EntryPoint","urlTemplate":"https:\/\/feminissima.de\/?s={search_term_string}"},"query-input":"required name=search_term_string"}],"inLanguage":"de"},{"@type":"Person","@id":"https:\/\/feminissima.de\/#\/schema\/person\/0b901e053624f88e7ecbea289d9d5128","name":"admin","image":{"@type":"ImageObject","inLanguage":"de","@id":"https:\/\/feminissima.de\/#\/schema\/person\/image\/","url":"https:\/\/secure.gravatar.com\/avatar\/8da1f51327453c0bf63338e8e2a791948b7d2ac19b68839492d1e69aac6924a8?s=96&d=mm&r=g","contentUrl":"https:\/\/secure.gravatar.com\/avatar\/8da1f51327453c0bf63338e8e2a791948b7d2ac19b68839492d1e69aac6924a8?s=96&d=mm&r=g","caption":"admin"},"url":"https:\/\/feminissima.de\/index.php\/author\/admin\/"}]}},"jetpack_featured_media_url":"","_links":{"self":[{"href":"https:\/\/feminissima.de\/index.php\/wp-json\/wp\/v2\/posts\/85971","targetHints":{"allow":["GET"]}}],"collection":[{"href":"https:\/\/feminissima.de\/index.php\/wp-json\/wp\/v2\/posts"}],"about":[{"href":"https:\/\/feminissima.de\/index.php\/wp-json\/wp\/v2\/types\/post"}],"author":[{"embeddable":true,"href":"https:\/\/feminissima.de\/index.php\/wp-json\/wp\/v2\/users\/2"}],"replies":[{"embeddable":true,"href":"https:\/\/feminissima.de\/index.php\/wp-json\/wp\/v2\/comments?post=85971"}],"version-history":[{"count":0,"href":"https:\/\/feminissima.de\/index.php\/wp-json\/wp\/v2\/posts\/85971\/revisions"}],"wp:attachment":[{"href":"https:\/\/feminissima.de\/index.php\/wp-json\/wp\/v2\/media?parent=85971"}],"wp:term":[{"taxonomy":"category","embeddable":true,"href":"https:\/\/feminissima.de\/index.php\/wp-json\/wp\/v2\/categories?post=85971"},{"taxonomy":"post_tag","embeddable":true,"href":"https:\/\/feminissima.de\/index.php\/wp-json\/wp\/v2\/tags?post=85971"}],"curies":[{"name":"wp","href":"https:\/\/api.w.org\/{rel}","templated":true}]}}