{"id":85970,"date":"2009-11-03T04:07:47","date_gmt":"2009-11-03T04:07:47","guid":{"rendered":"http:\/\/www.feminissima.de\/?p=85970"},"modified":"2009-11-03T04:07:47","modified_gmt":"2009-11-03T04:07:47","slug":"presse-schau-fr-online-irrfahrt-auf-dem-kasernenhof","status":"publish","type":"post","link":"https:\/\/feminissima.de\/index.php\/2009\/11\/03\/presse-schau-fr-online-irrfahrt-auf-dem-kasernenhof\/","title":{"rendered":"PRESSE-SCHAU : FR-online: IRRFAHRT AUF DEM KASERNENHOF"},"content":{"rendered":"<p>klasse geschrieben! <br \/>Und nicht so emotionslos trocken, nicht Fisch, nicht Fleisch, wie inzwischen die Langweiler-Nachrichten von TAGESSCHAU und HEUTE&#8230;.meist noch mit NULL-Info-Gehalt, hier ist das anders, bei der FRANKFURTER-RUNDSCHAU:<br \/>Irrfahrt auf dem Kasernenhof<\/p>\n<p>Soldat aus Afghanistan zur\u00fcck<\/p>\n<p>Von Matthias Thieme<\/p>\n<p>Kasernenalltag (Bild: rtr)<\/p>\n<p>Wenige Stunden nach dem Schock herrscht am Tor der Werratalkaserne schon fast wieder Normalbetrieb. Fahrzeuge mit Soldaten passieren die rot-wei\u00dfen Schranken, an denen Wachsoldaten mit ihren Gewehren im kalten Nieselregen ausharren. Bad Salzungen in Th\u00fcringen ist hier, am Stadtrand, ein grauer Mischmasch aus Kasernengeb\u00e4uden und Plattenbauten. Die B\u00fcrger in Uniform sind hier eher abseits der Zivilgesellschaft untergebracht. <\/p>\n<p>Raus muss der Soldat nicht: Es gibt einen riesigen Sportplatz, eine Turnhalle, ein Schwimmbad, einen Friseur und sogar ein Kino &#8211; alles in der Kaserne. &#8222;Die Ausbildung war teilweise schon ziemlich hart&#8220;, berichtet ein Rekrut im Internet: &#8222;Besonders die M\u00e4rsche durch die bergige Gegend mit Verwundetentransport, ABC-\u00dcbung, Feuer\u00fcberfall.&#8220; Es gebe aber auch &#8222;inkompetente und machtgeile Ausbilder, realit\u00e4tsfremde Zugf\u00fchrer&#8220; und dergleichen mehr.<\/p>\n<p>Jetzt gibt es 13 Verletzte und einen gro\u00dfen Schock in Bad Salzungen &#8211; und trotzdem Normalit\u00e4ts-Simulation vor dem Kasernentor. Salutierende Wachsoldaten. Fahrzeugkontrolle. Eine nasse Deutschlandfahne h\u00e4ngt schlapp vom Mast. &#8222;Achtung, Schrittgeschwindigkeit fahren&#8220;, warnt in gro\u00dfen Buchstaben ein Schild. Hier musste auch der Soldat durch, der am fr\u00fchen morgen in eine Gruppe Rekruten fuhr. Mit seinem Privatfahrzeug, einem Mercedes, sei der 26-j\u00e4hrige zum Dienst gekommen, hei\u00dft es. Was dann geschah, ist noch nicht restlos gekl\u00e4rt. Fest steht, dass der Mann um 6.35 Uhr mit seinem Wagen in eine Gruppe Kameraden hineinf\u00e4hrt. Es ist noch dunkel, die Rekruten, die erst im Oktober ihren Wehrdienst angetreten hatten, haben sich gerade nahe der Waffenkammer zum Ausr\u00fccken f\u00fcr eine \u00dcbung au\u00dferhalb des Gel\u00e4ndes aufgestellt, als das Unerwartete sie trifft.<\/p>\n<p>13 Rekruten werden durch den Aufprall verletzt, sieben von ihnen schwer. Umstehende Soldaten leisten erste Hilfe, dann treffen Rettungshelikopter und Krankenwagen ein, die die Verletzten in umliegende Krankenh\u00e4user fahren. Die verletzten Soldaten seien nicht in Lebensgefahr, wird sp\u00e4ter ein Sprecher des Verteidigungsministeriums mitteilen.<\/p>\n<p>\nUnfallverursacher nicht vernehmungsf\u00e4hig<\/p>\n<p>Warum steuerte der Soldat seinen Wagen ausgerechnet in die Menschenmenge? War es ein Anschlag, oder hat er seine Kameraden in der Dunkelheit schlicht \u00fcbersehen?<\/p>\n<p>Vor dem Kasernentor treffen die Fernsehsender mit ihren \u00dcbertragungswagen ein. Antworten werden verlangt, immer wieder das Kasernentor gefilmt. Dann tritt der Kommandeur des Panzerbataillons, Oberstleutnant Philipp Leyde vor die Kameras. Man gehe von einem Unfall aus und nicht von einem Anschlag oder gar einer Amokfahrt, sagt er. Doch genau wei\u00df das niemand. Der Unfallverursacher stand auch Stunden nach dem Zwischenfall noch unter Schock und war nicht vernehmungsf\u00e4hig.<\/p>\n<p>Die unklare Lage n\u00e4hrt Spekulationen \u00fcber den psychischen Zustand der stationierten Soldaten, die auch an Auslandseins\u00e4tzen beteiligt waren. Der Unfallverursacher selbst ist erst vor sechs Monaten von einem Einsatz in Afghanistan zur\u00fcckgekehrt. Zwei Zeitsoldaten des in Bad Salzungen stationierten Panzergrenadierbataillons waren am 23. Juni bei einem Anschlag im afghanischen Kundus get\u00f6tet worden. Eine Belastung f\u00fcr die Kameraden, eventuell mit Sp\u00e4tfolgen?<\/p>\n<p>Nein, sagt die Bundeswehr, es war ein Unfall. Der Soldat, der den Unfall verursachte, wurde nach Polizeiangaben nicht verletzt, erlitt aber einen Schock. Der Soldat sei berechtigt gewesen, mit seinem Privatwagen aufs Kasernengel\u00e4nde zu fahren. Dort gilt ein Tempolimit von 30 km\/h. Nach Angaben von Polizeisprecher Eberhard Wagner fuhr der Mann seitlich in die Gruppe Wehrdienstleistender, die nahe der Waffenkammer aufgestellt war. Die Kaserne, in der rund 2000 Soldaten stationiert sind, wurde nach dem Unfall weitr\u00e4umig abgesperrt. Die Ermittlungen dauerten an, hie\u00df es. Auch das Fahrzeug soll auf m\u00f6gliche technische M\u00e4ngel untersucht werden.<\/p>\n<p>Die Werratalkaserne geriet im Jahr 2008 schon einmal in die Schlagzeilen, als ein 18-j\u00e4hriger Wehrpflichtiger sich dort am 3. April das Leben nahm. Der junge Mann st\u00fcrzte sich aus dem vierten Stock der Kaserne und starb an den Folgen im Krankenhaus. Er hinterlie\u00df einen Abschiedsbrief. Es dauerte mehr als eine Woche, bis dieser Vorfall au\u00dferhalb der Kaserne bekannt wurde. Gibt es in der Werratalkaserne eventuell doch eine Parallelwelt, die einmal genauer beleuchtet werden m\u00fcsste? Regelm\u00e4\u00dfig starten von Bad Salzungen Bataillonsteile in schwierige Auslandsmissionen. Wird f\u00fcr die rund 2000 Soldaten genug getan, wenn sie von diesen Eins\u00e4tzen heimkehren?<\/p>\n<p>Ja, es ist alles normal, sagt die Bundeswehr am Nachmittag.<\/p>\n<p><\/p>\n","protected":false},"excerpt":{"rendered":"<p>klasse geschrieben! <br \/>Und nicht so emotionslos trocken, nicht Fisch, nicht Fleisch, wie inzwischen die Langweiler-Nachrichten von TAGESSCHAU und HEUTE&#8230;.meist noch mit NULL-Info-Gehalt, hier ist das anders, bei der FRANKFURTER-RUNDSCHAU:<\/p>\n","protected":false},"author":2,"featured_media":0,"comment_status":"closed","ping_status":"closed","sticky":false,"template":"","format":"standard","meta":{"footnotes":""},"categories":[32],"tags":[],"class_list":["post-85970","post","type-post","status-publish","format-standard","hentry","category-supissima","entry"],"yoast_head":"<!-- This site is optimized with the Yoast SEO plugin v21.0 - https:\/\/yoast.com\/wordpress\/plugins\/seo\/ -->\n<title>PRESSE-SCHAU : FR-online: IRRFAHRT AUF DEM KASERNENHOF - Feminissima<\/title>\n<meta name=\"robots\" content=\"index, follow, max-snippet:-1, max-image-preview:large, max-video-preview:-1\" \/>\n<link rel=\"canonical\" href=\"https:\/\/feminissima.de\/index.php\/2009\/11\/03\/presse-schau-fr-online-irrfahrt-auf-dem-kasernenhof\/\" \/>\n<meta property=\"og:locale\" content=\"de_DE\" \/>\n<meta property=\"og:type\" content=\"article\" \/>\n<meta property=\"og:title\" content=\"PRESSE-SCHAU : FR-online: IRRFAHRT AUF DEM KASERNENHOF - Feminissima\" \/>\n<meta property=\"og:description\" content=\"klasse geschrieben! Und nicht so emotionslos trocken, nicht Fisch, nicht Fleisch, wie inzwischen die Langweiler-Nachrichten von TAGESSCHAU und HEUTE....meist noch mit NULL-Info-Gehalt, hier ist das anders, bei der FRANKFURTER-RUNDSCHAU:\" \/>\n<meta property=\"og:url\" content=\"https:\/\/feminissima.de\/index.php\/2009\/11\/03\/presse-schau-fr-online-irrfahrt-auf-dem-kasernenhof\/\" \/>\n<meta property=\"og:site_name\" content=\"Feminissima\" \/>\n<meta property=\"article:published_time\" content=\"2009-11-03T04:07:47+00:00\" \/>\n<meta name=\"author\" content=\"admin\" \/>\n<meta name=\"twitter:card\" content=\"summary_large_image\" \/>\n<meta name=\"twitter:label1\" content=\"Verfasst von\" \/>\n\t<meta name=\"twitter:data1\" content=\"admin\" \/>\n\t<meta name=\"twitter:label2\" content=\"Gesch\u00e4tzte Lesezeit\" \/>\n\t<meta name=\"twitter:data2\" content=\"4\u00a0Minuten\" \/>\n<script type=\"application\/ld+json\" class=\"yoast-schema-graph\">{\"@context\":\"https:\/\/schema.org\",\"@graph\":[{\"@type\":\"WebPage\",\"@id\":\"https:\/\/feminissima.de\/index.php\/2009\/11\/03\/presse-schau-fr-online-irrfahrt-auf-dem-kasernenhof\/\",\"url\":\"https:\/\/feminissima.de\/index.php\/2009\/11\/03\/presse-schau-fr-online-irrfahrt-auf-dem-kasernenhof\/\",\"name\":\"PRESSE-SCHAU : FR-online: IRRFAHRT AUF DEM KASERNENHOF - Feminissima\",\"isPartOf\":{\"@id\":\"https:\/\/feminissima.de\/#website\"},\"datePublished\":\"2009-11-03T04:07:47+00:00\",\"dateModified\":\"2009-11-03T04:07:47+00:00\",\"author\":{\"@id\":\"https:\/\/feminissima.de\/#\/schema\/person\/0b901e053624f88e7ecbea289d9d5128\"},\"breadcrumb\":{\"@id\":\"https:\/\/feminissima.de\/index.php\/2009\/11\/03\/presse-schau-fr-online-irrfahrt-auf-dem-kasernenhof\/#breadcrumb\"},\"inLanguage\":\"de\",\"potentialAction\":[{\"@type\":\"ReadAction\",\"target\":[\"https:\/\/feminissima.de\/index.php\/2009\/11\/03\/presse-schau-fr-online-irrfahrt-auf-dem-kasernenhof\/\"]}]},{\"@type\":\"BreadcrumbList\",\"@id\":\"https:\/\/feminissima.de\/index.php\/2009\/11\/03\/presse-schau-fr-online-irrfahrt-auf-dem-kasernenhof\/#breadcrumb\",\"itemListElement\":[{\"@type\":\"ListItem\",\"position\":1,\"name\":\"Startseite\",\"item\":\"https:\/\/feminissima.de\/\"},{\"@type\":\"ListItem\",\"position\":2,\"name\":\"PRESSE-SCHAU : FR-online: IRRFAHRT AUF DEM KASERNENHOF\"}]},{\"@type\":\"WebSite\",\"@id\":\"https:\/\/feminissima.de\/#website\",\"url\":\"https:\/\/feminissima.de\/\",\"name\":\"Feminissima\",\"description\":\"\",\"potentialAction\":[{\"@type\":\"SearchAction\",\"target\":{\"@type\":\"EntryPoint\",\"urlTemplate\":\"https:\/\/feminissima.de\/?s={search_term_string}\"},\"query-input\":\"required name=search_term_string\"}],\"inLanguage\":\"de\"},{\"@type\":\"Person\",\"@id\":\"https:\/\/feminissima.de\/#\/schema\/person\/0b901e053624f88e7ecbea289d9d5128\",\"name\":\"admin\",\"image\":{\"@type\":\"ImageObject\",\"inLanguage\":\"de\",\"@id\":\"https:\/\/feminissima.de\/#\/schema\/person\/image\/\",\"url\":\"https:\/\/secure.gravatar.com\/avatar\/8da1f51327453c0bf63338e8e2a791948b7d2ac19b68839492d1e69aac6924a8?s=96&d=mm&r=g\",\"contentUrl\":\"https:\/\/secure.gravatar.com\/avatar\/8da1f51327453c0bf63338e8e2a791948b7d2ac19b68839492d1e69aac6924a8?s=96&d=mm&r=g\",\"caption\":\"admin\"},\"url\":\"https:\/\/feminissima.de\/index.php\/author\/admin\/\"}]}<\/script>\n<!-- \/ Yoast SEO plugin. -->","yoast_head_json":{"title":"PRESSE-SCHAU : FR-online: IRRFAHRT AUF DEM KASERNENHOF - Feminissima","robots":{"index":"index","follow":"follow","max-snippet":"max-snippet:-1","max-image-preview":"max-image-preview:large","max-video-preview":"max-video-preview:-1"},"canonical":"https:\/\/feminissima.de\/index.php\/2009\/11\/03\/presse-schau-fr-online-irrfahrt-auf-dem-kasernenhof\/","og_locale":"de_DE","og_type":"article","og_title":"PRESSE-SCHAU : FR-online: IRRFAHRT AUF DEM KASERNENHOF - Feminissima","og_description":"klasse geschrieben! Und nicht so emotionslos trocken, nicht Fisch, nicht Fleisch, wie inzwischen die Langweiler-Nachrichten von TAGESSCHAU und HEUTE....meist noch mit NULL-Info-Gehalt, hier ist das anders, bei der FRANKFURTER-RUNDSCHAU:","og_url":"https:\/\/feminissima.de\/index.php\/2009\/11\/03\/presse-schau-fr-online-irrfahrt-auf-dem-kasernenhof\/","og_site_name":"Feminissima","article_published_time":"2009-11-03T04:07:47+00:00","author":"admin","twitter_card":"summary_large_image","twitter_misc":{"Verfasst von":"admin","Gesch\u00e4tzte Lesezeit":"4\u00a0Minuten"},"schema":{"@context":"https:\/\/schema.org","@graph":[{"@type":"WebPage","@id":"https:\/\/feminissima.de\/index.php\/2009\/11\/03\/presse-schau-fr-online-irrfahrt-auf-dem-kasernenhof\/","url":"https:\/\/feminissima.de\/index.php\/2009\/11\/03\/presse-schau-fr-online-irrfahrt-auf-dem-kasernenhof\/","name":"PRESSE-SCHAU : FR-online: IRRFAHRT AUF DEM KASERNENHOF - Feminissima","isPartOf":{"@id":"https:\/\/feminissima.de\/#website"},"datePublished":"2009-11-03T04:07:47+00:00","dateModified":"2009-11-03T04:07:47+00:00","author":{"@id":"https:\/\/feminissima.de\/#\/schema\/person\/0b901e053624f88e7ecbea289d9d5128"},"breadcrumb":{"@id":"https:\/\/feminissima.de\/index.php\/2009\/11\/03\/presse-schau-fr-online-irrfahrt-auf-dem-kasernenhof\/#breadcrumb"},"inLanguage":"de","potentialAction":[{"@type":"ReadAction","target":["https:\/\/feminissima.de\/index.php\/2009\/11\/03\/presse-schau-fr-online-irrfahrt-auf-dem-kasernenhof\/"]}]},{"@type":"BreadcrumbList","@id":"https:\/\/feminissima.de\/index.php\/2009\/11\/03\/presse-schau-fr-online-irrfahrt-auf-dem-kasernenhof\/#breadcrumb","itemListElement":[{"@type":"ListItem","position":1,"name":"Startseite","item":"https:\/\/feminissima.de\/"},{"@type":"ListItem","position":2,"name":"PRESSE-SCHAU : FR-online: IRRFAHRT AUF DEM KASERNENHOF"}]},{"@type":"WebSite","@id":"https:\/\/feminissima.de\/#website","url":"https:\/\/feminissima.de\/","name":"Feminissima","description":"","potentialAction":[{"@type":"SearchAction","target":{"@type":"EntryPoint","urlTemplate":"https:\/\/feminissima.de\/?s={search_term_string}"},"query-input":"required name=search_term_string"}],"inLanguage":"de"},{"@type":"Person","@id":"https:\/\/feminissima.de\/#\/schema\/person\/0b901e053624f88e7ecbea289d9d5128","name":"admin","image":{"@type":"ImageObject","inLanguage":"de","@id":"https:\/\/feminissima.de\/#\/schema\/person\/image\/","url":"https:\/\/secure.gravatar.com\/avatar\/8da1f51327453c0bf63338e8e2a791948b7d2ac19b68839492d1e69aac6924a8?s=96&d=mm&r=g","contentUrl":"https:\/\/secure.gravatar.com\/avatar\/8da1f51327453c0bf63338e8e2a791948b7d2ac19b68839492d1e69aac6924a8?s=96&d=mm&r=g","caption":"admin"},"url":"https:\/\/feminissima.de\/index.php\/author\/admin\/"}]}},"jetpack_featured_media_url":"","_links":{"self":[{"href":"https:\/\/feminissima.de\/index.php\/wp-json\/wp\/v2\/posts\/85970","targetHints":{"allow":["GET"]}}],"collection":[{"href":"https:\/\/feminissima.de\/index.php\/wp-json\/wp\/v2\/posts"}],"about":[{"href":"https:\/\/feminissima.de\/index.php\/wp-json\/wp\/v2\/types\/post"}],"author":[{"embeddable":true,"href":"https:\/\/feminissima.de\/index.php\/wp-json\/wp\/v2\/users\/2"}],"replies":[{"embeddable":true,"href":"https:\/\/feminissima.de\/index.php\/wp-json\/wp\/v2\/comments?post=85970"}],"version-history":[{"count":0,"href":"https:\/\/feminissima.de\/index.php\/wp-json\/wp\/v2\/posts\/85970\/revisions"}],"wp:attachment":[{"href":"https:\/\/feminissima.de\/index.php\/wp-json\/wp\/v2\/media?parent=85970"}],"wp:term":[{"taxonomy":"category","embeddable":true,"href":"https:\/\/feminissima.de\/index.php\/wp-json\/wp\/v2\/categories?post=85970"},{"taxonomy":"post_tag","embeddable":true,"href":"https:\/\/feminissima.de\/index.php\/wp-json\/wp\/v2\/tags?post=85970"}],"curies":[{"name":"wp","href":"https:\/\/api.w.org\/{rel}","templated":true}]}}