{"id":85859,"date":"2009-06-30T06:56:05","date_gmt":"2009-06-30T06:56:05","guid":{"rendered":"http:\/\/www.feminissima.de\/?p=85859"},"modified":"2009-06-30T06:56:05","modified_gmt":"2009-06-30T06:56:05","slug":"flugzeugabsturz-vor-der-ostkueste-afrikas-6-09","status":"publish","type":"post","link":"https:\/\/feminissima.de\/index.php\/2009\/06\/30\/flugzeugabsturz-vor-der-ostkueste-afrikas-6-09\/","title":{"rendered":"Flugzeugabsturz vor der Ostk\u00fcste Afrikas\/6\/09"},"content":{"rendered":"<p>Quelle &#8211; standard at.<\/p>\n<p>\nOstk\u00fcste Afrikas<br \/>\nAirbus mit 153 Passagieren abgest\u00fcrzt<br \/>\n30. Juni 2009, 06:44<\/p>\n<p>\n&#8212;&#8212;&#8212;&#8212;&#8212;&#8212;&#8212;&#8212;&#8212;&#8212;&#8212;&#8212;&#8212;&#8212;&#8212;&#8212;&#8212;&#8212;&#8212;&#8212;&#8212;&#8212;&#8212;&#8212;&#8212;&#8212;&#8211;<\/p>\n<p>Die Ursache ist noch unbekannt &#8211; Flugzeug kam aus Sanaa &#8211; &#8222;Wir wissen im Moment nicht, ob jemand \u00fcberlebt hat&#8220;<br \/>\nMoroni\/Johannesburg &#8211; Vor Afrikas Ostk\u00fcste ist ein jemenitisches Verkehrsflugzeug mit 150 Menschen an Bord aus noch unbekannter Ursache abgest\u00fcrzt. Ein Sprecher der Luftfahrtbeh\u00f6rde des Inselstaats der Komoren best\u00e4tigte am Dienstag, der zweistrahlige Airbus A 310 habe sich in schlechtem Wetter im Anflug auf den Flughafen der Stadt Moroni befunden. Die Beh\u00f6rden h\u00e4tten Gro\u00dfalarm gegeben. Informationen zu \u00dcberlebenden gebe es bisher nicht. Das Flugzeug der Yemen Airways kam aus der jemenitischen Hauptstadt Sanaa.<\/p>\n<p>Nach Angaben der Fluggesellschaft st\u00fcrzte die Maschine in den Indischen Ozean. Der Unfall habe sich etwa 15 Minuten vor der Landung in der Inselhauptstadt Moroni ereignet, sagte der Sprecher der Deutschen Presse-Agentur in Sanaa. An Bord von Flug IY 628 h\u00e4tten sich zahlreiche Komorer befunden, die in Frankreich leben.<\/p>\n<p>&#8222;Wir wissen im Moment nicht, ob jemand \u00fcberlebt hat&#8220;, sagte der Vizepr\u00e4sident des Inselstaats, Idi Nadhoim, der Nachrichtenagentur Reuters auf dem Flughafen der Hauptstadt Moroni. In Polizeikreisen hie\u00df es, die Maschine sei vor der K\u00fcste heruntergekommen. &#8222;Wir haben keinerlei Kapazit\u00e4ten f\u00fcr eine Rettung aus dem Meer&#8220;, f\u00fcgte der Polizist hinzu.<\/p>\n<p>Zwischen Madagaskar und Mosambik<\/p>\n<p>Zur Yemenia-Flotte der geh\u00f6ren unter anderem zwei Airbus 330-200. Eine Maschine dieses Typs ist vor vier Wochen auf dem Weg von Brasilien nach Frankreich in den Atlantik abgest\u00fcrzt. Keiner der 228 Menschen an Bord &#8211; darunter eine junge Tirolerin &#8211; \u00fcberlebte. Experten vermuten, dass M\u00e4ngel an den Geschwindigkeitssonden zum Absturz beigetragen haben k\u00f6nnten. Yemenia setzt seiner Internetseite zufolge zudem vier Airbus 310-300 und vier Boeing 737-800 ein.<\/p>\n<p>Die drei Inseln der Komoren liegen 300 Kilometer nordwestlich von Madagaskar und etwa gleich weit entfernt von der ostafrikanischen K\u00fcste (Mosambik). Mit einer Fl\u00e4che von knapp 1900 Quadratkilometern ist der tropische Inselstaat etwa halb so gro\u00df wie die spanische Ferieninsel Mallorca. Zur f\u00f6deralen islamischen Republik geh\u00f6ren die drei Hauptinseln Grande Comore (komorisch Njazidja), Anjouan (Nzwani) und Moh\u00e9li (Mwali) sowie mehrere Eilande. Die vierte Insel, Mayotte, hatte gegen die Unabh\u00e4ngigkeit gestimmt und blieb franz\u00f6sisch.<\/p>\n<p>A330 kam urspr\u00fcnglich aus Paris <\/p>\n<p>Das jemenitische Flugzeug kam urspr\u00fcnglich aus Paris, wie Dienstag fr\u00fch aus der franz\u00f6sischen Hauptstadt verlautete. Der Airbus A330-200 der Yemenia Air startete demnach vom Flughafen Roissy-Charles-de-Gaulle. Nach Zwischenlandungen in Marseille und Sanaa im Jemen setzte die Maschine ihren Flug nach Moroni auf den Komoren fort. Dort traf sie jedoch nicht ein, vielmehr verschwand sie von den Radarschirmen. In Roissy wurde ein Krisenstab eingerichtet.<\/p>\n<p>Unter den Passagieren waren Franzosen und B\u00fcrger des ostafrikanischen Inselstaates. Insgesamt seien 142 Flugg\u00e4ste und eine elfk\u00f6pfige Crew in der Maschine gewesen, sagte am Dienstag ein Vertreter der staatlichen jemenitischen Fluggesellschaft, f\u00fcr die die Maschine unterwegs war. Es gebe bisher keine Informationen \u00fcber \u00dcberlebende, f\u00fcgte er hinzu. (APA\/AFP\/dpa\/Reuters)<br \/>\nAirbus mit 153 Passagieren abgest\u00fcrzt [3]<\/p>\n","protected":false},"excerpt":{"rendered":"<p>Quelle &#8211; standard at.<\/p>\n","protected":false},"author":2,"featured_media":0,"comment_status":"closed","ping_status":"closed","sticky":false,"template":"","format":"standard","meta":{"footnotes":""},"categories":[16],"tags":[],"class_list":["post-85859","post","type-post","status-publish","format-standard","hentry","category-femreise","entry"],"yoast_head":"<!-- This site is optimized with the Yoast SEO plugin v21.0 - https:\/\/yoast.com\/wordpress\/plugins\/seo\/ -->\n<title>Flugzeugabsturz vor der Ostk\u00fcste Afrikas\/6\/09 - Feminissima<\/title>\n<meta name=\"robots\" content=\"index, follow, max-snippet:-1, max-image-preview:large, max-video-preview:-1\" \/>\n<link rel=\"canonical\" href=\"https:\/\/feminissima.de\/index.php\/2009\/06\/30\/flugzeugabsturz-vor-der-ostkueste-afrikas-6-09\/\" \/>\n<meta property=\"og:locale\" content=\"de_DE\" \/>\n<meta property=\"og:type\" content=\"article\" \/>\n<meta property=\"og:title\" content=\"Flugzeugabsturz vor der Ostk\u00fcste Afrikas\/6\/09 - Feminissima\" \/>\n<meta property=\"og:description\" content=\"Quelle - standard at.\" \/>\n<meta property=\"og:url\" content=\"https:\/\/feminissima.de\/index.php\/2009\/06\/30\/flugzeugabsturz-vor-der-ostkueste-afrikas-6-09\/\" \/>\n<meta property=\"og:site_name\" content=\"Feminissima\" \/>\n<meta property=\"article:published_time\" content=\"2009-06-30T06:56:05+00:00\" \/>\n<meta name=\"author\" content=\"admin\" \/>\n<meta name=\"twitter:card\" content=\"summary_large_image\" \/>\n<meta name=\"twitter:label1\" content=\"Verfasst von\" \/>\n\t<meta name=\"twitter:data1\" content=\"admin\" \/>\n\t<meta name=\"twitter:label2\" content=\"Gesch\u00e4tzte Lesezeit\" \/>\n\t<meta name=\"twitter:data2\" content=\"3\u00a0Minuten\" \/>\n<script type=\"application\/ld+json\" class=\"yoast-schema-graph\">{\"@context\":\"https:\/\/schema.org\",\"@graph\":[{\"@type\":\"WebPage\",\"@id\":\"https:\/\/feminissima.de\/index.php\/2009\/06\/30\/flugzeugabsturz-vor-der-ostkueste-afrikas-6-09\/\",\"url\":\"https:\/\/feminissima.de\/index.php\/2009\/06\/30\/flugzeugabsturz-vor-der-ostkueste-afrikas-6-09\/\",\"name\":\"Flugzeugabsturz vor der Ostk\u00fcste Afrikas\/6\/09 - Feminissima\",\"isPartOf\":{\"@id\":\"https:\/\/feminissima.de\/#website\"},\"datePublished\":\"2009-06-30T06:56:05+00:00\",\"dateModified\":\"2009-06-30T06:56:05+00:00\",\"author\":{\"@id\":\"https:\/\/feminissima.de\/#\/schema\/person\/0b901e053624f88e7ecbea289d9d5128\"},\"breadcrumb\":{\"@id\":\"https:\/\/feminissima.de\/index.php\/2009\/06\/30\/flugzeugabsturz-vor-der-ostkueste-afrikas-6-09\/#breadcrumb\"},\"inLanguage\":\"de\",\"potentialAction\":[{\"@type\":\"ReadAction\",\"target\":[\"https:\/\/feminissima.de\/index.php\/2009\/06\/30\/flugzeugabsturz-vor-der-ostkueste-afrikas-6-09\/\"]}]},{\"@type\":\"BreadcrumbList\",\"@id\":\"https:\/\/feminissima.de\/index.php\/2009\/06\/30\/flugzeugabsturz-vor-der-ostkueste-afrikas-6-09\/#breadcrumb\",\"itemListElement\":[{\"@type\":\"ListItem\",\"position\":1,\"name\":\"Startseite\",\"item\":\"https:\/\/feminissima.de\/\"},{\"@type\":\"ListItem\",\"position\":2,\"name\":\"Flugzeugabsturz vor der Ostk\u00fcste Afrikas\/6\/09\"}]},{\"@type\":\"WebSite\",\"@id\":\"https:\/\/feminissima.de\/#website\",\"url\":\"https:\/\/feminissima.de\/\",\"name\":\"Feminissima\",\"description\":\"\",\"potentialAction\":[{\"@type\":\"SearchAction\",\"target\":{\"@type\":\"EntryPoint\",\"urlTemplate\":\"https:\/\/feminissima.de\/?s={search_term_string}\"},\"query-input\":\"required name=search_term_string\"}],\"inLanguage\":\"de\"},{\"@type\":\"Person\",\"@id\":\"https:\/\/feminissima.de\/#\/schema\/person\/0b901e053624f88e7ecbea289d9d5128\",\"name\":\"admin\",\"image\":{\"@type\":\"ImageObject\",\"inLanguage\":\"de\",\"@id\":\"https:\/\/feminissima.de\/#\/schema\/person\/image\/\",\"url\":\"https:\/\/secure.gravatar.com\/avatar\/8da1f51327453c0bf63338e8e2a791948b7d2ac19b68839492d1e69aac6924a8?s=96&d=mm&r=g\",\"contentUrl\":\"https:\/\/secure.gravatar.com\/avatar\/8da1f51327453c0bf63338e8e2a791948b7d2ac19b68839492d1e69aac6924a8?s=96&d=mm&r=g\",\"caption\":\"admin\"},\"url\":\"https:\/\/feminissima.de\/index.php\/author\/admin\/\"}]}<\/script>\n<!-- \/ Yoast SEO plugin. -->","yoast_head_json":{"title":"Flugzeugabsturz vor der Ostk\u00fcste Afrikas\/6\/09 - Feminissima","robots":{"index":"index","follow":"follow","max-snippet":"max-snippet:-1","max-image-preview":"max-image-preview:large","max-video-preview":"max-video-preview:-1"},"canonical":"https:\/\/feminissima.de\/index.php\/2009\/06\/30\/flugzeugabsturz-vor-der-ostkueste-afrikas-6-09\/","og_locale":"de_DE","og_type":"article","og_title":"Flugzeugabsturz vor der Ostk\u00fcste Afrikas\/6\/09 - Feminissima","og_description":"Quelle - standard at.","og_url":"https:\/\/feminissima.de\/index.php\/2009\/06\/30\/flugzeugabsturz-vor-der-ostkueste-afrikas-6-09\/","og_site_name":"Feminissima","article_published_time":"2009-06-30T06:56:05+00:00","author":"admin","twitter_card":"summary_large_image","twitter_misc":{"Verfasst von":"admin","Gesch\u00e4tzte Lesezeit":"3\u00a0Minuten"},"schema":{"@context":"https:\/\/schema.org","@graph":[{"@type":"WebPage","@id":"https:\/\/feminissima.de\/index.php\/2009\/06\/30\/flugzeugabsturz-vor-der-ostkueste-afrikas-6-09\/","url":"https:\/\/feminissima.de\/index.php\/2009\/06\/30\/flugzeugabsturz-vor-der-ostkueste-afrikas-6-09\/","name":"Flugzeugabsturz vor der Ostk\u00fcste Afrikas\/6\/09 - Feminissima","isPartOf":{"@id":"https:\/\/feminissima.de\/#website"},"datePublished":"2009-06-30T06:56:05+00:00","dateModified":"2009-06-30T06:56:05+00:00","author":{"@id":"https:\/\/feminissima.de\/#\/schema\/person\/0b901e053624f88e7ecbea289d9d5128"},"breadcrumb":{"@id":"https:\/\/feminissima.de\/index.php\/2009\/06\/30\/flugzeugabsturz-vor-der-ostkueste-afrikas-6-09\/#breadcrumb"},"inLanguage":"de","potentialAction":[{"@type":"ReadAction","target":["https:\/\/feminissima.de\/index.php\/2009\/06\/30\/flugzeugabsturz-vor-der-ostkueste-afrikas-6-09\/"]}]},{"@type":"BreadcrumbList","@id":"https:\/\/feminissima.de\/index.php\/2009\/06\/30\/flugzeugabsturz-vor-der-ostkueste-afrikas-6-09\/#breadcrumb","itemListElement":[{"@type":"ListItem","position":1,"name":"Startseite","item":"https:\/\/feminissima.de\/"},{"@type":"ListItem","position":2,"name":"Flugzeugabsturz vor der Ostk\u00fcste Afrikas\/6\/09"}]},{"@type":"WebSite","@id":"https:\/\/feminissima.de\/#website","url":"https:\/\/feminissima.de\/","name":"Feminissima","description":"","potentialAction":[{"@type":"SearchAction","target":{"@type":"EntryPoint","urlTemplate":"https:\/\/feminissima.de\/?s={search_term_string}"},"query-input":"required name=search_term_string"}],"inLanguage":"de"},{"@type":"Person","@id":"https:\/\/feminissima.de\/#\/schema\/person\/0b901e053624f88e7ecbea289d9d5128","name":"admin","image":{"@type":"ImageObject","inLanguage":"de","@id":"https:\/\/feminissima.de\/#\/schema\/person\/image\/","url":"https:\/\/secure.gravatar.com\/avatar\/8da1f51327453c0bf63338e8e2a791948b7d2ac19b68839492d1e69aac6924a8?s=96&d=mm&r=g","contentUrl":"https:\/\/secure.gravatar.com\/avatar\/8da1f51327453c0bf63338e8e2a791948b7d2ac19b68839492d1e69aac6924a8?s=96&d=mm&r=g","caption":"admin"},"url":"https:\/\/feminissima.de\/index.php\/author\/admin\/"}]}},"jetpack_featured_media_url":"","_links":{"self":[{"href":"https:\/\/feminissima.de\/index.php\/wp-json\/wp\/v2\/posts\/85859","targetHints":{"allow":["GET"]}}],"collection":[{"href":"https:\/\/feminissima.de\/index.php\/wp-json\/wp\/v2\/posts"}],"about":[{"href":"https:\/\/feminissima.de\/index.php\/wp-json\/wp\/v2\/types\/post"}],"author":[{"embeddable":true,"href":"https:\/\/feminissima.de\/index.php\/wp-json\/wp\/v2\/users\/2"}],"replies":[{"embeddable":true,"href":"https:\/\/feminissima.de\/index.php\/wp-json\/wp\/v2\/comments?post=85859"}],"version-history":[{"count":0,"href":"https:\/\/feminissima.de\/index.php\/wp-json\/wp\/v2\/posts\/85859\/revisions"}],"wp:attachment":[{"href":"https:\/\/feminissima.de\/index.php\/wp-json\/wp\/v2\/media?parent=85859"}],"wp:term":[{"taxonomy":"category","embeddable":true,"href":"https:\/\/feminissima.de\/index.php\/wp-json\/wp\/v2\/categories?post=85859"},{"taxonomy":"post_tag","embeddable":true,"href":"https:\/\/feminissima.de\/index.php\/wp-json\/wp\/v2\/tags?post=85859"}],"curies":[{"name":"wp","href":"https:\/\/api.w.org\/{rel}","templated":true}]}}