{"id":85842,"date":"2009-06-11T09:06:44","date_gmt":"2009-06-11T09:06:44","guid":{"rendered":"http:\/\/www.feminissima.de\/?p=85842"},"modified":"2009-06-11T09:06:44","modified_gmt":"2009-06-11T09:06:44","slug":"die-unaushaltbare-fluechtigkeit-des-seins-6-09","status":"publish","type":"post","link":"https:\/\/feminissima.de\/index.php\/2009\/06\/11\/die-unaushaltbare-fluechtigkeit-des-seins-6-09\/","title":{"rendered":"Die unaushaltbare Fl\u00fcchtigkeit des Seins..\/6\/09"},"content":{"rendered":"<p>ja, und jetzt auch schon wieder sp\u00e4ter&#8230;<br \/>\nex-live-text vom 3. Juni:<br \/>3.6&#8230;.vorhin noch die Nacht, <br \/>jetzt bereits der Tag schon wieder&#8230;vorbei&#8230;<br \/>Von der Nacht in des Tages Fast-Ende &#8230;<\/p>\n<p>last page view: 2.161.170.<br \/>gestern: 1.579<br \/>heute: 165 &#8211; willkommen!<\/p>\n<p>..ganz kleiner nachttext<br \/>zwischen 1 Uhr <br \/>und 1 Uhr 30 a.m.:<\/p>\n<table width=\"100%\">\n<tr>\n<td style=\"background-image=url('images\/monet-heller.jpg')\"><font size=\"+1\"><\/p>\n<p>Soziologe Kittlaus vs Beck,<br \/>(&#8222;der sei ein Familien-Fundamentalist&#8220;)<br \/>sz pro Soziologen Beck, <br \/>sei gar einer der &#8222;intellektuellsten Intellektuellen&#8220;<br \/>der Soziologieprof und Herausgeber bei suhrkamp &#8222;Zweite Moderne&#8220; &#8211; oder?<br \/>Andere jubeln \u00fcber den l\u00e4ssig-spannenden Fu\u00dfball Deutschland gegen die Emirate, <br \/>ein Tor jagte das andere,<br \/>unz\u00e4hlige der Deutschen, <br \/>aber auch zwei der local Boys..<br \/>Staatsanwaltschaft l\u00e4sst Teile <br \/>der Kurras-Akte f\u00fcr die \u00d6ffentlichkeit sperren, ,<br \/>um neue Ermittlungen nicht zu gef\u00e4hrden.<br \/>Menschen regen sich endlich..<br \/>FEM schon l\u00e4nger..!<br \/>siehe slightly tiefer auf dieser Site, <br \/>\u00fcber die Verhinderung des STASI-CHECKS im Bundestag auf.<br \/>M\u00fcntefering (SPD),<br \/>sorgt sich <br \/>wahlkampftaktisch um die Werften.<br \/>Ja, gibt es denn noch welche?<br \/>Ein deutscher Abiturient<br \/>st\u00fcrzt von einer der Klippen an der Costa Brava ab, <br \/>Lloret de Mar, <br \/>was sonst, <br \/>Klassenabschlu\u00df-Fahrt noch selbst <br \/>organsiert.<br \/>Furchtbar.<br \/>Vom AF-Flug nichts mehr \u00fcbrig;<br \/>Schockstarre in Paris<br \/>und dauerhaftes R\u00e4tselraten, <br \/>die Angeh\u00f6rigen <br \/>noch in psychologischer Beratung,<br \/>jagt bereits jedes Thema schon das n\u00e4chste.<\/p>\n<p>Schrecklich.<br \/>Und die Zeitungen am n\u00e4chsten Morgen&#8230;<br \/>schauen uralt..<br \/>aus.<\/p>\n<p>Ist das &#8230;<br \/>wirklich&#8230;<br \/>das Leben..?<br \/>Unser Leben..?<br \/>Oder das all der geplagten Kr\u00e4fte <br \/>in den Superm\u00e4rkten?<br \/>Und jetzt :<br \/>11.000 Kita-Erzieherinnen im Ausstand.<br \/>Kein Mensch fragt nach den berufst\u00e4tigen Eltern, <br \/>und vor allem den <br \/>berufst\u00e4tigen Alleinerziehenden.<\/p>\n<p>Nirgends.<br \/>Hier aber doch.<\/p>\n<p>Das ist alles unversch\u00e4mt.<\/p>\n<p>Und nicht zu vergessen:<br \/>Da war so ein internationaler Tag des Kindes!<\/p>\n<p>Da hatten denn alle gelesen, <br \/>dass weltweit t\u00e4glich 200.000 oder viel mehr Kinder <br \/>oder waren es 2 Millionen, t\u00e4glich?<br \/>mi\u00dfbraucht werden, sexuell, <br \/>vor allem kleine M\u00e4dchen, <br \/>aber auch kleine Jungen.<br \/>Die deutsche Familienministerin legte ihre sch\u00f6ne Stirn in Falten, <br \/>und pl\u00e4dierte f\u00fcr n\u00e4heres Hinsehen.<\/p>\n<p>Sie meinte damit nat\u00fcrlich das Gegenteil.<br \/>die UNESCO lieferte die Zahlen.<br \/>Sonst nichts.<br \/>Oh doch!<br \/>Dass es vor allem die armen Kinder trifft.<br \/>Aus den noch \u00e4rmeren Teilen der Welt.<\/p>\n<p>Scharfsinnig beobachtet!<\/p>\n<p><\/tr>\n<\/table>\n","protected":false},"excerpt":{"rendered":"<p>ja, und jetzt auch schon wieder sp\u00e4ter&#8230;<br \/>\nex-live-text vom 3. Juni:<\/p>\n","protected":false},"author":2,"featured_media":0,"comment_status":"closed","ping_status":"closed","sticky":false,"template":"","format":"standard","meta":{"footnotes":""},"categories":[20],"tags":[],"class_list":["post-85842","post","type-post","status-publish","format-standard","hentry","category-impressionen","entry"],"yoast_head":"<!-- This site is optimized with the Yoast SEO plugin v21.0 - https:\/\/yoast.com\/wordpress\/plugins\/seo\/ -->\n<title>Die unaushaltbare Fl\u00fcchtigkeit des Seins..\/6\/09 - Feminissima<\/title>\n<meta name=\"robots\" content=\"index, follow, max-snippet:-1, max-image-preview:large, max-video-preview:-1\" \/>\n<link rel=\"canonical\" href=\"https:\/\/feminissima.de\/index.php\/2009\/06\/11\/die-unaushaltbare-fluechtigkeit-des-seins-6-09\/\" \/>\n<meta property=\"og:locale\" content=\"de_DE\" \/>\n<meta property=\"og:type\" content=\"article\" \/>\n<meta property=\"og:title\" content=\"Die unaushaltbare Fl\u00fcchtigkeit des Seins..\/6\/09 - Feminissima\" \/>\n<meta property=\"og:description\" content=\"ja, und jetzt auch schon wieder sp\u00e4ter... ex-live-text vom 3. Juni:\" \/>\n<meta property=\"og:url\" content=\"https:\/\/feminissima.de\/index.php\/2009\/06\/11\/die-unaushaltbare-fluechtigkeit-des-seins-6-09\/\" \/>\n<meta property=\"og:site_name\" content=\"Feminissima\" \/>\n<meta property=\"article:published_time\" content=\"2009-06-11T09:06:44+00:00\" \/>\n<meta name=\"author\" content=\"admin\" \/>\n<meta name=\"twitter:card\" content=\"summary_large_image\" \/>\n<meta name=\"twitter:label1\" content=\"Verfasst von\" \/>\n\t<meta name=\"twitter:data1\" content=\"admin\" \/>\n\t<meta name=\"twitter:label2\" content=\"Gesch\u00e4tzte Lesezeit\" \/>\n\t<meta name=\"twitter:data2\" content=\"2\u00a0Minuten\" \/>\n<script type=\"application\/ld+json\" class=\"yoast-schema-graph\">{\"@context\":\"https:\/\/schema.org\",\"@graph\":[{\"@type\":\"WebPage\",\"@id\":\"https:\/\/feminissima.de\/index.php\/2009\/06\/11\/die-unaushaltbare-fluechtigkeit-des-seins-6-09\/\",\"url\":\"https:\/\/feminissima.de\/index.php\/2009\/06\/11\/die-unaushaltbare-fluechtigkeit-des-seins-6-09\/\",\"name\":\"Die unaushaltbare Fl\u00fcchtigkeit des Seins..\/6\/09 - Feminissima\",\"isPartOf\":{\"@id\":\"https:\/\/feminissima.de\/#website\"},\"datePublished\":\"2009-06-11T09:06:44+00:00\",\"dateModified\":\"2009-06-11T09:06:44+00:00\",\"author\":{\"@id\":\"https:\/\/feminissima.de\/#\/schema\/person\/0b901e053624f88e7ecbea289d9d5128\"},\"breadcrumb\":{\"@id\":\"https:\/\/feminissima.de\/index.php\/2009\/06\/11\/die-unaushaltbare-fluechtigkeit-des-seins-6-09\/#breadcrumb\"},\"inLanguage\":\"de\",\"potentialAction\":[{\"@type\":\"ReadAction\",\"target\":[\"https:\/\/feminissima.de\/index.php\/2009\/06\/11\/die-unaushaltbare-fluechtigkeit-des-seins-6-09\/\"]}]},{\"@type\":\"BreadcrumbList\",\"@id\":\"https:\/\/feminissima.de\/index.php\/2009\/06\/11\/die-unaushaltbare-fluechtigkeit-des-seins-6-09\/#breadcrumb\",\"itemListElement\":[{\"@type\":\"ListItem\",\"position\":1,\"name\":\"Startseite\",\"item\":\"https:\/\/feminissima.de\/\"},{\"@type\":\"ListItem\",\"position\":2,\"name\":\"Die unaushaltbare Fl\u00fcchtigkeit des Seins..\/6\/09\"}]},{\"@type\":\"WebSite\",\"@id\":\"https:\/\/feminissima.de\/#website\",\"url\":\"https:\/\/feminissima.de\/\",\"name\":\"Feminissima\",\"description\":\"\",\"potentialAction\":[{\"@type\":\"SearchAction\",\"target\":{\"@type\":\"EntryPoint\",\"urlTemplate\":\"https:\/\/feminissima.de\/?s={search_term_string}\"},\"query-input\":\"required name=search_term_string\"}],\"inLanguage\":\"de\"},{\"@type\":\"Person\",\"@id\":\"https:\/\/feminissima.de\/#\/schema\/person\/0b901e053624f88e7ecbea289d9d5128\",\"name\":\"admin\",\"image\":{\"@type\":\"ImageObject\",\"inLanguage\":\"de\",\"@id\":\"https:\/\/feminissima.de\/#\/schema\/person\/image\/\",\"url\":\"https:\/\/secure.gravatar.com\/avatar\/8da1f51327453c0bf63338e8e2a791948b7d2ac19b68839492d1e69aac6924a8?s=96&d=mm&r=g\",\"contentUrl\":\"https:\/\/secure.gravatar.com\/avatar\/8da1f51327453c0bf63338e8e2a791948b7d2ac19b68839492d1e69aac6924a8?s=96&d=mm&r=g\",\"caption\":\"admin\"},\"url\":\"https:\/\/feminissima.de\/index.php\/author\/admin\/\"}]}<\/script>\n<!-- \/ Yoast SEO plugin. -->","yoast_head_json":{"title":"Die unaushaltbare Fl\u00fcchtigkeit des Seins..\/6\/09 - Feminissima","robots":{"index":"index","follow":"follow","max-snippet":"max-snippet:-1","max-image-preview":"max-image-preview:large","max-video-preview":"max-video-preview:-1"},"canonical":"https:\/\/feminissima.de\/index.php\/2009\/06\/11\/die-unaushaltbare-fluechtigkeit-des-seins-6-09\/","og_locale":"de_DE","og_type":"article","og_title":"Die unaushaltbare Fl\u00fcchtigkeit des Seins..\/6\/09 - Feminissima","og_description":"ja, und jetzt auch schon wieder sp\u00e4ter... ex-live-text vom 3. Juni:","og_url":"https:\/\/feminissima.de\/index.php\/2009\/06\/11\/die-unaushaltbare-fluechtigkeit-des-seins-6-09\/","og_site_name":"Feminissima","article_published_time":"2009-06-11T09:06:44+00:00","author":"admin","twitter_card":"summary_large_image","twitter_misc":{"Verfasst von":"admin","Gesch\u00e4tzte Lesezeit":"2\u00a0Minuten"},"schema":{"@context":"https:\/\/schema.org","@graph":[{"@type":"WebPage","@id":"https:\/\/feminissima.de\/index.php\/2009\/06\/11\/die-unaushaltbare-fluechtigkeit-des-seins-6-09\/","url":"https:\/\/feminissima.de\/index.php\/2009\/06\/11\/die-unaushaltbare-fluechtigkeit-des-seins-6-09\/","name":"Die unaushaltbare Fl\u00fcchtigkeit des Seins..\/6\/09 - Feminissima","isPartOf":{"@id":"https:\/\/feminissima.de\/#website"},"datePublished":"2009-06-11T09:06:44+00:00","dateModified":"2009-06-11T09:06:44+00:00","author":{"@id":"https:\/\/feminissima.de\/#\/schema\/person\/0b901e053624f88e7ecbea289d9d5128"},"breadcrumb":{"@id":"https:\/\/feminissima.de\/index.php\/2009\/06\/11\/die-unaushaltbare-fluechtigkeit-des-seins-6-09\/#breadcrumb"},"inLanguage":"de","potentialAction":[{"@type":"ReadAction","target":["https:\/\/feminissima.de\/index.php\/2009\/06\/11\/die-unaushaltbare-fluechtigkeit-des-seins-6-09\/"]}]},{"@type":"BreadcrumbList","@id":"https:\/\/feminissima.de\/index.php\/2009\/06\/11\/die-unaushaltbare-fluechtigkeit-des-seins-6-09\/#breadcrumb","itemListElement":[{"@type":"ListItem","position":1,"name":"Startseite","item":"https:\/\/feminissima.de\/"},{"@type":"ListItem","position":2,"name":"Die unaushaltbare Fl\u00fcchtigkeit des Seins..\/6\/09"}]},{"@type":"WebSite","@id":"https:\/\/feminissima.de\/#website","url":"https:\/\/feminissima.de\/","name":"Feminissima","description":"","potentialAction":[{"@type":"SearchAction","target":{"@type":"EntryPoint","urlTemplate":"https:\/\/feminissima.de\/?s={search_term_string}"},"query-input":"required name=search_term_string"}],"inLanguage":"de"},{"@type":"Person","@id":"https:\/\/feminissima.de\/#\/schema\/person\/0b901e053624f88e7ecbea289d9d5128","name":"admin","image":{"@type":"ImageObject","inLanguage":"de","@id":"https:\/\/feminissima.de\/#\/schema\/person\/image\/","url":"https:\/\/secure.gravatar.com\/avatar\/8da1f51327453c0bf63338e8e2a791948b7d2ac19b68839492d1e69aac6924a8?s=96&d=mm&r=g","contentUrl":"https:\/\/secure.gravatar.com\/avatar\/8da1f51327453c0bf63338e8e2a791948b7d2ac19b68839492d1e69aac6924a8?s=96&d=mm&r=g","caption":"admin"},"url":"https:\/\/feminissima.de\/index.php\/author\/admin\/"}]}},"jetpack_featured_media_url":"","_links":{"self":[{"href":"https:\/\/feminissima.de\/index.php\/wp-json\/wp\/v2\/posts\/85842","targetHints":{"allow":["GET"]}}],"collection":[{"href":"https:\/\/feminissima.de\/index.php\/wp-json\/wp\/v2\/posts"}],"about":[{"href":"https:\/\/feminissima.de\/index.php\/wp-json\/wp\/v2\/types\/post"}],"author":[{"embeddable":true,"href":"https:\/\/feminissima.de\/index.php\/wp-json\/wp\/v2\/users\/2"}],"replies":[{"embeddable":true,"href":"https:\/\/feminissima.de\/index.php\/wp-json\/wp\/v2\/comments?post=85842"}],"version-history":[{"count":0,"href":"https:\/\/feminissima.de\/index.php\/wp-json\/wp\/v2\/posts\/85842\/revisions"}],"wp:attachment":[{"href":"https:\/\/feminissima.de\/index.php\/wp-json\/wp\/v2\/media?parent=85842"}],"wp:term":[{"taxonomy":"category","embeddable":true,"href":"https:\/\/feminissima.de\/index.php\/wp-json\/wp\/v2\/categories?post=85842"},{"taxonomy":"post_tag","embeddable":true,"href":"https:\/\/feminissima.de\/index.php\/wp-json\/wp\/v2\/tags?post=85842"}],"curies":[{"name":"wp","href":"https:\/\/api.w.org\/{rel}","templated":true}]}}