{"id":85818,"date":"2009-05-30T11:16:54","date_gmt":"2009-05-30T11:16:54","guid":{"rendered":"http:\/\/www.feminissima.de\/?p=85818"},"modified":"2009-05-30T11:16:54","modified_gmt":"2009-05-30T11:16:54","slug":"sezuan-5-09","status":"publish","type":"post","link":"https:\/\/feminissima.de\/index.php\/2009\/05\/30\/sezuan-5-09\/","title":{"rendered":"Sezuan\/5\/09"},"content":{"rendered":"<p>ex-live-Text vom 12. Mai<\/p>\n<p>Das Erdbeben in Sezuan, schon ..vergessen..? China will das auf jeden Fall.<br \/>12. Mai &#8211; Der traurige Mensch von SEZUAN..und wo waren die G\u00f6tter..sie waren hilflos, <br \/>und gaben es auch zu ..<\/p>\n<p>23 Uhr 50 &#8211; Zum letzten St\u00fcndlein! (des Tages..): <\/p>\n<p>last page view: 2.084.512.<br \/>gestern: (gestern frierend&#8230;): 756<br \/>heute: 2.403 &#8211; willkommen..!<\/p>\n<table width=\"100%\">\n<tr>\n<td style=\"background-image=url('images\/monet-heller.jpg')\"><font size=\"+1\"><\/p>\n<p>Heute vor einem Jahr.<br \/>Das Erdbeben.<br \/>In Sezuan.<br \/>Eine Fl\u00e4che ..ja, <br \/>stellen wir uns vor:<br \/>Mit einem Schlag h\u00e4tte die Erde <br \/>die Bundesrepublik Deutschland verschluckt.<br \/>So gro\u00df war die Fl\u00e4che..in Sezuan.<br \/>Die das Erdbeben in Fetzen ri\u00df.<\/p>\n<p>Geben wir es doch ruhig zu:<br \/>Ohne den Fernsehbericht gerade <br \/>in den TAGESTHEMEN&#8230;<br \/>h\u00e4tten wir nicht mehr daran gedacht, oder?<\/p>\n<p>Die chinesische Zensur <br \/>scheint ja weltweit <br \/>zu funkionieren!<\/p>\n<p>Ein paar &#8222;Zahlen&#8220; zur Erinnerung.<br \/>Die machen sich ja immer so sch\u00f6n anonym.<br \/>Und je mehr, desto besser: <br \/>&#8222;good for the news!&#8220;<\/p>\n<p>Hinter jeder einzelnen Zahl jedoch, <br \/>ein buchst\u00e4blich namenloses  Schicksal.<\/p>\n<p>Denn es ist verboten, <br \/>\u00fcber die Toten zu sprechen.<br \/>Und die Trauer. <\/p>\n<p>89.000 Menschen sind ums Leben gekommen.<br \/>Und die Zahl der 5.000 Kinder,<br \/>erschlagen in ihren Schulen, <br \/>sei erst k\u00fcrzlich von der KP bekanntgegeben worden.<br \/>Nach Gr\u00fcnden f\u00fcr die einst\u00fcrzenden Schulen darf nicht gefragt werden.<\/p>\n<p>Das Interview f\u00fcr die ARD ist eigentlich keins.<br \/>Denn Aufpasser sind dabei.<br \/>Und offenbar wurde auch noch vorher eingesch\u00fcchtert.<br \/>Daf\u00fcr werden M\u00fctter mit B\u00e4uchen der Schwangerschaft gezeigt.<br \/>&#8222;Nur nach vorne schauen!&#8220;<br \/>Der Zynismus des Systems unertr\u00e4glich.<br \/>Die Kamera zeigt noch eine Zeltstra\u00dfe&#8230;,<br \/>der Zuschauer erf\u00e4hrt, <br \/>dass noch immer HUNDERTTAUSENDE ohne <br \/>festes Dach \u00fcber dem Kopf leben m\u00fcssen.<\/p>\n<p>Eine Familie, deren einziges Kind..<br \/>in China ist die 1-Kind-Familie <br \/>gesetzlich festgelegt, <br \/>beim Erdbeben umgekommen ist..<br \/>Die Mutter seither so depressiv, <br \/>dass sie nicht mehr arbeiten kann.<br \/>Ein winziger Ausschnitt aus einem Ungl\u00fcck,<br \/>einer Trag\u00f6die, <br \/>die vom Rest der Welt<br \/>hermetisch geheimgehalten wird. <\/p>\n<p>Das passt der Welt ja ganz gut&#8230;,<br \/>gerade&#8230;.<\/p>\n<p>Obwohl, die ARD feiert doch gerade, <br \/>warum eigentlich?<br \/>Eine Woche des Tremolos, <br \/>des &#8222;Ehrenamtes&#8220;..<br \/>des diskreten Melodrams, <br \/>die im Dunklen sieht man nicht, <br \/>und will man auch nicht, <br \/>und die gef\u00fchlsresistent gewordene <br \/> Sandra Maischberger fragt nun just<br \/>eine Rentnerin von 75 Jahren, <br \/>die neben ihrer Eigenrente<br \/> von 600 Euro, plus 250 Euro &#8222;Grundsicherung&#8220; vom Staat, <br \/>der nach Abzug von Miete, Versicherung, Strom, Monatsticket (Berlin), Medikamenten ,<br \/> 230 Euro zu Leben &#8222;f\u00fcr alles&#8220; bleiben<\/p>\n<p>Wie es &#8222;denn so weit hat kommen k\u00f6nnen&#8220; &#8211; <br \/>doch drei Kinder gro\u00dfgezogen!<br \/>Womit die Antwort schon gegeben..<br \/>Und ..:<\/p>\n<p>&#8222;Wie kommt man denn damit aus..?<\/p>\n<p>Daneben sitzt Uschi Glas, <br \/>nur 9 Jahre j\u00fcnger, <br \/>wie 35 aussehend, <br \/>offenbar erneut geliftet, <br \/>sie wird mit 66 Jahren immer j\u00fcnger, <br \/>die so h\u00fcbsch ehrenamtlich t\u00e4tig ist, <br \/>wie Sandra Maischberger betont..<\/p>\n<p>Doch PLUSMINUS,<br \/>vor den TAGESTHEMEN,<br \/> hat alles wieder herausgerissen.<br \/>Seit Jahren, <br \/>so meint Feminissima, <br \/>die kritischste, <br \/>aufdeckendste Verbraucher-Wirtschafts-Sendung der ARD&#8230;<br \/>enth\u00fcllte&#8230;.:<br \/>(fr\u00fcher gab es auch noch FRONTAL 21, <br \/>beim ZDF.<br \/>Ja, l\u00e4uft noch, <br \/>aber ohne Theo <br \/>wie lauer Tee)<\/p>\n<p>..wie die Deutsche Bank in Indien<br \/> tatkr\u00e4ftig mithilft, <br \/>Landschaften und Menschen zu zerst\u00f6ren, <br \/>indem sie eine Dreckschleuder-Metall-Mine <br \/>seit Jahren mit Anleihen  unterst\u00fctzt&#8230;<br \/>und uns zudem zeigte, plusminus,<br \/>woher die Deutsche Bank ihre &#8222;Gewinne&#8220; nimmt, aktuell, <br \/>so mitten..in der Krise..:<br \/>Durch Umbuchungen..ah!<\/p>\n<p>Nat\u00fcrlich, <br \/>nat\u00fcrlich geht es uns pr\u00e4chtig&#8230;.<\/p>\n<p>Selbstverst\u00e4ndlich&#8230;!<\/p>\n<p>Und erst im Vergleich zu&#8230;.!<\/p>\n<p>Es wird ja gern verglichen.<\/p>\n<p>Ja, was wird aus den Menschen in Sezuan?<br \/>Und was wird aus der Oma von 75 Jahren in Berlin&#8230;??<\/p>\n<\/tr>\n<\/table>\n","protected":false},"excerpt":{"rendered":"<p>ex-live-Text vom 12. Mai<\/p>\n<p>Das Erdbeben in Sezuan, schon ..vergessen..? China will das auf jeden Fall.<\/p>\n","protected":false},"author":2,"featured_media":0,"comment_status":"closed","ping_status":"closed","sticky":false,"template":"","format":"standard","meta":{"footnotes":""},"categories":[28],"tags":[],"class_list":["post-85818","post","type-post","status-publish","format-standard","hentry","category-reportage","entry"],"yoast_head":"<!-- This site is optimized with the Yoast SEO plugin v21.0 - https:\/\/yoast.com\/wordpress\/plugins\/seo\/ -->\n<title>Sezuan\/5\/09 - Feminissima<\/title>\n<meta name=\"robots\" content=\"index, follow, max-snippet:-1, max-image-preview:large, max-video-preview:-1\" \/>\n<link rel=\"canonical\" href=\"https:\/\/feminissima.de\/index.php\/2009\/05\/30\/sezuan-5-09\/\" \/>\n<meta property=\"og:locale\" content=\"de_DE\" \/>\n<meta property=\"og:type\" content=\"article\" \/>\n<meta property=\"og:title\" content=\"Sezuan\/5\/09 - Feminissima\" \/>\n<meta property=\"og:description\" content=\"ex-live-Text vom 12. Mai Das Erdbeben in Sezuan, schon ..vergessen..? China will das auf jeden Fall.\" \/>\n<meta property=\"og:url\" content=\"https:\/\/feminissima.de\/index.php\/2009\/05\/30\/sezuan-5-09\/\" \/>\n<meta property=\"og:site_name\" content=\"Feminissima\" \/>\n<meta property=\"article:published_time\" content=\"2009-05-30T11:16:54+00:00\" \/>\n<meta name=\"author\" content=\"admin\" \/>\n<meta name=\"twitter:card\" content=\"summary_large_image\" \/>\n<meta name=\"twitter:label1\" content=\"Verfasst von\" \/>\n\t<meta name=\"twitter:data1\" content=\"admin\" \/>\n\t<meta name=\"twitter:label2\" content=\"Gesch\u00e4tzte Lesezeit\" \/>\n\t<meta name=\"twitter:data2\" content=\"3\u00a0Minuten\" \/>\n<script type=\"application\/ld+json\" class=\"yoast-schema-graph\">{\"@context\":\"https:\/\/schema.org\",\"@graph\":[{\"@type\":\"WebPage\",\"@id\":\"https:\/\/feminissima.de\/index.php\/2009\/05\/30\/sezuan-5-09\/\",\"url\":\"https:\/\/feminissima.de\/index.php\/2009\/05\/30\/sezuan-5-09\/\",\"name\":\"Sezuan\/5\/09 - Feminissima\",\"isPartOf\":{\"@id\":\"https:\/\/feminissima.de\/#website\"},\"datePublished\":\"2009-05-30T11:16:54+00:00\",\"dateModified\":\"2009-05-30T11:16:54+00:00\",\"author\":{\"@id\":\"https:\/\/feminissima.de\/#\/schema\/person\/0b901e053624f88e7ecbea289d9d5128\"},\"breadcrumb\":{\"@id\":\"https:\/\/feminissima.de\/index.php\/2009\/05\/30\/sezuan-5-09\/#breadcrumb\"},\"inLanguage\":\"de\",\"potentialAction\":[{\"@type\":\"ReadAction\",\"target\":[\"https:\/\/feminissima.de\/index.php\/2009\/05\/30\/sezuan-5-09\/\"]}]},{\"@type\":\"BreadcrumbList\",\"@id\":\"https:\/\/feminissima.de\/index.php\/2009\/05\/30\/sezuan-5-09\/#breadcrumb\",\"itemListElement\":[{\"@type\":\"ListItem\",\"position\":1,\"name\":\"Startseite\",\"item\":\"https:\/\/feminissima.de\/\"},{\"@type\":\"ListItem\",\"position\":2,\"name\":\"Sezuan\/5\/09\"}]},{\"@type\":\"WebSite\",\"@id\":\"https:\/\/feminissima.de\/#website\",\"url\":\"https:\/\/feminissima.de\/\",\"name\":\"Feminissima\",\"description\":\"\",\"potentialAction\":[{\"@type\":\"SearchAction\",\"target\":{\"@type\":\"EntryPoint\",\"urlTemplate\":\"https:\/\/feminissima.de\/?s={search_term_string}\"},\"query-input\":\"required name=search_term_string\"}],\"inLanguage\":\"de\"},{\"@type\":\"Person\",\"@id\":\"https:\/\/feminissima.de\/#\/schema\/person\/0b901e053624f88e7ecbea289d9d5128\",\"name\":\"admin\",\"image\":{\"@type\":\"ImageObject\",\"inLanguage\":\"de\",\"@id\":\"https:\/\/feminissima.de\/#\/schema\/person\/image\/\",\"url\":\"https:\/\/secure.gravatar.com\/avatar\/8da1f51327453c0bf63338e8e2a791948b7d2ac19b68839492d1e69aac6924a8?s=96&d=mm&r=g\",\"contentUrl\":\"https:\/\/secure.gravatar.com\/avatar\/8da1f51327453c0bf63338e8e2a791948b7d2ac19b68839492d1e69aac6924a8?s=96&d=mm&r=g\",\"caption\":\"admin\"},\"url\":\"https:\/\/feminissima.de\/index.php\/author\/admin\/\"}]}<\/script>\n<!-- \/ Yoast SEO plugin. -->","yoast_head_json":{"title":"Sezuan\/5\/09 - Feminissima","robots":{"index":"index","follow":"follow","max-snippet":"max-snippet:-1","max-image-preview":"max-image-preview:large","max-video-preview":"max-video-preview:-1"},"canonical":"https:\/\/feminissima.de\/index.php\/2009\/05\/30\/sezuan-5-09\/","og_locale":"de_DE","og_type":"article","og_title":"Sezuan\/5\/09 - Feminissima","og_description":"ex-live-Text vom 12. Mai Das Erdbeben in Sezuan, schon ..vergessen..? China will das auf jeden Fall.","og_url":"https:\/\/feminissima.de\/index.php\/2009\/05\/30\/sezuan-5-09\/","og_site_name":"Feminissima","article_published_time":"2009-05-30T11:16:54+00:00","author":"admin","twitter_card":"summary_large_image","twitter_misc":{"Verfasst von":"admin","Gesch\u00e4tzte Lesezeit":"3\u00a0Minuten"},"schema":{"@context":"https:\/\/schema.org","@graph":[{"@type":"WebPage","@id":"https:\/\/feminissima.de\/index.php\/2009\/05\/30\/sezuan-5-09\/","url":"https:\/\/feminissima.de\/index.php\/2009\/05\/30\/sezuan-5-09\/","name":"Sezuan\/5\/09 - Feminissima","isPartOf":{"@id":"https:\/\/feminissima.de\/#website"},"datePublished":"2009-05-30T11:16:54+00:00","dateModified":"2009-05-30T11:16:54+00:00","author":{"@id":"https:\/\/feminissima.de\/#\/schema\/person\/0b901e053624f88e7ecbea289d9d5128"},"breadcrumb":{"@id":"https:\/\/feminissima.de\/index.php\/2009\/05\/30\/sezuan-5-09\/#breadcrumb"},"inLanguage":"de","potentialAction":[{"@type":"ReadAction","target":["https:\/\/feminissima.de\/index.php\/2009\/05\/30\/sezuan-5-09\/"]}]},{"@type":"BreadcrumbList","@id":"https:\/\/feminissima.de\/index.php\/2009\/05\/30\/sezuan-5-09\/#breadcrumb","itemListElement":[{"@type":"ListItem","position":1,"name":"Startseite","item":"https:\/\/feminissima.de\/"},{"@type":"ListItem","position":2,"name":"Sezuan\/5\/09"}]},{"@type":"WebSite","@id":"https:\/\/feminissima.de\/#website","url":"https:\/\/feminissima.de\/","name":"Feminissima","description":"","potentialAction":[{"@type":"SearchAction","target":{"@type":"EntryPoint","urlTemplate":"https:\/\/feminissima.de\/?s={search_term_string}"},"query-input":"required name=search_term_string"}],"inLanguage":"de"},{"@type":"Person","@id":"https:\/\/feminissima.de\/#\/schema\/person\/0b901e053624f88e7ecbea289d9d5128","name":"admin","image":{"@type":"ImageObject","inLanguage":"de","@id":"https:\/\/feminissima.de\/#\/schema\/person\/image\/","url":"https:\/\/secure.gravatar.com\/avatar\/8da1f51327453c0bf63338e8e2a791948b7d2ac19b68839492d1e69aac6924a8?s=96&d=mm&r=g","contentUrl":"https:\/\/secure.gravatar.com\/avatar\/8da1f51327453c0bf63338e8e2a791948b7d2ac19b68839492d1e69aac6924a8?s=96&d=mm&r=g","caption":"admin"},"url":"https:\/\/feminissima.de\/index.php\/author\/admin\/"}]}},"jetpack_featured_media_url":"","_links":{"self":[{"href":"https:\/\/feminissima.de\/index.php\/wp-json\/wp\/v2\/posts\/85818","targetHints":{"allow":["GET"]}}],"collection":[{"href":"https:\/\/feminissima.de\/index.php\/wp-json\/wp\/v2\/posts"}],"about":[{"href":"https:\/\/feminissima.de\/index.php\/wp-json\/wp\/v2\/types\/post"}],"author":[{"embeddable":true,"href":"https:\/\/feminissima.de\/index.php\/wp-json\/wp\/v2\/users\/2"}],"replies":[{"embeddable":true,"href":"https:\/\/feminissima.de\/index.php\/wp-json\/wp\/v2\/comments?post=85818"}],"version-history":[{"count":0,"href":"https:\/\/feminissima.de\/index.php\/wp-json\/wp\/v2\/posts\/85818\/revisions"}],"wp:attachment":[{"href":"https:\/\/feminissima.de\/index.php\/wp-json\/wp\/v2\/media?parent=85818"}],"wp:term":[{"taxonomy":"category","embeddable":true,"href":"https:\/\/feminissima.de\/index.php\/wp-json\/wp\/v2\/categories?post=85818"},{"taxonomy":"post_tag","embeddable":true,"href":"https:\/\/feminissima.de\/index.php\/wp-json\/wp\/v2\/tags?post=85818"}],"curies":[{"name":"wp","href":"https:\/\/api.w.org\/{rel}","templated":true}]}}