{"id":85817,"date":"2009-05-30T11:13:21","date_gmt":"2009-05-30T11:13:21","guid":{"rendered":"http:\/\/www.feminissima.de\/?p=85817"},"modified":"2009-05-30T11:13:21","modified_gmt":"2009-05-30T11:13:21","slug":"benno-o-sein-moerder-5-09","status":"publish","type":"post","link":"https:\/\/feminissima.de\/index.php\/2009\/05\/30\/benno-o-sein-moerder-5-09\/","title":{"rendered":"Benno O. &#8211;  sein M\u00f6rder! \/5\/09"},"content":{"rendered":"<p>atmo-repo vom 22. Mai: nein, ein Aufschrei!<br \/>22. Mai &#8211;  Lachen erstirbt &#8211;  Benno Ohnesorgs M\u00f6rder war gedungen &#8211; ein IM!<br \/>Last page view: 2.118.061.<br \/>gestern: 1.740<br \/>heute: 1.523. &#8211; willkommen!<\/p>\n<p>\n11 Uhr 17 \/ update 13:30  &#8211; Guten Tag ..!<\/p>\n<table width=\"100%\">\n<tr>\n<td style=\"background-image=url('images\/monet-heller.jpg')\"><font size=\"+1\"><\/p>\n<p>Da werden jetzt<br \/> aber manche fein triumphierend..<br \/> und sehr b\u00f6se l\u00e4cheln&#8230;,<br \/>oder sich kreischend<br \/>vor Begeisterung&#8230;<br \/>auf die Schultern klopfend&#8230;.<br \/>die das Leben der anderen so&#8230;<br \/>und die so fantastische Langzeitwirkung..<br \/>von der keiner etwas ahnte&#8230;bis &#8230;heute..??<\/p>\n<p>Unsere j\u00fcngere &#8222;WEST-&#8222;Vergangenheit,<br \/>kurze 40 Jahre..nicht wahr&#8230;<\/p>\n<p>(Die der anderen<br \/> endete in den KZs,<br \/>vor mehr als 60 Jahren&#8230;)<\/p>\n<p> unsere Sicht..<br \/> der Dinge.. <br \/>und Ereignisse &#8211; <\/p>\n<p>sagen wir&#8230;<br \/>der <\/p>\n<p>&#8222;Fast-noch-Gegenwart..?&#8220;<\/p>\n<p>Alles FAKE!!<br \/>Eine Illusion, zerplatzt. <br \/>Wir wurden wie die Ochsen<br \/> mit dem Ring in der Nase vorgef\u00fchrt <br \/>..und gelenkt..!<\/p>\n<p>Guillaume konnte Willy Brandt st\u00fcrzen.<br \/>Und sie waren so naiv, <br \/>und dachten, <br \/>that was it all!<br \/>Tote an den <br \/>deutsch-deutschen Grenzen<br \/> wurden vertuscht.<br \/>Um die Ostpolitik&#8230;.<br \/>nicht zu gef\u00e4hrden&#8230;<\/p>\n<p>Was die DDR uns alles angetan hat!!<\/p>\n<p>Da reicht es nicht aus, <br \/>jetzt noch einmal diesen <br \/>gedungenen M\u00f6rder Karl-Heinz Kurras, <br \/>im H\u00e4uschen im Gr\u00fcnen<br \/> beschaulich in Berlin-Spandau lebend&#8230;<br \/>seine erneute Anklage zu fordern.<\/p>\n<p>Man m\u00fc\u00dfte die sofortige Aufl\u00f6sung<br \/> der PDS fordern, <br \/>die sich in &#8222;DER LINKEN&#8220; versteckt: <\/p>\n<p>Diese miesen SED-Kader von einst!!<br \/>Sie aus dem Land jagen. <br \/>Buchst\u00e4blich dorthin, <br \/>wo der Pfeffer w\u00e4chst!<br \/>Sie sind nicht akzeptabel <br \/>in einer modernen Demokratie,<br \/>die sich zumindest so zu verstehen glaubt..<\/p>\n<p>Jener 2. Juni 1967.<br \/>Anti-Schah Protest in Berlin.<br \/>Polizei sch\u00fctzt die Obrigkeit<br \/> und kn\u00fcppelt auf die Protestierenden ein.<\/p>\n<p>Dass es Ohnesorg traf,<br \/>und zwar t\u00f6dlich, <br \/>jener Schu\u00df, <br \/>der um die Welt ging?<br \/>..et qui a marqu\u00e9 le d\u00e9but de..<br \/>Der den Beginn einer ungeheuren Radikalisierung <br \/>in der Bundesrepublik markierte,<br \/>den Beginn<\/p>\n<p>der Studentenrevolte,<br \/>der RAF, <br \/>der Bewegung &#8222;2. Juni&#8220;&#8230;<br \/> Polizei wurde zum  Buhmann der Nation.<br \/>Umsomehr als Kurras<br \/> freigesprochen wurde&#8230;<\/p>\n<p>Es schien alles der pure Zufall?<br \/>Ungl\u00fcckliche Verkettung..<\/p>\n<p>Offenbar nicht.<br \/>Benno Ohnesorg  <br \/>war ein besonders &#8222;unschuldiges Opfer&#8220;, <br \/>um es einmal so ungeschickt vielleicht auszudr\u00fccken.<br \/>Er war auf dem Nachhauseweg.<br \/>Nichts weiter.<br \/>Als er in die b\u00fcrgerkriegs\u00e4hnlichen Zust\u00e4nde geriet, <br \/>auf seinem Heimweg, <br \/>in Charlottenburg.<\/p>\n<p>Er war zur falschen Zeit am falschen Ort. <br \/>Und war es auch zuf\u00e4llig der Fotograf,<br \/>der das unvergleichliche,<br \/>unvergessene Foto,<br \/>diesen &#8222;Schnappschu\u00df&#8220; gemacht hat?<br \/>Nein, er schien ..zuf\u00e4llig..?<br \/>am richtigen Ort..?<\/p>\n<p>Der sterbende Student, <br \/>der Sch\u00fctze \u00fcber ihn gebeugt, <br \/>Kurras, der Polizst.<br \/>In Wirklichkeit<br \/>ein Spion?!<br \/> Ein Agent Provocateur der DDR!<br \/>Der STASI!<\/p>\n<p>Dies haben jetzt zwei Mitarbeiter<br \/> der BIRTHLER-Beh\u00f6rde herausgefunden.<\/p>\n<p>Und in dieser Sekunde fragst du dich &#8211; <\/p>\n<p>willst du wirklich in diesem Land bleiben?<\/p>\n<p>Die Verr\u00e4ter vielleicht der Nachbar, <br \/>in Berlin,<br \/>vor allem in Berlin, <br \/>der t\u00e4glich seinen Hund an dir vorbei spazieren f\u00fchrt <br \/>und dich freundlich gr\u00fc\u00dft?<\/p>\n<p>Du zitterst am ganzen K\u00f6rper.<br \/>Dir ist eiskalt.<\/p>\n<p>Und eigentlich m\u00f6chtest du, <br \/>wenn du k\u00f6nntest, <br \/>dieses Land<br \/>mit seinen so f\u00fcrchterlichen Charakteren,<\/p>\n<p>f\u00fcr immer, <br \/>wirklich f\u00fcr immer,<br \/>verlassen.<\/p>\n<p>Es bricht alles zusammen.<\/p>\n<p>Und morgen wollen sie hier in Berlin <br \/>rund um das Brandenburger Tor..<br \/>60 Jahre Bundesrepublik feiern.<\/p>\n<p>Das Erbe der Nazis.<\/p>\n<p>Nein, danke!<\/p>\n<p>Sie tun ja immer so, <br \/>Ossies wie Wessies,<br \/>als seien sie von jeher &#8222;getrennt&#8220; gewesen.<br \/>Dabei sind sie doch gemeinsam Hitler<br \/> willig nachgefolgt, <br \/>damals als Gesamt-Republik,<br \/>namens ..noch Weimarer Republik.<br \/>So ungeliebt&#8230;dieses zarte und so <br \/>kurzlebige Pfl\u00e4nzlein Demokratie..<\/p>\n<p>Jene Cliquen&#8230;:<br \/>Das obrigkeitsw\u00fctige Geschehen<br \/> unter Kaiser-Wilhelm-dem Dummen..<br \/>herbeisehnend-zur\u00fccksehnend.<br \/>Das Volk sollte doch bitte-sehr-weiterhin-<br \/>nichts-zu-sagen-haben!<br \/>Die Gro\u00dfindustrie half Hitler willig auf den M\u00f6rder-Thron.<br \/>Und die Elb-Junker des Ostens&#8230;<br \/>Und mit dem sogenannten DRITTEN REICH,<br \/>marschierten die deutschen Stiefel erneut in die Welt&#8230;<br \/>Tod und Verderben bringend.<br \/>Wenn Sadismus eine Heimat suchte, <br \/>es w\u00e4re Deutschland.<br \/>Die Ossies also genauso Nazis wie die Wessies.<\/p>\n<p>Sie haben es nach au\u00dfen in der Zwischenzeit vergessen.<\/p>\n<p>Als sowjetische<\/p>\n<p>Zone einverleibt,<br \/>nach dem endlich verlorenen Zweiten Weltkrieg.<br \/>Und entsprechend hirn-washed.<br \/>So dass sie seither allen Ernstes glauben, <br \/>ihre Vorfahren oder jetzt noch Lebenden.<br \/>seien niemals Nazis gewesen.<\/p>\n<p>Sicher haben sie denn in der STASI <br \/>eine willkommene Fortsetzung ihres fr\u00fcheren Daseins als GESTAPO..<br \/>gefunden.<\/p>\n<p>Himmel, ist das auf den Magen geschlagen, <br \/>>diese<br \/> schockierende News&#8230;<br \/>in den 10 Uhr-30 Nachrichten<br \/> eines Berliner Senders geh\u00f6rt.<br \/>Sie hat dich von einer Sekunde auf die andere<br \/>innerlich zerrissen, <br \/>auseinandergerissen.<br \/>J\u00e4h kapierst du, wie Radikalisierung entsteht.<br \/>J\u00e4h sp\u00fcrst du diesen Impuls:<br \/> Bo\u00df weg aus diesem Ost-Berlin.<br \/>Aus em Osten, <br \/>und am besten aus diesem Deutschland.<br \/>Die Flucht, das Exil&#8230;<br \/>Um <br \/>nicht radikal zu werden..?<b\n\n\n\n\n\n\n\n\n\n\n\n<br \/>Online jetzt mehr Infos und Kommentare.<\/p>\n<p>Die Zusammenschl\u00fcsse der DDR-Opfer<br \/>fordern die neue Anklage wegen MORDES<br \/>f\u00fcr Kurras.<br \/>Was wird dabei alles aufbrechen:<\/p>\n<p>\u00dcBERF\u00c4LLIG!!<br \/>Auch wenn es noch so weh tut&#8230;<\/p>\n<\/tr>\n<\/table>\n","protected":false},"excerpt":{"rendered":"<p>atmo-repo vom 22. Mai: nein, ein Aufschrei!<\/p>\n","protected":false},"author":2,"featured_media":0,"comment_status":"closed","ping_status":"closed","sticky":false,"template":"","format":"standard","meta":{"footnotes":""},"categories":[28],"tags":[],"class_list":["post-85817","post","type-post","status-publish","format-standard","hentry","category-reportage","entry"],"yoast_head":"<!-- This site is optimized with the Yoast SEO plugin v21.0 - https:\/\/yoast.com\/wordpress\/plugins\/seo\/ -->\n<title>Benno O. - sein M\u00f6rder! \/5\/09 - Feminissima<\/title>\n<meta name=\"robots\" content=\"index, follow, max-snippet:-1, max-image-preview:large, max-video-preview:-1\" \/>\n<link rel=\"canonical\" href=\"https:\/\/feminissima.de\/index.php\/2009\/05\/30\/benno-o-sein-moerder-5-09\/\" \/>\n<meta property=\"og:locale\" content=\"de_DE\" \/>\n<meta property=\"og:type\" content=\"article\" \/>\n<meta property=\"og:title\" content=\"Benno O. - sein M\u00f6rder! \/5\/09 - Feminissima\" \/>\n<meta property=\"og:description\" content=\"atmo-repo vom 22. Mai: nein, ein Aufschrei!\" \/>\n<meta property=\"og:url\" content=\"https:\/\/feminissima.de\/index.php\/2009\/05\/30\/benno-o-sein-moerder-5-09\/\" \/>\n<meta property=\"og:site_name\" content=\"Feminissima\" \/>\n<meta property=\"article:published_time\" content=\"2009-05-30T11:13:21+00:00\" \/>\n<meta name=\"author\" content=\"admin\" \/>\n<meta name=\"twitter:card\" content=\"summary_large_image\" \/>\n<meta name=\"twitter:label1\" content=\"Verfasst von\" \/>\n\t<meta name=\"twitter:data1\" content=\"admin\" \/>\n\t<meta name=\"twitter:label2\" content=\"Gesch\u00e4tzte Lesezeit\" \/>\n\t<meta name=\"twitter:data2\" content=\"4\u00a0Minuten\" \/>\n<script type=\"application\/ld+json\" class=\"yoast-schema-graph\">{\"@context\":\"https:\/\/schema.org\",\"@graph\":[{\"@type\":\"WebPage\",\"@id\":\"https:\/\/feminissima.de\/index.php\/2009\/05\/30\/benno-o-sein-moerder-5-09\/\",\"url\":\"https:\/\/feminissima.de\/index.php\/2009\/05\/30\/benno-o-sein-moerder-5-09\/\",\"name\":\"Benno O. - sein M\u00f6rder! \/5\/09 - Feminissima\",\"isPartOf\":{\"@id\":\"https:\/\/feminissima.de\/#website\"},\"datePublished\":\"2009-05-30T11:13:21+00:00\",\"dateModified\":\"2009-05-30T11:13:21+00:00\",\"author\":{\"@id\":\"https:\/\/feminissima.de\/#\/schema\/person\/0b901e053624f88e7ecbea289d9d5128\"},\"breadcrumb\":{\"@id\":\"https:\/\/feminissima.de\/index.php\/2009\/05\/30\/benno-o-sein-moerder-5-09\/#breadcrumb\"},\"inLanguage\":\"de\",\"potentialAction\":[{\"@type\":\"ReadAction\",\"target\":[\"https:\/\/feminissima.de\/index.php\/2009\/05\/30\/benno-o-sein-moerder-5-09\/\"]}]},{\"@type\":\"BreadcrumbList\",\"@id\":\"https:\/\/feminissima.de\/index.php\/2009\/05\/30\/benno-o-sein-moerder-5-09\/#breadcrumb\",\"itemListElement\":[{\"@type\":\"ListItem\",\"position\":1,\"name\":\"Startseite\",\"item\":\"https:\/\/feminissima.de\/\"},{\"@type\":\"ListItem\",\"position\":2,\"name\":\"Benno O. &#8211; sein M\u00f6rder! \/5\/09\"}]},{\"@type\":\"WebSite\",\"@id\":\"https:\/\/feminissima.de\/#website\",\"url\":\"https:\/\/feminissima.de\/\",\"name\":\"Feminissima\",\"description\":\"\",\"potentialAction\":[{\"@type\":\"SearchAction\",\"target\":{\"@type\":\"EntryPoint\",\"urlTemplate\":\"https:\/\/feminissima.de\/?s={search_term_string}\"},\"query-input\":\"required name=search_term_string\"}],\"inLanguage\":\"de\"},{\"@type\":\"Person\",\"@id\":\"https:\/\/feminissima.de\/#\/schema\/person\/0b901e053624f88e7ecbea289d9d5128\",\"name\":\"admin\",\"image\":{\"@type\":\"ImageObject\",\"inLanguage\":\"de\",\"@id\":\"https:\/\/feminissima.de\/#\/schema\/person\/image\/\",\"url\":\"https:\/\/secure.gravatar.com\/avatar\/8da1f51327453c0bf63338e8e2a791948b7d2ac19b68839492d1e69aac6924a8?s=96&d=mm&r=g\",\"contentUrl\":\"https:\/\/secure.gravatar.com\/avatar\/8da1f51327453c0bf63338e8e2a791948b7d2ac19b68839492d1e69aac6924a8?s=96&d=mm&r=g\",\"caption\":\"admin\"},\"url\":\"https:\/\/feminissima.de\/index.php\/author\/admin\/\"}]}<\/script>\n<!-- \/ Yoast SEO plugin. -->","yoast_head_json":{"title":"Benno O. - sein M\u00f6rder! \/5\/09 - Feminissima","robots":{"index":"index","follow":"follow","max-snippet":"max-snippet:-1","max-image-preview":"max-image-preview:large","max-video-preview":"max-video-preview:-1"},"canonical":"https:\/\/feminissima.de\/index.php\/2009\/05\/30\/benno-o-sein-moerder-5-09\/","og_locale":"de_DE","og_type":"article","og_title":"Benno O. - sein M\u00f6rder! \/5\/09 - Feminissima","og_description":"atmo-repo vom 22. Mai: nein, ein Aufschrei!","og_url":"https:\/\/feminissima.de\/index.php\/2009\/05\/30\/benno-o-sein-moerder-5-09\/","og_site_name":"Feminissima","article_published_time":"2009-05-30T11:13:21+00:00","author":"admin","twitter_card":"summary_large_image","twitter_misc":{"Verfasst von":"admin","Gesch\u00e4tzte Lesezeit":"4\u00a0Minuten"},"schema":{"@context":"https:\/\/schema.org","@graph":[{"@type":"WebPage","@id":"https:\/\/feminissima.de\/index.php\/2009\/05\/30\/benno-o-sein-moerder-5-09\/","url":"https:\/\/feminissima.de\/index.php\/2009\/05\/30\/benno-o-sein-moerder-5-09\/","name":"Benno O. - sein M\u00f6rder! \/5\/09 - Feminissima","isPartOf":{"@id":"https:\/\/feminissima.de\/#website"},"datePublished":"2009-05-30T11:13:21+00:00","dateModified":"2009-05-30T11:13:21+00:00","author":{"@id":"https:\/\/feminissima.de\/#\/schema\/person\/0b901e053624f88e7ecbea289d9d5128"},"breadcrumb":{"@id":"https:\/\/feminissima.de\/index.php\/2009\/05\/30\/benno-o-sein-moerder-5-09\/#breadcrumb"},"inLanguage":"de","potentialAction":[{"@type":"ReadAction","target":["https:\/\/feminissima.de\/index.php\/2009\/05\/30\/benno-o-sein-moerder-5-09\/"]}]},{"@type":"BreadcrumbList","@id":"https:\/\/feminissima.de\/index.php\/2009\/05\/30\/benno-o-sein-moerder-5-09\/#breadcrumb","itemListElement":[{"@type":"ListItem","position":1,"name":"Startseite","item":"https:\/\/feminissima.de\/"},{"@type":"ListItem","position":2,"name":"Benno O. &#8211; sein M\u00f6rder! \/5\/09"}]},{"@type":"WebSite","@id":"https:\/\/feminissima.de\/#website","url":"https:\/\/feminissima.de\/","name":"Feminissima","description":"","potentialAction":[{"@type":"SearchAction","target":{"@type":"EntryPoint","urlTemplate":"https:\/\/feminissima.de\/?s={search_term_string}"},"query-input":"required name=search_term_string"}],"inLanguage":"de"},{"@type":"Person","@id":"https:\/\/feminissima.de\/#\/schema\/person\/0b901e053624f88e7ecbea289d9d5128","name":"admin","image":{"@type":"ImageObject","inLanguage":"de","@id":"https:\/\/feminissima.de\/#\/schema\/person\/image\/","url":"https:\/\/secure.gravatar.com\/avatar\/8da1f51327453c0bf63338e8e2a791948b7d2ac19b68839492d1e69aac6924a8?s=96&d=mm&r=g","contentUrl":"https:\/\/secure.gravatar.com\/avatar\/8da1f51327453c0bf63338e8e2a791948b7d2ac19b68839492d1e69aac6924a8?s=96&d=mm&r=g","caption":"admin"},"url":"https:\/\/feminissima.de\/index.php\/author\/admin\/"}]}},"jetpack_featured_media_url":"","_links":{"self":[{"href":"https:\/\/feminissima.de\/index.php\/wp-json\/wp\/v2\/posts\/85817","targetHints":{"allow":["GET"]}}],"collection":[{"href":"https:\/\/feminissima.de\/index.php\/wp-json\/wp\/v2\/posts"}],"about":[{"href":"https:\/\/feminissima.de\/index.php\/wp-json\/wp\/v2\/types\/post"}],"author":[{"embeddable":true,"href":"https:\/\/feminissima.de\/index.php\/wp-json\/wp\/v2\/users\/2"}],"replies":[{"embeddable":true,"href":"https:\/\/feminissima.de\/index.php\/wp-json\/wp\/v2\/comments?post=85817"}],"version-history":[{"count":0,"href":"https:\/\/feminissima.de\/index.php\/wp-json\/wp\/v2\/posts\/85817\/revisions"}],"wp:attachment":[{"href":"https:\/\/feminissima.de\/index.php\/wp-json\/wp\/v2\/media?parent=85817"}],"wp:term":[{"taxonomy":"category","embeddable":true,"href":"https:\/\/feminissima.de\/index.php\/wp-json\/wp\/v2\/categories?post=85817"},{"taxonomy":"post_tag","embeddable":true,"href":"https:\/\/feminissima.de\/index.php\/wp-json\/wp\/v2\/tags?post=85817"}],"curies":[{"name":"wp","href":"https:\/\/api.w.org\/{rel}","templated":true}]}}