{"id":85812,"date":"2009-05-30T10:51:30","date_gmt":"2009-05-30T10:51:30","guid":{"rendered":"http:\/\/www.feminissima.de\/?p=85812"},"modified":"2009-05-30T10:51:30","modified_gmt":"2009-05-30T10:51:30","slug":"amy-tori-5-09","status":"publish","type":"post","link":"https:\/\/feminissima.de\/index.php\/2009\/05\/30\/amy-tori-5-09\/","title":{"rendered":"Amy, Tori &#038; &#8211; \/5\/09"},"content":{"rendered":"<p>PIAZZA so ne Art &#8222;Boulevard&#8230;&#8220; &#8211; <\/p>\n<p>live-text vom 23. 5. 09<br \/>23.5. &#8211; Geht es Amy wieder schlechter? \/Tori Amos is back\/Was macht SINEAD?15 UHR &#8211; IM HINTERGRUND EIN CHOR-AUFSCHREI:<br \/>Erwartungsgem\u00e4\u00df erhielt der bisherige Bundespr\u00e4sident K\u00f6hler<br \/>gleich auf Anhieb..<br \/>die absolute Mehrheit, ,<br \/>Na bitte, <br \/>blo\u00df nichts Neues!<\/p>\n<table width=\"100%\">\n<tr>\n<td style=\"background-image=url('images\/monet-heller.jpg')\"><font size=\"+1\"><\/p>\n<p>\nlast page view: 2.122.410.<br \/>gestern: 2.817.<br \/>heute: 3.055 &#8211; ja, willkommen, of course..!<br \/>Etwas matt, die Texte.<br \/>Letzten Samstag schon fast 10.000 page views <br \/>um diese Uhrzeit,<br \/> aber der Text war auch &#8230;<br \/>na, noch da,<br \/>just scroll down,<br \/>weiter unten..<br \/>beinah schon gel\u00f6scht..<br \/>\u00fcber Illies <br \/>und das Heft MONOPOL ..<br \/>und den sogenannten &#8222;Kunstmarkt&#8220;&#8230;<br \/>und warum gerade in Berlin so ..<br \/>Es gab ja das St\u00fcck &#8222;DAS MEESE-SYNDROM&#8220;,<br \/>beim diesj\u00e4hrigen BERLINER THEATERTREFFEN,<br \/>das am 19. Mai zu Ende ging, <br \/>nicht ohne diverse Preis-Verleihungen, <br \/>nat\u00fcrlich, <br \/>jetzt auch ein 3-sat-Preis,<br \/>und heute Abend, <br \/>ach so, ja die Kunst, <br \/>beleuchtet 3-sat den Berliner Markt und die Szene der Teuer-Kunst&#8230;<br \/>ob Kunst steht dahin, <\/p>\n<p>ja, zur\u00fcck zum Thema von <br \/>vor einer Woche,<br \/>zeitlos, klar, <<br \/>wurde daraus stattdessen,<br \/> ein Gedanke&#8230;.<br \/>der irgendwie \u00fcber den online-Weg gelaufen, <br \/> \u00fcber Illies damals,<br \/>die Generation Gold, pardon Golf,<br \/> und heute..Ringier und so <br \/>und andere..<\/p>\n<p>es ist halb drei und du solltest ( wolltest??)<br \/> schon l\u00e4ngst-l\u00e4ngst..<br \/>woanders sein:<br \/>Die Entscheidung ist so schwer..<br \/>Wohin&#8230;?<br \/>Dorthin oder dort..?<br \/>Gefahr..h\u00e4ngenzubleiben..<br \/>und zu versumpfen..<br \/>in the daylight of an innocent afternoon..?<br \/>Im Schatten des Bambus..<\/p>\n<p>Oder auch&#8230;vielleicht ..?<br \/>Nee, <br \/>gleich gar nicht,<br \/>oder doch..?<br \/>Na, mal sehen!<br \/>Und die Suche nach einem echten, klassischen<br \/> Liegestuhl, <br \/>gestreift, jawoll.<br \/>Keine Gartenliege f\u00fcr 300 Euro..!<br \/>Sondern einen Liegestuhl um die 13 bis 15 Euro, mennooo!!!<br \/>Ach so, geht auch online..?<\/p>\n<p>IN K\u00dcRZE MEHR<br \/> \u00dcBER DEN ZUSAMENBRUCH<br \/> DEUTSCHER&#8230;die nicht immer deutsch&#8230;<br \/>KAUFH\u00c4USER&#8230;<\/p>\n<p>______<\/p>\n<p>Die letzten Fotos von ihr, von Amy,<br \/>sind so d\u00fcster wie immer.<br \/>Lassen nicht wirklich glauben, <br \/>dass es ihr &#8222;far away from London&#8220;..<br \/>besser gehe..<\/p>\n<p>Nun sagte sie, <br \/>&#8222;ohne Angaben von Gr\u00fcnden&#8220;<br \/>ihr f\u00fcr Ende Mai geplantes<br \/> erstes Konzert seit langem&#8230;ab.<br \/>Und auch noch back home, in London!<\/p>\n<p>Ihre Fans sind untr\u00f6stlich.<br \/>Was nutzt ihnen da schon<br \/> &#8222;Geld zur\u00fcck&#8220;, <br \/>f\u00fcr die Eintrittskarten&#8230;<\/p>\n<p>Hope that ..<br \/>dass Amy es schafft&#8230;!!!<br \/>Es ist halb 3 &#8211; <br \/>im Hintergrund, <br \/>das Radio im R\u00fccken..,<br \/>so leise, dass du keine Details verstehst, <br \/>erklingen von Zeit zu Zeit Stimmen, <br \/>als Unterbrechung von..<br \/>und du wei\u00dft,<br \/>es hat, so wie es sich selbst..<br \/>so unscharf,  <br \/>ja, sie haben etwas mit der<br \/> Pr\u00e4sidentenwahl zu tun..<br \/>Staatsoberhaupt,<br \/>die Dekoration, <br \/>you know,<br \/>die ja bei uns letztlich nichts&#8230;wirklich..<br \/>Aber trotzdem..:<br \/>Hype &#038; Hymne  &#8211; !<\/p>\n<p>*******<\/p>\n<p>Eigentlich hie\u00df es vor ein paar Jahren, <br \/>Tori AMOS habe sich alle..<br \/>Traumata von der Seele gesungen&#8230;<br \/>aus der Seele raus&#8230;!<br \/>Und sei dann halt, <br \/>so befreit, <br \/>logischerweise &#8211; <br \/>verstummt!<br \/>Makes sense.<br \/>Andere behaupteten,<br \/>endlich Mutter geworden zu sei, <br \/>habe sie so gl\u00fccklich gemacht, <br \/>dass sie nicht mehr singen brauchte. <\/p>\n<p>Now she is back.<br \/>Hoffentlich auch ohne Trauma.<br \/>Ohne neues, ist gemeint.<\/p>\n<p>Und wieder wie einst,<br \/>she, herself, &#038; the piano&#8230;only.<br \/>Zwischendurch ja mit Orchestra&#8230;<br \/>Aber das war nicht so&#8230;<br \/>SIE ist die Pianistin..!<br \/>And a Song-Schreiber und Singer..!<br \/>Mal anh\u00f6ren&#8230;!!!<\/p>\n<p>What about SINEAD O&#8217;CONNOR??<\/p>\n<p>Mal herum-lauschen.<\/p>\n<p>Noch immer die G\u00e4nsehaut&#8230;,<br \/>wenn von jetzt auf gleich&#8230;<br \/>na, you know&#8230;<br \/>ihr einziger Song&#8230;<\/p>\n<p>die Einsamkeit &#8230;der Liebekummer-Hungrigen&#8230;<\/p>\n<p>der Song ALLER Liebekummer-Hungrigen&#8230;<br \/>&#8222;Nothing compares to you..!&#8220;<br \/>Heulecke, wo bist du!,<br \/>the joint venture <br \/>des Liebes-Ungl\u00fccks&#8230;<\/p>\n<\/tr>\n<\/table>\n<p><\/p>\n","protected":false},"excerpt":{"rendered":"<p>PIAZZA so ne Art &#8222;Boulevard&#8230;&#8220; &#8211; <\/p>\n<p>live-text vom 23. 5. 09<\/p>\n","protected":false},"author":2,"featured_media":0,"comment_status":"closed","ping_status":"closed","sticky":false,"template":"","format":"standard","meta":{"footnotes":""},"categories":[25],"tags":[],"class_list":["post-85812","post","type-post","status-publish","format-standard","hentry","category-piazza","entry"],"yoast_head":"<!-- This site is optimized with the Yoast SEO plugin v21.0 - https:\/\/yoast.com\/wordpress\/plugins\/seo\/ -->\n<title>Amy, Tori &amp; - \/5\/09 - Feminissima<\/title>\n<meta name=\"robots\" content=\"index, follow, max-snippet:-1, max-image-preview:large, max-video-preview:-1\" \/>\n<link rel=\"canonical\" href=\"https:\/\/feminissima.de\/index.php\/2009\/05\/30\/amy-tori-5-09\/\" \/>\n<meta property=\"og:locale\" content=\"de_DE\" \/>\n<meta property=\"og:type\" content=\"article\" \/>\n<meta property=\"og:title\" content=\"Amy, Tori &amp; - \/5\/09 - Feminissima\" \/>\n<meta property=\"og:description\" content=\"PIAZZA so ne Art &quot;Boulevard...&quot; - live-text vom 23. 5. 09\" \/>\n<meta property=\"og:url\" content=\"https:\/\/feminissima.de\/index.php\/2009\/05\/30\/amy-tori-5-09\/\" \/>\n<meta property=\"og:site_name\" content=\"Feminissima\" \/>\n<meta property=\"article:published_time\" content=\"2009-05-30T10:51:30+00:00\" \/>\n<meta name=\"author\" content=\"admin\" \/>\n<meta name=\"twitter:card\" content=\"summary_large_image\" \/>\n<meta name=\"twitter:label1\" content=\"Verfasst von\" \/>\n\t<meta name=\"twitter:data1\" content=\"admin\" \/>\n\t<meta name=\"twitter:label2\" content=\"Gesch\u00e4tzte Lesezeit\" \/>\n\t<meta name=\"twitter:data2\" content=\"1\u00a0Minute\" \/>\n<script type=\"application\/ld+json\" class=\"yoast-schema-graph\">{\"@context\":\"https:\/\/schema.org\",\"@graph\":[{\"@type\":\"WebPage\",\"@id\":\"https:\/\/feminissima.de\/index.php\/2009\/05\/30\/amy-tori-5-09\/\",\"url\":\"https:\/\/feminissima.de\/index.php\/2009\/05\/30\/amy-tori-5-09\/\",\"name\":\"Amy, Tori & - \/5\/09 - Feminissima\",\"isPartOf\":{\"@id\":\"https:\/\/feminissima.de\/#website\"},\"datePublished\":\"2009-05-30T10:51:30+00:00\",\"dateModified\":\"2009-05-30T10:51:30+00:00\",\"author\":{\"@id\":\"https:\/\/feminissima.de\/#\/schema\/person\/0b901e053624f88e7ecbea289d9d5128\"},\"breadcrumb\":{\"@id\":\"https:\/\/feminissima.de\/index.php\/2009\/05\/30\/amy-tori-5-09\/#breadcrumb\"},\"inLanguage\":\"de\",\"potentialAction\":[{\"@type\":\"ReadAction\",\"target\":[\"https:\/\/feminissima.de\/index.php\/2009\/05\/30\/amy-tori-5-09\/\"]}]},{\"@type\":\"BreadcrumbList\",\"@id\":\"https:\/\/feminissima.de\/index.php\/2009\/05\/30\/amy-tori-5-09\/#breadcrumb\",\"itemListElement\":[{\"@type\":\"ListItem\",\"position\":1,\"name\":\"Startseite\",\"item\":\"https:\/\/feminissima.de\/\"},{\"@type\":\"ListItem\",\"position\":2,\"name\":\"Amy, Tori &#038; &#8211; \/5\/09\"}]},{\"@type\":\"WebSite\",\"@id\":\"https:\/\/feminissima.de\/#website\",\"url\":\"https:\/\/feminissima.de\/\",\"name\":\"Feminissima\",\"description\":\"\",\"potentialAction\":[{\"@type\":\"SearchAction\",\"target\":{\"@type\":\"EntryPoint\",\"urlTemplate\":\"https:\/\/feminissima.de\/?s={search_term_string}\"},\"query-input\":\"required name=search_term_string\"}],\"inLanguage\":\"de\"},{\"@type\":\"Person\",\"@id\":\"https:\/\/feminissima.de\/#\/schema\/person\/0b901e053624f88e7ecbea289d9d5128\",\"name\":\"admin\",\"image\":{\"@type\":\"ImageObject\",\"inLanguage\":\"de\",\"@id\":\"https:\/\/feminissima.de\/#\/schema\/person\/image\/\",\"url\":\"https:\/\/secure.gravatar.com\/avatar\/8da1f51327453c0bf63338e8e2a791948b7d2ac19b68839492d1e69aac6924a8?s=96&d=mm&r=g\",\"contentUrl\":\"https:\/\/secure.gravatar.com\/avatar\/8da1f51327453c0bf63338e8e2a791948b7d2ac19b68839492d1e69aac6924a8?s=96&d=mm&r=g\",\"caption\":\"admin\"},\"url\":\"https:\/\/feminissima.de\/index.php\/author\/admin\/\"}]}<\/script>\n<!-- \/ Yoast SEO plugin. -->","yoast_head_json":{"title":"Amy, Tori & - \/5\/09 - Feminissima","robots":{"index":"index","follow":"follow","max-snippet":"max-snippet:-1","max-image-preview":"max-image-preview:large","max-video-preview":"max-video-preview:-1"},"canonical":"https:\/\/feminissima.de\/index.php\/2009\/05\/30\/amy-tori-5-09\/","og_locale":"de_DE","og_type":"article","og_title":"Amy, Tori & - \/5\/09 - Feminissima","og_description":"PIAZZA so ne Art \"Boulevard...\" - live-text vom 23. 5. 09","og_url":"https:\/\/feminissima.de\/index.php\/2009\/05\/30\/amy-tori-5-09\/","og_site_name":"Feminissima","article_published_time":"2009-05-30T10:51:30+00:00","author":"admin","twitter_card":"summary_large_image","twitter_misc":{"Verfasst von":"admin","Gesch\u00e4tzte Lesezeit":"1\u00a0Minute"},"schema":{"@context":"https:\/\/schema.org","@graph":[{"@type":"WebPage","@id":"https:\/\/feminissima.de\/index.php\/2009\/05\/30\/amy-tori-5-09\/","url":"https:\/\/feminissima.de\/index.php\/2009\/05\/30\/amy-tori-5-09\/","name":"Amy, Tori & - \/5\/09 - Feminissima","isPartOf":{"@id":"https:\/\/feminissima.de\/#website"},"datePublished":"2009-05-30T10:51:30+00:00","dateModified":"2009-05-30T10:51:30+00:00","author":{"@id":"https:\/\/feminissima.de\/#\/schema\/person\/0b901e053624f88e7ecbea289d9d5128"},"breadcrumb":{"@id":"https:\/\/feminissima.de\/index.php\/2009\/05\/30\/amy-tori-5-09\/#breadcrumb"},"inLanguage":"de","potentialAction":[{"@type":"ReadAction","target":["https:\/\/feminissima.de\/index.php\/2009\/05\/30\/amy-tori-5-09\/"]}]},{"@type":"BreadcrumbList","@id":"https:\/\/feminissima.de\/index.php\/2009\/05\/30\/amy-tori-5-09\/#breadcrumb","itemListElement":[{"@type":"ListItem","position":1,"name":"Startseite","item":"https:\/\/feminissima.de\/"},{"@type":"ListItem","position":2,"name":"Amy, Tori &#038; &#8211; \/5\/09"}]},{"@type":"WebSite","@id":"https:\/\/feminissima.de\/#website","url":"https:\/\/feminissima.de\/","name":"Feminissima","description":"","potentialAction":[{"@type":"SearchAction","target":{"@type":"EntryPoint","urlTemplate":"https:\/\/feminissima.de\/?s={search_term_string}"},"query-input":"required name=search_term_string"}],"inLanguage":"de"},{"@type":"Person","@id":"https:\/\/feminissima.de\/#\/schema\/person\/0b901e053624f88e7ecbea289d9d5128","name":"admin","image":{"@type":"ImageObject","inLanguage":"de","@id":"https:\/\/feminissima.de\/#\/schema\/person\/image\/","url":"https:\/\/secure.gravatar.com\/avatar\/8da1f51327453c0bf63338e8e2a791948b7d2ac19b68839492d1e69aac6924a8?s=96&d=mm&r=g","contentUrl":"https:\/\/secure.gravatar.com\/avatar\/8da1f51327453c0bf63338e8e2a791948b7d2ac19b68839492d1e69aac6924a8?s=96&d=mm&r=g","caption":"admin"},"url":"https:\/\/feminissima.de\/index.php\/author\/admin\/"}]}},"jetpack_featured_media_url":"","_links":{"self":[{"href":"https:\/\/feminissima.de\/index.php\/wp-json\/wp\/v2\/posts\/85812","targetHints":{"allow":["GET"]}}],"collection":[{"href":"https:\/\/feminissima.de\/index.php\/wp-json\/wp\/v2\/posts"}],"about":[{"href":"https:\/\/feminissima.de\/index.php\/wp-json\/wp\/v2\/types\/post"}],"author":[{"embeddable":true,"href":"https:\/\/feminissima.de\/index.php\/wp-json\/wp\/v2\/users\/2"}],"replies":[{"embeddable":true,"href":"https:\/\/feminissima.de\/index.php\/wp-json\/wp\/v2\/comments?post=85812"}],"version-history":[{"count":0,"href":"https:\/\/feminissima.de\/index.php\/wp-json\/wp\/v2\/posts\/85812\/revisions"}],"wp:attachment":[{"href":"https:\/\/feminissima.de\/index.php\/wp-json\/wp\/v2\/media?parent=85812"}],"wp:term":[{"taxonomy":"category","embeddable":true,"href":"https:\/\/feminissima.de\/index.php\/wp-json\/wp\/v2\/categories?post=85812"},{"taxonomy":"post_tag","embeddable":true,"href":"https:\/\/feminissima.de\/index.php\/wp-json\/wp\/v2\/tags?post=85812"}],"curies":[{"name":"wp","href":"https:\/\/api.w.org\/{rel}","templated":true}]}}