{"id":85717,"date":"2009-03-14T02:41:15","date_gmt":"2009-03-14T02:41:15","guid":{"rendered":"http:\/\/www.feminissima.de\/?p=85717"},"modified":"2009-03-14T02:41:15","modified_gmt":"2009-03-14T02:41:15","slug":"medienterror-in-winnenden-3-09","status":"publish","type":"post","link":"https:\/\/feminissima.de\/index.php\/2009\/03\/14\/medienterror-in-winnenden-3-09\/","title":{"rendered":"Medienterror in Winnenden\/3\/09"},"content":{"rendered":"<p>Medien-Terror in Winnenden: Die Sensationskarawane zieht weiter<\/p>\n<p>Beobachtungen eines Einwohners, zugleich Chefredakteur von W&#038;V :<br \/>Der TEXT VERDIENT EINE &#8222;Supissima!&#8220; <\/p>\n<p>\nMedien-Terror in Winnenden: Die Sensationskarawane zieht weiter<\/p>\n<p>Kamera-Teams und Katastrophen-Touristen haben die Kleinstadt Winnenden heimgesucht. W&#038;V-Chefredakteur Jochen Kalka wohnt mit seiner Familie in Winnenden und schildert einen medialen Ausnahmezustand, der vieles \u00fcbert\u00fcncht und manche Frage offenl\u00e4sst. <\/p>\n<p>Schluss mit der Stille in der Stadt Winnenden. Schlagartig f\u00fcllte sich am gestrigen Donnerstag der kleine Ort. Mehr und mehr Fernsehteams belagerten die Stadt, viele kamen direkt aus K\u00f6ln, wo sie das Schlimmste des Einsturzdramas bereits im Kasten hatten. Sch\u00f6n, dass Winnenden so nahtlos \u00fcberging. <\/p>\n<p>Dort suhlten sich dann mehr als 40 Teams mit ihren \u00dcbertragungswagen im vom Regen geschw\u00e4ngerten Dreck. 28 Wagen schafften es mit ihren gigantischen Satellitensch\u00fcsseln in die unmittelbare N\u00e4he der Albertville-Realschule. <\/p>\n<p>Weil es regnete, stellten Dutzende von Fernsehanstalten Zelte auf, die sie professionell ausleuchteten. Rund um den Tatort sah es aus wie auf einem Rummelplatz. Immerhin hielten die mutigsten Kameraleute einen Abstand von rund sieben Metern vor dem Blumenmeer ein. Trauernde Sch\u00fcler und Sch\u00fclerinnen, die nicht von Mikrofonen \u00fcberfallen oder von grellen Kamerascheinwerfern geblendet werden wollten, wichen aus, legten ihre Blumen und Kerzen in der N\u00e4he ab. Jeder der umliegenden B\u00e4ume wurde einem Opfer zugedacht.<\/p>\n<p>Neben den vielen Reportern, die auch aus der Schweiz, aus Frankreich, von CNN und dem arabischen Sender Al-Dschasira gekommen waren, gesellten sich mit zunehmendem Abend immer mehr Touristen dazu. Wie Heuschrecken fielen ab 16 Uhr Massen von Schaulustigen ein. In der Kleinstadt ging f\u00fcr drei Stunden nichts mehr. Die Polizei begann, Stra\u00dfen komplett zu sperren, etwa an der Schlosskirche, wo die Abendtrauer stattfand. Oder sie machte die kleinen Gassen kurzzeitig zu Einbahnstra\u00dfen, etwa die Albertviller, weil es schlicht kein Durchkommen mehr gab. <\/p>\n<p>Die Nummernschilder standen f\u00fcr St\u00e4dte aus einem Umkreis von 300 Kilometern. Es gab wohl viele Touristen, &#8222;deren innere Stimme ihnen sagte: Fahr dort hin&#8220;. Und die dann ihre Eindr\u00fccke ungeniert fotografierten und stolz ins Netz stellten, etwa Fotos vom Fris\u00f6r &#8222;Hairkiller&#8220;, der gro\u00df mit &#8222;Killer-Preisen&#8220; wirbt. Die beiden Hotels und die wenigen Pensionen sind komplett ausgebucht, der einzige McDonald\u00b4s macht den Umsatz seines Lebens.<\/p>\n<p>Am heutigen Freitag brechen sie fast alle wieder auf. Keine zehn \u00dcbertragungswagen sind zu Mittag mehr in der Stadt. Die Sch\u00fcler der Stadt laufen alle Arm in Arm durch die Gassen, mit h\u00e4ngenden K\u00f6pfen. &#8222;Ich kann die Reporter nicht mehr sehen&#8220;, sagen sie, &#8222;Ob er es im Internet angek\u00fcndigt hat oder nicht, macht jetzt auch keinen Unterschied mehr&#8220;. Weiterhin berichten die Medien nur \u00fcber den T\u00e4ter. Schuld seien die Lehrer, sagt etwa am Abend im ARD-Brennpunkt die Frau aus Mainz, die sich Psychologin nennt und forsch auf kompetent macht. Schuld seien die Computerspiele, thematisiert auch noch am heutigen Freitag bald jede Zeitung, zumal der T\u00e4ter genau die Spiele zu Hause hat, mit denen fast jeder Sch\u00fcler spielt. <\/p>\n<p>Auch das mangelnde Waffengesetz wird thematisiert, nicht aber, warum der Vater eines geistig kranken Jungen, der in der Psychiatrie in Behandlung ist, zu Hause seine Waffen offen herumliegen l\u00e4sst.<\/p>\n<p>Und es wird auch nicht thematisiert, dass es hier jetzt 15 Familien gibt, bei der jeweils seit Mittwoch ein Mensch weniger am Tisch sitzt. Zum Beispiel bei dem frisch verheirateten Polizisten, der einer der ersten am Tatort war und seine eigene Frau, eine junge Lehrerin, dort tot vorfand. Es wird nicht dar\u00fcber berichtet, wie in den Parks und rund um die Kleinstadt Menschen in DRK-Montur herumirren. Mit immer noch fassungslosen, leeren Gesichtern. Solchen, die die Kameras doch so gerne einfangen. <\/p>\n<p>Es wird nicht dar\u00fcber berichtet, wie sich die Kinder in gro\u00dfen Gruppen treffen, wie sie Hunde, fremde Hunde ausf\u00fchren, um sich abzulenken, wie sie sagen. Kaum ein Wort \u00fcber die Trauerzimmer, die im gesamten Schulzentrum eingerichtet wurden, \u00fcber die &#8222;Gl\u00fcckssteine&#8220;, die von den Lehrern verteilt wurden, damit sie die Kinder zu den Blumen und Kerzen legen k\u00f6nnen. &#8222;Keiner wollte rote Steine, die erinnern an Blut.&#8220;<\/p>\n<p>Das alles m\u00fcssen die Medien auch nicht berichten. Aber sie m\u00fcssen nicht tagelang vermelden, welch armes Opfer der T\u00e4ter war. Wieso sollen sich ausgerechnet die echten Opfer, die, die \u00fcberlebt haben, schuldig f\u00fchlen? Das ist unsensibel. Das ist nicht fair. Das ist piet\u00e4tlos und verherrlicht letztendlich den M\u00f6rder. So werden heute schon Nachahmer geboren.<\/p>\n<p>Vermutlich w\u00e4re es am besten, Medien w\u00fcrden \u00fcberhaupt nicht \u00fcber einen Massenmord an Schulen berichten. Als 1980 im ZDF der Sechsteiler &#8222;Tod eines Sch\u00fclers&#8220; lief, brachten sich Massen von jungen Menschen um. Seither haben sich Medien darauf verst\u00e4ndigt, nicht mehr \u00fcber Selbstmorde zu schreiben. Das macht den Selbstmord ziemlich unattraktiv. <\/p>\n<p>Auch ein Massenmord oder ein Amoklauf ist dann f\u00fcr minderwertigkeitsgetriebene Selbstverherrlicher nicht mehr so interessant, wenn nicht &#8211; oder nur minimalst &#8211; dar\u00fcber berichtet werden w\u00fcrde. Oder wollen wir Medien solche Ereignisse? Wollen wir so etwas f\u00fcr die Quoten und Auflagen? Die Kioskbesitzerin am Winnender Marktplatz k\u00f6nnte darauf verzichten.<\/p>\n<p>Die Kreissparkasse Waiblingen hat in Abstimmung mit der Stadt Winnenden ein Spendenkonto f\u00fcr die Opfer des Amoklaufes eingericht. &#8222;Spendenkonto Opfer Winnenden&#8220;, Kreissparkasse Waiblingen, Bankleitzahl: 602 500 10, Kontonummer: 158 00 202. <\/p>\n","protected":false},"excerpt":{"rendered":"<p>Medien-Terror in Winnenden: Die Sensationskarawane zieht weiter<\/p>\n<p>Beobachtungen eines Einwohners, zugleich Chefredakteur von W&#038;V :<br \/>Der TEXT VERDIENT EINE &#8222;Supissima!&#8220; <\/p>\n","protected":false},"author":2,"featured_media":0,"comment_status":"closed","ping_status":"closed","sticky":false,"template":"","format":"standard","meta":{"footnotes":""},"categories":[32],"tags":[],"class_list":["post-85717","post","type-post","status-publish","format-standard","hentry","category-supissima","entry"],"yoast_head":"<!-- This site is optimized with the Yoast SEO plugin v21.0 - https:\/\/yoast.com\/wordpress\/plugins\/seo\/ -->\n<title>Medienterror in Winnenden\/3\/09 - Feminissima<\/title>\n<meta name=\"robots\" content=\"index, follow, max-snippet:-1, max-image-preview:large, max-video-preview:-1\" \/>\n<link rel=\"canonical\" href=\"https:\/\/feminissima.de\/index.php\/2009\/03\/14\/medienterror-in-winnenden-3-09\/\" \/>\n<meta property=\"og:locale\" content=\"de_DE\" \/>\n<meta property=\"og:type\" content=\"article\" \/>\n<meta property=\"og:title\" content=\"Medienterror in Winnenden\/3\/09 - Feminissima\" \/>\n<meta property=\"og:description\" content=\"Medien-Terror in Winnenden: Die Sensationskarawane zieht weiter Beobachtungen eines Einwohners, zugleich Chefredakteur von W&amp;V :Der TEXT VERDIENT EINE &quot;Supissima!&quot;\" \/>\n<meta property=\"og:url\" content=\"https:\/\/feminissima.de\/index.php\/2009\/03\/14\/medienterror-in-winnenden-3-09\/\" \/>\n<meta property=\"og:site_name\" content=\"Feminissima\" \/>\n<meta property=\"article:published_time\" content=\"2009-03-14T02:41:15+00:00\" \/>\n<meta name=\"author\" content=\"admin\" \/>\n<meta name=\"twitter:card\" content=\"summary_large_image\" \/>\n<meta name=\"twitter:label1\" content=\"Verfasst von\" \/>\n\t<meta name=\"twitter:data1\" content=\"admin\" \/>\n\t<meta name=\"twitter:label2\" content=\"Gesch\u00e4tzte Lesezeit\" \/>\n\t<meta name=\"twitter:data2\" content=\"4\u00a0Minuten\" \/>\n<script type=\"application\/ld+json\" class=\"yoast-schema-graph\">{\"@context\":\"https:\/\/schema.org\",\"@graph\":[{\"@type\":\"WebPage\",\"@id\":\"https:\/\/feminissima.de\/index.php\/2009\/03\/14\/medienterror-in-winnenden-3-09\/\",\"url\":\"https:\/\/feminissima.de\/index.php\/2009\/03\/14\/medienterror-in-winnenden-3-09\/\",\"name\":\"Medienterror in Winnenden\/3\/09 - Feminissima\",\"isPartOf\":{\"@id\":\"https:\/\/feminissima.de\/#website\"},\"datePublished\":\"2009-03-14T02:41:15+00:00\",\"dateModified\":\"2009-03-14T02:41:15+00:00\",\"author\":{\"@id\":\"https:\/\/feminissima.de\/#\/schema\/person\/0b901e053624f88e7ecbea289d9d5128\"},\"breadcrumb\":{\"@id\":\"https:\/\/feminissima.de\/index.php\/2009\/03\/14\/medienterror-in-winnenden-3-09\/#breadcrumb\"},\"inLanguage\":\"de\",\"potentialAction\":[{\"@type\":\"ReadAction\",\"target\":[\"https:\/\/feminissima.de\/index.php\/2009\/03\/14\/medienterror-in-winnenden-3-09\/\"]}]},{\"@type\":\"BreadcrumbList\",\"@id\":\"https:\/\/feminissima.de\/index.php\/2009\/03\/14\/medienterror-in-winnenden-3-09\/#breadcrumb\",\"itemListElement\":[{\"@type\":\"ListItem\",\"position\":1,\"name\":\"Startseite\",\"item\":\"https:\/\/feminissima.de\/\"},{\"@type\":\"ListItem\",\"position\":2,\"name\":\"Medienterror in Winnenden\/3\/09\"}]},{\"@type\":\"WebSite\",\"@id\":\"https:\/\/feminissima.de\/#website\",\"url\":\"https:\/\/feminissima.de\/\",\"name\":\"Feminissima\",\"description\":\"\",\"potentialAction\":[{\"@type\":\"SearchAction\",\"target\":{\"@type\":\"EntryPoint\",\"urlTemplate\":\"https:\/\/feminissima.de\/?s={search_term_string}\"},\"query-input\":\"required name=search_term_string\"}],\"inLanguage\":\"de\"},{\"@type\":\"Person\",\"@id\":\"https:\/\/feminissima.de\/#\/schema\/person\/0b901e053624f88e7ecbea289d9d5128\",\"name\":\"admin\",\"image\":{\"@type\":\"ImageObject\",\"inLanguage\":\"de\",\"@id\":\"https:\/\/feminissima.de\/#\/schema\/person\/image\/\",\"url\":\"https:\/\/secure.gravatar.com\/avatar\/8da1f51327453c0bf63338e8e2a791948b7d2ac19b68839492d1e69aac6924a8?s=96&d=mm&r=g\",\"contentUrl\":\"https:\/\/secure.gravatar.com\/avatar\/8da1f51327453c0bf63338e8e2a791948b7d2ac19b68839492d1e69aac6924a8?s=96&d=mm&r=g\",\"caption\":\"admin\"},\"url\":\"https:\/\/feminissima.de\/index.php\/author\/admin\/\"}]}<\/script>\n<!-- \/ Yoast SEO plugin. -->","yoast_head_json":{"title":"Medienterror in Winnenden\/3\/09 - Feminissima","robots":{"index":"index","follow":"follow","max-snippet":"max-snippet:-1","max-image-preview":"max-image-preview:large","max-video-preview":"max-video-preview:-1"},"canonical":"https:\/\/feminissima.de\/index.php\/2009\/03\/14\/medienterror-in-winnenden-3-09\/","og_locale":"de_DE","og_type":"article","og_title":"Medienterror in Winnenden\/3\/09 - Feminissima","og_description":"Medien-Terror in Winnenden: Die Sensationskarawane zieht weiter Beobachtungen eines Einwohners, zugleich Chefredakteur von W&V :Der TEXT VERDIENT EINE \"Supissima!\"","og_url":"https:\/\/feminissima.de\/index.php\/2009\/03\/14\/medienterror-in-winnenden-3-09\/","og_site_name":"Feminissima","article_published_time":"2009-03-14T02:41:15+00:00","author":"admin","twitter_card":"summary_large_image","twitter_misc":{"Verfasst von":"admin","Gesch\u00e4tzte Lesezeit":"4\u00a0Minuten"},"schema":{"@context":"https:\/\/schema.org","@graph":[{"@type":"WebPage","@id":"https:\/\/feminissima.de\/index.php\/2009\/03\/14\/medienterror-in-winnenden-3-09\/","url":"https:\/\/feminissima.de\/index.php\/2009\/03\/14\/medienterror-in-winnenden-3-09\/","name":"Medienterror in Winnenden\/3\/09 - Feminissima","isPartOf":{"@id":"https:\/\/feminissima.de\/#website"},"datePublished":"2009-03-14T02:41:15+00:00","dateModified":"2009-03-14T02:41:15+00:00","author":{"@id":"https:\/\/feminissima.de\/#\/schema\/person\/0b901e053624f88e7ecbea289d9d5128"},"breadcrumb":{"@id":"https:\/\/feminissima.de\/index.php\/2009\/03\/14\/medienterror-in-winnenden-3-09\/#breadcrumb"},"inLanguage":"de","potentialAction":[{"@type":"ReadAction","target":["https:\/\/feminissima.de\/index.php\/2009\/03\/14\/medienterror-in-winnenden-3-09\/"]}]},{"@type":"BreadcrumbList","@id":"https:\/\/feminissima.de\/index.php\/2009\/03\/14\/medienterror-in-winnenden-3-09\/#breadcrumb","itemListElement":[{"@type":"ListItem","position":1,"name":"Startseite","item":"https:\/\/feminissima.de\/"},{"@type":"ListItem","position":2,"name":"Medienterror in Winnenden\/3\/09"}]},{"@type":"WebSite","@id":"https:\/\/feminissima.de\/#website","url":"https:\/\/feminissima.de\/","name":"Feminissima","description":"","potentialAction":[{"@type":"SearchAction","target":{"@type":"EntryPoint","urlTemplate":"https:\/\/feminissima.de\/?s={search_term_string}"},"query-input":"required name=search_term_string"}],"inLanguage":"de"},{"@type":"Person","@id":"https:\/\/feminissima.de\/#\/schema\/person\/0b901e053624f88e7ecbea289d9d5128","name":"admin","image":{"@type":"ImageObject","inLanguage":"de","@id":"https:\/\/feminissima.de\/#\/schema\/person\/image\/","url":"https:\/\/secure.gravatar.com\/avatar\/8da1f51327453c0bf63338e8e2a791948b7d2ac19b68839492d1e69aac6924a8?s=96&d=mm&r=g","contentUrl":"https:\/\/secure.gravatar.com\/avatar\/8da1f51327453c0bf63338e8e2a791948b7d2ac19b68839492d1e69aac6924a8?s=96&d=mm&r=g","caption":"admin"},"url":"https:\/\/feminissima.de\/index.php\/author\/admin\/"}]}},"jetpack_featured_media_url":"","_links":{"self":[{"href":"https:\/\/feminissima.de\/index.php\/wp-json\/wp\/v2\/posts\/85717","targetHints":{"allow":["GET"]}}],"collection":[{"href":"https:\/\/feminissima.de\/index.php\/wp-json\/wp\/v2\/posts"}],"about":[{"href":"https:\/\/feminissima.de\/index.php\/wp-json\/wp\/v2\/types\/post"}],"author":[{"embeddable":true,"href":"https:\/\/feminissima.de\/index.php\/wp-json\/wp\/v2\/users\/2"}],"replies":[{"embeddable":true,"href":"https:\/\/feminissima.de\/index.php\/wp-json\/wp\/v2\/comments?post=85717"}],"version-history":[{"count":0,"href":"https:\/\/feminissima.de\/index.php\/wp-json\/wp\/v2\/posts\/85717\/revisions"}],"wp:attachment":[{"href":"https:\/\/feminissima.de\/index.php\/wp-json\/wp\/v2\/media?parent=85717"}],"wp:term":[{"taxonomy":"category","embeddable":true,"href":"https:\/\/feminissima.de\/index.php\/wp-json\/wp\/v2\/categories?post=85717"},{"taxonomy":"post_tag","embeddable":true,"href":"https:\/\/feminissima.de\/index.php\/wp-json\/wp\/v2\/tags?post=85717"}],"curies":[{"name":"wp","href":"https:\/\/api.w.org\/{rel}","templated":true}]}}