{"id":85640,"date":"2009-01-03T06:32:13","date_gmt":"2009-01-03T06:32:13","guid":{"rendered":"http:\/\/www.feminissima.de\/?p=85640"},"modified":"2009-01-03T06:32:13","modified_gmt":"2009-01-03T06:32:13","slug":"presserueckt-der-beginn-der-gaza-bodenoffensive-naeher","status":"publish","type":"post","link":"https:\/\/feminissima.de\/index.php\/2009\/01\/03\/presserueckt-der-beginn-der-gaza-bodenoffensive-naeher\/","title":{"rendered":"PRESSE:R\u00fcckt der Beginn der GAZA-Bodenoffensive n\u00e4her?"},"content":{"rendered":"<p>Quelle:diepresse.com (Autriche)<br \/>Beginn der Gaza-Bodenoffensive r\u00fcckt n\u00e4her<\/p>\n<p>\n03.01.2009 | 05:43 |   (APA)<\/p>\n<p>\nDer Beginn der israelischen Bodenoffensive im Gazastreifen k\u00f6nnte unmittelbar bevorstehen. Diese Einsch\u00e4tzung vertraten in der Nacht auf Samstag &#8222;Times Online&#8220; und der US-Sender CNN. Die angesehene britische Zeitung &#8222;The Times&#8220; erinnerte in ihrer Internetausgabe daran, dass Israel am Freitag hunderten Ausl\u00e4ndern die Ausreise aus dem K\u00fcstengebiet erlaubt hat.<\/p>\n<p>Israel hat um den Gazastreifen herum Panzer und auch Bodentruppen in Stellung gebracht. Die radikal-islamische Hamas, die den Gazastreifen beherrscht, warnte Israel vor den Folgen eines Einmarsches.<\/p>\n<p>Unterdessen schaltete sich US-Pr\u00e4sident Bush in den Konflikt ein. Die Raketenangriffe der Hamas auf Israel bezeichnete er als Terrorakt. Er werde keine weitere einseitige Waffenruhe im Gazastreifen zulassen, die Gewalt von Seiten militanter Pal\u00e4stinenser zulasse, erkl\u00e4rte der Pr\u00e4sident in seiner w\u00f6chentlichen Rundfunkansprache am Samstag.<\/p>\n<p>Anfang kommender Woche werden Spitzenvertreter der Arabischen Liga und Pal\u00e4stinenserpr\u00e4sident Abbas zu Beratungen in New York erwartet. UN-Generalsekret\u00e4r Ban Ki-moon erhofft sich nach Angaben seines Nahost-Sonderkoordinators Robert Serry von den Gespr\u00e4chen Fortschritte f\u00fcr eine friedliche L\u00f6sung des Konflikts. Angesichts der israelischen Panzer an der Grenze zum Gazastreifen sei eine sofortige Waffenruhe dringlicher denn je, sagte Serry.<\/p>\n<p>Die israelische Luftwaffe hat nach Armeeangaben seit vergangenen Samstag mehr als 700 Eins\u00e4tze geflogen. Dabei wurden nach pal\u00e4stinensischen Angaben mindestens 430 Menschen get\u00f6tet. Wie die Gesundheitsbeh\u00f6rde am Freitag in Gaza weiter mitteilte, wurden mindestens 2250 weitere verletzt. 380 von ihnen w\u00fcrden in Lebensgefahr schweben. Im Gegenzug schlugen auf israelischem Boden mehr als 350 Raketen ein. Als Folge des Beschusses durch militante Pal\u00e4stinenser starben vier Israelis. Dutzende weitere wurden verletzt.<\/p>\n<p>(APA)<\/p>\n","protected":false},"excerpt":{"rendered":"<p>Quelle:diepresse.com (Autriche)<\/p>\n","protected":false},"author":2,"featured_media":0,"comment_status":"closed","ping_status":"closed","sticky":false,"template":"","format":"standard","meta":{"footnotes":""},"categories":[14],"tags":[],"class_list":["post-85640","post","type-post","status-publish","format-standard","hentry","category-fempolitik","entry"],"yoast_head":"<!-- This site is optimized with the Yoast SEO plugin v21.0 - https:\/\/yoast.com\/wordpress\/plugins\/seo\/ -->\n<title>PRESSE:R\u00fcckt der Beginn der GAZA-Bodenoffensive n\u00e4her? - Feminissima<\/title>\n<meta name=\"robots\" content=\"index, follow, max-snippet:-1, max-image-preview:large, max-video-preview:-1\" \/>\n<link rel=\"canonical\" href=\"https:\/\/feminissima.de\/index.php\/2009\/01\/03\/presserueckt-der-beginn-der-gaza-bodenoffensive-naeher\/\" \/>\n<meta property=\"og:locale\" content=\"de_DE\" \/>\n<meta property=\"og:type\" content=\"article\" \/>\n<meta property=\"og:title\" content=\"PRESSE:R\u00fcckt der Beginn der GAZA-Bodenoffensive n\u00e4her? - Feminissima\" \/>\n<meta property=\"og:description\" content=\"Quelle:diepresse.com (Autriche)\" \/>\n<meta property=\"og:url\" content=\"https:\/\/feminissima.de\/index.php\/2009\/01\/03\/presserueckt-der-beginn-der-gaza-bodenoffensive-naeher\/\" \/>\n<meta property=\"og:site_name\" content=\"Feminissima\" \/>\n<meta property=\"article:published_time\" content=\"2009-01-03T06:32:13+00:00\" \/>\n<meta name=\"author\" content=\"admin\" \/>\n<meta name=\"twitter:card\" content=\"summary_large_image\" \/>\n<meta name=\"twitter:label1\" content=\"Verfasst von\" \/>\n\t<meta name=\"twitter:data1\" content=\"admin\" \/>\n\t<meta name=\"twitter:label2\" content=\"Gesch\u00e4tzte Lesezeit\" \/>\n\t<meta name=\"twitter:data2\" content=\"1\u00a0Minute\" \/>\n<script type=\"application\/ld+json\" class=\"yoast-schema-graph\">{\"@context\":\"https:\/\/schema.org\",\"@graph\":[{\"@type\":\"WebPage\",\"@id\":\"https:\/\/feminissima.de\/index.php\/2009\/01\/03\/presserueckt-der-beginn-der-gaza-bodenoffensive-naeher\/\",\"url\":\"https:\/\/feminissima.de\/index.php\/2009\/01\/03\/presserueckt-der-beginn-der-gaza-bodenoffensive-naeher\/\",\"name\":\"PRESSE:R\u00fcckt der Beginn der GAZA-Bodenoffensive n\u00e4her? - Feminissima\",\"isPartOf\":{\"@id\":\"https:\/\/feminissima.de\/#website\"},\"datePublished\":\"2009-01-03T06:32:13+00:00\",\"dateModified\":\"2009-01-03T06:32:13+00:00\",\"author\":{\"@id\":\"https:\/\/feminissima.de\/#\/schema\/person\/0b901e053624f88e7ecbea289d9d5128\"},\"breadcrumb\":{\"@id\":\"https:\/\/feminissima.de\/index.php\/2009\/01\/03\/presserueckt-der-beginn-der-gaza-bodenoffensive-naeher\/#breadcrumb\"},\"inLanguage\":\"de\",\"potentialAction\":[{\"@type\":\"ReadAction\",\"target\":[\"https:\/\/feminissima.de\/index.php\/2009\/01\/03\/presserueckt-der-beginn-der-gaza-bodenoffensive-naeher\/\"]}]},{\"@type\":\"BreadcrumbList\",\"@id\":\"https:\/\/feminissima.de\/index.php\/2009\/01\/03\/presserueckt-der-beginn-der-gaza-bodenoffensive-naeher\/#breadcrumb\",\"itemListElement\":[{\"@type\":\"ListItem\",\"position\":1,\"name\":\"Startseite\",\"item\":\"https:\/\/feminissima.de\/\"},{\"@type\":\"ListItem\",\"position\":2,\"name\":\"PRESSE:R\u00fcckt der Beginn der GAZA-Bodenoffensive n\u00e4her?\"}]},{\"@type\":\"WebSite\",\"@id\":\"https:\/\/feminissima.de\/#website\",\"url\":\"https:\/\/feminissima.de\/\",\"name\":\"Feminissima\",\"description\":\"\",\"potentialAction\":[{\"@type\":\"SearchAction\",\"target\":{\"@type\":\"EntryPoint\",\"urlTemplate\":\"https:\/\/feminissima.de\/?s={search_term_string}\"},\"query-input\":\"required name=search_term_string\"}],\"inLanguage\":\"de\"},{\"@type\":\"Person\",\"@id\":\"https:\/\/feminissima.de\/#\/schema\/person\/0b901e053624f88e7ecbea289d9d5128\",\"name\":\"admin\",\"image\":{\"@type\":\"ImageObject\",\"inLanguage\":\"de\",\"@id\":\"https:\/\/feminissima.de\/#\/schema\/person\/image\/\",\"url\":\"https:\/\/secure.gravatar.com\/avatar\/8da1f51327453c0bf63338e8e2a791948b7d2ac19b68839492d1e69aac6924a8?s=96&d=mm&r=g\",\"contentUrl\":\"https:\/\/secure.gravatar.com\/avatar\/8da1f51327453c0bf63338e8e2a791948b7d2ac19b68839492d1e69aac6924a8?s=96&d=mm&r=g\",\"caption\":\"admin\"},\"url\":\"https:\/\/feminissima.de\/index.php\/author\/admin\/\"}]}<\/script>\n<!-- \/ Yoast SEO plugin. -->","yoast_head_json":{"title":"PRESSE:R\u00fcckt der Beginn der GAZA-Bodenoffensive n\u00e4her? - Feminissima","robots":{"index":"index","follow":"follow","max-snippet":"max-snippet:-1","max-image-preview":"max-image-preview:large","max-video-preview":"max-video-preview:-1"},"canonical":"https:\/\/feminissima.de\/index.php\/2009\/01\/03\/presserueckt-der-beginn-der-gaza-bodenoffensive-naeher\/","og_locale":"de_DE","og_type":"article","og_title":"PRESSE:R\u00fcckt der Beginn der GAZA-Bodenoffensive n\u00e4her? - Feminissima","og_description":"Quelle:diepresse.com (Autriche)","og_url":"https:\/\/feminissima.de\/index.php\/2009\/01\/03\/presserueckt-der-beginn-der-gaza-bodenoffensive-naeher\/","og_site_name":"Feminissima","article_published_time":"2009-01-03T06:32:13+00:00","author":"admin","twitter_card":"summary_large_image","twitter_misc":{"Verfasst von":"admin","Gesch\u00e4tzte Lesezeit":"1\u00a0Minute"},"schema":{"@context":"https:\/\/schema.org","@graph":[{"@type":"WebPage","@id":"https:\/\/feminissima.de\/index.php\/2009\/01\/03\/presserueckt-der-beginn-der-gaza-bodenoffensive-naeher\/","url":"https:\/\/feminissima.de\/index.php\/2009\/01\/03\/presserueckt-der-beginn-der-gaza-bodenoffensive-naeher\/","name":"PRESSE:R\u00fcckt der Beginn der GAZA-Bodenoffensive n\u00e4her? - Feminissima","isPartOf":{"@id":"https:\/\/feminissima.de\/#website"},"datePublished":"2009-01-03T06:32:13+00:00","dateModified":"2009-01-03T06:32:13+00:00","author":{"@id":"https:\/\/feminissima.de\/#\/schema\/person\/0b901e053624f88e7ecbea289d9d5128"},"breadcrumb":{"@id":"https:\/\/feminissima.de\/index.php\/2009\/01\/03\/presserueckt-der-beginn-der-gaza-bodenoffensive-naeher\/#breadcrumb"},"inLanguage":"de","potentialAction":[{"@type":"ReadAction","target":["https:\/\/feminissima.de\/index.php\/2009\/01\/03\/presserueckt-der-beginn-der-gaza-bodenoffensive-naeher\/"]}]},{"@type":"BreadcrumbList","@id":"https:\/\/feminissima.de\/index.php\/2009\/01\/03\/presserueckt-der-beginn-der-gaza-bodenoffensive-naeher\/#breadcrumb","itemListElement":[{"@type":"ListItem","position":1,"name":"Startseite","item":"https:\/\/feminissima.de\/"},{"@type":"ListItem","position":2,"name":"PRESSE:R\u00fcckt der Beginn der GAZA-Bodenoffensive n\u00e4her?"}]},{"@type":"WebSite","@id":"https:\/\/feminissima.de\/#website","url":"https:\/\/feminissima.de\/","name":"Feminissima","description":"","potentialAction":[{"@type":"SearchAction","target":{"@type":"EntryPoint","urlTemplate":"https:\/\/feminissima.de\/?s={search_term_string}"},"query-input":"required name=search_term_string"}],"inLanguage":"de"},{"@type":"Person","@id":"https:\/\/feminissima.de\/#\/schema\/person\/0b901e053624f88e7ecbea289d9d5128","name":"admin","image":{"@type":"ImageObject","inLanguage":"de","@id":"https:\/\/feminissima.de\/#\/schema\/person\/image\/","url":"https:\/\/secure.gravatar.com\/avatar\/8da1f51327453c0bf63338e8e2a791948b7d2ac19b68839492d1e69aac6924a8?s=96&d=mm&r=g","contentUrl":"https:\/\/secure.gravatar.com\/avatar\/8da1f51327453c0bf63338e8e2a791948b7d2ac19b68839492d1e69aac6924a8?s=96&d=mm&r=g","caption":"admin"},"url":"https:\/\/feminissima.de\/index.php\/author\/admin\/"}]}},"jetpack_featured_media_url":"","_links":{"self":[{"href":"https:\/\/feminissima.de\/index.php\/wp-json\/wp\/v2\/posts\/85640","targetHints":{"allow":["GET"]}}],"collection":[{"href":"https:\/\/feminissima.de\/index.php\/wp-json\/wp\/v2\/posts"}],"about":[{"href":"https:\/\/feminissima.de\/index.php\/wp-json\/wp\/v2\/types\/post"}],"author":[{"embeddable":true,"href":"https:\/\/feminissima.de\/index.php\/wp-json\/wp\/v2\/users\/2"}],"replies":[{"embeddable":true,"href":"https:\/\/feminissima.de\/index.php\/wp-json\/wp\/v2\/comments?post=85640"}],"version-history":[{"count":0,"href":"https:\/\/feminissima.de\/index.php\/wp-json\/wp\/v2\/posts\/85640\/revisions"}],"wp:attachment":[{"href":"https:\/\/feminissima.de\/index.php\/wp-json\/wp\/v2\/media?parent=85640"}],"wp:term":[{"taxonomy":"category","embeddable":true,"href":"https:\/\/feminissima.de\/index.php\/wp-json\/wp\/v2\/categories?post=85640"},{"taxonomy":"post_tag","embeddable":true,"href":"https:\/\/feminissima.de\/index.php\/wp-json\/wp\/v2\/tags?post=85640"}],"curies":[{"name":"wp","href":"https:\/\/api.w.org\/{rel}","templated":true}]}}