{"id":85609,"date":"2008-12-10T03:21:52","date_gmt":"2008-12-10T03:21:52","guid":{"rendered":"http:\/\/www.feminissima.de\/?p=85609"},"modified":"2008-12-10T03:21:52","modified_gmt":"2008-12-10T03:21:52","slug":"frontal-21-zdf-pharma","status":"publish","type":"post","link":"https:\/\/feminissima.de\/index.php\/2008\/12\/10\/frontal-21-zdf-pharma\/","title":{"rendered":"FRONTAL 21\/ZDF -&#8222;PHARMA&#8220;"},"content":{"rendered":"<p>live-text von gestern Abend;<br \/>9.12. JETZT &#8211; ZOLOFT das t\u00f6dliche Medikament &#8211; JETZT :FRONTAL 21\/ZDF Lebensgef\u00e4hrlich auch STRATERA.<br \/> das Medikament<br \/> (lilly &#8211; eingeben bei GOOGLE &#8211; <br \/>siehst du, <br \/>getarnte Selbsthilfegruppen, <br \/>in Wirklichkeit WERBE-Gruppe,<br \/> f\u00fcr Geld von lilly..!)<\/p>\n<p>STRATERA: <br \/>gegen das sogenannte &#8222;Zappel-Phillip-Syndrom&#8220;.<\/p>\n<table width=\"100%\">\n<tr>\n<td style=\"background-image=url('images\/monet-heller.jpg')\"><font size=\"+1\"><\/p>\n<p>(siehe auch schon fr\u00fcher in fem&#038;Gesundheit -)<\/p>\n<p>Selbstmord als Nebenwirkung des Antidepressivums.<br \/>Aber auch gesteigerte Aggressivit\u00e4t!<\/p>\n<p>Reportage von FRONTAL 21 <\/p>\n<p>PHARMA-KARTELL:<\/p>\n<p>WIE WIR ALS PATIENTEN BETROGEN WERDEN &#8211; 1 Stunde.<\/p>\n<p>You HAVE to see it!!<\/p>\n<p>PROZAC ebenfalls mit t\u00f6dlichen Nebenwirkungen: Amok-Laufen&#8230;&#038; Suicides&#8230;<\/p>\n<p>Bestechung von Wissenschaftler undBeh\u00f6rden..<br \/>in Schweden&#8230;<\/p>\n<p>Wenn Schweden Medikamente zul\u00e4sst, <br \/>wird ein Milliardengesch\u00e4ft draus.<\/p>\n<p>Denn Schweden gilt als kritischste Arznei-Zulassungs-Beh\u00f6rde:<\/p>\n<p>Gibt Schweden Gr\u00fcnes Licht&#8230;<br \/>ist das big money f\u00fcr die Pharma-Macher am Rollen.<\/p>\n<p>Doch kurz vor der Zulassung 2 Selbstmorde&#8230;<br \/>w\u00e4hrend der Studien..<\/p>\n<p>Die deutsche LILY sitzt in Bad Homburg.<\/p>\n<p>1988 wurde PROZAC in Deutschland abgelehnt, ,<br \/>wegen &#8222;erh\u00f6htem Selbstmordrisiko.&#8220;<\/p>\n<p>Doch 1989 wurde das &#8222;Medikament&#8220; in Deutschland zugelassen.<\/p>\n<p>FRONTAL 21 vermutet auch hier BESTECHUNG .<\/p>\n<p>Auch ZOLOFT wird zugelassen.<br \/>Von PFIZER, mit demselben t\u00f6dlichen Wirkstoff.<\/p>\n<p>Vertuschung,<br \/> Bestechung, <br \/>Manipulation, <br \/>wird gesch\u00e4tzt.<\/p>\n<p>Heftige Vorw\u00fcrfe:<\/p>\n<p> gegen die APTHEKEN-UMSCHAU &#8211; <br \/>Sie habe seinerzeit f\u00fcr &#8222;Zoloft&#8220; geworben, <br \/>so der Witwer einer Frau, <br \/>die sich nach 19t\u00e4giger Einnahme vom ZOLOFT <br \/>vor einen Zug geworfen hatte,<br \/>ist ein reines Pharmazie-WERBE-Blatt,<br \/>mit t\u00e4glicher TV-Werbung bei ARD und ZDF:<br \/>&#8222;Lesen-was-gesund-macht&#8220; &#8211; <br \/>so der Slogan.<\/p>\n<p>19 Millionen Menschen lesen dieses kostenloses Werbeblatt der Pharma-Firmen.<\/p>\n<p>Die Reportage weist nach, <br \/>dass die Zeitschrift voll gekauft ist, <br \/>von der Pharma-Industrie, <\/p>\n<p>herausgegeben von WORT UND BILD,<br \/>einem nicht kleinen Verlag&#8230;.<\/p>\n<p>Auch CONDE-NAST-Verlags-Mitarbeiter tauchen auf,<br \/>die gegen Geld WERBUNG f\u00fcr das vermeintliche Antidepressum machen wollen, <br \/>von &#8222;FRONTAL 21&#8220; erfunden.<\/p>\n<p>VOGUE schl\u00e4gt sogar ein eigenes Layout vor, <br \/>ein als Artikel lancierte Werbung<br \/> f\u00fcr ein eigentlich <br \/>verschreibungspflichtiges Medikament&#8230;<\/p>\n<p>Auch ein BAUER-VERLAGS-Anzeigen-Vertreter taucht bei der neuen &#8222;Firma&#8220; der Frontal-Leute ..auf:<br \/>Die weisen drauf hin,<br \/>dass das Medikament verschreibungspflichtig sei, <br \/>f\u00fcr den BAUER-Anzeigen-Vertretet kein Problem:<\/p>\n<p>&#8222;Wir machen ein Special..&#8220;<\/p>\n<p>\nSteht da denn Anzeige dr\u00fcber?<\/p>\n<p>&#8222;Nein, das w\u00e4re nicht gut&#8230;wir stellen das ja in Rechnung..&#8220;<\/p>\n<p>CONDE-NAST und der BAUER-VERLAG <br \/>halten dies auf Nachfrage f\u00fcr einen <\/p>\n<p>&#8222;Irrtum&#8220;, ein &#8222;Versehen&#8220;.<\/p>\n<p>\n<\/tr>\n<\/table>\n<p>TEIL II:9.12. Das beste Wort des Jahres &#8211; &#8222;MIET-M\u00c4ULER&#8220; &#8211; gefallen gerade in der FRONTAL-21-Reportage &#8211; TEIL II &#8211; <br \/>eine Text-Etage tiefer der ANFANG der FRONTAL 21- REPORTAGE \u00fcber die Pharma-MAFIA.<\/p>\n<table width=\"100%\">\n<tr>\n<td style=\"background-image=url('images\/monet-heller.jpg')\"><font size=\"+1\"><\/p>\n<p>\u00c4rzte als die gr\u00f6\u00dften &#8222;Mietm\u00e4uler&#8220; :<br \/>Bestechung von Klinik\u00e4rzten&#8230;.<br \/>Allein \u00fcber 14.000 Strafverfahren in Bayern; <br \/>doch die Gerichte verurteilen keine \u00c4rzte&#8230;<br \/>Die Pharma-Industrie kann sich in Deutschland l\u00e4ssig zur\u00fccklehnen&#8220;..<\/p>\n<p>Die PHARMA-LOBBY ist seit 30 Jahren so m\u00e4chtig<br \/> in den Regierungen,<\/p>\n<p>dass keine POSITIV-Liste <br \/>bislang zustande gekommen ist&#8230;,\u00b4<br \/>r\u00e4umt Horst Seehofer ein, <br \/>fr\u00fcherer Bundesgesundheitsminister, <\/p>\n<p>f\u00fcr wirksame Medikamente&#8230;<\/p>\n<p>Die MAFIA &#8230;<br \/>Andrea Fischer EX-Gr\u00fcne, <br \/>Ex-Gesundheitsministerin..<br \/>arbeitet heute als PR-Referentin einer Pharma-Firma..<\/p>\n<p>FRONTAL 21 z\u00e4hlte eine schier endlose Liste<br \/> ehemaliger Regierungsmitglieder auf&#8230;,<br \/>aus allen Parteien&#8230;<\/p>\n<p>die inzwischen von der<br \/> Pharma-MAFIA gekauft worden sind.<\/p>\n<p>\u00c4RGER kriegen die Checker..<\/p>\n<p>So wie auch FRONTAL 21-Leute \u00c4rger bekamen&#8230;,<br \/>als sie eine Lobby-Schiffs-Fete<br \/>zwischen Pharma und Regierungsmitgliedern in diesem Sommer<br \/> auf der Spree filmen wollten&#8230;<\/p>\n<p>Die Polizei kam prompt.<\/p>\n<p>\u00dcbrigens sollte sich die<br \/> n\u00e4chste FRONTAL 21-Reportage einmal<br \/>den gekauften KREBS-SPEZIALISTEN widmen, <br \/>jenen Miet-M\u00e4ulern.. <\/p>\n<p>Dazu z\u00e4hlt z.B. auch der durchaus angesehene<br \/> Prof. KAUFMANN, <br \/>Chef der Universit\u00e4tsfrauenklinik Frankfurt\/Main.<\/p>\n<p>Er schreibt u.a. <br \/>f\u00fcr den PHARMA-RIESEN&#8230;ROCHE..<\/p>\n<p>Sicher keine Ausnahme.<\/p>\n<p>Sicher auch kein Zufall,<br \/> dass es immer noch die herk\u00f6mmliche&#8230;<br \/>Chemotherapie gibt:<\/p>\n<p>hochgiftig, <br \/>gegen Krebs letztlich nutzlos, <\/p>\n<p>daf\u00fcr aber sch\u00e4dlich bis t\u00f6dlich.<\/p>\n<\/tr>\n<\/table>\n","protected":false},"excerpt":{"rendered":"<p>live-text von gestern Abend;<\/p>\n","protected":false},"author":2,"featured_media":0,"comment_status":"closed","ping_status":"closed","sticky":false,"template":"","format":"standard","meta":{"footnotes":""},"categories":[13],"tags":[],"class_list":["post-85609","post","type-post","status-publish","format-standard","hentry","category-femmedien","entry"],"yoast_head":"<!-- This site is optimized with the Yoast SEO plugin v21.0 - https:\/\/yoast.com\/wordpress\/plugins\/seo\/ -->\n<title>FRONTAL 21\/ZDF -&quot;PHARMA&quot; - Feminissima<\/title>\n<meta name=\"robots\" content=\"index, follow, max-snippet:-1, max-image-preview:large, max-video-preview:-1\" \/>\n<link rel=\"canonical\" href=\"https:\/\/feminissima.de\/index.php\/2008\/12\/10\/frontal-21-zdf-pharma\/\" \/>\n<meta property=\"og:locale\" content=\"de_DE\" \/>\n<meta property=\"og:type\" content=\"article\" \/>\n<meta property=\"og:title\" content=\"FRONTAL 21\/ZDF -&quot;PHARMA&quot; - Feminissima\" \/>\n<meta property=\"og:description\" content=\"live-text von gestern Abend;\" \/>\n<meta property=\"og:url\" content=\"https:\/\/feminissima.de\/index.php\/2008\/12\/10\/frontal-21-zdf-pharma\/\" \/>\n<meta property=\"og:site_name\" content=\"Feminissima\" \/>\n<meta property=\"article:published_time\" content=\"2008-12-10T03:21:52+00:00\" \/>\n<meta name=\"author\" content=\"admin\" \/>\n<meta name=\"twitter:card\" content=\"summary_large_image\" \/>\n<meta name=\"twitter:label1\" content=\"Verfasst von\" \/>\n\t<meta name=\"twitter:data1\" content=\"admin\" \/>\n\t<meta name=\"twitter:label2\" content=\"Gesch\u00e4tzte Lesezeit\" \/>\n\t<meta name=\"twitter:data2\" content=\"3\u00a0Minuten\" \/>\n<script type=\"application\/ld+json\" class=\"yoast-schema-graph\">{\"@context\":\"https:\/\/schema.org\",\"@graph\":[{\"@type\":\"WebPage\",\"@id\":\"https:\/\/feminissima.de\/index.php\/2008\/12\/10\/frontal-21-zdf-pharma\/\",\"url\":\"https:\/\/feminissima.de\/index.php\/2008\/12\/10\/frontal-21-zdf-pharma\/\",\"name\":\"FRONTAL 21\/ZDF -\\\"PHARMA\\\" - Feminissima\",\"isPartOf\":{\"@id\":\"https:\/\/feminissima.de\/#website\"},\"datePublished\":\"2008-12-10T03:21:52+00:00\",\"dateModified\":\"2008-12-10T03:21:52+00:00\",\"author\":{\"@id\":\"https:\/\/feminissima.de\/#\/schema\/person\/0b901e053624f88e7ecbea289d9d5128\"},\"breadcrumb\":{\"@id\":\"https:\/\/feminissima.de\/index.php\/2008\/12\/10\/frontal-21-zdf-pharma\/#breadcrumb\"},\"inLanguage\":\"de\",\"potentialAction\":[{\"@type\":\"ReadAction\",\"target\":[\"https:\/\/feminissima.de\/index.php\/2008\/12\/10\/frontal-21-zdf-pharma\/\"]}]},{\"@type\":\"BreadcrumbList\",\"@id\":\"https:\/\/feminissima.de\/index.php\/2008\/12\/10\/frontal-21-zdf-pharma\/#breadcrumb\",\"itemListElement\":[{\"@type\":\"ListItem\",\"position\":1,\"name\":\"Startseite\",\"item\":\"https:\/\/feminissima.de\/\"},{\"@type\":\"ListItem\",\"position\":2,\"name\":\"FRONTAL 21\/ZDF -&#8222;PHARMA&#8220;\"}]},{\"@type\":\"WebSite\",\"@id\":\"https:\/\/feminissima.de\/#website\",\"url\":\"https:\/\/feminissima.de\/\",\"name\":\"Feminissima\",\"description\":\"\",\"potentialAction\":[{\"@type\":\"SearchAction\",\"target\":{\"@type\":\"EntryPoint\",\"urlTemplate\":\"https:\/\/feminissima.de\/?s={search_term_string}\"},\"query-input\":\"required name=search_term_string\"}],\"inLanguage\":\"de\"},{\"@type\":\"Person\",\"@id\":\"https:\/\/feminissima.de\/#\/schema\/person\/0b901e053624f88e7ecbea289d9d5128\",\"name\":\"admin\",\"image\":{\"@type\":\"ImageObject\",\"inLanguage\":\"de\",\"@id\":\"https:\/\/feminissima.de\/#\/schema\/person\/image\/\",\"url\":\"https:\/\/secure.gravatar.com\/avatar\/8da1f51327453c0bf63338e8e2a791948b7d2ac19b68839492d1e69aac6924a8?s=96&d=mm&r=g\",\"contentUrl\":\"https:\/\/secure.gravatar.com\/avatar\/8da1f51327453c0bf63338e8e2a791948b7d2ac19b68839492d1e69aac6924a8?s=96&d=mm&r=g\",\"caption\":\"admin\"},\"url\":\"https:\/\/feminissima.de\/index.php\/author\/admin\/\"}]}<\/script>\n<!-- \/ Yoast SEO plugin. -->","yoast_head_json":{"title":"FRONTAL 21\/ZDF -\"PHARMA\" - Feminissima","robots":{"index":"index","follow":"follow","max-snippet":"max-snippet:-1","max-image-preview":"max-image-preview:large","max-video-preview":"max-video-preview:-1"},"canonical":"https:\/\/feminissima.de\/index.php\/2008\/12\/10\/frontal-21-zdf-pharma\/","og_locale":"de_DE","og_type":"article","og_title":"FRONTAL 21\/ZDF -\"PHARMA\" - Feminissima","og_description":"live-text von gestern Abend;","og_url":"https:\/\/feminissima.de\/index.php\/2008\/12\/10\/frontal-21-zdf-pharma\/","og_site_name":"Feminissima","article_published_time":"2008-12-10T03:21:52+00:00","author":"admin","twitter_card":"summary_large_image","twitter_misc":{"Verfasst von":"admin","Gesch\u00e4tzte Lesezeit":"3\u00a0Minuten"},"schema":{"@context":"https:\/\/schema.org","@graph":[{"@type":"WebPage","@id":"https:\/\/feminissima.de\/index.php\/2008\/12\/10\/frontal-21-zdf-pharma\/","url":"https:\/\/feminissima.de\/index.php\/2008\/12\/10\/frontal-21-zdf-pharma\/","name":"FRONTAL 21\/ZDF -\"PHARMA\" - Feminissima","isPartOf":{"@id":"https:\/\/feminissima.de\/#website"},"datePublished":"2008-12-10T03:21:52+00:00","dateModified":"2008-12-10T03:21:52+00:00","author":{"@id":"https:\/\/feminissima.de\/#\/schema\/person\/0b901e053624f88e7ecbea289d9d5128"},"breadcrumb":{"@id":"https:\/\/feminissima.de\/index.php\/2008\/12\/10\/frontal-21-zdf-pharma\/#breadcrumb"},"inLanguage":"de","potentialAction":[{"@type":"ReadAction","target":["https:\/\/feminissima.de\/index.php\/2008\/12\/10\/frontal-21-zdf-pharma\/"]}]},{"@type":"BreadcrumbList","@id":"https:\/\/feminissima.de\/index.php\/2008\/12\/10\/frontal-21-zdf-pharma\/#breadcrumb","itemListElement":[{"@type":"ListItem","position":1,"name":"Startseite","item":"https:\/\/feminissima.de\/"},{"@type":"ListItem","position":2,"name":"FRONTAL 21\/ZDF -&#8222;PHARMA&#8220;"}]},{"@type":"WebSite","@id":"https:\/\/feminissima.de\/#website","url":"https:\/\/feminissima.de\/","name":"Feminissima","description":"","potentialAction":[{"@type":"SearchAction","target":{"@type":"EntryPoint","urlTemplate":"https:\/\/feminissima.de\/?s={search_term_string}"},"query-input":"required name=search_term_string"}],"inLanguage":"de"},{"@type":"Person","@id":"https:\/\/feminissima.de\/#\/schema\/person\/0b901e053624f88e7ecbea289d9d5128","name":"admin","image":{"@type":"ImageObject","inLanguage":"de","@id":"https:\/\/feminissima.de\/#\/schema\/person\/image\/","url":"https:\/\/secure.gravatar.com\/avatar\/8da1f51327453c0bf63338e8e2a791948b7d2ac19b68839492d1e69aac6924a8?s=96&d=mm&r=g","contentUrl":"https:\/\/secure.gravatar.com\/avatar\/8da1f51327453c0bf63338e8e2a791948b7d2ac19b68839492d1e69aac6924a8?s=96&d=mm&r=g","caption":"admin"},"url":"https:\/\/feminissima.de\/index.php\/author\/admin\/"}]}},"jetpack_featured_media_url":"","_links":{"self":[{"href":"https:\/\/feminissima.de\/index.php\/wp-json\/wp\/v2\/posts\/85609","targetHints":{"allow":["GET"]}}],"collection":[{"href":"https:\/\/feminissima.de\/index.php\/wp-json\/wp\/v2\/posts"}],"about":[{"href":"https:\/\/feminissima.de\/index.php\/wp-json\/wp\/v2\/types\/post"}],"author":[{"embeddable":true,"href":"https:\/\/feminissima.de\/index.php\/wp-json\/wp\/v2\/users\/2"}],"replies":[{"embeddable":true,"href":"https:\/\/feminissima.de\/index.php\/wp-json\/wp\/v2\/comments?post=85609"}],"version-history":[{"count":0,"href":"https:\/\/feminissima.de\/index.php\/wp-json\/wp\/v2\/posts\/85609\/revisions"}],"wp:attachment":[{"href":"https:\/\/feminissima.de\/index.php\/wp-json\/wp\/v2\/media?parent=85609"}],"wp:term":[{"taxonomy":"category","embeddable":true,"href":"https:\/\/feminissima.de\/index.php\/wp-json\/wp\/v2\/categories?post=85609"},{"taxonomy":"post_tag","embeddable":true,"href":"https:\/\/feminissima.de\/index.php\/wp-json\/wp\/v2\/tags?post=85609"}],"curies":[{"name":"wp","href":"https:\/\/api.w.org\/{rel}","templated":true}]}}