{"id":85545,"date":"2008-11-13T22:57:12","date_gmt":"2008-11-13T22:57:12","guid":{"rendered":"http:\/\/www.feminissima.de\/?p=85545"},"modified":"2008-11-13T22:57:12","modified_gmt":"2008-11-13T22:57:12","slug":"cees-nooteboom-erhielt-heute-den-ehrendoktor-der-fu-berlin-11-08","status":"publish","type":"post","link":"https:\/\/feminissima.de\/index.php\/2008\/11\/13\/cees-nooteboom-erhielt-heute-den-ehrendoktor-der-fu-berlin-11-08\/","title":{"rendered":"CEES NOOTEBOOM erhielt heute den Ehrendoktor der FU BERLIN \/11\/08"},"content":{"rendered":"<p>Auszeichnung f\u00fcr \u00fcberragende Verdienste als Schriftsteller, Lyriker und Essayist <\/p>\n<p>Cees Nooteboom erh\u00e4lt Ehrendoktorw\u00fcrde der Freien Universit\u00e4t Berlin <br \/>\nChristine Boldt, Kommunikations- und Informationsstelle<br \/>\nFreie Universit\u00e4t Berlin<\/p>\n<p>13.11.2008  <br \/>\nSperrfrist: 13. November, 18.00 Uhr <\/p>\n<p>Der Fachbereich Philosophie und Geisteswissenschaften der Freien Universit\u00e4t Berlin hat dem niederl\u00e4ndischen Autor Cees Nooteboom heute die Ehrendoktorw\u00fcrde verliehen. Ausgezeichnet wurde der Schriftsteller f\u00fcr sein umfangreiches und bemerkenswertes Oeuvre, das er in etwas mehr als einem halben Jahrhundert vorgelegt habe, so Professor Jan Konst, Niederlandist an der Freien Universit\u00e4t, in seiner Laudatio. Cees Nooteboom ist der erste niederl\u00e4ndische Autor, der au\u00dferhalb des niederl\u00e4ndischen Sprachraums mit einer Ehrendoktorw\u00fcrde ausgezeichnet wurde.<br \/>\nNootebooms Erz\u00e4hlliteratur geh\u00f6re &#8222;zum Besten, was das niederl\u00e4ndische Schrifttum in der zweiten H\u00e4lfte des zwanzigsten Jahrhunderts hervorgebracht hat, er ist ein begnadeter Lyriker und ein sowohl scharfz\u00fcngiger als auch tiefsinniger Essayist&#8220;, begr\u00fcndete Jan Konst die Auszeichnung. <\/p>\n<p>Die Freie Universit\u00e4t Berlin ehrt mit Cees Nooteboom einen bedeutenden Vertreter der Weltliteratur und zugleich einen Autor, der durch seine Arbeiten auf besondere Weise mit der Stadt Berlin und ihrer bewegten Geschichte verbunden ist. Cees Nooteboom, der 1933 in Den Haag geboren wurde, beschreibt in seinen Essays in Berlijnse notities (1990; dt. 1991: Berliner Notizen), die in den Jahren 1989 und 1990 entstanden, den Fall der Berliner Mauer und die damit verbundenen politischen und gesellschaftlichen Entwicklungen aus der Perspektive eines ausl\u00e4ndischen Augenzeugen. Auch in nachfolgenden Werken Nootebooms spielt die Deutsche Hauptstadt eine zentrale Rolle, so zum Beispiel in der Reportage Terugkeer naar Berlijn (1997; dt. 1998: R\u00fcckkehr nach Berlin) sowie in einem seiner Hauptwerke, dem gro\u00dfen Berlin-Roman Allerzielen (1998; dt. 1999: Allerseelen). <\/p>\n<p>In Cees Nootebooms erz\u00e4hlerischem, dichterischem und essayistischem Werk spiegeln sich literarische und philosophische Diskurse auf hohem Reflektionsniveau. Tief verwurzelt in der niederl\u00e4ndischen Tradition, erweist Cees Nooteboom sich als ein europ\u00e4ischer Autor, der kollektive und nationale Identit\u00e4ten nicht nur hinterfragt, sondern mit seinem breitgef\u00e4cherten Spektrum literarischer Arbeiten auch zur Verst\u00e4ndigung der Kulturen beitr\u00e4gt. Dabei gelingt es ihm \u00fcberzeugend, das eigene Werk als subtilen Dialog mit literarischen Vorg\u00e4ngern zu gestalten. In Deutschland waren neben Nootebooms Werken als Reiseschriftsteller besonders die Novelle Het volgende verhaal (1991; dt. 1991: Die folgende Geschichte) und der Roman Paradijs verloren (2004; dt. 2005: Paradies verloren) erfolgreich.<\/p>\n<p>Weitere Informationen erteilt Ihnen gern:<br \/>\nProf. Dr. Jan Konst, Institut f\u00fcr Deutsche und Niederl\u00e4ndische Philologie, Telefon: 030 \/ 838-54423, E-Mail: konst@zedat.fu-berlin.de <\/p>\n","protected":false},"excerpt":{"rendered":"<p>Auszeichnung f\u00fcr \u00fcberragende Verdienste als Schriftsteller, Lyriker und Essayist <\/p>\n","protected":false},"author":2,"featured_media":0,"comment_status":"closed","ping_status":"closed","sticky":false,"template":"","format":"standard","meta":{"footnotes":""},"categories":[11],"tags":[],"class_list":["post-85545","post","type-post","status-publish","format-standard","hentry","category-femkultur","entry"],"yoast_head":"<!-- This site is optimized with the Yoast SEO plugin v21.0 - https:\/\/yoast.com\/wordpress\/plugins\/seo\/ -->\n<title>CEES NOOTEBOOM erhielt heute den Ehrendoktor der FU BERLIN \/11\/08 - Feminissima<\/title>\n<meta name=\"robots\" content=\"index, follow, max-snippet:-1, max-image-preview:large, max-video-preview:-1\" \/>\n<link rel=\"canonical\" href=\"https:\/\/feminissima.de\/index.php\/2008\/11\/13\/cees-nooteboom-erhielt-heute-den-ehrendoktor-der-fu-berlin-11-08\/\" \/>\n<meta property=\"og:locale\" content=\"de_DE\" \/>\n<meta property=\"og:type\" content=\"article\" \/>\n<meta property=\"og:title\" content=\"CEES NOOTEBOOM erhielt heute den Ehrendoktor der FU BERLIN \/11\/08 - Feminissima\" \/>\n<meta property=\"og:description\" content=\"Auszeichnung f\u00fcr \u00fcberragende Verdienste als Schriftsteller, Lyriker und Essayist\" \/>\n<meta property=\"og:url\" content=\"https:\/\/feminissima.de\/index.php\/2008\/11\/13\/cees-nooteboom-erhielt-heute-den-ehrendoktor-der-fu-berlin-11-08\/\" \/>\n<meta property=\"og:site_name\" content=\"Feminissima\" \/>\n<meta property=\"article:published_time\" content=\"2008-11-13T22:57:12+00:00\" \/>\n<meta name=\"author\" content=\"admin\" \/>\n<meta name=\"twitter:card\" content=\"summary_large_image\" \/>\n<meta name=\"twitter:label1\" content=\"Verfasst von\" \/>\n\t<meta name=\"twitter:data1\" content=\"admin\" \/>\n\t<meta name=\"twitter:label2\" content=\"Gesch\u00e4tzte Lesezeit\" \/>\n\t<meta name=\"twitter:data2\" content=\"2\u00a0Minuten\" \/>\n<script type=\"application\/ld+json\" class=\"yoast-schema-graph\">{\"@context\":\"https:\/\/schema.org\",\"@graph\":[{\"@type\":\"WebPage\",\"@id\":\"https:\/\/feminissima.de\/index.php\/2008\/11\/13\/cees-nooteboom-erhielt-heute-den-ehrendoktor-der-fu-berlin-11-08\/\",\"url\":\"https:\/\/feminissima.de\/index.php\/2008\/11\/13\/cees-nooteboom-erhielt-heute-den-ehrendoktor-der-fu-berlin-11-08\/\",\"name\":\"CEES NOOTEBOOM erhielt heute den Ehrendoktor der FU BERLIN \/11\/08 - Feminissima\",\"isPartOf\":{\"@id\":\"https:\/\/feminissima.de\/#website\"},\"datePublished\":\"2008-11-13T22:57:12+00:00\",\"dateModified\":\"2008-11-13T22:57:12+00:00\",\"author\":{\"@id\":\"https:\/\/feminissima.de\/#\/schema\/person\/0b901e053624f88e7ecbea289d9d5128\"},\"breadcrumb\":{\"@id\":\"https:\/\/feminissima.de\/index.php\/2008\/11\/13\/cees-nooteboom-erhielt-heute-den-ehrendoktor-der-fu-berlin-11-08\/#breadcrumb\"},\"inLanguage\":\"de\",\"potentialAction\":[{\"@type\":\"ReadAction\",\"target\":[\"https:\/\/feminissima.de\/index.php\/2008\/11\/13\/cees-nooteboom-erhielt-heute-den-ehrendoktor-der-fu-berlin-11-08\/\"]}]},{\"@type\":\"BreadcrumbList\",\"@id\":\"https:\/\/feminissima.de\/index.php\/2008\/11\/13\/cees-nooteboom-erhielt-heute-den-ehrendoktor-der-fu-berlin-11-08\/#breadcrumb\",\"itemListElement\":[{\"@type\":\"ListItem\",\"position\":1,\"name\":\"Startseite\",\"item\":\"https:\/\/feminissima.de\/\"},{\"@type\":\"ListItem\",\"position\":2,\"name\":\"CEES NOOTEBOOM erhielt heute den Ehrendoktor der FU BERLIN \/11\/08\"}]},{\"@type\":\"WebSite\",\"@id\":\"https:\/\/feminissima.de\/#website\",\"url\":\"https:\/\/feminissima.de\/\",\"name\":\"Feminissima\",\"description\":\"\",\"potentialAction\":[{\"@type\":\"SearchAction\",\"target\":{\"@type\":\"EntryPoint\",\"urlTemplate\":\"https:\/\/feminissima.de\/?s={search_term_string}\"},\"query-input\":\"required name=search_term_string\"}],\"inLanguage\":\"de\"},{\"@type\":\"Person\",\"@id\":\"https:\/\/feminissima.de\/#\/schema\/person\/0b901e053624f88e7ecbea289d9d5128\",\"name\":\"admin\",\"image\":{\"@type\":\"ImageObject\",\"inLanguage\":\"de\",\"@id\":\"https:\/\/feminissima.de\/#\/schema\/person\/image\/\",\"url\":\"https:\/\/secure.gravatar.com\/avatar\/8da1f51327453c0bf63338e8e2a791948b7d2ac19b68839492d1e69aac6924a8?s=96&d=mm&r=g\",\"contentUrl\":\"https:\/\/secure.gravatar.com\/avatar\/8da1f51327453c0bf63338e8e2a791948b7d2ac19b68839492d1e69aac6924a8?s=96&d=mm&r=g\",\"caption\":\"admin\"},\"url\":\"https:\/\/feminissima.de\/index.php\/author\/admin\/\"}]}<\/script>\n<!-- \/ Yoast SEO plugin. -->","yoast_head_json":{"title":"CEES NOOTEBOOM erhielt heute den Ehrendoktor der FU BERLIN \/11\/08 - Feminissima","robots":{"index":"index","follow":"follow","max-snippet":"max-snippet:-1","max-image-preview":"max-image-preview:large","max-video-preview":"max-video-preview:-1"},"canonical":"https:\/\/feminissima.de\/index.php\/2008\/11\/13\/cees-nooteboom-erhielt-heute-den-ehrendoktor-der-fu-berlin-11-08\/","og_locale":"de_DE","og_type":"article","og_title":"CEES NOOTEBOOM erhielt heute den Ehrendoktor der FU BERLIN \/11\/08 - Feminissima","og_description":"Auszeichnung f\u00fcr \u00fcberragende Verdienste als Schriftsteller, Lyriker und Essayist","og_url":"https:\/\/feminissima.de\/index.php\/2008\/11\/13\/cees-nooteboom-erhielt-heute-den-ehrendoktor-der-fu-berlin-11-08\/","og_site_name":"Feminissima","article_published_time":"2008-11-13T22:57:12+00:00","author":"admin","twitter_card":"summary_large_image","twitter_misc":{"Verfasst von":"admin","Gesch\u00e4tzte Lesezeit":"2\u00a0Minuten"},"schema":{"@context":"https:\/\/schema.org","@graph":[{"@type":"WebPage","@id":"https:\/\/feminissima.de\/index.php\/2008\/11\/13\/cees-nooteboom-erhielt-heute-den-ehrendoktor-der-fu-berlin-11-08\/","url":"https:\/\/feminissima.de\/index.php\/2008\/11\/13\/cees-nooteboom-erhielt-heute-den-ehrendoktor-der-fu-berlin-11-08\/","name":"CEES NOOTEBOOM erhielt heute den Ehrendoktor der FU BERLIN \/11\/08 - Feminissima","isPartOf":{"@id":"https:\/\/feminissima.de\/#website"},"datePublished":"2008-11-13T22:57:12+00:00","dateModified":"2008-11-13T22:57:12+00:00","author":{"@id":"https:\/\/feminissima.de\/#\/schema\/person\/0b901e053624f88e7ecbea289d9d5128"},"breadcrumb":{"@id":"https:\/\/feminissima.de\/index.php\/2008\/11\/13\/cees-nooteboom-erhielt-heute-den-ehrendoktor-der-fu-berlin-11-08\/#breadcrumb"},"inLanguage":"de","potentialAction":[{"@type":"ReadAction","target":["https:\/\/feminissima.de\/index.php\/2008\/11\/13\/cees-nooteboom-erhielt-heute-den-ehrendoktor-der-fu-berlin-11-08\/"]}]},{"@type":"BreadcrumbList","@id":"https:\/\/feminissima.de\/index.php\/2008\/11\/13\/cees-nooteboom-erhielt-heute-den-ehrendoktor-der-fu-berlin-11-08\/#breadcrumb","itemListElement":[{"@type":"ListItem","position":1,"name":"Startseite","item":"https:\/\/feminissima.de\/"},{"@type":"ListItem","position":2,"name":"CEES NOOTEBOOM erhielt heute den Ehrendoktor der FU BERLIN \/11\/08"}]},{"@type":"WebSite","@id":"https:\/\/feminissima.de\/#website","url":"https:\/\/feminissima.de\/","name":"Feminissima","description":"","potentialAction":[{"@type":"SearchAction","target":{"@type":"EntryPoint","urlTemplate":"https:\/\/feminissima.de\/?s={search_term_string}"},"query-input":"required name=search_term_string"}],"inLanguage":"de"},{"@type":"Person","@id":"https:\/\/feminissima.de\/#\/schema\/person\/0b901e053624f88e7ecbea289d9d5128","name":"admin","image":{"@type":"ImageObject","inLanguage":"de","@id":"https:\/\/feminissima.de\/#\/schema\/person\/image\/","url":"https:\/\/secure.gravatar.com\/avatar\/8da1f51327453c0bf63338e8e2a791948b7d2ac19b68839492d1e69aac6924a8?s=96&d=mm&r=g","contentUrl":"https:\/\/secure.gravatar.com\/avatar\/8da1f51327453c0bf63338e8e2a791948b7d2ac19b68839492d1e69aac6924a8?s=96&d=mm&r=g","caption":"admin"},"url":"https:\/\/feminissima.de\/index.php\/author\/admin\/"}]}},"jetpack_featured_media_url":"","_links":{"self":[{"href":"https:\/\/feminissima.de\/index.php\/wp-json\/wp\/v2\/posts\/85545","targetHints":{"allow":["GET"]}}],"collection":[{"href":"https:\/\/feminissima.de\/index.php\/wp-json\/wp\/v2\/posts"}],"about":[{"href":"https:\/\/feminissima.de\/index.php\/wp-json\/wp\/v2\/types\/post"}],"author":[{"embeddable":true,"href":"https:\/\/feminissima.de\/index.php\/wp-json\/wp\/v2\/users\/2"}],"replies":[{"embeddable":true,"href":"https:\/\/feminissima.de\/index.php\/wp-json\/wp\/v2\/comments?post=85545"}],"version-history":[{"count":0,"href":"https:\/\/feminissima.de\/index.php\/wp-json\/wp\/v2\/posts\/85545\/revisions"}],"wp:attachment":[{"href":"https:\/\/feminissima.de\/index.php\/wp-json\/wp\/v2\/media?parent=85545"}],"wp:term":[{"taxonomy":"category","embeddable":true,"href":"https:\/\/feminissima.de\/index.php\/wp-json\/wp\/v2\/categories?post=85545"},{"taxonomy":"post_tag","embeddable":true,"href":"https:\/\/feminissima.de\/index.php\/wp-json\/wp\/v2\/tags?post=85545"}],"curies":[{"name":"wp","href":"https:\/\/api.w.org\/{rel}","templated":true}]}}