{"id":85542,"date":"2008-11-08T18:33:32","date_gmt":"2008-11-08T18:33:32","guid":{"rendered":"http:\/\/www.feminissima.de\/?p=85542"},"modified":"2008-11-08T18:33:32","modified_gmt":"2008-11-08T18:33:32","slug":"presse-spd-hessen-schaefer-guembel-wie-kann-man-bloss-so-heissen","status":"publish","type":"post","link":"https:\/\/feminissima.de\/index.php\/2008\/11\/08\/presse-spd-hessen-schaefer-guembel-wie-kann-man-bloss-so-heissen\/","title":{"rendered":"PRESSE: SPD-HESSEN: Sch\u00e4fer-G\u00fcmbel, wie kann man blo\u00df so hei\u00dfen&#8230;"},"content":{"rendered":"<p>na, wenigstens der Vorname geht: Thorsten..<br \/>\nDie SPD geht jetzt zielbewu\u00dft auf Verliererkurs.<br \/>\nDas Wort vom WECHSEL in HESSEN ist pass\u00e9.<br \/>\nOder-oder?<br \/>\nAndrea Ypsilanti will aber auch nicht weichen.<br \/>\nWarum auch? Jetzt hat sie einen jungen, aber schon gezeichneten.. Co-Aspiranten&#8230;mit dem unglaublich holprigen Doppelnamen.<br \/>\nSachlich, aber nicht unvoreingenommen hier ein fast taufrischer Text vom berliner-tagesspiegel-online, dessen TENDENZ wir nicht teilen.<br \/>Aber der als &#8222;Beobachtungs-Text&#8220; nicht schlecht ist:<br \/>PRESSE-SHOW, ausgew\u00e4hlt TAGESSPIEGEL-online, Berlin<br \/>\n SPD-Hessen<br \/>\nYpsilantis Schatten<br \/>\nNochmal will Andrea Ypsilanti sich den W\u00e4hlern nicht als Spitzenkandidatin stellen. Das soll jetzt Thorsten Sch\u00e4fer-G\u00fcmbel \u00fcbernehmen. F\u00fcr einen Neuanfang steht er nicht &#8211; auch weil eine andere die F\u00e4den in der Hand halten wird.<br \/>\nEines muss klargestellt werden: mit jenem Empork\u00f6mmling aus Hoffenheim in der Fu\u00dfball-Bundesliga hat Thorsten Sch\u00e4fer-G\u00fcmbel nichts zu tun. Der Verdacht k\u00f6nnte entstehen, wenn man wei\u00df, dass Sch\u00e4fer-G\u00fcmbel in der hessischen SPD auch einfach \u201eTSG\u201c genannt wird. Der Einfachtheit halber, weil Sch\u00e4fer-G\u00fcmbel viel zu lang ist. Au\u00dferdem klingt es sportlich und soll auch sein Image als frisches, junges Gesicht der Politik unterstreichen. 39 Jahre ist Sch\u00e4fer-G\u00fcmbel erst \u2013 und damit einer der j\u00fcngsten Spitzenkandidaten, den die hessische SPD je in einen Wahlkampf geschickt hat. Allerdings, und das macht die Aufgabe des im Allg\u00e4u geborenen Sch\u00e4fer-G\u00fcmbel nicht einfacher, ist es kein Wahlkampf wie jeder andere. Sch\u00e4fer-G\u00fcmbel muss dem W\u00e4hler erkl\u00e4ren, warum man eine Partei w\u00e4hlen soll, die versuchte, mit einem Wortbruch an die Macht zu kommen \u2013 und dabei zweimal scheiterte. Die Strategie des studierten Politikwissenschaftlers aus der mittelhessischen Kleinstadt Gie\u00dfen kommt einem bekannt vor. Auch Andrea Ypsilanti baute darauf: Auf die Inhalte kommt es an.<\/p>\n<p>An denen hat er selbst federf\u00fchrend mitgearbeitet. Als rhetorisch begabt wird er beschrieben, einer, der seit l\u00e4ngerem in der hessischen SPD als Nachwuchstalent gilt. Ob er sich allerdings einen Gefallen getan hat, in dieser Situation ins Rennen zu gehen, wo es nicht viel f\u00fcr die hessische SPD zu gewinnen gibt, bleibt abzuwarten. \u201eJetzt erst recht\u201c \u2013 nach diesem Motto will er erneut f\u00fcr die Abl\u00f6sung Kochs k\u00e4mpfen. \u201eDie Partei wei\u00df, dass sie nach 90 Minuten Spiel, Verl\u00e4ngerung und Elfmeterschie\u00dfen noch einmal antreten muss\u201c, sagt er. Sie nehme aber die Herausforderung an.<\/p>\n<p>Der gro\u00dfgewachsene dreifache Vater ist trotz seines jungen Alters ein s\u00fcdhessisches Urgestein. Seit 1986 ist er Parteimitglied und seitdem fest in der Funktion\u00e4rsebene des linken SPD-Bezirks verankert. Er war Juso-Bezirksvorsitzender Hessen-S\u00fcd und stellvertretender Landesvorsitzender der SPD-Jugendorganisation. Seit 2001 ist er stellvertretender Vorsitzender der S\u00fcdhessen-SPD. Sch\u00e4fer- G\u00fcmbel geh\u00f6rt dem Landtag seit 2003 an und ist Sprecher der SPD-Fraktion f\u00fcr Industrie- und Besch\u00e4ftigungspolitik sowie f\u00fcr Forschung und Technologie.<\/p>\n<p>Sch\u00e4fer-G\u00fcmbel gilt als enger Vertrauter Andrea Ypsilantis. Wobei man den Begriff nicht \u00fcberstrapazieren sollte. Weder im Schattenkabinett vor der Landtagswahl im Januar diesen Jahres noch im Kabinett der angestrebten, aber gescheiterten Minderheitsregierung hatte Ypsilanti Platz f\u00fcr ihn. Trotzdem stand er ihr loyal zur Seite. Auch weil er als jemand gilt, der die SPD nach links \u00f6ffnen will.<\/p>\n<p>Freunde aus dem eigenen politischen Lager, aber auch Vertreter aus dem reformorientierteren Lager bezeichnen ihn als kontaktfreudig, einen Mann ohne Scheuklappen. Eine Integrationsfigur. Allerdings eine, bei der fraglich ist, ob er trotz seiner Verbundenheit im linken Lager wirklich genug R\u00fcckendeckung hat. <\/p>\n<p>\u201eEr genie\u00dft hohes Ansehen in der Partei und viele kommen gut mit ihm aus\u201c, sagt der SPD-Abgeordnete Marius Wei\u00df. Doch trotz der bekundeten Unterst\u00fctzung f\u00fcr Sch\u00e4fer-G\u00fcmbel r\u00e4tselt die Partei auch, warum Manfred Schaub, der Chef der nordhessischen SPD, nicht angetreten ist. Seit Tagen wurde er als Favorit gehandelt, wenn Ypsilanti auf die Spitzenkandidatur verzichten sollte. Doch er winkte ab. Viele vermuten, dass er nur ins Rennen gegangen w\u00e4re, wenn Ypsilanti auch auf den Posten der Parteichefin verzichtet h\u00e4tte. Das aber lehnte sie ab. \u201eDass es Schaub nicht wurde, war \u00fcberraschend, aber nachvollziehbar\u201c, sagt Patrick Koch, ebenfalls Abgeordneter und Teilnehmer der Parteiratssitzung. Dass ein kompletter Neuanfang erst mal ausblieb, m\u00fcsse man verstehen, sagt Koch. \u201eDie Partei braucht Zeit. Wir m\u00fcssen erst mal die Landtagswahlen abwarten.\u201c<\/p>\n","protected":false},"excerpt":{"rendered":"<p>na, wenigstens der Vorname geht: Thorsten..<br \/>\nDie SPD geht jetzt zielbewu\u00dft auf Verliererkurs.<br \/>\nDas Wort vom WECHSEL in HESSEN ist pass\u00e9.<br \/>\nOder-oder?<br \/>\nAndrea Ypsilanti will aber auch nicht weichen.<br \/>\nWarum auch? Jetzt hat sie einen jungen, aber schon gezeichneten.. Co-Aspiranten&#8230;mit dem unglaublich holprigen Doppelnamen.<br \/>\nSachlich, aber nicht unvoreingenommen hier ein fast taufrischer Text vom berliner-tagesspiegel-online, dessen TENDENZ wir nicht teilen.<br \/>Aber der als &#8222;Beobachtungs-Text&#8220; nicht schlecht ist:<\/p>\n","protected":false},"author":2,"featured_media":0,"comment_status":"closed","ping_status":"closed","sticky":false,"template":"","format":"standard","meta":{"footnotes":""},"categories":[14],"tags":[],"class_list":["post-85542","post","type-post","status-publish","format-standard","hentry","category-fempolitik","entry"],"yoast_head":"<!-- This site is optimized with the Yoast SEO plugin v21.0 - https:\/\/yoast.com\/wordpress\/plugins\/seo\/ -->\n<title>PRESSE: SPD-HESSEN: Sch\u00e4fer-G\u00fcmbel, wie kann man blo\u00df so hei\u00dfen... - Feminissima<\/title>\n<meta name=\"robots\" content=\"index, follow, max-snippet:-1, max-image-preview:large, max-video-preview:-1\" \/>\n<link rel=\"canonical\" href=\"https:\/\/feminissima.de\/index.php\/2008\/11\/08\/presse-spd-hessen-schaefer-guembel-wie-kann-man-bloss-so-heissen\/\" \/>\n<meta property=\"og:locale\" content=\"de_DE\" \/>\n<meta property=\"og:type\" content=\"article\" \/>\n<meta property=\"og:title\" content=\"PRESSE: SPD-HESSEN: Sch\u00e4fer-G\u00fcmbel, wie kann man blo\u00df so hei\u00dfen... - Feminissima\" \/>\n<meta property=\"og:description\" content=\"na, wenigstens der Vorname geht: Thorsten.. Die SPD geht jetzt zielbewu\u00dft auf Verliererkurs. Das Wort vom WECHSEL in HESSEN ist pass\u00e9. Oder-oder? Andrea Ypsilanti will aber auch nicht weichen. Warum auch? Jetzt hat sie einen jungen, aber schon gezeichneten.. Co-Aspiranten...mit dem unglaublich holprigen Doppelnamen. Sachlich, aber nicht unvoreingenommen hier ein fast taufrischer Text vom berliner-tagesspiegel-online, dessen TENDENZ wir nicht teilen.Aber der als &quot;Beobachtungs-Text&quot; nicht schlecht ist:\" \/>\n<meta property=\"og:url\" content=\"https:\/\/feminissima.de\/index.php\/2008\/11\/08\/presse-spd-hessen-schaefer-guembel-wie-kann-man-bloss-so-heissen\/\" \/>\n<meta property=\"og:site_name\" content=\"Feminissima\" \/>\n<meta property=\"article:published_time\" content=\"2008-11-08T18:33:32+00:00\" \/>\n<meta name=\"author\" content=\"admin\" \/>\n<meta name=\"twitter:card\" content=\"summary_large_image\" \/>\n<meta name=\"twitter:label1\" content=\"Verfasst von\" \/>\n\t<meta name=\"twitter:data1\" content=\"admin\" \/>\n\t<meta name=\"twitter:label2\" content=\"Gesch\u00e4tzte Lesezeit\" \/>\n\t<meta name=\"twitter:data2\" content=\"3\u00a0Minuten\" \/>\n<script type=\"application\/ld+json\" class=\"yoast-schema-graph\">{\"@context\":\"https:\/\/schema.org\",\"@graph\":[{\"@type\":\"WebPage\",\"@id\":\"https:\/\/feminissima.de\/index.php\/2008\/11\/08\/presse-spd-hessen-schaefer-guembel-wie-kann-man-bloss-so-heissen\/\",\"url\":\"https:\/\/feminissima.de\/index.php\/2008\/11\/08\/presse-spd-hessen-schaefer-guembel-wie-kann-man-bloss-so-heissen\/\",\"name\":\"PRESSE: SPD-HESSEN: Sch\u00e4fer-G\u00fcmbel, wie kann man blo\u00df so hei\u00dfen... - Feminissima\",\"isPartOf\":{\"@id\":\"https:\/\/feminissima.de\/#website\"},\"datePublished\":\"2008-11-08T18:33:32+00:00\",\"dateModified\":\"2008-11-08T18:33:32+00:00\",\"author\":{\"@id\":\"https:\/\/feminissima.de\/#\/schema\/person\/0b901e053624f88e7ecbea289d9d5128\"},\"breadcrumb\":{\"@id\":\"https:\/\/feminissima.de\/index.php\/2008\/11\/08\/presse-spd-hessen-schaefer-guembel-wie-kann-man-bloss-so-heissen\/#breadcrumb\"},\"inLanguage\":\"de\",\"potentialAction\":[{\"@type\":\"ReadAction\",\"target\":[\"https:\/\/feminissima.de\/index.php\/2008\/11\/08\/presse-spd-hessen-schaefer-guembel-wie-kann-man-bloss-so-heissen\/\"]}]},{\"@type\":\"BreadcrumbList\",\"@id\":\"https:\/\/feminissima.de\/index.php\/2008\/11\/08\/presse-spd-hessen-schaefer-guembel-wie-kann-man-bloss-so-heissen\/#breadcrumb\",\"itemListElement\":[{\"@type\":\"ListItem\",\"position\":1,\"name\":\"Startseite\",\"item\":\"https:\/\/feminissima.de\/\"},{\"@type\":\"ListItem\",\"position\":2,\"name\":\"PRESSE: SPD-HESSEN: Sch\u00e4fer-G\u00fcmbel, wie kann man blo\u00df so hei\u00dfen&#8230;\"}]},{\"@type\":\"WebSite\",\"@id\":\"https:\/\/feminissima.de\/#website\",\"url\":\"https:\/\/feminissima.de\/\",\"name\":\"Feminissima\",\"description\":\"\",\"potentialAction\":[{\"@type\":\"SearchAction\",\"target\":{\"@type\":\"EntryPoint\",\"urlTemplate\":\"https:\/\/feminissima.de\/?s={search_term_string}\"},\"query-input\":\"required name=search_term_string\"}],\"inLanguage\":\"de\"},{\"@type\":\"Person\",\"@id\":\"https:\/\/feminissima.de\/#\/schema\/person\/0b901e053624f88e7ecbea289d9d5128\",\"name\":\"admin\",\"image\":{\"@type\":\"ImageObject\",\"inLanguage\":\"de\",\"@id\":\"https:\/\/feminissima.de\/#\/schema\/person\/image\/\",\"url\":\"https:\/\/secure.gravatar.com\/avatar\/8da1f51327453c0bf63338e8e2a791948b7d2ac19b68839492d1e69aac6924a8?s=96&d=mm&r=g\",\"contentUrl\":\"https:\/\/secure.gravatar.com\/avatar\/8da1f51327453c0bf63338e8e2a791948b7d2ac19b68839492d1e69aac6924a8?s=96&d=mm&r=g\",\"caption\":\"admin\"},\"url\":\"https:\/\/feminissima.de\/index.php\/author\/admin\/\"}]}<\/script>\n<!-- \/ Yoast SEO plugin. -->","yoast_head_json":{"title":"PRESSE: SPD-HESSEN: Sch\u00e4fer-G\u00fcmbel, wie kann man blo\u00df so hei\u00dfen... - Feminissima","robots":{"index":"index","follow":"follow","max-snippet":"max-snippet:-1","max-image-preview":"max-image-preview:large","max-video-preview":"max-video-preview:-1"},"canonical":"https:\/\/feminissima.de\/index.php\/2008\/11\/08\/presse-spd-hessen-schaefer-guembel-wie-kann-man-bloss-so-heissen\/","og_locale":"de_DE","og_type":"article","og_title":"PRESSE: SPD-HESSEN: Sch\u00e4fer-G\u00fcmbel, wie kann man blo\u00df so hei\u00dfen... - Feminissima","og_description":"na, wenigstens der Vorname geht: Thorsten.. Die SPD geht jetzt zielbewu\u00dft auf Verliererkurs. Das Wort vom WECHSEL in HESSEN ist pass\u00e9. Oder-oder? Andrea Ypsilanti will aber auch nicht weichen. Warum auch? Jetzt hat sie einen jungen, aber schon gezeichneten.. Co-Aspiranten...mit dem unglaublich holprigen Doppelnamen. Sachlich, aber nicht unvoreingenommen hier ein fast taufrischer Text vom berliner-tagesspiegel-online, dessen TENDENZ wir nicht teilen.Aber der als \"Beobachtungs-Text\" nicht schlecht ist:","og_url":"https:\/\/feminissima.de\/index.php\/2008\/11\/08\/presse-spd-hessen-schaefer-guembel-wie-kann-man-bloss-so-heissen\/","og_site_name":"Feminissima","article_published_time":"2008-11-08T18:33:32+00:00","author":"admin","twitter_card":"summary_large_image","twitter_misc":{"Verfasst von":"admin","Gesch\u00e4tzte Lesezeit":"3\u00a0Minuten"},"schema":{"@context":"https:\/\/schema.org","@graph":[{"@type":"WebPage","@id":"https:\/\/feminissima.de\/index.php\/2008\/11\/08\/presse-spd-hessen-schaefer-guembel-wie-kann-man-bloss-so-heissen\/","url":"https:\/\/feminissima.de\/index.php\/2008\/11\/08\/presse-spd-hessen-schaefer-guembel-wie-kann-man-bloss-so-heissen\/","name":"PRESSE: SPD-HESSEN: Sch\u00e4fer-G\u00fcmbel, wie kann man blo\u00df so hei\u00dfen... - Feminissima","isPartOf":{"@id":"https:\/\/feminissima.de\/#website"},"datePublished":"2008-11-08T18:33:32+00:00","dateModified":"2008-11-08T18:33:32+00:00","author":{"@id":"https:\/\/feminissima.de\/#\/schema\/person\/0b901e053624f88e7ecbea289d9d5128"},"breadcrumb":{"@id":"https:\/\/feminissima.de\/index.php\/2008\/11\/08\/presse-spd-hessen-schaefer-guembel-wie-kann-man-bloss-so-heissen\/#breadcrumb"},"inLanguage":"de","potentialAction":[{"@type":"ReadAction","target":["https:\/\/feminissima.de\/index.php\/2008\/11\/08\/presse-spd-hessen-schaefer-guembel-wie-kann-man-bloss-so-heissen\/"]}]},{"@type":"BreadcrumbList","@id":"https:\/\/feminissima.de\/index.php\/2008\/11\/08\/presse-spd-hessen-schaefer-guembel-wie-kann-man-bloss-so-heissen\/#breadcrumb","itemListElement":[{"@type":"ListItem","position":1,"name":"Startseite","item":"https:\/\/feminissima.de\/"},{"@type":"ListItem","position":2,"name":"PRESSE: SPD-HESSEN: Sch\u00e4fer-G\u00fcmbel, wie kann man blo\u00df so hei\u00dfen&#8230;"}]},{"@type":"WebSite","@id":"https:\/\/feminissima.de\/#website","url":"https:\/\/feminissima.de\/","name":"Feminissima","description":"","potentialAction":[{"@type":"SearchAction","target":{"@type":"EntryPoint","urlTemplate":"https:\/\/feminissima.de\/?s={search_term_string}"},"query-input":"required name=search_term_string"}],"inLanguage":"de"},{"@type":"Person","@id":"https:\/\/feminissima.de\/#\/schema\/person\/0b901e053624f88e7ecbea289d9d5128","name":"admin","image":{"@type":"ImageObject","inLanguage":"de","@id":"https:\/\/feminissima.de\/#\/schema\/person\/image\/","url":"https:\/\/secure.gravatar.com\/avatar\/8da1f51327453c0bf63338e8e2a791948b7d2ac19b68839492d1e69aac6924a8?s=96&d=mm&r=g","contentUrl":"https:\/\/secure.gravatar.com\/avatar\/8da1f51327453c0bf63338e8e2a791948b7d2ac19b68839492d1e69aac6924a8?s=96&d=mm&r=g","caption":"admin"},"url":"https:\/\/feminissima.de\/index.php\/author\/admin\/"}]}},"jetpack_featured_media_url":"","_links":{"self":[{"href":"https:\/\/feminissima.de\/index.php\/wp-json\/wp\/v2\/posts\/85542","targetHints":{"allow":["GET"]}}],"collection":[{"href":"https:\/\/feminissima.de\/index.php\/wp-json\/wp\/v2\/posts"}],"about":[{"href":"https:\/\/feminissima.de\/index.php\/wp-json\/wp\/v2\/types\/post"}],"author":[{"embeddable":true,"href":"https:\/\/feminissima.de\/index.php\/wp-json\/wp\/v2\/users\/2"}],"replies":[{"embeddable":true,"href":"https:\/\/feminissima.de\/index.php\/wp-json\/wp\/v2\/comments?post=85542"}],"version-history":[{"count":0,"href":"https:\/\/feminissima.de\/index.php\/wp-json\/wp\/v2\/posts\/85542\/revisions"}],"wp:attachment":[{"href":"https:\/\/feminissima.de\/index.php\/wp-json\/wp\/v2\/media?parent=85542"}],"wp:term":[{"taxonomy":"category","embeddable":true,"href":"https:\/\/feminissima.de\/index.php\/wp-json\/wp\/v2\/categories?post=85542"},{"taxonomy":"post_tag","embeddable":true,"href":"https:\/\/feminissima.de\/index.php\/wp-json\/wp\/v2\/tags?post=85542"}],"curies":[{"name":"wp","href":"https:\/\/api.w.org\/{rel}","templated":true}]}}