{"id":85518,"date":"2008-10-31T14:02:43","date_gmt":"2008-10-31T14:02:43","guid":{"rendered":"http:\/\/www.feminissima.de\/?p=85518"},"modified":"2008-10-31T14:02:43","modified_gmt":"2008-10-31T14:02:43","slug":"presse-show-spon-zu-lafontaine-merz-bei-illner","status":"publish","type":"post","link":"https:\/\/feminissima.de\/index.php\/2008\/10\/31\/presse-show-spon-zu-lafontaine-merz-bei-illner\/","title":{"rendered":"PRESSE-SHOW &#8211; SPON zu Lafontaine &#038; Merz bei ILLNER"},"content":{"rendered":"<p>eine Supissima..f\u00fcr den Text und f\u00fcrs Hinschauen&#8230;<br \/>last page view: 1.622.960<br \/>gestern: 1.873<br \/>heute: 1.840<\/p>\n<p>14 Uhr&#8230;<\/p>\n<p>..Auf Lanzarote ist gerade ne Maschine von Europe Air ..<br \/>wer immer sich dahinter verbirgt,<br \/>\u00fcber die Landebahn gerutscht&#8230;<br \/>kam kurz vor dem Meer zu stehen. <br \/>Verletzt wurde angeblich niemand&#8230;.<br \/>Die Maschine kam aus Glasgow.<\/p>\n<p>Lanzarote..und Flugzeuge..<br \/>das passt ja auch nicht zusammen&#8230;<\/p>\n<table width=\"100%\">\n<tr>\n<td style=\"background-image=url('images\/monet-heller.jpg')\"><font size=\"+1\"><\/p>\n<p>daf\u00fcr einen Preis!<br \/> Auch f\u00fcr&#8217;s Aushalten!<br \/>Kriegt eine SUPISSIMA, der Text.<br \/>Wer Lafontaine kennt,<br \/>h\u00e4tte ihn so nicht&#8230;.fast-allein..,<br \/>aber &#8230;besser,<br \/> du kennst Diktatoren vorher&#8230;<br \/>Lafontaine hat den SPON-Leuten<br \/> ja schier das F\u00fcrchten beigebracht&#8230;<br \/>Ja, waren sie bisher blind und taub..?<br \/>Nein, ganz und gar nicht..<br \/>Wenn er selbst einen Merz in Grund und Boden &#8230;also eine Ein-Mann-Show&#8230;Illner soll sehr schwach gewesen sein, <br \/>fr\u00fcher war sie anders, <br \/>oder auch nicht..?<\/p>\n<p>Aber letztlich hat der Oskar von der Sache her recht,<br \/>und da bei\u00dft keine Maus einen Faden ab:<br \/>Wenn die maroden Banken saniert werden,<br \/>warum nicht auch der &#8222;kleine B\u00fcrger..?&#8220;<\/p>\n<p>&#8212;&#8212;&#8212;&#8212;<\/p>\n<p>\nMAYBRIT ILLNERS KAPITALISMUSKURS<\/p>\n<p>Beste Chancen f\u00fcr Populisten-Aktien<\/p>\n<p>Von Max Thomas Mehr<\/p>\n<p>Kapitalismus gegen Sozialismus, kann man in einer Talkshow die Systemfrage diskutieren? Maybrit Illner hat es versucht: Friedrich Merz gegen Oskar Lafontaine. Die beiden lieferten ein Duell voller Formeln und Populismus &#8211; und einen Vorgeschmack auf den Wahlkampf.<\/p>\n<p>Stellt die Finanzkrise nun alles in Frage, was nach der Wende 1989 gekl\u00e4rt schien, dass n\u00e4mlich der Kapitalismus das \u00fcberlegene System sei? So fragt die gelernte DDR-B\u00fcrgerin Illner gleich zu Beginn in Abwandlung eines ber\u00fcchtigten Honecker-Spruchs aus der Endzeit der Arbeiter- und Bauernstaates. <\/p>\n<p>( ZDF<\/p>\n<p>Kontrahenten Merz, Lafontaine: Schlagabtausch auf h\u00f6herem Niveau, als man es \u00f6ffentlich-rechtlich gew\u00f6hnt ist)<\/p>\n<p>Nat\u00fcrlich nicht. Auch f\u00fcr Oskar Lafontaine ist klar, dass der Kapitalismus &#8222;die Krise immer \u00fcberlebt&#8220; hat, Marktwirtschaft &#8222;nicht ersetzbar&#8220; ist. Als dann beide unisono Alan Greenspan und &#8222;die Amerikaner&#8220; mit ihrer Niedrigzinspolitik als die Verursacher der Finanzkrise ausgemacht haben, scheint der Talk schon gelaufen. <\/p>\n<p>Beinahe. Denn Oskar Lafontaine liefert an diesem Abend eine Lehrstunde in Sachen Populismus ab, den die Sozialdemokraten genau studieren sollten, bevor sie 2009 in den Wahlkampf ziehen. Lafontaine kommt an. <\/p>\n<p>Er gei\u00dfelt den Finanzkapitalismus mit seinen &#8222;Papierm\u00e4rkten&#8220;, die wie die Warenm\u00e4rkte der Realwirtschaft behandelt w\u00fcrden. Er hat immer wieder griffige und plausibel klingende Beispiele. Einpr\u00e4gsam und nicht nur im Fernsehen, sondern auch im Bierzelt vermittelbar: Wenn die Wirtschaft nur drei Prozent w\u00e4chst, dann sei es doch verr\u00fcckt, wenn Herr Ackermann 25 Prozent Rendite will, findet er. Gebetsm\u00fchlenartig kritisiert Lafontaine immer wieder das Fallen der Lohnquote, das Sinken der Renten und Hartz IV. <\/p>\n<p>Angesichts des bereitgestellten 500-Milliarden-Schutzschirms f\u00fcr die Banken fordert Lafontaine &#8222;einen Schutzschirm f\u00fcr die Arbeitspl\u00e4tze&#8220;. Die rhetorische Figur der Wiederholung: das kann man sich einfach gut merken.<\/p>\n<p>Gegen Ende lobt der immer schon frankophile, angeblich &#8222;linke&#8220; Saarl\u00e4nder auch noch den konservativen franz\u00f6sischen Staatspr\u00e4sidenten Nicolas Sarkozy. Der habe alles richtig gemacht in der Finanzkrise, zun\u00e4chst auch gegen Merkel. Lafontaine l\u00e4sst sich nicht einordnen ins Links-rechts-Schema. Nicht nur die SPD, auch die CDU wird sich noch ganz anders mit dem einstigen Lieblingsenkel von Willy Brandt besch\u00e4ftigen m\u00fcssen. <\/p>\n<p>Links liegen lassen funktioniert nicht, rechts liegen lassen wohl auch nicht. Lafontaines Angriff auf die formale Demokratie wirkt unverbrauchter als alle Zynismen eines Gregor Gysi. Wenn er im Handumdrehen Demokratie neu definiert als einen politischen Aggregatzustand, in dem die sozialen Interessen der Mehrheit bestimmen, sieht der Sauerl\u00e4nder Merz, der &#8222;mehr Kapitalismus wagen&#8220; will &#8211; so sein j\u00fcngster Buchtitel &#8211; dagegen ziemlich blass aus. <\/p>\n<p> Im Angesicht der Krise gelingt es dem Saarl\u00e4nder, die von Merz zu Recht zitierten Freiheitswerte weniger bedeutend erscheinen zu lassen. Und das ist der eigentliche Skandal der Sendung: Weder dem CDU-Mann noch der Moderatorin gelingt es hier, Lafontaine Einhalt zu gebieten.<\/p>\n<p>Richtig schlimm wird es f\u00fcr Merz, als es um die Privatisierung der Immobilienbank IKB geht. Seine Rolle bleibt unklar. <\/p>\n<p>Mit s\u00fcffisanten Andeutungen gibt Lafontaine zu verstehen: Erst habe der Staat mit zehn Milliarden Euro die Insolvenz der Bank verhindert und die Verluste all dieser &#8222;Schrottpapiere&#8220; (Lafontaine) sozialisiert, um sie dann an eine Heuschrecke zu verkaufen. Und diesen Deal der Heuschrecke Lone Star habe ausgerechnet das Anwaltsb\u00fcro betreut, in dem auch Friedrich Merz t\u00e4tig ist. Der wehrt gleich ab: Er habe damit pers\u00f6nlich nichts zu tun gehabt. Auch hier eine schwache Moderatorin: sie bringt die Geschichte \u00fcber einen Einspielfilm ein, kl\u00e4rt aber letztlich nicht die Fakten.<\/p>\n<p>Maybrit Illner hat sich mit ihrer Sendung viel vorgenommen. Trotz gelegentlicher H\u00e4nger bot die Talkshow einen Schlagabtausch auf h\u00f6herem Niveau, als man es \u2013 auch \u00f6ffentlich-rechtlich \u2013 gew\u00f6hnt ist. Marcel Reich-Ranicki h\u00e4tte ruhig zugucken k\u00f6nnen. Vor allem hat die Sendung eine Vorahnung davon vermittelt, wie der n\u00e4chste Wahlkampf aussehen k\u00f6nnte. Auch wenn Friedrich Merz ja kaum dabei sein wird. <\/p>\n<p>Eines jedenfalls ist sicher: W\u00fcrden sich Talkshow und Realpolitik an den B\u00f6rsen so behaupten m\u00fcssen wie VW und Daimler, dann h\u00e4tte Lafontaines Aktie einen ziemlichen Sprung nach oben gemacht. Aber bis zur Wahl ist es ja noch hin \u2013 und bis dahin kann noch so manche Blase platzen.<\/p>\n","protected":false},"excerpt":{"rendered":"<p>eine Supissima..f\u00fcr den Text und f\u00fcrs Hinschauen&#8230;<\/p>\n","protected":false},"author":2,"featured_media":0,"comment_status":"closed","ping_status":"closed","sticky":false,"template":"","format":"standard","meta":{"footnotes":""},"categories":[32],"tags":[],"class_list":["post-85518","post","type-post","status-publish","format-standard","hentry","category-supissima","entry"],"yoast_head":"<!-- This site is optimized with the Yoast SEO plugin v21.0 - https:\/\/yoast.com\/wordpress\/plugins\/seo\/ -->\n<title>PRESSE-SHOW - SPON zu Lafontaine &amp; Merz bei ILLNER - Feminissima<\/title>\n<meta name=\"robots\" content=\"index, follow, max-snippet:-1, max-image-preview:large, max-video-preview:-1\" \/>\n<link rel=\"canonical\" href=\"https:\/\/feminissima.de\/index.php\/2008\/10\/31\/presse-show-spon-zu-lafontaine-merz-bei-illner\/\" \/>\n<meta property=\"og:locale\" content=\"de_DE\" \/>\n<meta property=\"og:type\" content=\"article\" \/>\n<meta property=\"og:title\" content=\"PRESSE-SHOW - SPON zu Lafontaine &amp; Merz bei ILLNER - Feminissima\" \/>\n<meta property=\"og:description\" content=\"eine Supissima..f\u00fcr den Text und f\u00fcrs Hinschauen...\" \/>\n<meta property=\"og:url\" content=\"https:\/\/feminissima.de\/index.php\/2008\/10\/31\/presse-show-spon-zu-lafontaine-merz-bei-illner\/\" \/>\n<meta property=\"og:site_name\" content=\"Feminissima\" \/>\n<meta property=\"article:published_time\" content=\"2008-10-31T14:02:43+00:00\" \/>\n<meta name=\"author\" content=\"admin\" \/>\n<meta name=\"twitter:card\" content=\"summary_large_image\" \/>\n<meta name=\"twitter:label1\" content=\"Verfasst von\" \/>\n\t<meta name=\"twitter:data1\" content=\"admin\" \/>\n\t<meta name=\"twitter:label2\" content=\"Gesch\u00e4tzte Lesezeit\" \/>\n\t<meta name=\"twitter:data2\" content=\"4\u00a0Minuten\" \/>\n<script type=\"application\/ld+json\" class=\"yoast-schema-graph\">{\"@context\":\"https:\/\/schema.org\",\"@graph\":[{\"@type\":\"WebPage\",\"@id\":\"https:\/\/feminissima.de\/index.php\/2008\/10\/31\/presse-show-spon-zu-lafontaine-merz-bei-illner\/\",\"url\":\"https:\/\/feminissima.de\/index.php\/2008\/10\/31\/presse-show-spon-zu-lafontaine-merz-bei-illner\/\",\"name\":\"PRESSE-SHOW - SPON zu Lafontaine & Merz bei ILLNER - Feminissima\",\"isPartOf\":{\"@id\":\"https:\/\/feminissima.de\/#website\"},\"datePublished\":\"2008-10-31T14:02:43+00:00\",\"dateModified\":\"2008-10-31T14:02:43+00:00\",\"author\":{\"@id\":\"https:\/\/feminissima.de\/#\/schema\/person\/0b901e053624f88e7ecbea289d9d5128\"},\"breadcrumb\":{\"@id\":\"https:\/\/feminissima.de\/index.php\/2008\/10\/31\/presse-show-spon-zu-lafontaine-merz-bei-illner\/#breadcrumb\"},\"inLanguage\":\"de\",\"potentialAction\":[{\"@type\":\"ReadAction\",\"target\":[\"https:\/\/feminissima.de\/index.php\/2008\/10\/31\/presse-show-spon-zu-lafontaine-merz-bei-illner\/\"]}]},{\"@type\":\"BreadcrumbList\",\"@id\":\"https:\/\/feminissima.de\/index.php\/2008\/10\/31\/presse-show-spon-zu-lafontaine-merz-bei-illner\/#breadcrumb\",\"itemListElement\":[{\"@type\":\"ListItem\",\"position\":1,\"name\":\"Startseite\",\"item\":\"https:\/\/feminissima.de\/\"},{\"@type\":\"ListItem\",\"position\":2,\"name\":\"PRESSE-SHOW &#8211; SPON zu Lafontaine &#038; Merz bei ILLNER\"}]},{\"@type\":\"WebSite\",\"@id\":\"https:\/\/feminissima.de\/#website\",\"url\":\"https:\/\/feminissima.de\/\",\"name\":\"Feminissima\",\"description\":\"\",\"potentialAction\":[{\"@type\":\"SearchAction\",\"target\":{\"@type\":\"EntryPoint\",\"urlTemplate\":\"https:\/\/feminissima.de\/?s={search_term_string}\"},\"query-input\":\"required name=search_term_string\"}],\"inLanguage\":\"de\"},{\"@type\":\"Person\",\"@id\":\"https:\/\/feminissima.de\/#\/schema\/person\/0b901e053624f88e7ecbea289d9d5128\",\"name\":\"admin\",\"image\":{\"@type\":\"ImageObject\",\"inLanguage\":\"de\",\"@id\":\"https:\/\/feminissima.de\/#\/schema\/person\/image\/\",\"url\":\"https:\/\/secure.gravatar.com\/avatar\/8da1f51327453c0bf63338e8e2a791948b7d2ac19b68839492d1e69aac6924a8?s=96&d=mm&r=g\",\"contentUrl\":\"https:\/\/secure.gravatar.com\/avatar\/8da1f51327453c0bf63338e8e2a791948b7d2ac19b68839492d1e69aac6924a8?s=96&d=mm&r=g\",\"caption\":\"admin\"},\"url\":\"https:\/\/feminissima.de\/index.php\/author\/admin\/\"}]}<\/script>\n<!-- \/ Yoast SEO plugin. -->","yoast_head_json":{"title":"PRESSE-SHOW - SPON zu Lafontaine & Merz bei ILLNER - Feminissima","robots":{"index":"index","follow":"follow","max-snippet":"max-snippet:-1","max-image-preview":"max-image-preview:large","max-video-preview":"max-video-preview:-1"},"canonical":"https:\/\/feminissima.de\/index.php\/2008\/10\/31\/presse-show-spon-zu-lafontaine-merz-bei-illner\/","og_locale":"de_DE","og_type":"article","og_title":"PRESSE-SHOW - SPON zu Lafontaine & Merz bei ILLNER - Feminissima","og_description":"eine Supissima..f\u00fcr den Text und f\u00fcrs Hinschauen...","og_url":"https:\/\/feminissima.de\/index.php\/2008\/10\/31\/presse-show-spon-zu-lafontaine-merz-bei-illner\/","og_site_name":"Feminissima","article_published_time":"2008-10-31T14:02:43+00:00","author":"admin","twitter_card":"summary_large_image","twitter_misc":{"Verfasst von":"admin","Gesch\u00e4tzte Lesezeit":"4\u00a0Minuten"},"schema":{"@context":"https:\/\/schema.org","@graph":[{"@type":"WebPage","@id":"https:\/\/feminissima.de\/index.php\/2008\/10\/31\/presse-show-spon-zu-lafontaine-merz-bei-illner\/","url":"https:\/\/feminissima.de\/index.php\/2008\/10\/31\/presse-show-spon-zu-lafontaine-merz-bei-illner\/","name":"PRESSE-SHOW - SPON zu Lafontaine & Merz bei ILLNER - Feminissima","isPartOf":{"@id":"https:\/\/feminissima.de\/#website"},"datePublished":"2008-10-31T14:02:43+00:00","dateModified":"2008-10-31T14:02:43+00:00","author":{"@id":"https:\/\/feminissima.de\/#\/schema\/person\/0b901e053624f88e7ecbea289d9d5128"},"breadcrumb":{"@id":"https:\/\/feminissima.de\/index.php\/2008\/10\/31\/presse-show-spon-zu-lafontaine-merz-bei-illner\/#breadcrumb"},"inLanguage":"de","potentialAction":[{"@type":"ReadAction","target":["https:\/\/feminissima.de\/index.php\/2008\/10\/31\/presse-show-spon-zu-lafontaine-merz-bei-illner\/"]}]},{"@type":"BreadcrumbList","@id":"https:\/\/feminissima.de\/index.php\/2008\/10\/31\/presse-show-spon-zu-lafontaine-merz-bei-illner\/#breadcrumb","itemListElement":[{"@type":"ListItem","position":1,"name":"Startseite","item":"https:\/\/feminissima.de\/"},{"@type":"ListItem","position":2,"name":"PRESSE-SHOW &#8211; SPON zu Lafontaine &#038; Merz bei ILLNER"}]},{"@type":"WebSite","@id":"https:\/\/feminissima.de\/#website","url":"https:\/\/feminissima.de\/","name":"Feminissima","description":"","potentialAction":[{"@type":"SearchAction","target":{"@type":"EntryPoint","urlTemplate":"https:\/\/feminissima.de\/?s={search_term_string}"},"query-input":"required name=search_term_string"}],"inLanguage":"de"},{"@type":"Person","@id":"https:\/\/feminissima.de\/#\/schema\/person\/0b901e053624f88e7ecbea289d9d5128","name":"admin","image":{"@type":"ImageObject","inLanguage":"de","@id":"https:\/\/feminissima.de\/#\/schema\/person\/image\/","url":"https:\/\/secure.gravatar.com\/avatar\/8da1f51327453c0bf63338e8e2a791948b7d2ac19b68839492d1e69aac6924a8?s=96&d=mm&r=g","contentUrl":"https:\/\/secure.gravatar.com\/avatar\/8da1f51327453c0bf63338e8e2a791948b7d2ac19b68839492d1e69aac6924a8?s=96&d=mm&r=g","caption":"admin"},"url":"https:\/\/feminissima.de\/index.php\/author\/admin\/"}]}},"jetpack_featured_media_url":"","_links":{"self":[{"href":"https:\/\/feminissima.de\/index.php\/wp-json\/wp\/v2\/posts\/85518","targetHints":{"allow":["GET"]}}],"collection":[{"href":"https:\/\/feminissima.de\/index.php\/wp-json\/wp\/v2\/posts"}],"about":[{"href":"https:\/\/feminissima.de\/index.php\/wp-json\/wp\/v2\/types\/post"}],"author":[{"embeddable":true,"href":"https:\/\/feminissima.de\/index.php\/wp-json\/wp\/v2\/users\/2"}],"replies":[{"embeddable":true,"href":"https:\/\/feminissima.de\/index.php\/wp-json\/wp\/v2\/comments?post=85518"}],"version-history":[{"count":0,"href":"https:\/\/feminissima.de\/index.php\/wp-json\/wp\/v2\/posts\/85518\/revisions"}],"wp:attachment":[{"href":"https:\/\/feminissima.de\/index.php\/wp-json\/wp\/v2\/media?parent=85518"}],"wp:term":[{"taxonomy":"category","embeddable":true,"href":"https:\/\/feminissima.de\/index.php\/wp-json\/wp\/v2\/categories?post=85518"},{"taxonomy":"post_tag","embeddable":true,"href":"https:\/\/feminissima.de\/index.php\/wp-json\/wp\/v2\/tags?post=85518"}],"curies":[{"name":"wp","href":"https:\/\/api.w.org\/{rel}","templated":true}]}}