{"id":85506,"date":"2008-10-19T18:45:51","date_gmt":"2008-10-19T18:45:51","guid":{"rendered":"http:\/\/www.feminissima.de\/?p=85506"},"modified":"2008-10-19T18:45:51","modified_gmt":"2008-10-19T18:45:51","slug":"uebrigens-ueber-w-steinmeier-fiel-uns-ein-text","status":"publish","type":"post","link":"https:\/\/feminissima.de\/index.php\/2008\/10\/19\/uebrigens-ueber-w-steinmeier-fiel-uns-ein-text\/","title":{"rendered":"\u00fcbrigens, \u00fcber W. Steinmeier fiel uns ein Text"},"content":{"rendered":"<p>frisch von der live-Site..from this afternoon..<br \/>19.10. \u00dcbrigens,  \u00fcber W. Steinmeier ist uns gerade ein Artikel vom 16.8.2006 in fem&#038;Politik  16 Uhr 30\/ 17 Uhr 20 nun schon wieder..<\/p>\n<p>1.597.207<br \/>heute: 714 &#8211; <\/p>\n<p>..er ist ein ungemein autorit\u00e4rer Mensch&#8230;,<br \/>nach echter SPD-M\u00e4nner-Manie-Manier..<br \/>und kommt ja aus der Schlapphut-Ecke,<br \/> nicht von ungef\u00e4hr&#8230;<\/p>\n<p>***Liebe Krimi-Freunde &#8211; heute Abend statt LUND<br \/>(und habt Ihr gestern sp\u00e4tnacht auf ARTE die Wiederholung von &#8222;l&#8217;\u00e9t\u00e9 d&#8217;Isabelle&#8220; gesehen?<br \/>Der sch\u00f6nste und zugleich <br \/>politischste und romantischste <br \/>Film des Jahrhunderts?<br \/>&#8230;Die Liebe einer Pariserin <br \/>zu ihrem Journalisten-Kollgen aus Kirgistan&#8230;<br \/>und beide wollen eigentlich heiraten&#8230;<br \/>Isabelle glaubt, <br \/>sie wird der Familie dort&#8230;als Verlobte vorgestellt.<br \/>Ein Film zum Heulen sch\u00f6n &#038; ergreifend&#8230;)<\/p>\n<p>Also: statt LUND heute Abend der KLASSIK-ECHO-Preis&#8230;<br \/>Moderiert von Leuten,<br \/>da wir eh wegzappen&#8230;schade.<\/p>\n<p>Es gibt ja ein Wort,<br \/>das du kaum noch h\u00f6ren kannst, <br \/>und es hei\u00dft&#8230;.? 3 x darfst du raten&#8230;!<br \/>Genau &#8211; es hei\u00dft PREIS!<br \/>Wir verteilen gerande den no-prize!<br \/>An alle&#8230;wir-sind-toll!<\/p>\n<p><\/p>\n<table width=\"100%\">\n<tr>\n<td style=\"background-image=url('images\/monet-heller.jpg')\"><font size=\"+1\"><\/p>\n<p>zuf\u00e4llig <br \/>in die zarten H\u00e4nde <br \/>gefallen.<\/p>\n<p>Titel:<br \/>&#8222;CHANCE VERTAN&#8220;.<br \/>Ein Bericht aus dem ARD-H\u00f6rfunk-Studio AMMAN&#8230;<\/p>\n<p>Einfach auf fem&#038;Politik klicken!<br \/>Und auf &#8222;view all&#8220; <br \/>(alle sollen sich zeigen, hei\u00dft das, die Texte..!)<br \/>und dann runterscrollen bis zum Datum.<br \/>Die Texte sind automatisch <br \/>nach Datum geordnet.<\/p>\n<p>In der sogenannten TOP LIST<br \/>linke Seite unter &#8222;Hauptmen\u00fc&#8220; &#8211; <br \/>findet Ihr ALLE Texte \u00fcberhaupt<br \/>aufgelistet.<\/p>\n<p>In der st\u00e4ndig sich ver\u00e4ndernden Reihenfolge<br \/>einer Lese-Statistik,<br \/> die getrennt von der live-Site-Statistik <br \/>arbeitet.<\/p>\n<p>So kann ein Text hier auf der live-Site gerade \u00fcber, sagen wir 400 mal oder 3ooo mal angeklickt oder gelesen worden sein:<br \/>in der Gesamtrubrik &#8222;Top List&#8220;<br \/>beginnt die Z\u00e4hlung wieder bei Zero&#8230;<br \/>jeder Text f\u00e4ngt da ganz unten an&#8230;<br \/>Es steht aber vor dem Text, <br \/>falls es nicht vergessen worden ist,<br \/>wieviele pageviews der Text als zuvor live-Text eingeheimst hatte.<\/p>\n<p>Mit \u00fcber 1000 Klicks Abstand<br \/> vor allen anderen RESSORTS <br \/>wird fem&#038;GESUNDHEIT angeklickt,<br \/>dort bietet feminissima <br \/> die meisten Texte an&#8230;? <br \/>gefolgt dann aber directement<br \/>von fem&#038;Kultur\/<br \/>und fem&#038;Leben\/..<br \/>die PINNWAND!<\/p>\n<p>Aber, dies ist aber wohl auch f\u00fcr Nicht-Eingeloggte sichtbar, <br \/>unterhalb der TOP LIST, <br \/>dort finden sich auch alle &#8222;Pollys&#8220; &#8211; unter &#8222;Umfrage&#8220;&#8230;.<br \/>Aber es ist ja Polly&#8217;s Corner..<\/p>\n","protected":false},"excerpt":{"rendered":"<p>frisch von der live-Site..from this afternoon..<\/p>\n","protected":false},"author":2,"featured_media":0,"comment_status":"closed","ping_status":"closed","sticky":false,"template":"","format":"standard","meta":{"footnotes":""},"categories":[34],"tags":[],"class_list":["post-85506","post","type-post","status-publish","format-standard","hentry","category-brigens","entry"],"yoast_head":"<!-- This site is optimized with the Yoast SEO plugin v21.0 - https:\/\/yoast.com\/wordpress\/plugins\/seo\/ -->\n<title>\u00fcbrigens, \u00fcber W. Steinmeier fiel uns ein Text - Feminissima<\/title>\n<meta name=\"robots\" content=\"index, follow, max-snippet:-1, max-image-preview:large, max-video-preview:-1\" \/>\n<link rel=\"canonical\" href=\"https:\/\/feminissima.de\/index.php\/2008\/10\/19\/uebrigens-ueber-w-steinmeier-fiel-uns-ein-text\/\" \/>\n<meta property=\"og:locale\" content=\"de_DE\" \/>\n<meta property=\"og:type\" content=\"article\" \/>\n<meta property=\"og:title\" content=\"\u00fcbrigens, \u00fcber W. Steinmeier fiel uns ein Text - Feminissima\" \/>\n<meta property=\"og:description\" content=\"frisch von der live-Site..from this afternoon..\" \/>\n<meta property=\"og:url\" content=\"https:\/\/feminissima.de\/index.php\/2008\/10\/19\/uebrigens-ueber-w-steinmeier-fiel-uns-ein-text\/\" \/>\n<meta property=\"og:site_name\" content=\"Feminissima\" \/>\n<meta property=\"article:published_time\" content=\"2008-10-19T18:45:51+00:00\" \/>\n<meta name=\"author\" content=\"admin\" \/>\n<meta name=\"twitter:card\" content=\"summary_large_image\" \/>\n<meta name=\"twitter:label1\" content=\"Verfasst von\" \/>\n\t<meta name=\"twitter:data1\" content=\"admin\" \/>\n\t<meta name=\"twitter:label2\" content=\"Gesch\u00e4tzte Lesezeit\" \/>\n\t<meta name=\"twitter:data2\" content=\"2\u00a0Minuten\" \/>\n<script type=\"application\/ld+json\" class=\"yoast-schema-graph\">{\"@context\":\"https:\/\/schema.org\",\"@graph\":[{\"@type\":\"WebPage\",\"@id\":\"https:\/\/feminissima.de\/index.php\/2008\/10\/19\/uebrigens-ueber-w-steinmeier-fiel-uns-ein-text\/\",\"url\":\"https:\/\/feminissima.de\/index.php\/2008\/10\/19\/uebrigens-ueber-w-steinmeier-fiel-uns-ein-text\/\",\"name\":\"\u00fcbrigens, \u00fcber W. Steinmeier fiel uns ein Text - Feminissima\",\"isPartOf\":{\"@id\":\"https:\/\/feminissima.de\/#website\"},\"datePublished\":\"2008-10-19T18:45:51+00:00\",\"dateModified\":\"2008-10-19T18:45:51+00:00\",\"author\":{\"@id\":\"https:\/\/feminissima.de\/#\/schema\/person\/0b901e053624f88e7ecbea289d9d5128\"},\"breadcrumb\":{\"@id\":\"https:\/\/feminissima.de\/index.php\/2008\/10\/19\/uebrigens-ueber-w-steinmeier-fiel-uns-ein-text\/#breadcrumb\"},\"inLanguage\":\"de\",\"potentialAction\":[{\"@type\":\"ReadAction\",\"target\":[\"https:\/\/feminissima.de\/index.php\/2008\/10\/19\/uebrigens-ueber-w-steinmeier-fiel-uns-ein-text\/\"]}]},{\"@type\":\"BreadcrumbList\",\"@id\":\"https:\/\/feminissima.de\/index.php\/2008\/10\/19\/uebrigens-ueber-w-steinmeier-fiel-uns-ein-text\/#breadcrumb\",\"itemListElement\":[{\"@type\":\"ListItem\",\"position\":1,\"name\":\"Startseite\",\"item\":\"https:\/\/feminissima.de\/\"},{\"@type\":\"ListItem\",\"position\":2,\"name\":\"\u00fcbrigens, \u00fcber W. Steinmeier fiel uns ein Text\"}]},{\"@type\":\"WebSite\",\"@id\":\"https:\/\/feminissima.de\/#website\",\"url\":\"https:\/\/feminissima.de\/\",\"name\":\"Feminissima\",\"description\":\"\",\"potentialAction\":[{\"@type\":\"SearchAction\",\"target\":{\"@type\":\"EntryPoint\",\"urlTemplate\":\"https:\/\/feminissima.de\/?s={search_term_string}\"},\"query-input\":\"required name=search_term_string\"}],\"inLanguage\":\"de\"},{\"@type\":\"Person\",\"@id\":\"https:\/\/feminissima.de\/#\/schema\/person\/0b901e053624f88e7ecbea289d9d5128\",\"name\":\"admin\",\"image\":{\"@type\":\"ImageObject\",\"inLanguage\":\"de\",\"@id\":\"https:\/\/feminissima.de\/#\/schema\/person\/image\/\",\"url\":\"https:\/\/secure.gravatar.com\/avatar\/8da1f51327453c0bf63338e8e2a791948b7d2ac19b68839492d1e69aac6924a8?s=96&d=mm&r=g\",\"contentUrl\":\"https:\/\/secure.gravatar.com\/avatar\/8da1f51327453c0bf63338e8e2a791948b7d2ac19b68839492d1e69aac6924a8?s=96&d=mm&r=g\",\"caption\":\"admin\"},\"url\":\"https:\/\/feminissima.de\/index.php\/author\/admin\/\"}]}<\/script>\n<!-- \/ Yoast SEO plugin. -->","yoast_head_json":{"title":"\u00fcbrigens, \u00fcber W. Steinmeier fiel uns ein Text - Feminissima","robots":{"index":"index","follow":"follow","max-snippet":"max-snippet:-1","max-image-preview":"max-image-preview:large","max-video-preview":"max-video-preview:-1"},"canonical":"https:\/\/feminissima.de\/index.php\/2008\/10\/19\/uebrigens-ueber-w-steinmeier-fiel-uns-ein-text\/","og_locale":"de_DE","og_type":"article","og_title":"\u00fcbrigens, \u00fcber W. Steinmeier fiel uns ein Text - Feminissima","og_description":"frisch von der live-Site..from this afternoon..","og_url":"https:\/\/feminissima.de\/index.php\/2008\/10\/19\/uebrigens-ueber-w-steinmeier-fiel-uns-ein-text\/","og_site_name":"Feminissima","article_published_time":"2008-10-19T18:45:51+00:00","author":"admin","twitter_card":"summary_large_image","twitter_misc":{"Verfasst von":"admin","Gesch\u00e4tzte Lesezeit":"2\u00a0Minuten"},"schema":{"@context":"https:\/\/schema.org","@graph":[{"@type":"WebPage","@id":"https:\/\/feminissima.de\/index.php\/2008\/10\/19\/uebrigens-ueber-w-steinmeier-fiel-uns-ein-text\/","url":"https:\/\/feminissima.de\/index.php\/2008\/10\/19\/uebrigens-ueber-w-steinmeier-fiel-uns-ein-text\/","name":"\u00fcbrigens, \u00fcber W. Steinmeier fiel uns ein Text - Feminissima","isPartOf":{"@id":"https:\/\/feminissima.de\/#website"},"datePublished":"2008-10-19T18:45:51+00:00","dateModified":"2008-10-19T18:45:51+00:00","author":{"@id":"https:\/\/feminissima.de\/#\/schema\/person\/0b901e053624f88e7ecbea289d9d5128"},"breadcrumb":{"@id":"https:\/\/feminissima.de\/index.php\/2008\/10\/19\/uebrigens-ueber-w-steinmeier-fiel-uns-ein-text\/#breadcrumb"},"inLanguage":"de","potentialAction":[{"@type":"ReadAction","target":["https:\/\/feminissima.de\/index.php\/2008\/10\/19\/uebrigens-ueber-w-steinmeier-fiel-uns-ein-text\/"]}]},{"@type":"BreadcrumbList","@id":"https:\/\/feminissima.de\/index.php\/2008\/10\/19\/uebrigens-ueber-w-steinmeier-fiel-uns-ein-text\/#breadcrumb","itemListElement":[{"@type":"ListItem","position":1,"name":"Startseite","item":"https:\/\/feminissima.de\/"},{"@type":"ListItem","position":2,"name":"\u00fcbrigens, \u00fcber W. Steinmeier fiel uns ein Text"}]},{"@type":"WebSite","@id":"https:\/\/feminissima.de\/#website","url":"https:\/\/feminissima.de\/","name":"Feminissima","description":"","potentialAction":[{"@type":"SearchAction","target":{"@type":"EntryPoint","urlTemplate":"https:\/\/feminissima.de\/?s={search_term_string}"},"query-input":"required name=search_term_string"}],"inLanguage":"de"},{"@type":"Person","@id":"https:\/\/feminissima.de\/#\/schema\/person\/0b901e053624f88e7ecbea289d9d5128","name":"admin","image":{"@type":"ImageObject","inLanguage":"de","@id":"https:\/\/feminissima.de\/#\/schema\/person\/image\/","url":"https:\/\/secure.gravatar.com\/avatar\/8da1f51327453c0bf63338e8e2a791948b7d2ac19b68839492d1e69aac6924a8?s=96&d=mm&r=g","contentUrl":"https:\/\/secure.gravatar.com\/avatar\/8da1f51327453c0bf63338e8e2a791948b7d2ac19b68839492d1e69aac6924a8?s=96&d=mm&r=g","caption":"admin"},"url":"https:\/\/feminissima.de\/index.php\/author\/admin\/"}]}},"jetpack_featured_media_url":"","_links":{"self":[{"href":"https:\/\/feminissima.de\/index.php\/wp-json\/wp\/v2\/posts\/85506","targetHints":{"allow":["GET"]}}],"collection":[{"href":"https:\/\/feminissima.de\/index.php\/wp-json\/wp\/v2\/posts"}],"about":[{"href":"https:\/\/feminissima.de\/index.php\/wp-json\/wp\/v2\/types\/post"}],"author":[{"embeddable":true,"href":"https:\/\/feminissima.de\/index.php\/wp-json\/wp\/v2\/users\/2"}],"replies":[{"embeddable":true,"href":"https:\/\/feminissima.de\/index.php\/wp-json\/wp\/v2\/comments?post=85506"}],"version-history":[{"count":0,"href":"https:\/\/feminissima.de\/index.php\/wp-json\/wp\/v2\/posts\/85506\/revisions"}],"wp:attachment":[{"href":"https:\/\/feminissima.de\/index.php\/wp-json\/wp\/v2\/media?parent=85506"}],"wp:term":[{"taxonomy":"category","embeddable":true,"href":"https:\/\/feminissima.de\/index.php\/wp-json\/wp\/v2\/categories?post=85506"},{"taxonomy":"post_tag","embeddable":true,"href":"https:\/\/feminissima.de\/index.php\/wp-json\/wp\/v2\/tags?post=85506"}],"curies":[{"name":"wp","href":"https:\/\/api.w.org\/{rel}","templated":true}]}}