{"id":85505,"date":"2008-10-19T17:33:10","date_gmt":"2008-10-19T17:33:10","guid":{"rendered":"http:\/\/www.feminissima.de\/?p=85505"},"modified":"2008-10-19T17:33:10","modified_gmt":"2008-10-19T17:33:10","slug":"film-arte-l-ete-disabelle-18-10-08","status":"publish","type":"post","link":"https:\/\/feminissima.de\/index.php\/2008\/10\/19\/film-arte-l-ete-disabelle-18-10-08\/","title":{"rendered":"Film\/Arte: L&#8216;  \u00e9t\u00e9 d&#8217;Isabelle\/18.10.08"},"content":{"rendered":"<p>Darsteller &#038; Story<br \/>FICHE DETAILLEE<\/p>\n<p>Genre : T\u00e9l\u00e9film dramatique<\/p>\n<p>R\u00e9alisateur : Nurbek Egen<\/p>\n<p>Acteur : Natacha R\u00e9gnier (Isabelle), Bolot Tentimyshov (A\u00efdar), Tynara Abdrazaeva (la m\u00e8re), Melis Sharshenbaev (le p\u00e8re), Marat Zhanteliev (Osonbai), San Amanov (Yusup), Absamat uulu Nurseit (Timur), Evgenia Dobrovolskaya (la pharmacienne), Nazira Orozalieva (Zuura), Zhenishbek Smanov (Azamat), Marat Kozukeev (Ermek), Aizhan Akylbekova (Saadat)<\/p>\n<p>Sc\u00e9nario : Ekaterina Tirdatova<\/p>\n<p>Musique : Alexei Aigui<\/p>\n<p>Titre original : Sunduk predkov<\/p>\n<p>Ann\u00e9e : 2005<\/p>\n<p>Pays : France &#8211; Russie<\/p>\n<p>DIFFUSIONS <br \/>\nARTE SAMEDI 18 OCTOBRE 2008 DE 22H40 \u00c0 0H20 (100&#8242;)<br \/>\nRediffusions :<\/p>\n<p>***Dimanche 26 octobre 2008 : ARTE 16h05<\/p>\n<p>***Dimanche 26 octobre 2008 : ARTE HD 16h05<\/p>\n<p>\nL&#8217;\u00e9t\u00e9 d&#8217;Isabelle<br \/>\nT\u00e9l\u00e9film dramatique<br \/>\nSAMEDI 18 OCTOBRE 2008 \/ 22H40         <\/p>\n<p>R\u00c9SUM\u00c9<\/p>\n<p>\nA Paris, Isabelle est amoureuse d&#8217;A\u00efdar et tout va bien. Surtout lorsqu&#8217;A\u00efdar d\u00e9cide de l&#8217;emmener dans son Kirghizistan natal, en vacances d&#8217;\u00e9t\u00e9. Un t\u00e9l\u00e9gramme doit informer sa famille qu&#8217;il va venir lui pr\u00e9senter sa future fianc\u00e9e fran\u00e7aise. Au pays, le t\u00e9l\u00e9gramme passe d&#8217;abord entre les mains du facteur, Yusup, un oncle d&#8217;A\u00efdar. L&#8217;intrusion d&#8217;une jeune femme occidentale dans les affaires familiales lui d\u00e9pla\u00eet : il subtilise tout bonnement le t\u00e9l\u00e9gramme. A\u00efdar et Isabelle arrivent. Personne ne les attend. Les parents d&#8217;A\u00efdar, surpris, n&#8217;en sont pas moins heureux. A\u00efdar est d\u00e9contenanc\u00e9. Il pr\u00e9f\u00e8re pr\u00e9senter Isabelle comme une journaliste parisienne en train d&#8217;\u00e9crire un livre sur le Kirghizistan&#8230; .<\/p>\n","protected":false},"excerpt":{"rendered":"<p>Darsteller &#038; Story<\/p>\n","protected":false},"author":2,"featured_media":0,"comment_status":"closed","ping_status":"closed","sticky":false,"template":"","format":"standard","meta":{"footnotes":""},"categories":[32],"tags":[],"class_list":["post-85505","post","type-post","status-publish","format-standard","hentry","category-supissima","entry"],"yoast_head":"<!-- This site is optimized with the Yoast SEO plugin v21.0 - https:\/\/yoast.com\/wordpress\/plugins\/seo\/ -->\n<title>Film\/Arte: L&#039; \u00e9t\u00e9 d&#039;Isabelle\/18.10.08 - Feminissima<\/title>\n<meta name=\"robots\" content=\"index, follow, max-snippet:-1, max-image-preview:large, max-video-preview:-1\" \/>\n<link rel=\"canonical\" href=\"https:\/\/feminissima.de\/index.php\/2008\/10\/19\/film-arte-l-ete-disabelle-18-10-08\/\" \/>\n<meta property=\"og:locale\" content=\"de_DE\" \/>\n<meta property=\"og:type\" content=\"article\" \/>\n<meta property=\"og:title\" content=\"Film\/Arte: L&#039; \u00e9t\u00e9 d&#039;Isabelle\/18.10.08 - Feminissima\" \/>\n<meta property=\"og:description\" content=\"Darsteller &amp; Story\" \/>\n<meta property=\"og:url\" content=\"https:\/\/feminissima.de\/index.php\/2008\/10\/19\/film-arte-l-ete-disabelle-18-10-08\/\" \/>\n<meta property=\"og:site_name\" content=\"Feminissima\" \/>\n<meta property=\"article:published_time\" content=\"2008-10-19T17:33:10+00:00\" \/>\n<meta name=\"author\" content=\"admin\" \/>\n<meta name=\"twitter:card\" content=\"summary_large_image\" \/>\n<meta name=\"twitter:label1\" content=\"Verfasst von\" \/>\n\t<meta name=\"twitter:data1\" content=\"admin\" \/>\n\t<meta name=\"twitter:label2\" content=\"Gesch\u00e4tzte Lesezeit\" \/>\n\t<meta name=\"twitter:data2\" content=\"1\u00a0Minute\" \/>\n<script type=\"application\/ld+json\" class=\"yoast-schema-graph\">{\"@context\":\"https:\/\/schema.org\",\"@graph\":[{\"@type\":\"WebPage\",\"@id\":\"https:\/\/feminissima.de\/index.php\/2008\/10\/19\/film-arte-l-ete-disabelle-18-10-08\/\",\"url\":\"https:\/\/feminissima.de\/index.php\/2008\/10\/19\/film-arte-l-ete-disabelle-18-10-08\/\",\"name\":\"Film\/Arte: L' \u00e9t\u00e9 d'Isabelle\/18.10.08 - Feminissima\",\"isPartOf\":{\"@id\":\"https:\/\/feminissima.de\/#website\"},\"datePublished\":\"2008-10-19T17:33:10+00:00\",\"dateModified\":\"2008-10-19T17:33:10+00:00\",\"author\":{\"@id\":\"https:\/\/feminissima.de\/#\/schema\/person\/0b901e053624f88e7ecbea289d9d5128\"},\"breadcrumb\":{\"@id\":\"https:\/\/feminissima.de\/index.php\/2008\/10\/19\/film-arte-l-ete-disabelle-18-10-08\/#breadcrumb\"},\"inLanguage\":\"de\",\"potentialAction\":[{\"@type\":\"ReadAction\",\"target\":[\"https:\/\/feminissima.de\/index.php\/2008\/10\/19\/film-arte-l-ete-disabelle-18-10-08\/\"]}]},{\"@type\":\"BreadcrumbList\",\"@id\":\"https:\/\/feminissima.de\/index.php\/2008\/10\/19\/film-arte-l-ete-disabelle-18-10-08\/#breadcrumb\",\"itemListElement\":[{\"@type\":\"ListItem\",\"position\":1,\"name\":\"Startseite\",\"item\":\"https:\/\/feminissima.de\/\"},{\"@type\":\"ListItem\",\"position\":2,\"name\":\"Film\/Arte: L&#8216; \u00e9t\u00e9 d&#8217;Isabelle\/18.10.08\"}]},{\"@type\":\"WebSite\",\"@id\":\"https:\/\/feminissima.de\/#website\",\"url\":\"https:\/\/feminissima.de\/\",\"name\":\"Feminissima\",\"description\":\"\",\"potentialAction\":[{\"@type\":\"SearchAction\",\"target\":{\"@type\":\"EntryPoint\",\"urlTemplate\":\"https:\/\/feminissima.de\/?s={search_term_string}\"},\"query-input\":\"required name=search_term_string\"}],\"inLanguage\":\"de\"},{\"@type\":\"Person\",\"@id\":\"https:\/\/feminissima.de\/#\/schema\/person\/0b901e053624f88e7ecbea289d9d5128\",\"name\":\"admin\",\"image\":{\"@type\":\"ImageObject\",\"inLanguage\":\"de\",\"@id\":\"https:\/\/feminissima.de\/#\/schema\/person\/image\/\",\"url\":\"https:\/\/secure.gravatar.com\/avatar\/8da1f51327453c0bf63338e8e2a791948b7d2ac19b68839492d1e69aac6924a8?s=96&d=mm&r=g\",\"contentUrl\":\"https:\/\/secure.gravatar.com\/avatar\/8da1f51327453c0bf63338e8e2a791948b7d2ac19b68839492d1e69aac6924a8?s=96&d=mm&r=g\",\"caption\":\"admin\"},\"url\":\"https:\/\/feminissima.de\/index.php\/author\/admin\/\"}]}<\/script>\n<!-- \/ Yoast SEO plugin. -->","yoast_head_json":{"title":"Film\/Arte: L' \u00e9t\u00e9 d'Isabelle\/18.10.08 - Feminissima","robots":{"index":"index","follow":"follow","max-snippet":"max-snippet:-1","max-image-preview":"max-image-preview:large","max-video-preview":"max-video-preview:-1"},"canonical":"https:\/\/feminissima.de\/index.php\/2008\/10\/19\/film-arte-l-ete-disabelle-18-10-08\/","og_locale":"de_DE","og_type":"article","og_title":"Film\/Arte: L' \u00e9t\u00e9 d'Isabelle\/18.10.08 - Feminissima","og_description":"Darsteller & Story","og_url":"https:\/\/feminissima.de\/index.php\/2008\/10\/19\/film-arte-l-ete-disabelle-18-10-08\/","og_site_name":"Feminissima","article_published_time":"2008-10-19T17:33:10+00:00","author":"admin","twitter_card":"summary_large_image","twitter_misc":{"Verfasst von":"admin","Gesch\u00e4tzte Lesezeit":"1\u00a0Minute"},"schema":{"@context":"https:\/\/schema.org","@graph":[{"@type":"WebPage","@id":"https:\/\/feminissima.de\/index.php\/2008\/10\/19\/film-arte-l-ete-disabelle-18-10-08\/","url":"https:\/\/feminissima.de\/index.php\/2008\/10\/19\/film-arte-l-ete-disabelle-18-10-08\/","name":"Film\/Arte: L' \u00e9t\u00e9 d'Isabelle\/18.10.08 - Feminissima","isPartOf":{"@id":"https:\/\/feminissima.de\/#website"},"datePublished":"2008-10-19T17:33:10+00:00","dateModified":"2008-10-19T17:33:10+00:00","author":{"@id":"https:\/\/feminissima.de\/#\/schema\/person\/0b901e053624f88e7ecbea289d9d5128"},"breadcrumb":{"@id":"https:\/\/feminissima.de\/index.php\/2008\/10\/19\/film-arte-l-ete-disabelle-18-10-08\/#breadcrumb"},"inLanguage":"de","potentialAction":[{"@type":"ReadAction","target":["https:\/\/feminissima.de\/index.php\/2008\/10\/19\/film-arte-l-ete-disabelle-18-10-08\/"]}]},{"@type":"BreadcrumbList","@id":"https:\/\/feminissima.de\/index.php\/2008\/10\/19\/film-arte-l-ete-disabelle-18-10-08\/#breadcrumb","itemListElement":[{"@type":"ListItem","position":1,"name":"Startseite","item":"https:\/\/feminissima.de\/"},{"@type":"ListItem","position":2,"name":"Film\/Arte: L&#8216; \u00e9t\u00e9 d&#8217;Isabelle\/18.10.08"}]},{"@type":"WebSite","@id":"https:\/\/feminissima.de\/#website","url":"https:\/\/feminissima.de\/","name":"Feminissima","description":"","potentialAction":[{"@type":"SearchAction","target":{"@type":"EntryPoint","urlTemplate":"https:\/\/feminissima.de\/?s={search_term_string}"},"query-input":"required name=search_term_string"}],"inLanguage":"de"},{"@type":"Person","@id":"https:\/\/feminissima.de\/#\/schema\/person\/0b901e053624f88e7ecbea289d9d5128","name":"admin","image":{"@type":"ImageObject","inLanguage":"de","@id":"https:\/\/feminissima.de\/#\/schema\/person\/image\/","url":"https:\/\/secure.gravatar.com\/avatar\/8da1f51327453c0bf63338e8e2a791948b7d2ac19b68839492d1e69aac6924a8?s=96&d=mm&r=g","contentUrl":"https:\/\/secure.gravatar.com\/avatar\/8da1f51327453c0bf63338e8e2a791948b7d2ac19b68839492d1e69aac6924a8?s=96&d=mm&r=g","caption":"admin"},"url":"https:\/\/feminissima.de\/index.php\/author\/admin\/"}]}},"jetpack_featured_media_url":"","_links":{"self":[{"href":"https:\/\/feminissima.de\/index.php\/wp-json\/wp\/v2\/posts\/85505","targetHints":{"allow":["GET"]}}],"collection":[{"href":"https:\/\/feminissima.de\/index.php\/wp-json\/wp\/v2\/posts"}],"about":[{"href":"https:\/\/feminissima.de\/index.php\/wp-json\/wp\/v2\/types\/post"}],"author":[{"embeddable":true,"href":"https:\/\/feminissima.de\/index.php\/wp-json\/wp\/v2\/users\/2"}],"replies":[{"embeddable":true,"href":"https:\/\/feminissima.de\/index.php\/wp-json\/wp\/v2\/comments?post=85505"}],"version-history":[{"count":0,"href":"https:\/\/feminissima.de\/index.php\/wp-json\/wp\/v2\/posts\/85505\/revisions"}],"wp:attachment":[{"href":"https:\/\/feminissima.de\/index.php\/wp-json\/wp\/v2\/media?parent=85505"}],"wp:term":[{"taxonomy":"category","embeddable":true,"href":"https:\/\/feminissima.de\/index.php\/wp-json\/wp\/v2\/categories?post=85505"},{"taxonomy":"post_tag","embeddable":true,"href":"https:\/\/feminissima.de\/index.php\/wp-json\/wp\/v2\/tags?post=85505"}],"curies":[{"name":"wp","href":"https:\/\/api.w.org\/{rel}","templated":true}]}}