{"id":85497,"date":"2008-10-18T12:35:39","date_gmt":"2008-10-18T12:35:39","guid":{"rendered":"http:\/\/www.feminissima.de\/?p=85497"},"modified":"2008-10-18T12:35:39","modified_gmt":"2008-10-18T12:35:39","slug":"medienkritik-aspekte-3nach9-inas-nacht","status":"publish","type":"post","link":"https:\/\/feminissima.de\/index.php\/2008\/10\/18\/medienkritik-aspekte-3nach9-inas-nacht\/","title":{"rendered":"Medienkritik: aspekte\/3nach9\/Inas Nacht\/"},"content":{"rendered":"<p>aus :FEMINISSIMA-NACHT &#8230;von der Nacht.<br \/>18. 10. &#8230;die aspekte-Sendung  best\u00e4tigte &#8230;Geschriebenes..vom Oh  &#8211; !<br \/>&#8230; und die inzwischen-Fl\u00fcstersendung 3nach9 war ja auch&#8230;Radio Bremen, aber nur noch unter NDR im Programmheft&#8230;alles weichgesp\u00fclt, frisch-sauber-onduliert. Wir sind uns alle einig..wunderbar!<br \/>Und Blunt soll blo\u00df nicht so werden wie die Amy..! Genau..!<br \/>Gibt Amelie ihm mit auf den Weg. <br \/>Und Giovanni h\u00e4tte ger\u00fchrt noch &#8222;stundenlang allen G\u00e4sten lauschen k\u00f6nnen&#8220;.<br \/>Uns reichten die letzten 4 Minuten&#8230;<\/p>\n<p>Oh -! <br \/>Und dann bist du in der Hafenbar von Ina, &#8222;Ina&#8217;s Nacht&#8220;, NDR,<br \/>hat ja auch einen Fernseh-Preis am Sonntag gekriegt&#8230;<br \/>Ina singt &#8222;Sag mir quando, quando, quando..!<br \/> Und dann taucht dieser Goldblonde aus K\u00f6ln auf, <br \/>der seine Fernseh-Karriere beim Fasching gestartet hatte, &#8230;<br \/>na, toll.<br \/>Vor langer Zeit ..einmal und zum ersten Mal! die Sendung gesichtet, <br \/>fand feminissima sie nach dem Schl\u00e4ferst\u00fcndchen &#8222;3 nach 9&#8220; unglaublich erfrischend&#8230;wie eine Dusche nach dem Schaumbad, aber jetzt&#8230;KaffeefahrtenProvinz-Niveau&#8230; so traurig, weil so trivial,<br \/>3 Minuten, dann schreit die Schmerzgrenze: -&#8222;\u00fcberschritten!!&#8220;<\/p>\n<p>______<\/p>\n<p> update 0 Uhr 47\/01:50 &#8211; Zeit, auszugehen! <\/p>\n<p>1.592.424.<br \/>gestern: 3.215<br \/>heute: 470 &#8211; welcome to the nightriders!<\/p>\n<table width=\"100%\">\n<tr>\n<td style=\"background-image=url('images\/monet-heller.jpg')\"><font size=\"+1\"><\/p>\n<p>gestrigen Nachmittag&#8230;:<\/p>\n<p>&#8222;Die diesj\u00e4hrige ..Preistr\u00e4gerin&#8230;&#8220;<\/p>\n<p>leichte Allergien gegen den Begriff<br \/> breiten sich hier gerade..aus,<\/p>\n<p>von &#8218;aspekte&#8216; f\u00fcr Literaratur-Deb\u00fctanten,<br \/>wie Luzia Braun munter und glatt tr\u00e4llert,<\/p>\n<p>(sie erinnert irgendwie <br \/>an eine Werbung aus den 50er Jahren,<br \/>so penetrant dauer-fr\u00f6hlich)<\/p>\n<p>..dann taucht die Preistr\u00e4gerin<br \/> aus einem lateinamerikanischen Land <br \/>mit lateinamerikanischem Nachnamen,<br \/>nie zuvor geh\u00f6rt, <br \/>kurz im Bild auf,<br \/>und alles, <br \/>was du \u00fcber sie erf\u00e4hrst,ist:<br \/>&#8220; Sie wohnt in einer Berliner WG!&#8220; &#8211; <br \/>Ah, ist das nicht hochinteressant &#038; aufschlu\u00dfreich, <br \/>als Information,<br \/>nicht wahr!<\/p>\n<p>Du siehst, sie ist jung und gutaussehend,<br \/>sie blickt erwartungsvoll <br \/>von der &#8222;Blauen Couch&#8220; in die Kamera,<br \/>der Zuschauer blickt erwartungsvoll auf den Flimmer,<br \/>aber dann wird die Biographie des Preises heruntergefilmt,<br \/>er wird heuer 30 Jahre alt&#8230;<br \/>das Filmchen soll wohl witzig gemeint sein;<br \/>dann ist das zu Ende: <\/p>\n<p>Wieder Kamera auf die junge <br \/>lateinamerikanische Schriftstellerin, <br \/>in Berlin in einer WG lebend,<br \/>sie blickt wieder erwartungsvoll in die Kamera,<br \/>und der Zuschauer zuhause <br \/>rutscht in seinem Sessel hoch,<br \/>ganz Aufmerksamkeit:<br \/> nun endlich zu erfahren, <br \/>was denn die junge Autorin geschrieben hat,<\/p>\n<p>warum und wieso und wof\u00fcr genau, <br \/>sie den aspekte-Nachwuchspreis-Literatur..erhalten&#8230;.<\/p>\n<p>aber nein, das war es ja schon.<br \/>Da, wo es h\u00e4tte anfangen sollen,<br \/>war es bereits zu Ende&#8230;<br \/>KEIN EINZIGES WORT \u00fcber die Arbeit<br \/> und den Titel wenigstens doch&#8230;!<br \/>der jungen Schriftstellerin.<\/p>\n<p>Und so ging es weiter&#8230;<br \/>Vertiefung oh, was ist das?<br \/>Und nun auch die zigste Anspielung<br \/>bzw. Verballhornung von MRRs <br \/>Fernseh-Beschimpfung <br \/>wirkte denn auch wie aufgew\u00e4rmte Suppe, <br \/>wie auch seit eh und je <br \/>die Sendung,<br \/>seitdem sie mal ein Herr Eichel gl\u00fccklos \u00fcbernommen hatte,<br \/>sein Nachfolger inszeniert sich nur selbst,<br \/>die Sendung f\u00e4llt mehr durch variierende, <br \/>jeweils h\u00e4\u00dflichere Logos auf, <br \/>statt spannender Inhalte <br \/>ein Herumgemache mit dem Werbe-und technischen Schnickschnack:<\/p>\n<p>Filmfarbe &#038; Esprit des Typus dauer-grau. <br \/>Schade!!<\/p>\n<p>JA!<br \/>\n<\/tr>\n<\/table>\n<p> <\/p>\n","protected":false},"excerpt":{"rendered":"<p>aus :FEMINISSIMA-NACHT &#8230;von der Nacht.<\/p>\n","protected":false},"author":2,"featured_media":0,"comment_status":"closed","ping_status":"closed","sticky":false,"template":"","format":"standard","meta":{"footnotes":""},"categories":[13],"tags":[],"class_list":["post-85497","post","type-post","status-publish","format-standard","hentry","category-femmedien","entry"],"yoast_head":"<!-- This site is optimized with the Yoast SEO plugin v21.0 - https:\/\/yoast.com\/wordpress\/plugins\/seo\/ -->\n<title>Medienkritik: aspekte\/3nach9\/Inas Nacht\/ - Feminissima<\/title>\n<meta name=\"robots\" content=\"index, follow, max-snippet:-1, max-image-preview:large, max-video-preview:-1\" \/>\n<link rel=\"canonical\" href=\"https:\/\/feminissima.de\/index.php\/2008\/10\/18\/medienkritik-aspekte-3nach9-inas-nacht\/\" \/>\n<meta property=\"og:locale\" content=\"de_DE\" \/>\n<meta property=\"og:type\" content=\"article\" \/>\n<meta property=\"og:title\" content=\"Medienkritik: aspekte\/3nach9\/Inas Nacht\/ - Feminissima\" \/>\n<meta property=\"og:description\" content=\"aus :FEMINISSIMA-NACHT ...von der Nacht.\" \/>\n<meta property=\"og:url\" content=\"https:\/\/feminissima.de\/index.php\/2008\/10\/18\/medienkritik-aspekte-3nach9-inas-nacht\/\" \/>\n<meta property=\"og:site_name\" content=\"Feminissima\" \/>\n<meta property=\"article:published_time\" content=\"2008-10-18T12:35:39+00:00\" \/>\n<meta name=\"author\" content=\"admin\" \/>\n<meta name=\"twitter:card\" content=\"summary_large_image\" \/>\n<meta name=\"twitter:label1\" content=\"Verfasst von\" \/>\n\t<meta name=\"twitter:data1\" content=\"admin\" \/>\n\t<meta name=\"twitter:label2\" content=\"Gesch\u00e4tzte Lesezeit\" \/>\n\t<meta name=\"twitter:data2\" content=\"2\u00a0Minuten\" \/>\n<script type=\"application\/ld+json\" class=\"yoast-schema-graph\">{\"@context\":\"https:\/\/schema.org\",\"@graph\":[{\"@type\":\"WebPage\",\"@id\":\"https:\/\/feminissima.de\/index.php\/2008\/10\/18\/medienkritik-aspekte-3nach9-inas-nacht\/\",\"url\":\"https:\/\/feminissima.de\/index.php\/2008\/10\/18\/medienkritik-aspekte-3nach9-inas-nacht\/\",\"name\":\"Medienkritik: aspekte\/3nach9\/Inas Nacht\/ - Feminissima\",\"isPartOf\":{\"@id\":\"https:\/\/feminissima.de\/#website\"},\"datePublished\":\"2008-10-18T12:35:39+00:00\",\"dateModified\":\"2008-10-18T12:35:39+00:00\",\"author\":{\"@id\":\"https:\/\/feminissima.de\/#\/schema\/person\/0b901e053624f88e7ecbea289d9d5128\"},\"breadcrumb\":{\"@id\":\"https:\/\/feminissima.de\/index.php\/2008\/10\/18\/medienkritik-aspekte-3nach9-inas-nacht\/#breadcrumb\"},\"inLanguage\":\"de\",\"potentialAction\":[{\"@type\":\"ReadAction\",\"target\":[\"https:\/\/feminissima.de\/index.php\/2008\/10\/18\/medienkritik-aspekte-3nach9-inas-nacht\/\"]}]},{\"@type\":\"BreadcrumbList\",\"@id\":\"https:\/\/feminissima.de\/index.php\/2008\/10\/18\/medienkritik-aspekte-3nach9-inas-nacht\/#breadcrumb\",\"itemListElement\":[{\"@type\":\"ListItem\",\"position\":1,\"name\":\"Startseite\",\"item\":\"https:\/\/feminissima.de\/\"},{\"@type\":\"ListItem\",\"position\":2,\"name\":\"Medienkritik: aspekte\/3nach9\/Inas Nacht\/\"}]},{\"@type\":\"WebSite\",\"@id\":\"https:\/\/feminissima.de\/#website\",\"url\":\"https:\/\/feminissima.de\/\",\"name\":\"Feminissima\",\"description\":\"\",\"potentialAction\":[{\"@type\":\"SearchAction\",\"target\":{\"@type\":\"EntryPoint\",\"urlTemplate\":\"https:\/\/feminissima.de\/?s={search_term_string}\"},\"query-input\":\"required name=search_term_string\"}],\"inLanguage\":\"de\"},{\"@type\":\"Person\",\"@id\":\"https:\/\/feminissima.de\/#\/schema\/person\/0b901e053624f88e7ecbea289d9d5128\",\"name\":\"admin\",\"image\":{\"@type\":\"ImageObject\",\"inLanguage\":\"de\",\"@id\":\"https:\/\/feminissima.de\/#\/schema\/person\/image\/\",\"url\":\"https:\/\/secure.gravatar.com\/avatar\/8da1f51327453c0bf63338e8e2a791948b7d2ac19b68839492d1e69aac6924a8?s=96&d=mm&r=g\",\"contentUrl\":\"https:\/\/secure.gravatar.com\/avatar\/8da1f51327453c0bf63338e8e2a791948b7d2ac19b68839492d1e69aac6924a8?s=96&d=mm&r=g\",\"caption\":\"admin\"},\"url\":\"https:\/\/feminissima.de\/index.php\/author\/admin\/\"}]}<\/script>\n<!-- \/ Yoast SEO plugin. -->","yoast_head_json":{"title":"Medienkritik: aspekte\/3nach9\/Inas Nacht\/ - Feminissima","robots":{"index":"index","follow":"follow","max-snippet":"max-snippet:-1","max-image-preview":"max-image-preview:large","max-video-preview":"max-video-preview:-1"},"canonical":"https:\/\/feminissima.de\/index.php\/2008\/10\/18\/medienkritik-aspekte-3nach9-inas-nacht\/","og_locale":"de_DE","og_type":"article","og_title":"Medienkritik: aspekte\/3nach9\/Inas Nacht\/ - Feminissima","og_description":"aus :FEMINISSIMA-NACHT ...von der Nacht.","og_url":"https:\/\/feminissima.de\/index.php\/2008\/10\/18\/medienkritik-aspekte-3nach9-inas-nacht\/","og_site_name":"Feminissima","article_published_time":"2008-10-18T12:35:39+00:00","author":"admin","twitter_card":"summary_large_image","twitter_misc":{"Verfasst von":"admin","Gesch\u00e4tzte Lesezeit":"2\u00a0Minuten"},"schema":{"@context":"https:\/\/schema.org","@graph":[{"@type":"WebPage","@id":"https:\/\/feminissima.de\/index.php\/2008\/10\/18\/medienkritik-aspekte-3nach9-inas-nacht\/","url":"https:\/\/feminissima.de\/index.php\/2008\/10\/18\/medienkritik-aspekte-3nach9-inas-nacht\/","name":"Medienkritik: aspekte\/3nach9\/Inas Nacht\/ - Feminissima","isPartOf":{"@id":"https:\/\/feminissima.de\/#website"},"datePublished":"2008-10-18T12:35:39+00:00","dateModified":"2008-10-18T12:35:39+00:00","author":{"@id":"https:\/\/feminissima.de\/#\/schema\/person\/0b901e053624f88e7ecbea289d9d5128"},"breadcrumb":{"@id":"https:\/\/feminissima.de\/index.php\/2008\/10\/18\/medienkritik-aspekte-3nach9-inas-nacht\/#breadcrumb"},"inLanguage":"de","potentialAction":[{"@type":"ReadAction","target":["https:\/\/feminissima.de\/index.php\/2008\/10\/18\/medienkritik-aspekte-3nach9-inas-nacht\/"]}]},{"@type":"BreadcrumbList","@id":"https:\/\/feminissima.de\/index.php\/2008\/10\/18\/medienkritik-aspekte-3nach9-inas-nacht\/#breadcrumb","itemListElement":[{"@type":"ListItem","position":1,"name":"Startseite","item":"https:\/\/feminissima.de\/"},{"@type":"ListItem","position":2,"name":"Medienkritik: aspekte\/3nach9\/Inas Nacht\/"}]},{"@type":"WebSite","@id":"https:\/\/feminissima.de\/#website","url":"https:\/\/feminissima.de\/","name":"Feminissima","description":"","potentialAction":[{"@type":"SearchAction","target":{"@type":"EntryPoint","urlTemplate":"https:\/\/feminissima.de\/?s={search_term_string}"},"query-input":"required name=search_term_string"}],"inLanguage":"de"},{"@type":"Person","@id":"https:\/\/feminissima.de\/#\/schema\/person\/0b901e053624f88e7ecbea289d9d5128","name":"admin","image":{"@type":"ImageObject","inLanguage":"de","@id":"https:\/\/feminissima.de\/#\/schema\/person\/image\/","url":"https:\/\/secure.gravatar.com\/avatar\/8da1f51327453c0bf63338e8e2a791948b7d2ac19b68839492d1e69aac6924a8?s=96&d=mm&r=g","contentUrl":"https:\/\/secure.gravatar.com\/avatar\/8da1f51327453c0bf63338e8e2a791948b7d2ac19b68839492d1e69aac6924a8?s=96&d=mm&r=g","caption":"admin"},"url":"https:\/\/feminissima.de\/index.php\/author\/admin\/"}]}},"jetpack_featured_media_url":"","_links":{"self":[{"href":"https:\/\/feminissima.de\/index.php\/wp-json\/wp\/v2\/posts\/85497","targetHints":{"allow":["GET"]}}],"collection":[{"href":"https:\/\/feminissima.de\/index.php\/wp-json\/wp\/v2\/posts"}],"about":[{"href":"https:\/\/feminissima.de\/index.php\/wp-json\/wp\/v2\/types\/post"}],"author":[{"embeddable":true,"href":"https:\/\/feminissima.de\/index.php\/wp-json\/wp\/v2\/users\/2"}],"replies":[{"embeddable":true,"href":"https:\/\/feminissima.de\/index.php\/wp-json\/wp\/v2\/comments?post=85497"}],"version-history":[{"count":0,"href":"https:\/\/feminissima.de\/index.php\/wp-json\/wp\/v2\/posts\/85497\/revisions"}],"wp:attachment":[{"href":"https:\/\/feminissima.de\/index.php\/wp-json\/wp\/v2\/media?parent=85497"}],"wp:term":[{"taxonomy":"category","embeddable":true,"href":"https:\/\/feminissima.de\/index.php\/wp-json\/wp\/v2\/categories?post=85497"},{"taxonomy":"post_tag","embeddable":true,"href":"https:\/\/feminissima.de\/index.php\/wp-json\/wp\/v2\/tags?post=85497"}],"curies":[{"name":"wp","href":"https:\/\/api.w.org\/{rel}","templated":true}]}}