{"id":85496,"date":"2008-10-18T12:31:21","date_gmt":"2008-10-18T12:31:21","guid":{"rendered":"http:\/\/www.feminissima.de\/?p=85496"},"modified":"2008-10-18T12:31:21","modified_gmt":"2008-10-18T12:31:21","slug":"tv-wehe-wenn-das-mittelmass-kritisiert-wird-10-08","status":"publish","type":"post","link":"https:\/\/feminissima.de\/index.php\/2008\/10\/18\/tv-wehe-wenn-das-mittelmass-kritisiert-wird-10-08\/","title":{"rendered":"TV &#8211; wehe, wenn das Mittelma\u00df kritisiert wird&#8230;!10\/08"},"content":{"rendered":"<p>bis gerade noch live-Text &#8211; mit auch..Kritik an den noch verbliebenen &#8222;Kultur-Sendungen&#8220;..(eine GeheimNische ist LITERATUR IM FOYER von SWR 3)<br \/>17. Oktober&#8230;Wehe, wenn das Mittelma\u00df kritisiert wird&#8230;wie es zur\u00fcckschl\u00e4gt..!UPDATE: 15 Uhr 45 <br \/>1.590.639.<br \/>heute: 1.900 &#8211; willkommen, <br \/>Text auch erweitert&#8230;<\/p>\n<p>_<\/p>\n<p>Ein guter Tag, <br \/> um abends CHANSONS zu lauschen, <br \/>downtown in Charlottenburg, <br \/>Oder gerade etwas verwechselt..??<\/p>\n<p>&#8222;..Les feuilles mortes..&#8220;&#8230;<br \/>Aber sie sind ja gar nicht tot, <br \/>die Bl\u00e4tter!<br \/>Wie sie tanzen!!!<\/p>\n<p>update..13 Uhr 40\/ 13 Uhr 50 ..<\/p>\n<p>Brausius, der Oktoberbl\u00e4tter-Durchwirbler,<br \/> ist unterwegs und <br \/>Lulu is back in town&#8230;<br \/>\u00dcbrigens  hatte Gwendolyn <br \/>vorhin in der Nacht<br \/> noch ein bis zwei L\u00f6ffelchen<br \/>gr\u00fcnen Pesto <br \/>..\u00fcber die Nacht-Shrimps..<br \/>aber so, dass du es ja nicht gemerkt hast&#8230;<br \/>Wie raffiniert aber auch!<\/p>\n<p>last page view: 1.590.339.<br \/>heute: 1.600.<br \/>Die Sonne lacht!<br \/>Ohne W\u00e4rme.<br \/>Und hat sich auch schon wieder<br \/> davongemacht.<\/p>\n<p>12 Uhr 20 <\/p>\n<p>1.590.150.<br \/>heute:1.411 &#8211; willkommen..!<\/p>\n<table width=\"100%\">\n<tr>\n<td style=\"background-image=url('images\/monet-heller.jpg')\"><font size=\"+1\"><\/p>\n<p>Ja, das Jahr geht zur Neige.<br \/>Die D\u00fcnnbrettbohrer der d\u00fcnnen Bl\u00e4tter,<br \/>achwas, Schlu\u00df mit dem WortGespiele..!Wenn man..<br \/> dieses Jahr mal so&#8230;<br \/> betrachtet&#8230;?<\/p>\n<p>Und jetzt wollen <br \/>Deutsche-Bank-Manager sogar <br \/>auf ein paar Millionen Euro Bonus verzichten.!<\/p>\n<p>Und Thomas Belluth fragt laut, <br \/>ob Elke Heidenreich<br \/> noch weiter LESEN machen soll,<br \/>wenn sie doch das ZDF so schrecklich findet.<\/p>\n<p>Wir fanden die Sendung LESEN <br \/>immer so schrecklich,<br \/>na gut, <br \/>nur malebenhereingeschaut, <br \/>auf dem Sprung&#8230;<\/p>\n<p>Der Schreibstaub, \u00fcberall! <br \/>(Elke Heidenreich hatte Marcel Reich-Ranicki<br \/> in einer faz.net-Kolumne unterst\u00fctzt.<br \/>Dabei kann der MRR die Elke gar nicht leiden).<\/p>\n<p>Und sie sollte wissen, <br \/>dass der Charme des alten Mannes,<br \/>fr\u00fcher war er nur bissig,<br \/> auch immer dem einer Tarantel<br \/> nicht un\u00e4hnlich ist..<br \/>Eine Art von Herzschu\u00df-Charme:<\/p>\n<p>Du bleibst ihm besser fern.<\/p>\n<p>Aber &#8222;druckfrisch&#8220; von der ARD <br \/>gef\u00e4llt uns auch nicht.<\/p>\n<p>Beiden Sendungen<br \/> haftet etwas zu Fl\u00fcchtiges an.<\/p>\n<p>Fr\u00fcher, als TITEL, THESEN, TEMPERAMENTE, <br \/>noch die unverwechselbare Kultur-Sendung des Hessischen Rundfunks war,<\/p>\n<p>wurde der Literatur jener Stellenwert<br \/>einger\u00e4umt, den sie eigentlich ja <br \/>doch bitte sehr verdient.<\/p>\n<p>Den sie wert ist.<br \/>Die LANGE BUCHNACHT <br \/>anl\u00e4sslich der Frankfurter Buchmesse,<br \/>ein absolutes Muss!<\/p>\n<p>Auch &#8222;b\u00fccher-b\u00fccher!&#8220;<br \/>auf hr3, Hessisches Fernsehen,<br \/>war von Klugheit <br \/>und analytischem Geist gepr\u00e4gt.<\/p>\n<p>Hingegen:<\/p>\n<p>Mit: &#8222;druckfrisch&#8220; <\/p>\n<p>(der Sendung des Dennis S. vom Deutschlandfunk)<\/p>\n<p>als auch mit <\/p>\n<p>&#8222;LESEN!&#8220;<\/p>\n<p>erh\u00e4lt die Literatur, <br \/>erh\u00e4lt das Buch,<br \/> etwas vom Flair des Grabbeltisches:<br \/> W\u00fchl drin rum und geh weiter..<\/p>\n<p> Das fr\u00fcher eimal renommierte Kulturmagazin &#8222;ASPEKTE&#8220;, ZDF,<br \/>heute ja auch l\u00e4ngst optsch klein-geschrieben,<\/p>\n<p>fungiert heute unter &#8222;ferner liefen&#8220;,<br \/>ist in v\u00f6llige Bedeutungslosigkeit abgerutscht.<\/p>\n<p>Unsinnlich, uninteressant,<br \/>unverhohlen vorgestrig.<br \/>Die Blaue Couch w\u00e4hrend der Buchmesse :<br \/>Ein Verramschen von Autoren.<br \/>SchnelldurchlaufErhitzer.<\/p>\n<p>Das sp\u00e4tsonntagabendliche ARD-Kulturkonglomerat,<br \/>nicht mehr thematisch <br \/>und namentlich unterschieden,<br \/>sondern da wurde der sch\u00f6ne Frankfurter Titel (t-t-t-)<br \/>nun f\u00fcr alle verwurstet,<br \/>schaltet mit dem sonderbaren Moderator Mohr oder so \u00e4hnlich,<br \/>jeder sofort aus.<\/p>\n<p>Jeder, der etwas erwartet.<\/p>\n<p>Kultur, das ist unverkennbar, <br \/>spielt bei ARD und ZDF <br \/>keine Rolle mehr.<\/p>\n<p>Daran wird auch der<br \/> &#8222;Ich-bin-der-Allein-Star&#8220;-Auftritt <br \/>von Marcel Reich-Ranicki nichts (ver-)\u00e4ndern.<\/p>\n<p>Wenn sich heute Abend denn <br \/>Gottschalk und Reich-Ranicki<br \/>ja schon am Mittwoch in Wiesbaden aufgenommen,<br \/>in ein &#8222;Streitgespr\u00e4ch&#8220; <br \/>beim ZDF vertiefen..<\/p>\n<p>dann sitzen sich dort zwei<br \/> Dinos des Fernsehens gegen\u00fcber,<br \/>die sich nun ja auch duzen.<\/p>\n<p>Und die wir alle beide <br \/>einfach nicht mehr ertragen k\u00f6nnen.<\/p>\n<p>Wir haben uns l\u00e4ngst sattsam <br \/>sattgesehen und sattgeh\u00f6rt.<br \/>An des einen Platit\u00fcden,<br \/> h\u00e4ngen uns zum Geb\u00fchrenzahler-Hals heraus,<br \/>wie auch an des anderen Attit\u00fcde, <br \/>jeden und alles au\u00dfer sich selbst <\/p>\n<p>&#8222;widerw\u00e4rtig&#8220; zu finden.<\/p>\n<p>Selbstinszenierungen.<br \/>Genug davon!<\/p>\n<p>DEUTLICH jedoch ist eins dar\u00fcber geworden:<\/p>\n<p>Wie verhasst seit langem bei allen <br \/>die &#8222;Comedians&#8220; und die &#8222;Koch-Shows&#8220; ( auch)sind.<\/p>\n<p>Die unertr\u00e4glichen Landplagen <br \/>des \u00f6ffentlich-rechtlichen Fernsehens,<br \/>die keinen einzigen Cent <br \/>unserer Geb\u00fchren wert sind.<br \/>Die Beleidiger des guten Geschmacks, <br \/>des sensiblen Geistes, <br \/>jedweder Kultur.<\/p>\n<p>\n<\/tr>\n<\/table>\n<p> <\/p>\n","protected":false},"excerpt":{"rendered":"<p>bis gerade noch live-Text &#8211; mit auch..Kritik an den noch verbliebenen &#8222;Kultur-Sendungen&#8220;..(eine GeheimNische ist LITERATUR IM FOYER von SWR 3)<\/p>\n","protected":false},"author":2,"featured_media":0,"comment_status":"closed","ping_status":"closed","sticky":false,"template":"","format":"standard","meta":{"footnotes":""},"categories":[11],"tags":[],"class_list":["post-85496","post","type-post","status-publish","format-standard","hentry","category-femkultur","entry"],"yoast_head":"<!-- This site is optimized with the Yoast SEO plugin v21.0 - https:\/\/yoast.com\/wordpress\/plugins\/seo\/ -->\n<title>TV - wehe, wenn das Mittelma\u00df kritisiert wird...!10\/08 - Feminissima<\/title>\n<meta name=\"robots\" content=\"index, follow, max-snippet:-1, max-image-preview:large, max-video-preview:-1\" \/>\n<link rel=\"canonical\" href=\"https:\/\/feminissima.de\/index.php\/2008\/10\/18\/tv-wehe-wenn-das-mittelmass-kritisiert-wird-10-08\/\" \/>\n<meta property=\"og:locale\" content=\"de_DE\" \/>\n<meta property=\"og:type\" content=\"article\" \/>\n<meta property=\"og:title\" content=\"TV - wehe, wenn das Mittelma\u00df kritisiert wird...!10\/08 - Feminissima\" \/>\n<meta property=\"og:description\" content=\"bis gerade noch live-Text - mit auch..Kritik an den noch verbliebenen &quot;Kultur-Sendungen&quot;..(eine GeheimNische ist LITERATUR IM FOYER von SWR 3)\" \/>\n<meta property=\"og:url\" content=\"https:\/\/feminissima.de\/index.php\/2008\/10\/18\/tv-wehe-wenn-das-mittelmass-kritisiert-wird-10-08\/\" \/>\n<meta property=\"og:site_name\" content=\"Feminissima\" \/>\n<meta property=\"article:published_time\" content=\"2008-10-18T12:31:21+00:00\" \/>\n<meta name=\"author\" content=\"admin\" \/>\n<meta name=\"twitter:card\" content=\"summary_large_image\" \/>\n<meta name=\"twitter:label1\" content=\"Verfasst von\" \/>\n\t<meta name=\"twitter:data1\" content=\"admin\" \/>\n\t<meta name=\"twitter:label2\" content=\"Gesch\u00e4tzte Lesezeit\" \/>\n\t<meta name=\"twitter:data2\" content=\"3\u00a0Minuten\" \/>\n<script type=\"application\/ld+json\" class=\"yoast-schema-graph\">{\"@context\":\"https:\/\/schema.org\",\"@graph\":[{\"@type\":\"WebPage\",\"@id\":\"https:\/\/feminissima.de\/index.php\/2008\/10\/18\/tv-wehe-wenn-das-mittelmass-kritisiert-wird-10-08\/\",\"url\":\"https:\/\/feminissima.de\/index.php\/2008\/10\/18\/tv-wehe-wenn-das-mittelmass-kritisiert-wird-10-08\/\",\"name\":\"TV - wehe, wenn das Mittelma\u00df kritisiert wird...!10\/08 - Feminissima\",\"isPartOf\":{\"@id\":\"https:\/\/feminissima.de\/#website\"},\"datePublished\":\"2008-10-18T12:31:21+00:00\",\"dateModified\":\"2008-10-18T12:31:21+00:00\",\"author\":{\"@id\":\"https:\/\/feminissima.de\/#\/schema\/person\/0b901e053624f88e7ecbea289d9d5128\"},\"breadcrumb\":{\"@id\":\"https:\/\/feminissima.de\/index.php\/2008\/10\/18\/tv-wehe-wenn-das-mittelmass-kritisiert-wird-10-08\/#breadcrumb\"},\"inLanguage\":\"de\",\"potentialAction\":[{\"@type\":\"ReadAction\",\"target\":[\"https:\/\/feminissima.de\/index.php\/2008\/10\/18\/tv-wehe-wenn-das-mittelmass-kritisiert-wird-10-08\/\"]}]},{\"@type\":\"BreadcrumbList\",\"@id\":\"https:\/\/feminissima.de\/index.php\/2008\/10\/18\/tv-wehe-wenn-das-mittelmass-kritisiert-wird-10-08\/#breadcrumb\",\"itemListElement\":[{\"@type\":\"ListItem\",\"position\":1,\"name\":\"Startseite\",\"item\":\"https:\/\/feminissima.de\/\"},{\"@type\":\"ListItem\",\"position\":2,\"name\":\"TV &#8211; wehe, wenn das Mittelma\u00df kritisiert wird&#8230;!10\/08\"}]},{\"@type\":\"WebSite\",\"@id\":\"https:\/\/feminissima.de\/#website\",\"url\":\"https:\/\/feminissima.de\/\",\"name\":\"Feminissima\",\"description\":\"\",\"potentialAction\":[{\"@type\":\"SearchAction\",\"target\":{\"@type\":\"EntryPoint\",\"urlTemplate\":\"https:\/\/feminissima.de\/?s={search_term_string}\"},\"query-input\":\"required name=search_term_string\"}],\"inLanguage\":\"de\"},{\"@type\":\"Person\",\"@id\":\"https:\/\/feminissima.de\/#\/schema\/person\/0b901e053624f88e7ecbea289d9d5128\",\"name\":\"admin\",\"image\":{\"@type\":\"ImageObject\",\"inLanguage\":\"de\",\"@id\":\"https:\/\/feminissima.de\/#\/schema\/person\/image\/\",\"url\":\"https:\/\/secure.gravatar.com\/avatar\/8da1f51327453c0bf63338e8e2a791948b7d2ac19b68839492d1e69aac6924a8?s=96&d=mm&r=g\",\"contentUrl\":\"https:\/\/secure.gravatar.com\/avatar\/8da1f51327453c0bf63338e8e2a791948b7d2ac19b68839492d1e69aac6924a8?s=96&d=mm&r=g\",\"caption\":\"admin\"},\"url\":\"https:\/\/feminissima.de\/index.php\/author\/admin\/\"}]}<\/script>\n<!-- \/ Yoast SEO plugin. -->","yoast_head_json":{"title":"TV - wehe, wenn das Mittelma\u00df kritisiert wird...!10\/08 - Feminissima","robots":{"index":"index","follow":"follow","max-snippet":"max-snippet:-1","max-image-preview":"max-image-preview:large","max-video-preview":"max-video-preview:-1"},"canonical":"https:\/\/feminissima.de\/index.php\/2008\/10\/18\/tv-wehe-wenn-das-mittelmass-kritisiert-wird-10-08\/","og_locale":"de_DE","og_type":"article","og_title":"TV - wehe, wenn das Mittelma\u00df kritisiert wird...!10\/08 - Feminissima","og_description":"bis gerade noch live-Text - mit auch..Kritik an den noch verbliebenen \"Kultur-Sendungen\"..(eine GeheimNische ist LITERATUR IM FOYER von SWR 3)","og_url":"https:\/\/feminissima.de\/index.php\/2008\/10\/18\/tv-wehe-wenn-das-mittelmass-kritisiert-wird-10-08\/","og_site_name":"Feminissima","article_published_time":"2008-10-18T12:31:21+00:00","author":"admin","twitter_card":"summary_large_image","twitter_misc":{"Verfasst von":"admin","Gesch\u00e4tzte Lesezeit":"3\u00a0Minuten"},"schema":{"@context":"https:\/\/schema.org","@graph":[{"@type":"WebPage","@id":"https:\/\/feminissima.de\/index.php\/2008\/10\/18\/tv-wehe-wenn-das-mittelmass-kritisiert-wird-10-08\/","url":"https:\/\/feminissima.de\/index.php\/2008\/10\/18\/tv-wehe-wenn-das-mittelmass-kritisiert-wird-10-08\/","name":"TV - wehe, wenn das Mittelma\u00df kritisiert wird...!10\/08 - Feminissima","isPartOf":{"@id":"https:\/\/feminissima.de\/#website"},"datePublished":"2008-10-18T12:31:21+00:00","dateModified":"2008-10-18T12:31:21+00:00","author":{"@id":"https:\/\/feminissima.de\/#\/schema\/person\/0b901e053624f88e7ecbea289d9d5128"},"breadcrumb":{"@id":"https:\/\/feminissima.de\/index.php\/2008\/10\/18\/tv-wehe-wenn-das-mittelmass-kritisiert-wird-10-08\/#breadcrumb"},"inLanguage":"de","potentialAction":[{"@type":"ReadAction","target":["https:\/\/feminissima.de\/index.php\/2008\/10\/18\/tv-wehe-wenn-das-mittelmass-kritisiert-wird-10-08\/"]}]},{"@type":"BreadcrumbList","@id":"https:\/\/feminissima.de\/index.php\/2008\/10\/18\/tv-wehe-wenn-das-mittelmass-kritisiert-wird-10-08\/#breadcrumb","itemListElement":[{"@type":"ListItem","position":1,"name":"Startseite","item":"https:\/\/feminissima.de\/"},{"@type":"ListItem","position":2,"name":"TV &#8211; wehe, wenn das Mittelma\u00df kritisiert wird&#8230;!10\/08"}]},{"@type":"WebSite","@id":"https:\/\/feminissima.de\/#website","url":"https:\/\/feminissima.de\/","name":"Feminissima","description":"","potentialAction":[{"@type":"SearchAction","target":{"@type":"EntryPoint","urlTemplate":"https:\/\/feminissima.de\/?s={search_term_string}"},"query-input":"required name=search_term_string"}],"inLanguage":"de"},{"@type":"Person","@id":"https:\/\/feminissima.de\/#\/schema\/person\/0b901e053624f88e7ecbea289d9d5128","name":"admin","image":{"@type":"ImageObject","inLanguage":"de","@id":"https:\/\/feminissima.de\/#\/schema\/person\/image\/","url":"https:\/\/secure.gravatar.com\/avatar\/8da1f51327453c0bf63338e8e2a791948b7d2ac19b68839492d1e69aac6924a8?s=96&d=mm&r=g","contentUrl":"https:\/\/secure.gravatar.com\/avatar\/8da1f51327453c0bf63338e8e2a791948b7d2ac19b68839492d1e69aac6924a8?s=96&d=mm&r=g","caption":"admin"},"url":"https:\/\/feminissima.de\/index.php\/author\/admin\/"}]}},"jetpack_featured_media_url":"","_links":{"self":[{"href":"https:\/\/feminissima.de\/index.php\/wp-json\/wp\/v2\/posts\/85496","targetHints":{"allow":["GET"]}}],"collection":[{"href":"https:\/\/feminissima.de\/index.php\/wp-json\/wp\/v2\/posts"}],"about":[{"href":"https:\/\/feminissima.de\/index.php\/wp-json\/wp\/v2\/types\/post"}],"author":[{"embeddable":true,"href":"https:\/\/feminissima.de\/index.php\/wp-json\/wp\/v2\/users\/2"}],"replies":[{"embeddable":true,"href":"https:\/\/feminissima.de\/index.php\/wp-json\/wp\/v2\/comments?post=85496"}],"version-history":[{"count":0,"href":"https:\/\/feminissima.de\/index.php\/wp-json\/wp\/v2\/posts\/85496\/revisions"}],"wp:attachment":[{"href":"https:\/\/feminissima.de\/index.php\/wp-json\/wp\/v2\/media?parent=85496"}],"wp:term":[{"taxonomy":"category","embeddable":true,"href":"https:\/\/feminissima.de\/index.php\/wp-json\/wp\/v2\/categories?post=85496"},{"taxonomy":"post_tag","embeddable":true,"href":"https:\/\/feminissima.de\/index.php\/wp-json\/wp\/v2\/tags?post=85496"}],"curies":[{"name":"wp","href":"https:\/\/api.w.org\/{rel}","templated":true}]}}