{"id":85233,"date":"2008-05-31T20:15:53","date_gmt":"2008-05-31T20:15:53","guid":{"rendered":"http:\/\/www.feminissima.de\/?p=85233"},"modified":"2008-05-31T20:15:53","modified_gmt":"2008-05-31T20:15:53","slug":"berliner-kurier-die-telekom-im-stasi-sumpf","status":"publish","type":"post","link":"https:\/\/feminissima.de\/index.php\/2008\/05\/31\/berliner-kurier-die-telekom-im-stasi-sumpf\/","title":{"rendered":"BERLINER KURIER: DIE TELEKOM IM STASI-SUMPF"},"content":{"rendered":"<p>SO mu\u00df Journalismus sein! Daher die SUPISSIMA!<br \/>\nMehr:<br \/> neuer skandal<br \/>\nDie Telekom im Stasi-Sumpf<br \/>\nFr\u00fcher spitzelten die feinen Herren von der Berliner Desa-Detektei f\u00fcr Mielke und Co \u2013 jetzt platzierten sie ihre Wanzen im Auftrag der Telefon-Bosse.<\/p>\n<p>Desa-Gr\u00fcnder ist Klaus-Dieter Baier. <\/p>\n<p> Berlin &#8211; Berlin-Lichtenberg, Franz-Jacob-Str. 2. Im modernen B\u00fcrohaus im Storkower Bogen sitzt in der 4. Etage &#8222;Desa Investigation &#038; Risk Protection&#8220;. Die Klingel ist abgestellt. Das winzige Fenster zeigt einen kleinen dunklen Vorraum. Dahinter wieder eine T\u00fcr \u2013 ohne Scheibe. Kein Ger\u00e4usch dringt nach au\u00dfen. Gespenstische Stille. Was spielt sich hinter diesen schalldichten T\u00fcren der Firma ab, die nun im Mittelpunkt der Telekom-Aff\u00e4re steht? Hier residieren die fr\u00fcheren Stasi- Schn\u00fcffler im Dienste des Telefon- Riesen. Fr\u00fcher waren sie f\u00fcr Mielkes Horch-und- Guck-Truppe unterwegs, heute spitzeln sie f\u00fcr die Telekom. <\/p>\n<p>Klaus-Dieter Baier und Frank John lernten ihr &#8222;Handwerk&#8220; bei der Spionageabwehr des DDR-Ministeriums f\u00fcr Staatssicherheit. Nach der Wende lie\u00dfen die smarten Herren keine Zeit verstreichen, boten ihre Dienste in ihrer im April 1991 gegr\u00fcndeten Firma an \u2013 &#8222;Desa Investigations &#038; Risk Protection&#8220;. Ausgerechnet diese Berliner Wirtschaftsdetektei schickte der Telefon- Konzern in die Spur, um Journalisten und Aufsichtsr\u00e4ten der Arbeitnehmerseite &#8222;auf den Zahn&#8220; zu f\u00fchlen. Firmengr\u00fcnder Baier best\u00e4tigte inzwischen seine Stasi-Vergangenheit.<\/p>\n<p>2002 sollen die M\u00e4nner in das Redaktionsb\u00fcro des damaligen Chefreporters der &#8222;Financial Times Deutschland&#8220;, Tasso Enzweiler, eingedrungen sein. Sie filmten mit versteckter Kamera, waren als Techniker getarnt. Der Reporter hatte mit Exklusiv- Berichten \u00fcber den Konzern die Vorstandsetage hellh\u00f6rig gemacht. Die wollte die &#8222;undichte Stelle&#8220; ausmachen. <\/p>\n<p>2005 habe der Konzern die Berliner Detektei laut &#8222;Spiegel&#8220; beauftragt, einen Spion in die &#8222;Capital&#8220;-Redaktion einzuschleusen. Neben Telefonverbindungen sollen auch Bankdaten von Journalisten und Aufsichtsr\u00e4ten ausgesp\u00e4ht worden sein. Mit einer speziellen Software wurden Bewegungsprofile einzelner Personen erstellt. Demnach wurde \u00fcber Mobilfunkdaten abgeglichen, wo diese sich aufhielten.<\/p>\n<p>Ein Metier, in dem sich Desa- Gesch\u00e4ftsf\u00fchrer Baier bestens auskannte. Gemeinsam mit John war er hauptamtlicher Mitarbeiter f\u00fcr die Hauptabteilung II (HA II) des Stasi-Ministeriums. Die Abteilung war f\u00fcr die innere und \u00e4u\u00dfere Spionageabwehr zust\u00e4ndig. Die HA II \u00fcberwachte ausl\u00e4ndische Botschaften. Im Visier der Abteilung standen auch Journalisten und Korrespondenten aus dem westlichen Ausland, die in der DDR akkreditiert waren. Daf\u00fcr bezogen die beiden ein Jahresgehalt von 19 085 bzw. 19 745 DDR-Mark. Die Bezahlung d\u00fcrfte heute \u00fcppiger ausfallen. Pro Stunde berechnet ein Mitarbeiter des 15- k\u00f6pfigen Teams zwischen 46 und 125 Euro. \u00dcbrigens: Desa- Ermittler waren auch bei der Fu\u00dfball-WM unterwegs &#8230;<\/p>\n<p>Berliner Kurier, 31.05.2008Lesen Sie auch:<br \/>\nSo arbeiten die Profis von Desa <\/p>\n","protected":false},"excerpt":{"rendered":"<p>SO mu\u00df Journalismus sein! Daher die SUPISSIMA!<br \/>\nMehr:<\/p>\n","protected":false},"author":2,"featured_media":0,"comment_status":"closed","ping_status":"closed","sticky":false,"template":"","format":"standard","meta":{"footnotes":""},"categories":[32],"tags":[],"class_list":["post-85233","post","type-post","status-publish","format-standard","hentry","category-supissima","entry"],"yoast_head":"<!-- This site is optimized with the Yoast SEO plugin v21.0 - https:\/\/yoast.com\/wordpress\/plugins\/seo\/ -->\n<title>BERLINER KURIER: DIE TELEKOM IM STASI-SUMPF - Feminissima<\/title>\n<meta name=\"robots\" content=\"index, follow, max-snippet:-1, max-image-preview:large, max-video-preview:-1\" \/>\n<link rel=\"canonical\" href=\"https:\/\/feminissima.de\/index.php\/2008\/05\/31\/berliner-kurier-die-telekom-im-stasi-sumpf\/\" \/>\n<meta property=\"og:locale\" content=\"de_DE\" \/>\n<meta property=\"og:type\" content=\"article\" \/>\n<meta property=\"og:title\" content=\"BERLINER KURIER: DIE TELEKOM IM STASI-SUMPF - Feminissima\" \/>\n<meta property=\"og:description\" content=\"SO mu\u00df Journalismus sein! Daher die SUPISSIMA! Mehr:\" \/>\n<meta property=\"og:url\" content=\"https:\/\/feminissima.de\/index.php\/2008\/05\/31\/berliner-kurier-die-telekom-im-stasi-sumpf\/\" \/>\n<meta property=\"og:site_name\" content=\"Feminissima\" \/>\n<meta property=\"article:published_time\" content=\"2008-05-31T20:15:53+00:00\" \/>\n<meta name=\"author\" content=\"admin\" \/>\n<meta name=\"twitter:card\" content=\"summary_large_image\" \/>\n<meta name=\"twitter:label1\" content=\"Verfasst von\" \/>\n\t<meta name=\"twitter:data1\" content=\"admin\" \/>\n\t<meta name=\"twitter:label2\" content=\"Gesch\u00e4tzte Lesezeit\" \/>\n\t<meta name=\"twitter:data2\" content=\"2\u00a0Minuten\" \/>\n<script type=\"application\/ld+json\" class=\"yoast-schema-graph\">{\"@context\":\"https:\/\/schema.org\",\"@graph\":[{\"@type\":\"WebPage\",\"@id\":\"https:\/\/feminissima.de\/index.php\/2008\/05\/31\/berliner-kurier-die-telekom-im-stasi-sumpf\/\",\"url\":\"https:\/\/feminissima.de\/index.php\/2008\/05\/31\/berliner-kurier-die-telekom-im-stasi-sumpf\/\",\"name\":\"BERLINER KURIER: DIE TELEKOM IM STASI-SUMPF - Feminissima\",\"isPartOf\":{\"@id\":\"https:\/\/feminissima.de\/#website\"},\"datePublished\":\"2008-05-31T20:15:53+00:00\",\"dateModified\":\"2008-05-31T20:15:53+00:00\",\"author\":{\"@id\":\"https:\/\/feminissima.de\/#\/schema\/person\/0b901e053624f88e7ecbea289d9d5128\"},\"breadcrumb\":{\"@id\":\"https:\/\/feminissima.de\/index.php\/2008\/05\/31\/berliner-kurier-die-telekom-im-stasi-sumpf\/#breadcrumb\"},\"inLanguage\":\"de\",\"potentialAction\":[{\"@type\":\"ReadAction\",\"target\":[\"https:\/\/feminissima.de\/index.php\/2008\/05\/31\/berliner-kurier-die-telekom-im-stasi-sumpf\/\"]}]},{\"@type\":\"BreadcrumbList\",\"@id\":\"https:\/\/feminissima.de\/index.php\/2008\/05\/31\/berliner-kurier-die-telekom-im-stasi-sumpf\/#breadcrumb\",\"itemListElement\":[{\"@type\":\"ListItem\",\"position\":1,\"name\":\"Startseite\",\"item\":\"https:\/\/feminissima.de\/\"},{\"@type\":\"ListItem\",\"position\":2,\"name\":\"BERLINER KURIER: DIE TELEKOM IM STASI-SUMPF\"}]},{\"@type\":\"WebSite\",\"@id\":\"https:\/\/feminissima.de\/#website\",\"url\":\"https:\/\/feminissima.de\/\",\"name\":\"Feminissima\",\"description\":\"\",\"potentialAction\":[{\"@type\":\"SearchAction\",\"target\":{\"@type\":\"EntryPoint\",\"urlTemplate\":\"https:\/\/feminissima.de\/?s={search_term_string}\"},\"query-input\":\"required name=search_term_string\"}],\"inLanguage\":\"de\"},{\"@type\":\"Person\",\"@id\":\"https:\/\/feminissima.de\/#\/schema\/person\/0b901e053624f88e7ecbea289d9d5128\",\"name\":\"admin\",\"image\":{\"@type\":\"ImageObject\",\"inLanguage\":\"de\",\"@id\":\"https:\/\/feminissima.de\/#\/schema\/person\/image\/\",\"url\":\"https:\/\/secure.gravatar.com\/avatar\/8da1f51327453c0bf63338e8e2a791948b7d2ac19b68839492d1e69aac6924a8?s=96&d=mm&r=g\",\"contentUrl\":\"https:\/\/secure.gravatar.com\/avatar\/8da1f51327453c0bf63338e8e2a791948b7d2ac19b68839492d1e69aac6924a8?s=96&d=mm&r=g\",\"caption\":\"admin\"},\"url\":\"https:\/\/feminissima.de\/index.php\/author\/admin\/\"}]}<\/script>\n<!-- \/ Yoast SEO plugin. -->","yoast_head_json":{"title":"BERLINER KURIER: DIE TELEKOM IM STASI-SUMPF - Feminissima","robots":{"index":"index","follow":"follow","max-snippet":"max-snippet:-1","max-image-preview":"max-image-preview:large","max-video-preview":"max-video-preview:-1"},"canonical":"https:\/\/feminissima.de\/index.php\/2008\/05\/31\/berliner-kurier-die-telekom-im-stasi-sumpf\/","og_locale":"de_DE","og_type":"article","og_title":"BERLINER KURIER: DIE TELEKOM IM STASI-SUMPF - Feminissima","og_description":"SO mu\u00df Journalismus sein! Daher die SUPISSIMA! Mehr:","og_url":"https:\/\/feminissima.de\/index.php\/2008\/05\/31\/berliner-kurier-die-telekom-im-stasi-sumpf\/","og_site_name":"Feminissima","article_published_time":"2008-05-31T20:15:53+00:00","author":"admin","twitter_card":"summary_large_image","twitter_misc":{"Verfasst von":"admin","Gesch\u00e4tzte Lesezeit":"2\u00a0Minuten"},"schema":{"@context":"https:\/\/schema.org","@graph":[{"@type":"WebPage","@id":"https:\/\/feminissima.de\/index.php\/2008\/05\/31\/berliner-kurier-die-telekom-im-stasi-sumpf\/","url":"https:\/\/feminissima.de\/index.php\/2008\/05\/31\/berliner-kurier-die-telekom-im-stasi-sumpf\/","name":"BERLINER KURIER: DIE TELEKOM IM STASI-SUMPF - Feminissima","isPartOf":{"@id":"https:\/\/feminissima.de\/#website"},"datePublished":"2008-05-31T20:15:53+00:00","dateModified":"2008-05-31T20:15:53+00:00","author":{"@id":"https:\/\/feminissima.de\/#\/schema\/person\/0b901e053624f88e7ecbea289d9d5128"},"breadcrumb":{"@id":"https:\/\/feminissima.de\/index.php\/2008\/05\/31\/berliner-kurier-die-telekom-im-stasi-sumpf\/#breadcrumb"},"inLanguage":"de","potentialAction":[{"@type":"ReadAction","target":["https:\/\/feminissima.de\/index.php\/2008\/05\/31\/berliner-kurier-die-telekom-im-stasi-sumpf\/"]}]},{"@type":"BreadcrumbList","@id":"https:\/\/feminissima.de\/index.php\/2008\/05\/31\/berliner-kurier-die-telekom-im-stasi-sumpf\/#breadcrumb","itemListElement":[{"@type":"ListItem","position":1,"name":"Startseite","item":"https:\/\/feminissima.de\/"},{"@type":"ListItem","position":2,"name":"BERLINER KURIER: DIE TELEKOM IM STASI-SUMPF"}]},{"@type":"WebSite","@id":"https:\/\/feminissima.de\/#website","url":"https:\/\/feminissima.de\/","name":"Feminissima","description":"","potentialAction":[{"@type":"SearchAction","target":{"@type":"EntryPoint","urlTemplate":"https:\/\/feminissima.de\/?s={search_term_string}"},"query-input":"required name=search_term_string"}],"inLanguage":"de"},{"@type":"Person","@id":"https:\/\/feminissima.de\/#\/schema\/person\/0b901e053624f88e7ecbea289d9d5128","name":"admin","image":{"@type":"ImageObject","inLanguage":"de","@id":"https:\/\/feminissima.de\/#\/schema\/person\/image\/","url":"https:\/\/secure.gravatar.com\/avatar\/8da1f51327453c0bf63338e8e2a791948b7d2ac19b68839492d1e69aac6924a8?s=96&d=mm&r=g","contentUrl":"https:\/\/secure.gravatar.com\/avatar\/8da1f51327453c0bf63338e8e2a791948b7d2ac19b68839492d1e69aac6924a8?s=96&d=mm&r=g","caption":"admin"},"url":"https:\/\/feminissima.de\/index.php\/author\/admin\/"}]}},"jetpack_featured_media_url":"","_links":{"self":[{"href":"https:\/\/feminissima.de\/index.php\/wp-json\/wp\/v2\/posts\/85233","targetHints":{"allow":["GET"]}}],"collection":[{"href":"https:\/\/feminissima.de\/index.php\/wp-json\/wp\/v2\/posts"}],"about":[{"href":"https:\/\/feminissima.de\/index.php\/wp-json\/wp\/v2\/types\/post"}],"author":[{"embeddable":true,"href":"https:\/\/feminissima.de\/index.php\/wp-json\/wp\/v2\/users\/2"}],"replies":[{"embeddable":true,"href":"https:\/\/feminissima.de\/index.php\/wp-json\/wp\/v2\/comments?post=85233"}],"version-history":[{"count":0,"href":"https:\/\/feminissima.de\/index.php\/wp-json\/wp\/v2\/posts\/85233\/revisions"}],"wp:attachment":[{"href":"https:\/\/feminissima.de\/index.php\/wp-json\/wp\/v2\/media?parent=85233"}],"wp:term":[{"taxonomy":"category","embeddable":true,"href":"https:\/\/feminissima.de\/index.php\/wp-json\/wp\/v2\/categories?post=85233"},{"taxonomy":"post_tag","embeddable":true,"href":"https:\/\/feminissima.de\/index.php\/wp-json\/wp\/v2\/tags?post=85233"}],"curies":[{"name":"wp","href":"https:\/\/api.w.org\/{rel}","templated":true}]}}