{"id":85095,"date":"2008-04-17T19:39:44","date_gmt":"2008-04-17T19:39:44","guid":{"rendered":"http:\/\/www.feminissima.de\/?p=85095"},"modified":"2008-04-17T19:39:44","modified_gmt":"2008-04-17T19:39:44","slug":"pinn-uni-ffm-geld-fuer-geistes-sozial-wissenschaftler","status":"publish","type":"post","link":"https:\/\/feminissima.de\/index.php\/2008\/04\/17\/pinn-uni-ffm-geld-fuer-geistes-sozial-wissenschaftler\/","title":{"rendered":"PINN: Uni FFM Geld f\u00fcr Geistes\/Sozial wissenschaftler"},"content":{"rendered":"<p>Tipp, how to get it: Veranstaltung am 5. Mai 08<br \/>\nan der Frankfurter Uni:<br \/>Veranstaltungstipp: Forschungsf\u00f6rderung f\u00fcr Geistes- und Sozialwissenschaftler <br \/>\nStephan M. H\u00fcbner, Marketing und Kommunikation<br \/>\nJohann Wolfgang Goethe-Universit\u00e4t Frankfurt (Main)<\/p>\n<p>16.04.2008  <\/p>\n<p>Am 5. Mai 2008 veranstaltet das Referat f\u00fcr Forschungsangelegenheiten der Universit\u00e4t Frankfurt eine Informationsveranstaltung zum Thema nationale und internationale Forschungsf\u00f6rderung f\u00fcr Geistes- und Sozialwissenschaftler. Obgleich ein Schwerpunkt auf F\u00f6rderungsm\u00f6glichkeiten in Hessen gelegt wird, ist die Veranstaltung auch \u00fcber die Landesgrenzen hinaus von Interesse.<br \/>\nF\u00fcr die Geistes- und Sozialwissenschaftler ist die Deutsche Forschungsgemeinschaft (DFG) mit Abstand die gr\u00f6\u00dfte Quelle der Drittmittelf\u00f6rderung in Deutschland. Hans Dieter Bienert erl\u00e4utert ihre Programme. Im Anschluss berichtet Dr. Claudia B\u00f6hme vom Projekttr\u00e4ger DLR des Bundesministeriums f\u00fcr Bildung und Forschung \u00fcber aktuelle F\u00f6rderm\u00f6glichkeiten des BMBF f\u00fcr Geisteswissenschaftler.<\/p>\n<p>Mit den F\u00f6rderlinien &#8222;Zentren&#8220; und &#8222;Schwerpunkte&#8220; der Landes-Offensive zur Entwicklung Wissenschaftlich-\u00f6konomischer Exzellenz (LOEWE) leistet die Hessische Landesregierung eine erhebliche Anschubfinanzierung und m\u00f6chte den Boden bereiten f\u00fcr die Zusammenarbeit und Abstimmung mit den gro\u00dfen Forschungsorganisationen zur die Ansiedlung weiterer, gemeinsam von Bund und L\u00e4ndern finanzierter Forschungseinrichtungen. Das Programm sowie die Kriterien f\u00fcr die Beurteilung von Antr\u00e4gen wird von der LOEWE-Beauftragten des Hessischen Ministeriums f\u00fcr Wissenschaft und Kunst, Dr. Susanne Eickemeier, vorgestellt.<\/p>\n<p>Ein mehrj\u00e4hriger Auslandsaufenthalt ist heute f\u00fcr eine wissenschaftliche Karriere fast stets unabdinglich. Die Marie-Curie-Ma\u00dfnahmen des 7. Rahmenprogramms der EU haben sowohl Instituts- als auch individuelle Einzelstipendien anzubieten. So ist es m\u00f6glich, mit europ\u00e4ischen Forschungsmitteln in ein nicht-europ\u00e4isches Drittland zu gehen und umgekehrt. Genauere Details wird Dr. Nicola Staeck von der Alexander von Humboldt Stiftung, die als Nationale Kontaktstelle f\u00fcr den Bereich Humanressourcen und Mobilit\u00e4t im 6. Rahmenprogramm fungiert, vorstellen.<\/p>\n<p>Mit Hinblick auf sozio-\u00f6konomische, sozio-kulturelle und geisteswissenschaftliche Aspekte gewinnt die europ\u00e4ische Forschungslandschaft zunehmend an Bedeutung. Aktuelle Informationen zu Antragsverfahren und Beteiligungsm\u00f6glichkeiten des 8. thematischen Bereich des 7. Rahmenprogramms der EU (Sozial-, Wirtschafts- und Geisteswissenschaften, SWG) vermittelt Angela Schindler von der Nationalen Kontaktstelle der SWG. <\/p>\n<p>Im Rahmen zweier F\u00f6rderlinien zielt der Bereich &#8222;Ideen&#8220; des 7. Rahmenprogramms darauf ab, die talentiertesten Wissenschaftler anzuziehen und wissenschaftliche Forschung von Weltklasse in neuen, rasch aufkommenden Forschungsfeldern zu unterst\u00fctzen. Hier gibt es einerseits den &#8222;ERC Starting Grant&#8220; zur F\u00f6rderung des wissenschaftlichen Nachwuchses beim Start in die wissenschaftliche Unabh\u00e4ngigkeit durch Gr\u00fcndung einer eigenen Arbeitsgruppe sowie den &#8222;ERC Advanced Grant&#8220; zur F\u00f6rderung etablierter ForscherInnen oder Forscherteams aller wissenschaftlichen und technologischen Fachbereiche. Das Programm &#8222;Ideen&#8220; wird durch den europ\u00e4ischen Forschungsrat durchgef\u00fchrt und von Martin Winger von der Koordinierungsstelle EG der Wissenschaftsorganisationen vorgestellt.<\/p>\n<p>Sowohl zu Programmen auf Bundes- und Landesebene als auch zu den internationalen Programmen berichten erfolgreiche Antragsteller der Goethe-Universit\u00e4t und stehen im Rahmen einer Podiumskussion Rede und Antwort. Zu ihnen geh\u00f6ren Prof. Anne Bohnenkamp-Renken, Prof. Rainer Forst, Prof. Hans-G\u00fcnter Heimbrock , Prof. Rainer Hofmann, Prof. Thomas Kirchner, Prof. Rainer Klump, JP Kira Kosnick, Prof. Helma Lutz und prof. Matthias Lutz-Bachmann.<\/p>\n<p>&#8212;&#8211;<\/p>\n<p>Informationen: <br \/>\nDr. Carola Zimmermann, Tel: (069) 798-22130<br \/>\nChristoph Denecke, Tel: (069) 798-29547 <\/p>\n<p>Anmeldungen: <br \/>\nElke Solonar, Tel: (069) 798-25190, Fax: (069) 798-25007, e.solonar@vdv.uni-frankfurt.de) <\/p>\n<p>Weitere Informationen:<br \/>\nhttp:\/\/www.forschungsfoerderung.uni-frankfurt.de (Programm und Angaben zu Ort und Zeit)<\/p>\n<p><\/p>\n","protected":false},"excerpt":{"rendered":"<p>Tipp, how to get it: Veranstaltung am 5. Mai 08<br \/>\nan der Frankfurter Uni:<\/p>\n","protected":false},"author":2,"featured_media":0,"comment_status":"closed","ping_status":"closed","sticky":false,"template":"","format":"standard","meta":{"footnotes":""},"categories":[26],"tags":[],"class_list":["post-85095","post","type-post","status-publish","format-standard","hentry","category-pinnwand","entry"],"yoast_head":"<!-- This site is optimized with the Yoast SEO plugin v21.0 - https:\/\/yoast.com\/wordpress\/plugins\/seo\/ -->\n<title>PINN: Uni FFM Geld f\u00fcr Geistes\/Sozial wissenschaftler - Feminissima<\/title>\n<meta name=\"robots\" content=\"index, follow, max-snippet:-1, max-image-preview:large, max-video-preview:-1\" \/>\n<link rel=\"canonical\" href=\"https:\/\/feminissima.de\/index.php\/2008\/04\/17\/pinn-uni-ffm-geld-fuer-geistes-sozial-wissenschaftler\/\" \/>\n<meta property=\"og:locale\" content=\"de_DE\" \/>\n<meta property=\"og:type\" content=\"article\" \/>\n<meta property=\"og:title\" content=\"PINN: Uni FFM Geld f\u00fcr Geistes\/Sozial wissenschaftler - Feminissima\" \/>\n<meta property=\"og:description\" content=\"Tipp, how to get it: Veranstaltung am 5. Mai 08 an der Frankfurter Uni:\" \/>\n<meta property=\"og:url\" content=\"https:\/\/feminissima.de\/index.php\/2008\/04\/17\/pinn-uni-ffm-geld-fuer-geistes-sozial-wissenschaftler\/\" \/>\n<meta property=\"og:site_name\" content=\"Feminissima\" \/>\n<meta property=\"article:published_time\" content=\"2008-04-17T19:39:44+00:00\" \/>\n<meta name=\"author\" content=\"admin\" \/>\n<meta name=\"twitter:card\" content=\"summary_large_image\" \/>\n<meta name=\"twitter:label1\" content=\"Verfasst von\" \/>\n\t<meta name=\"twitter:data1\" content=\"admin\" \/>\n\t<meta name=\"twitter:label2\" content=\"Gesch\u00e4tzte Lesezeit\" \/>\n\t<meta name=\"twitter:data2\" content=\"3\u00a0Minuten\" \/>\n<script type=\"application\/ld+json\" class=\"yoast-schema-graph\">{\"@context\":\"https:\/\/schema.org\",\"@graph\":[{\"@type\":\"WebPage\",\"@id\":\"https:\/\/feminissima.de\/index.php\/2008\/04\/17\/pinn-uni-ffm-geld-fuer-geistes-sozial-wissenschaftler\/\",\"url\":\"https:\/\/feminissima.de\/index.php\/2008\/04\/17\/pinn-uni-ffm-geld-fuer-geistes-sozial-wissenschaftler\/\",\"name\":\"PINN: Uni FFM Geld f\u00fcr Geistes\/Sozial wissenschaftler - Feminissima\",\"isPartOf\":{\"@id\":\"https:\/\/feminissima.de\/#website\"},\"datePublished\":\"2008-04-17T19:39:44+00:00\",\"dateModified\":\"2008-04-17T19:39:44+00:00\",\"author\":{\"@id\":\"https:\/\/feminissima.de\/#\/schema\/person\/0b901e053624f88e7ecbea289d9d5128\"},\"breadcrumb\":{\"@id\":\"https:\/\/feminissima.de\/index.php\/2008\/04\/17\/pinn-uni-ffm-geld-fuer-geistes-sozial-wissenschaftler\/#breadcrumb\"},\"inLanguage\":\"de\",\"potentialAction\":[{\"@type\":\"ReadAction\",\"target\":[\"https:\/\/feminissima.de\/index.php\/2008\/04\/17\/pinn-uni-ffm-geld-fuer-geistes-sozial-wissenschaftler\/\"]}]},{\"@type\":\"BreadcrumbList\",\"@id\":\"https:\/\/feminissima.de\/index.php\/2008\/04\/17\/pinn-uni-ffm-geld-fuer-geistes-sozial-wissenschaftler\/#breadcrumb\",\"itemListElement\":[{\"@type\":\"ListItem\",\"position\":1,\"name\":\"Startseite\",\"item\":\"https:\/\/feminissima.de\/\"},{\"@type\":\"ListItem\",\"position\":2,\"name\":\"PINN: Uni FFM Geld f\u00fcr Geistes\/Sozial wissenschaftler\"}]},{\"@type\":\"WebSite\",\"@id\":\"https:\/\/feminissima.de\/#website\",\"url\":\"https:\/\/feminissima.de\/\",\"name\":\"Feminissima\",\"description\":\"\",\"potentialAction\":[{\"@type\":\"SearchAction\",\"target\":{\"@type\":\"EntryPoint\",\"urlTemplate\":\"https:\/\/feminissima.de\/?s={search_term_string}\"},\"query-input\":\"required name=search_term_string\"}],\"inLanguage\":\"de\"},{\"@type\":\"Person\",\"@id\":\"https:\/\/feminissima.de\/#\/schema\/person\/0b901e053624f88e7ecbea289d9d5128\",\"name\":\"admin\",\"image\":{\"@type\":\"ImageObject\",\"inLanguage\":\"de\",\"@id\":\"https:\/\/feminissima.de\/#\/schema\/person\/image\/\",\"url\":\"https:\/\/secure.gravatar.com\/avatar\/8da1f51327453c0bf63338e8e2a791948b7d2ac19b68839492d1e69aac6924a8?s=96&d=mm&r=g\",\"contentUrl\":\"https:\/\/secure.gravatar.com\/avatar\/8da1f51327453c0bf63338e8e2a791948b7d2ac19b68839492d1e69aac6924a8?s=96&d=mm&r=g\",\"caption\":\"admin\"},\"url\":\"https:\/\/feminissima.de\/index.php\/author\/admin\/\"}]}<\/script>\n<!-- \/ Yoast SEO plugin. -->","yoast_head_json":{"title":"PINN: Uni FFM Geld f\u00fcr Geistes\/Sozial wissenschaftler - Feminissima","robots":{"index":"index","follow":"follow","max-snippet":"max-snippet:-1","max-image-preview":"max-image-preview:large","max-video-preview":"max-video-preview:-1"},"canonical":"https:\/\/feminissima.de\/index.php\/2008\/04\/17\/pinn-uni-ffm-geld-fuer-geistes-sozial-wissenschaftler\/","og_locale":"de_DE","og_type":"article","og_title":"PINN: Uni FFM Geld f\u00fcr Geistes\/Sozial wissenschaftler - Feminissima","og_description":"Tipp, how to get it: Veranstaltung am 5. Mai 08 an der Frankfurter Uni:","og_url":"https:\/\/feminissima.de\/index.php\/2008\/04\/17\/pinn-uni-ffm-geld-fuer-geistes-sozial-wissenschaftler\/","og_site_name":"Feminissima","article_published_time":"2008-04-17T19:39:44+00:00","author":"admin","twitter_card":"summary_large_image","twitter_misc":{"Verfasst von":"admin","Gesch\u00e4tzte Lesezeit":"3\u00a0Minuten"},"schema":{"@context":"https:\/\/schema.org","@graph":[{"@type":"WebPage","@id":"https:\/\/feminissima.de\/index.php\/2008\/04\/17\/pinn-uni-ffm-geld-fuer-geistes-sozial-wissenschaftler\/","url":"https:\/\/feminissima.de\/index.php\/2008\/04\/17\/pinn-uni-ffm-geld-fuer-geistes-sozial-wissenschaftler\/","name":"PINN: Uni FFM Geld f\u00fcr Geistes\/Sozial wissenschaftler - Feminissima","isPartOf":{"@id":"https:\/\/feminissima.de\/#website"},"datePublished":"2008-04-17T19:39:44+00:00","dateModified":"2008-04-17T19:39:44+00:00","author":{"@id":"https:\/\/feminissima.de\/#\/schema\/person\/0b901e053624f88e7ecbea289d9d5128"},"breadcrumb":{"@id":"https:\/\/feminissima.de\/index.php\/2008\/04\/17\/pinn-uni-ffm-geld-fuer-geistes-sozial-wissenschaftler\/#breadcrumb"},"inLanguage":"de","potentialAction":[{"@type":"ReadAction","target":["https:\/\/feminissima.de\/index.php\/2008\/04\/17\/pinn-uni-ffm-geld-fuer-geistes-sozial-wissenschaftler\/"]}]},{"@type":"BreadcrumbList","@id":"https:\/\/feminissima.de\/index.php\/2008\/04\/17\/pinn-uni-ffm-geld-fuer-geistes-sozial-wissenschaftler\/#breadcrumb","itemListElement":[{"@type":"ListItem","position":1,"name":"Startseite","item":"https:\/\/feminissima.de\/"},{"@type":"ListItem","position":2,"name":"PINN: Uni FFM Geld f\u00fcr Geistes\/Sozial wissenschaftler"}]},{"@type":"WebSite","@id":"https:\/\/feminissima.de\/#website","url":"https:\/\/feminissima.de\/","name":"Feminissima","description":"","potentialAction":[{"@type":"SearchAction","target":{"@type":"EntryPoint","urlTemplate":"https:\/\/feminissima.de\/?s={search_term_string}"},"query-input":"required name=search_term_string"}],"inLanguage":"de"},{"@type":"Person","@id":"https:\/\/feminissima.de\/#\/schema\/person\/0b901e053624f88e7ecbea289d9d5128","name":"admin","image":{"@type":"ImageObject","inLanguage":"de","@id":"https:\/\/feminissima.de\/#\/schema\/person\/image\/","url":"https:\/\/secure.gravatar.com\/avatar\/8da1f51327453c0bf63338e8e2a791948b7d2ac19b68839492d1e69aac6924a8?s=96&d=mm&r=g","contentUrl":"https:\/\/secure.gravatar.com\/avatar\/8da1f51327453c0bf63338e8e2a791948b7d2ac19b68839492d1e69aac6924a8?s=96&d=mm&r=g","caption":"admin"},"url":"https:\/\/feminissima.de\/index.php\/author\/admin\/"}]}},"jetpack_featured_media_url":"","_links":{"self":[{"href":"https:\/\/feminissima.de\/index.php\/wp-json\/wp\/v2\/posts\/85095","targetHints":{"allow":["GET"]}}],"collection":[{"href":"https:\/\/feminissima.de\/index.php\/wp-json\/wp\/v2\/posts"}],"about":[{"href":"https:\/\/feminissima.de\/index.php\/wp-json\/wp\/v2\/types\/post"}],"author":[{"embeddable":true,"href":"https:\/\/feminissima.de\/index.php\/wp-json\/wp\/v2\/users\/2"}],"replies":[{"embeddable":true,"href":"https:\/\/feminissima.de\/index.php\/wp-json\/wp\/v2\/comments?post=85095"}],"version-history":[{"count":0,"href":"https:\/\/feminissima.de\/index.php\/wp-json\/wp\/v2\/posts\/85095\/revisions"}],"wp:attachment":[{"href":"https:\/\/feminissima.de\/index.php\/wp-json\/wp\/v2\/media?parent=85095"}],"wp:term":[{"taxonomy":"category","embeddable":true,"href":"https:\/\/feminissima.de\/index.php\/wp-json\/wp\/v2\/categories?post=85095"},{"taxonomy":"post_tag","embeddable":true,"href":"https:\/\/feminissima.de\/index.php\/wp-json\/wp\/v2\/tags?post=85095"}],"curies":[{"name":"wp","href":"https:\/\/api.w.org\/{rel}","templated":true}]}}