{"id":85086,"date":"2008-04-03T06:15:23","date_gmt":"2008-04-03T06:15:23","guid":{"rendered":"http:\/\/www.feminissima.de\/?p=85086"},"modified":"2008-04-03T06:15:23","modified_gmt":"2008-04-03T06:15:23","slug":"pinn-das-girl-wird-feine-dame-kolbe-museum-charlottenburg","status":"publish","type":"post","link":"https:\/\/feminissima.de\/index.php\/2008\/04\/03\/pinn-das-girl-wird-feine-dame-kolbe-museum-charlottenburg\/","title":{"rendered":"PINN:: &#8222;Das Girl wird feine Dame&#8220; &#8211;  KOLBE-MUSEUM\/Charlottenburg"},"content":{"rendered":"<p>\u201eGlamour! Das Girl wird feine Dame \u2013 Frauendarstellungen in der sp\u00e4ten Weimarer Republik\u201c<br \/>\nAusstellung bis 12. Mai 2008 &#8211; <\/p>\n<p>Und auch ein Caf\u00e9 lockt &#8211; im Gr\u00fcnen.<br \/>\nCaf\u00e9 K = :  K wie Kunst.Adresse: Senseburger Allee 25, Westend.<br \/>\nund aktuelle (Erg\u00e4nzungs-)Veranstaltungen zum Thema..<br \/>\u00d6ffnungszeiten:<br \/>\nDi &#8211; So. 10 &#8211; 17 Uhr;<\/p>\n<p>\nAdresse:<br \/>\nSensburger Allee 25<br \/>\n14055 Berlin <\/p>\n<p>Eintrittspreise:<br \/>\n5,- \u20ac \/ 3,- \u20ac erm\u00e4\u00dfigt <\/p>\n<p>S-Bahn: <br \/>\nHeerstra\u00dfe, S75, S9<br \/>\nBus: M49, X34, X 49, 218<br \/>\nLageplan <br \/>\nTelefon: 030- 3042144<\/p>\n<p>\nAktuell<br \/>\n13. 4. 2008, 17.30 Uhr<br \/>\nMarlene Dietrich: Vom Kurf\u00fcrstendamm-Girl zum Hollywood-Star. Eine Vorzeigekarriere. Literarische Teezeit mit Claudia v. G\u00e9lieu <br \/>\n(10,- Euro).<\/p>\n<p>18. 4. 2008, 18 Uhr<br \/>\nDie erste Biografie \u00fcber Vicki Baum! Nicole Nottelmann liest aus ihrem Buch \u201eDie Karriere der Vicki Baum\u201c. <br \/>\n(10,- Euro)<\/p>\n<p> Ausstellungen<br \/>\n17. Februar \u2013 12. Mai 2008<\/p>\n<p> \u201eGlamour! Das Girl wird feine Dame \u2013 Frauendarstellungen in der sp\u00e4ten Weimarer Republik\u201c<br \/>\nDie schillernde, elegante Mode und die Film- und Modefotografie der sp\u00e4ten Zwanziger und fr\u00fchen Drei\u00dfiger Jahre gelten als Inbegriff von \u201eGlamour\u201c. Mond\u00e4ne Filmdiven, Mannequins mit unnahbarer Ausstrahlung, elegante Frauen der Gro\u00dfstadt \u2013 die \u201eDame\u201c l\u00f6ste in der Zeit von 1928 bis 1933 das \u201eGirl\u201c ab. Viele Frauen orientierten sich an einem feminineren Stil, der ihnen in den Modezeitschriften und auf der Kinoleinwand begegnete. Eine neue Mode entstand, die sich auch in der Kunst spiegelte. Die Ausstellung befasst sich mit den Themen Modezeichnungen und -fotografie, Filmschauspielerinnen, dem Georg-Schicht-Preis und der Frau in der Gesellschaft, insbesondere den Sportlerinnen. <br \/>\nAnschaulich wird dargestellt, welche Einfl\u00fcsse f\u00fcr die Ver\u00e4nderung des Frauenbildes ma\u00dfgeblich waren und vor allem wie sie sich zeigte. Neben Werken fast vergessener K\u00fcnstlerinnen wie Lotte Laserstein oder Lieselotte Friedlaender werden auch Arbeiten von Christian Schad, Tamara de Lempicka, Leo von K\u00f6nig, Ernesto de Fiori, Yva und Jeanne Mammen pr\u00e4sentiert.<\/p>\n<p>&#8230; weitere Informationen <br \/>\nF\u00f6rderverein<br \/>\nDer Freundeskreis Georg-Kolbe-Museum e.V unterst\u00fctzt die Aktivit\u00e4ten des Georg-Kolbe-Museums. Er engagiert sich insbesondere bei Neuerwerbungen f\u00fcr die Sammlung, der Restaurierung von Kunstwerken, bei Forschungsvorhaben und Veranstaltungen. <\/p>\n<p>\nPublikationen<br \/>\nGlamour! Das Girl wird feine Dame. <br \/>\nFrauendarstellungen in der sp\u00e4ten Weimarer Republik <br \/>\n(Hrsg. U. Berger, V. Dollenmaier)<br \/>\n2008, 135 Seiten, zahlreiche, z. T. farbige Abb., \u20ac 19,90<br \/>\n&#8230; weitere<\/p>\n<p><\/p>\n","protected":false},"excerpt":{"rendered":"<p>\u201eGlamour! Das Girl wird feine Dame \u2013 Frauendarstellungen in der sp\u00e4ten Weimarer Republik\u201c<br \/>\nAusstellung bis 12. Mai 2008 &#8211; <\/p>\n<p>Und auch ein Caf\u00e9 lockt &#8211; im Gr\u00fcnen.<br \/>\nCaf\u00e9 K = :  K wie Kunst.Adresse: Senseburger Allee 25, Westend.<br \/>\nund aktuelle (Erg\u00e4nzungs-)Veranstaltungen zum Thema..<\/p>\n","protected":false},"author":2,"featured_media":0,"comment_status":"closed","ping_status":"closed","sticky":false,"template":"","format":"standard","meta":{"footnotes":""},"categories":[26],"tags":[],"class_list":["post-85086","post","type-post","status-publish","format-standard","hentry","category-pinnwand","entry"],"yoast_head":"<!-- This site is optimized with the Yoast SEO plugin v21.0 - https:\/\/yoast.com\/wordpress\/plugins\/seo\/ -->\n<title>PINN:: &quot;Das Girl wird feine Dame&quot; - KOLBE-MUSEUM\/Charlottenburg - Feminissima<\/title>\n<meta name=\"robots\" content=\"index, follow, max-snippet:-1, max-image-preview:large, max-video-preview:-1\" \/>\n<link rel=\"canonical\" href=\"https:\/\/feminissima.de\/index.php\/2008\/04\/03\/pinn-das-girl-wird-feine-dame-kolbe-museum-charlottenburg\/\" \/>\n<meta property=\"og:locale\" content=\"de_DE\" \/>\n<meta property=\"og:type\" content=\"article\" \/>\n<meta property=\"og:title\" content=\"PINN:: &quot;Das Girl wird feine Dame&quot; - KOLBE-MUSEUM\/Charlottenburg - Feminissima\" \/>\n<meta property=\"og:description\" content=\"\u201eGlamour! Das Girl wird feine Dame \u2013 Frauendarstellungen in der sp\u00e4ten Weimarer Republik\u201c Ausstellung bis 12. Mai 2008 -  Und auch ein Caf\u00e9 lockt - im Gr\u00fcnen. Caf\u00e9 K = : K wie Kunst.Adresse: Senseburger Allee 25, Westend. und aktuelle (Erg\u00e4nzungs-)Veranstaltungen zum Thema..\" \/>\n<meta property=\"og:url\" content=\"https:\/\/feminissima.de\/index.php\/2008\/04\/03\/pinn-das-girl-wird-feine-dame-kolbe-museum-charlottenburg\/\" \/>\n<meta property=\"og:site_name\" content=\"Feminissima\" \/>\n<meta property=\"article:published_time\" content=\"2008-04-03T06:15:23+00:00\" \/>\n<meta name=\"author\" content=\"admin\" \/>\n<meta name=\"twitter:card\" content=\"summary_large_image\" \/>\n<meta name=\"twitter:label1\" content=\"Verfasst von\" \/>\n\t<meta name=\"twitter:data1\" content=\"admin\" \/>\n\t<meta name=\"twitter:label2\" content=\"Gesch\u00e4tzte Lesezeit\" \/>\n\t<meta name=\"twitter:data2\" content=\"2\u00a0Minuten\" \/>\n<script type=\"application\/ld+json\" class=\"yoast-schema-graph\">{\"@context\":\"https:\/\/schema.org\",\"@graph\":[{\"@type\":\"WebPage\",\"@id\":\"https:\/\/feminissima.de\/index.php\/2008\/04\/03\/pinn-das-girl-wird-feine-dame-kolbe-museum-charlottenburg\/\",\"url\":\"https:\/\/feminissima.de\/index.php\/2008\/04\/03\/pinn-das-girl-wird-feine-dame-kolbe-museum-charlottenburg\/\",\"name\":\"PINN:: \\\"Das Girl wird feine Dame\\\" - KOLBE-MUSEUM\/Charlottenburg - Feminissima\",\"isPartOf\":{\"@id\":\"https:\/\/feminissima.de\/#website\"},\"datePublished\":\"2008-04-03T06:15:23+00:00\",\"dateModified\":\"2008-04-03T06:15:23+00:00\",\"author\":{\"@id\":\"https:\/\/feminissima.de\/#\/schema\/person\/0b901e053624f88e7ecbea289d9d5128\"},\"breadcrumb\":{\"@id\":\"https:\/\/feminissima.de\/index.php\/2008\/04\/03\/pinn-das-girl-wird-feine-dame-kolbe-museum-charlottenburg\/#breadcrumb\"},\"inLanguage\":\"de\",\"potentialAction\":[{\"@type\":\"ReadAction\",\"target\":[\"https:\/\/feminissima.de\/index.php\/2008\/04\/03\/pinn-das-girl-wird-feine-dame-kolbe-museum-charlottenburg\/\"]}]},{\"@type\":\"BreadcrumbList\",\"@id\":\"https:\/\/feminissima.de\/index.php\/2008\/04\/03\/pinn-das-girl-wird-feine-dame-kolbe-museum-charlottenburg\/#breadcrumb\",\"itemListElement\":[{\"@type\":\"ListItem\",\"position\":1,\"name\":\"Startseite\",\"item\":\"https:\/\/feminissima.de\/\"},{\"@type\":\"ListItem\",\"position\":2,\"name\":\"PINN:: &#8222;Das Girl wird feine Dame&#8220; &#8211; KOLBE-MUSEUM\/Charlottenburg\"}]},{\"@type\":\"WebSite\",\"@id\":\"https:\/\/feminissima.de\/#website\",\"url\":\"https:\/\/feminissima.de\/\",\"name\":\"Feminissima\",\"description\":\"\",\"potentialAction\":[{\"@type\":\"SearchAction\",\"target\":{\"@type\":\"EntryPoint\",\"urlTemplate\":\"https:\/\/feminissima.de\/?s={search_term_string}\"},\"query-input\":\"required name=search_term_string\"}],\"inLanguage\":\"de\"},{\"@type\":\"Person\",\"@id\":\"https:\/\/feminissima.de\/#\/schema\/person\/0b901e053624f88e7ecbea289d9d5128\",\"name\":\"admin\",\"image\":{\"@type\":\"ImageObject\",\"inLanguage\":\"de\",\"@id\":\"https:\/\/feminissima.de\/#\/schema\/person\/image\/\",\"url\":\"https:\/\/secure.gravatar.com\/avatar\/8da1f51327453c0bf63338e8e2a791948b7d2ac19b68839492d1e69aac6924a8?s=96&d=mm&r=g\",\"contentUrl\":\"https:\/\/secure.gravatar.com\/avatar\/8da1f51327453c0bf63338e8e2a791948b7d2ac19b68839492d1e69aac6924a8?s=96&d=mm&r=g\",\"caption\":\"admin\"},\"url\":\"https:\/\/feminissima.de\/index.php\/author\/admin\/\"}]}<\/script>\n<!-- \/ Yoast SEO plugin. -->","yoast_head_json":{"title":"PINN:: \"Das Girl wird feine Dame\" - KOLBE-MUSEUM\/Charlottenburg - Feminissima","robots":{"index":"index","follow":"follow","max-snippet":"max-snippet:-1","max-image-preview":"max-image-preview:large","max-video-preview":"max-video-preview:-1"},"canonical":"https:\/\/feminissima.de\/index.php\/2008\/04\/03\/pinn-das-girl-wird-feine-dame-kolbe-museum-charlottenburg\/","og_locale":"de_DE","og_type":"article","og_title":"PINN:: \"Das Girl wird feine Dame\" - KOLBE-MUSEUM\/Charlottenburg - Feminissima","og_description":"\u201eGlamour! Das Girl wird feine Dame \u2013 Frauendarstellungen in der sp\u00e4ten Weimarer Republik\u201c Ausstellung bis 12. Mai 2008 -  Und auch ein Caf\u00e9 lockt - im Gr\u00fcnen. Caf\u00e9 K = : K wie Kunst.Adresse: Senseburger Allee 25, Westend. und aktuelle (Erg\u00e4nzungs-)Veranstaltungen zum Thema..","og_url":"https:\/\/feminissima.de\/index.php\/2008\/04\/03\/pinn-das-girl-wird-feine-dame-kolbe-museum-charlottenburg\/","og_site_name":"Feminissima","article_published_time":"2008-04-03T06:15:23+00:00","author":"admin","twitter_card":"summary_large_image","twitter_misc":{"Verfasst von":"admin","Gesch\u00e4tzte Lesezeit":"2\u00a0Minuten"},"schema":{"@context":"https:\/\/schema.org","@graph":[{"@type":"WebPage","@id":"https:\/\/feminissima.de\/index.php\/2008\/04\/03\/pinn-das-girl-wird-feine-dame-kolbe-museum-charlottenburg\/","url":"https:\/\/feminissima.de\/index.php\/2008\/04\/03\/pinn-das-girl-wird-feine-dame-kolbe-museum-charlottenburg\/","name":"PINN:: \"Das Girl wird feine Dame\" - KOLBE-MUSEUM\/Charlottenburg - Feminissima","isPartOf":{"@id":"https:\/\/feminissima.de\/#website"},"datePublished":"2008-04-03T06:15:23+00:00","dateModified":"2008-04-03T06:15:23+00:00","author":{"@id":"https:\/\/feminissima.de\/#\/schema\/person\/0b901e053624f88e7ecbea289d9d5128"},"breadcrumb":{"@id":"https:\/\/feminissima.de\/index.php\/2008\/04\/03\/pinn-das-girl-wird-feine-dame-kolbe-museum-charlottenburg\/#breadcrumb"},"inLanguage":"de","potentialAction":[{"@type":"ReadAction","target":["https:\/\/feminissima.de\/index.php\/2008\/04\/03\/pinn-das-girl-wird-feine-dame-kolbe-museum-charlottenburg\/"]}]},{"@type":"BreadcrumbList","@id":"https:\/\/feminissima.de\/index.php\/2008\/04\/03\/pinn-das-girl-wird-feine-dame-kolbe-museum-charlottenburg\/#breadcrumb","itemListElement":[{"@type":"ListItem","position":1,"name":"Startseite","item":"https:\/\/feminissima.de\/"},{"@type":"ListItem","position":2,"name":"PINN:: &#8222;Das Girl wird feine Dame&#8220; &#8211; KOLBE-MUSEUM\/Charlottenburg"}]},{"@type":"WebSite","@id":"https:\/\/feminissima.de\/#website","url":"https:\/\/feminissima.de\/","name":"Feminissima","description":"","potentialAction":[{"@type":"SearchAction","target":{"@type":"EntryPoint","urlTemplate":"https:\/\/feminissima.de\/?s={search_term_string}"},"query-input":"required name=search_term_string"}],"inLanguage":"de"},{"@type":"Person","@id":"https:\/\/feminissima.de\/#\/schema\/person\/0b901e053624f88e7ecbea289d9d5128","name":"admin","image":{"@type":"ImageObject","inLanguage":"de","@id":"https:\/\/feminissima.de\/#\/schema\/person\/image\/","url":"https:\/\/secure.gravatar.com\/avatar\/8da1f51327453c0bf63338e8e2a791948b7d2ac19b68839492d1e69aac6924a8?s=96&d=mm&r=g","contentUrl":"https:\/\/secure.gravatar.com\/avatar\/8da1f51327453c0bf63338e8e2a791948b7d2ac19b68839492d1e69aac6924a8?s=96&d=mm&r=g","caption":"admin"},"url":"https:\/\/feminissima.de\/index.php\/author\/admin\/"}]}},"jetpack_featured_media_url":"","_links":{"self":[{"href":"https:\/\/feminissima.de\/index.php\/wp-json\/wp\/v2\/posts\/85086","targetHints":{"allow":["GET"]}}],"collection":[{"href":"https:\/\/feminissima.de\/index.php\/wp-json\/wp\/v2\/posts"}],"about":[{"href":"https:\/\/feminissima.de\/index.php\/wp-json\/wp\/v2\/types\/post"}],"author":[{"embeddable":true,"href":"https:\/\/feminissima.de\/index.php\/wp-json\/wp\/v2\/users\/2"}],"replies":[{"embeddable":true,"href":"https:\/\/feminissima.de\/index.php\/wp-json\/wp\/v2\/comments?post=85086"}],"version-history":[{"count":0,"href":"https:\/\/feminissima.de\/index.php\/wp-json\/wp\/v2\/posts\/85086\/revisions"}],"wp:attachment":[{"href":"https:\/\/feminissima.de\/index.php\/wp-json\/wp\/v2\/media?parent=85086"}],"wp:term":[{"taxonomy":"category","embeddable":true,"href":"https:\/\/feminissima.de\/index.php\/wp-json\/wp\/v2\/categories?post=85086"},{"taxonomy":"post_tag","embeddable":true,"href":"https:\/\/feminissima.de\/index.php\/wp-json\/wp\/v2\/tags?post=85086"}],"curies":[{"name":"wp","href":"https:\/\/api.w.org\/{rel}","templated":true}]}}