{"id":85080,"date":"2008-04-27T11:51:17","date_gmt":"2008-04-27T11:51:17","guid":{"rendered":"http:\/\/www.feminissima.de\/?p=85080"},"modified":"2008-04-27T11:51:17","modified_gmt":"2008-04-27T11:51:17","slug":"presse-show-chaos-nach-anschlag-in-kabul-27-4-08","status":"publish","type":"post","link":"https:\/\/feminissima.de\/index.php\/2008\/04\/27\/presse-show-chaos-nach-anschlag-in-kabul-27-4-08\/","title":{"rendered":"PRESSE-SHOW   &#8211; Chaos nach Anschlag in Kabul \/27.4.08"},"content":{"rendered":"<p>Eine lang nicht mehr verliehene *SUPISSIMA*<br \/>f\u00fcr diesen spiegel-online-Artikel.<br \/>\nEine Glanzleistung, die f\u00fcr die Ewigkeit gesaved werden mu\u00df&#8230;(wie einst Susanne Koelbls atmosph\u00e4risch-sezierender und sprachlich lecker&#038;mit-Bi\u00df (daher &#8222;Leckerbissen&#8220;&#8230;smily)<br \/>\nArtikel \u00fcber jenen See in Potsdam, an dem die Haute Vol\u00e9e..&#8220;Die Keiler vom&#8230;&#8220; <br \/>\nach, wie hie\u00df der See noch gleich..?<br \/>\n\u00c4hnlich atmosph\u00e4risch-&#038;-sezierend, und die Skurrilit\u00e4t des Momentes, die einem besseren Hollywood-Szenario h\u00e4tte nicht besser&#8230;beschrieben-entnommen sein k\u00f6nnen.<br \/>\nEtwa auch der Satz: &#8222;DAS IST NICHT TEIL DES PROGRAMMS, SIR!&#8220;<br \/>\nals die Taliban anfangen, herumzuballern, inmitten der Mudschaheddin-Milit\u00e4rparade zum Jahrestag des Sieges \u00fcber die russischen Truppen.<br \/>\nDer Soldaten Waffen selbst sind ohne scharfe Munition. Weil ein Anschlag aus den eigenen Reihen bef\u00fcrchtet worden war.<br \/>\nUnd die Frage am Ende des Artikels, ob all der Aufwand der Weltgemeinschaft in Afghanistan lohne, wirkt keineswegs bissig, <br \/>\nin einem solchen Fall, wie bei feminissima, sondern ganz einfach folgerichtig.<br \/>TERROR IN KABUL<br \/>\nTaliban nehmen Karzai und Diplomaten unter Feuer<br \/>\nChaos w\u00e4hrend der Mudschaheddin-Milit\u00e4rparade: Mitten in Kabul feuerten Taliban-K\u00e4mpfer Granaten und Raketen auf die Trib\u00fcnen, Pr\u00e4sident Karzai und internationale Ehreng\u00e4ste flohen in Panik. SPIEGEL-Reporter Ullrich Fichtner und SPIEGEL-Fotografin Tina Hager waren Augenzeugen des Anschlags.<\/p>\n<p>Kabul &#8211; Die j\u00e4hrliche Feier des Sieges \u00fcber die sowjetischen Besatzer ist in Afghanistan ein wichtiges Ereignis. Gegen 9.50 Uhr hatte Pr\u00e4sident Hamid Karzai die festliche Parade seiner Truppen bereits abgenommen. In der Luke eines polierten Humvees mit Wei\u00dfwandreifen fuhr er im Schritttempo die Trib\u00fcnen entlang, gr\u00fc\u00dfte seine Soldaten, die aufgereiht auf dem Festplatz standen. Im Schatten der Sonnend\u00e4cher sa\u00dfen die Spitzen der jungen Islamischen Republik Afghanistans und viele ausl\u00e4ndische Gesandte.<\/p>\n<p>\nANGRIFF AUF MILIT\u00c4RPARADE : RAKETEN, GRANATEN, GEWEHRFEUER<\/p>\n<p>\nDas gesamte afghanische Kabinett hatte sich versammelt, der Generalstab, die Leiter der nationalen Polizei- und Justizbeh\u00f6rden, um den Ehrentag der Mudschaheddin zu begehen. Zwei Monumental-Potr\u00e4ts entlang der Paradestrecke zeigten Karzai und den ermordeten Rebellenf\u00fchrer Massoud, die Ikone der Mudschaheddin. Es wurden Suren gesungen, Heldenlieder gespielt, und zu den Kl\u00e4ngen der afghanischen Nationalhymne erhoben sich auch die Botschafter der USA, Frankreichs und Gro\u00dfbritanniens, zwischen ihnen Isaf-Kommandeur Dan McNeill und Christopher Alexander, der Vizechef der afghanischen UN-Mission.<\/p>\n<p>&#8222;Das ist nicht Teil des Programms, Sir!\u201d <\/p>\n<p>\nDER AUTOR<br \/>\nUllrich Fichtner, Jahrgang 1965, ist SPIEGEL- Reporter und derzeit auf Recherchereise in Afghanistan. Es hatte vor dem gro\u00dfen Tag etliche Warnungen vor einem m\u00f6glichen Anschlag gegeben. Nach SPIEGEL-Informationen hatten Zutr\u00e4ger des Innenministeriums dringlich vor m\u00f6glichen Attacken und Bombenanschl\u00e4gen in Kabul und Umgebung gewarnt. Aufgrund dieser Hinweise blieben viele ausl\u00e4ndische Diplomaten der Feier fern, die anderen G\u00e4ste mit gro\u00dfen Sicherheitsteams zur Parade. Unter den Sakkos vieler Diplomaten zeichneten sich die Muster schusssicherer Westen ab.<\/p>\n<p>Um 9.40 Uhr erhob sich die Versammlung, etwa 500 G\u00e4ste insgesamt, um den Beginn der Parade zu erwarten, von 9.45 Uhr an ersch\u00fctterten Salutsch\u00fcsse die Luft, drei, vier, bald zehn, dann mischte sich Maschinengewehrfeuer in den L\u00e4rm, anschwellend, und ein US-amerikanischer Offizier rief \u00fcber die K\u00f6pfe weg in Richtung seines Vier-Sterne-Generals McNeill: \u201cDas ist nicht Teil des Programms, Sir!\u201d <\/p>\n<p>Die Garden, die den Paradeplatz bislang in lockerer Reihe ges\u00e4umt hatten, liefen nun geduckt die Strecke entlang, in westlicher Richtung, sie suchten Deckung vor dem Beschuss, der aus Richtung des Gozarjah-Huegel zu kommen schien, einem der Hausberge Kabuls. Kurz nach 10 Uhr schlugen schon M\u00f6rsergranaten auf dem Paradeplatz ein, eine von ihnen verfehlte die Haupttrib\u00fcne mit Pr\u00e4sident Karzai und den Regierungsmitgliedern nur um etwa 40 Meter. Auch RPGs, raketengetriebene Granaten, schlugen vor den Trib\u00fcnen ein, ohne sie zu treffen.<\/p>\n<p>Soldaten ohne scharfe Munition <\/p>\n<p>Gegen\u00fcber, vor der gro\u00dfen Ied-Gah-Moschee, l\u00f6ste sich die Ehrenformation der Soldaten in wirres Rennen auf. Die Truppen konnten den Angriff nicht erwidern, weil sie \u2013 aus Furcht der Regierung vor einem Anschlag auf Karzai aus den eigenen Reihen \u2013 am Festtag keine scharfe Munition laden durften. So erwiderten nur einige wenige Sicherheitsleute das Feuer. Gegen 10.40 Uhr erst waren Hubschrauber in der Luft, die die Stellungen der Angreifer attackierten. <\/p>\n<p>An der R\u00fcckwand der Trib\u00fcnen, die ebenfalls, und offenkundig von anderer Stelle aus im Schussfeld der Angreifer lag, rannten unterdessen die Ehreng\u00e4ste um ihr Leben. Gener\u00e4le, Botschafter, Milit\u00e4rattaches, UN-Direktoren lie\u00dfen sich von schreienden Ordnern dirigieren. Teils hockten sie minutenlang im Schutz der Stadion-R\u00fcckwand, teils rannten sie in geduckter Haltung in Richtung ihrer Autos. Das Zentrum von Kabul blieb nach dem Anschlag auf Stunden hinaus abgeriegelt. An allen wichtigen Kreuzungen marschierten Armeeeinheiten auf. <\/p>\n<p>Auch die gro\u00dfen Fernstrassen Richtung Mazar-i-Sharif im Norden und Kandahar im S\u00fcden wurden f\u00fcr allen Verkehr blockiert. Der Pr\u00e4sident versicherten seinen Landsleuten sp\u00e4ter in einer Fernsehansprache, die Lage sei unter Kontrolle. Der stellvertretende Innenminister, General Mohammed Daoud, selbst einst ein Mudschaheddin-Kommandeur, best\u00e4tigte dem SPIEGEL auf Anfrage, dass drei Abgeordnete des afghanischen Parlaments w\u00e4hrend der Schiesserei verwundet wurden. Daoud berichtete weiter, die Polizei habe schon eine Stunde nach den Ereignissen f\u00fcnf mutma\u00dfliche Taliban-K\u00e4mpfer in H\u00e4usern nahe des Festplatzes festgenommen. <\/p>\n<p>Anschlag d\u00fcrfte Kritik an Karzai verst\u00e4rken <\/p>\n<p>\n(MEHR \u00dcBER&#8230;<br \/>\nHamid Karzai Afghanistan zu SPIEGEL WISSEN )<\/p>\n<p>Aus Kreisen der Regierung verlautete, die Taliban h\u00e4tten sich zu dem Angriff bekannt. Ein interner Sicherheitsbericht der US-Botschaft sprach von zwei Gruppen Angreifern von je zehn Mann. In dem Bericht hie\u00df es weiter, es gebe Hinweise darauf, dass die Taliban Waffen auch auf dem Festgel\u00e4nde selbst versteckt hatten. Politisch wie symbolisch kommt das Attentat zu einem f\u00fcr die Regierung denkbar schlechten Augenblick. Ein gutes Jahr vor den n\u00e4chsten Pr\u00e4sidentschaftswahlen in Afghanistan w\u00e4chst die in- und ausl\u00e4ndische Kritik an Pr\u00e4sident Karzai und dabei fehlt nie der Hinweis auf die mangelhafte oeffentliche Sicherheit im Lande. <\/p>\n<p>Dass sich nun ein lange geplanter Staatsakt in Schiessereien und Tumult aufl\u00f6st, wird diese Kritik n\u00e4hren. Und es wird auch im Ausland die Debatte dar\u00fcber neu entfachen, ob sich das massive Engagement der Weltgemeinschaft \u2013 es nehmen die Truppen von 40 Staaten an Milit\u00e4roperationen teil, und 26 Uno-Organisationen sind im Land aktiv \u2013 tats\u00e4chlich lohnt.<\/p>\n<p><\/p>\n","protected":false},"excerpt":{"rendered":"<p>Eine lang nicht mehr verliehene *SUPISSIMA*<br \/>f\u00fcr diesen spiegel-online-Artikel.<br \/>\nEine Glanzleistung, die f\u00fcr die Ewigkeit gesaved werden mu\u00df&#8230;(wie einst Susanne Koelbls atmosph\u00e4risch-sezierender und sprachlich lecker&#038;mit-Bi\u00df (daher &#8222;Leckerbissen&#8220;&#8230;smily)<br \/>\nArtikel \u00fcber jenen See in Potsdam, an dem die Haute Vol\u00e9e..&#8220;Die Keiler vom&#8230;&#8220; <br \/>\nach, wie hie\u00df der See noch gleich..?<br \/>\n\u00c4hnlich atmosph\u00e4risch-&#038;-sezierend, und die Skurrilit\u00e4t des Momentes, die einem besseren Hollywood-Szenario h\u00e4tte nicht besser&#8230;beschrieben-entnommen sein k\u00f6nnen.<br \/>\nEtwa auch der Satz: &#8222;DAS IST NICHT TEIL DES PROGRAMMS, SIR!&#8220;<br \/>\nals die Taliban anfangen, herumzuballern, inmitten der Mudschaheddin-Milit\u00e4rparade zum Jahrestag des Sieges \u00fcber die russischen Truppen.<br \/>\nDer Soldaten Waffen selbst sind ohne scharfe Munition. Weil ein Anschlag aus den eigenen Reihen bef\u00fcrchtet worden war.<br \/>\nUnd die Frage am Ende des Artikels, ob all der Aufwand der Weltgemeinschaft in Afghanistan lohne, wirkt keineswegs bissig, <br \/>\nin einem solchen Fall, wie bei feminissima, sondern ganz einfach folgerichtig.<\/p>\n","protected":false},"author":2,"featured_media":0,"comment_status":"closed","ping_status":"closed","sticky":false,"template":"","format":"standard","meta":{"footnotes":""},"categories":[32],"tags":[],"class_list":["post-85080","post","type-post","status-publish","format-standard","hentry","category-supissima","entry"],"yoast_head":"<!-- This site is optimized with the Yoast SEO plugin v21.0 - https:\/\/yoast.com\/wordpress\/plugins\/seo\/ -->\n<title>PRESSE-SHOW  - Chaos nach Anschlag in Kabul \/27.4.08 - Feminissima<\/title>\n<meta name=\"robots\" content=\"index, follow, max-snippet:-1, max-image-preview:large, max-video-preview:-1\" \/>\n<link rel=\"canonical\" href=\"https:\/\/feminissima.de\/index.php\/2008\/04\/27\/presse-show-chaos-nach-anschlag-in-kabul-27-4-08\/\" \/>\n<meta property=\"og:locale\" content=\"de_DE\" \/>\n<meta property=\"og:type\" content=\"article\" \/>\n<meta property=\"og:title\" content=\"PRESSE-SHOW  - Chaos nach Anschlag in Kabul \/27.4.08 - Feminissima\" \/>\n<meta property=\"og:description\" content=\"Eine lang nicht mehr verliehene *SUPISSIMA*f\u00fcr diesen spiegel-online-Artikel. Eine Glanzleistung, die f\u00fcr die Ewigkeit gesaved werden mu\u00df...(wie einst Susanne Koelbls atmosph\u00e4risch-sezierender und sprachlich lecker&amp;mit-Bi\u00df (daher &quot;Leckerbissen&quot;...smily) Artikel \u00fcber jenen See in Potsdam, an dem die Haute Vol\u00e9e..&quot;Die Keiler vom...&quot; ach, wie hie\u00df der See noch gleich..? \u00c4hnlich atmosph\u00e4risch-&amp;-sezierend, und die Skurrilit\u00e4t des Momentes, die einem besseren Hollywood-Szenario h\u00e4tte nicht besser...beschrieben-entnommen sein k\u00f6nnen. Etwa auch der Satz: &quot;DAS IST NICHT TEIL DES PROGRAMMS, SIR!&quot; als die Taliban anfangen, herumzuballern, inmitten der Mudschaheddin-Milit\u00e4rparade zum Jahrestag des Sieges \u00fcber die russischen Truppen. Der Soldaten Waffen selbst sind ohne scharfe Munition. Weil ein Anschlag aus den eigenen Reihen bef\u00fcrchtet worden war. Und die Frage am Ende des Artikels, ob all der Aufwand der Weltgemeinschaft in Afghanistan lohne, wirkt keineswegs bissig, in einem solchen Fall, wie bei feminissima, sondern ganz einfach folgerichtig.\" \/>\n<meta property=\"og:url\" content=\"https:\/\/feminissima.de\/index.php\/2008\/04\/27\/presse-show-chaos-nach-anschlag-in-kabul-27-4-08\/\" \/>\n<meta property=\"og:site_name\" content=\"Feminissima\" \/>\n<meta property=\"article:published_time\" content=\"2008-04-27T11:51:17+00:00\" \/>\n<meta name=\"author\" content=\"admin\" \/>\n<meta name=\"twitter:card\" content=\"summary_large_image\" \/>\n<meta name=\"twitter:label1\" content=\"Verfasst von\" \/>\n\t<meta name=\"twitter:data1\" content=\"admin\" \/>\n\t<meta name=\"twitter:label2\" content=\"Gesch\u00e4tzte Lesezeit\" \/>\n\t<meta name=\"twitter:data2\" content=\"5\u00a0Minuten\" \/>\n<script type=\"application\/ld+json\" class=\"yoast-schema-graph\">{\"@context\":\"https:\/\/schema.org\",\"@graph\":[{\"@type\":\"WebPage\",\"@id\":\"https:\/\/feminissima.de\/index.php\/2008\/04\/27\/presse-show-chaos-nach-anschlag-in-kabul-27-4-08\/\",\"url\":\"https:\/\/feminissima.de\/index.php\/2008\/04\/27\/presse-show-chaos-nach-anschlag-in-kabul-27-4-08\/\",\"name\":\"PRESSE-SHOW - Chaos nach Anschlag in Kabul \/27.4.08 - Feminissima\",\"isPartOf\":{\"@id\":\"https:\/\/feminissima.de\/#website\"},\"datePublished\":\"2008-04-27T11:51:17+00:00\",\"dateModified\":\"2008-04-27T11:51:17+00:00\",\"author\":{\"@id\":\"https:\/\/feminissima.de\/#\/schema\/person\/0b901e053624f88e7ecbea289d9d5128\"},\"breadcrumb\":{\"@id\":\"https:\/\/feminissima.de\/index.php\/2008\/04\/27\/presse-show-chaos-nach-anschlag-in-kabul-27-4-08\/#breadcrumb\"},\"inLanguage\":\"de\",\"potentialAction\":[{\"@type\":\"ReadAction\",\"target\":[\"https:\/\/feminissima.de\/index.php\/2008\/04\/27\/presse-show-chaos-nach-anschlag-in-kabul-27-4-08\/\"]}]},{\"@type\":\"BreadcrumbList\",\"@id\":\"https:\/\/feminissima.de\/index.php\/2008\/04\/27\/presse-show-chaos-nach-anschlag-in-kabul-27-4-08\/#breadcrumb\",\"itemListElement\":[{\"@type\":\"ListItem\",\"position\":1,\"name\":\"Startseite\",\"item\":\"https:\/\/feminissima.de\/\"},{\"@type\":\"ListItem\",\"position\":2,\"name\":\"PRESSE-SHOW &#8211; Chaos nach Anschlag in Kabul \/27.4.08\"}]},{\"@type\":\"WebSite\",\"@id\":\"https:\/\/feminissima.de\/#website\",\"url\":\"https:\/\/feminissima.de\/\",\"name\":\"Feminissima\",\"description\":\"\",\"potentialAction\":[{\"@type\":\"SearchAction\",\"target\":{\"@type\":\"EntryPoint\",\"urlTemplate\":\"https:\/\/feminissima.de\/?s={search_term_string}\"},\"query-input\":\"required name=search_term_string\"}],\"inLanguage\":\"de\"},{\"@type\":\"Person\",\"@id\":\"https:\/\/feminissima.de\/#\/schema\/person\/0b901e053624f88e7ecbea289d9d5128\",\"name\":\"admin\",\"image\":{\"@type\":\"ImageObject\",\"inLanguage\":\"de\",\"@id\":\"https:\/\/feminissima.de\/#\/schema\/person\/image\/\",\"url\":\"https:\/\/secure.gravatar.com\/avatar\/8da1f51327453c0bf63338e8e2a791948b7d2ac19b68839492d1e69aac6924a8?s=96&d=mm&r=g\",\"contentUrl\":\"https:\/\/secure.gravatar.com\/avatar\/8da1f51327453c0bf63338e8e2a791948b7d2ac19b68839492d1e69aac6924a8?s=96&d=mm&r=g\",\"caption\":\"admin\"},\"url\":\"https:\/\/feminissima.de\/index.php\/author\/admin\/\"}]}<\/script>\n<!-- \/ Yoast SEO plugin. -->","yoast_head_json":{"title":"PRESSE-SHOW  - Chaos nach Anschlag in Kabul \/27.4.08 - Feminissima","robots":{"index":"index","follow":"follow","max-snippet":"max-snippet:-1","max-image-preview":"max-image-preview:large","max-video-preview":"max-video-preview:-1"},"canonical":"https:\/\/feminissima.de\/index.php\/2008\/04\/27\/presse-show-chaos-nach-anschlag-in-kabul-27-4-08\/","og_locale":"de_DE","og_type":"article","og_title":"PRESSE-SHOW  - Chaos nach Anschlag in Kabul \/27.4.08 - Feminissima","og_description":"Eine lang nicht mehr verliehene *SUPISSIMA*f\u00fcr diesen spiegel-online-Artikel. Eine Glanzleistung, die f\u00fcr die Ewigkeit gesaved werden mu\u00df...(wie einst Susanne Koelbls atmosph\u00e4risch-sezierender und sprachlich lecker&mit-Bi\u00df (daher \"Leckerbissen\"...smily) Artikel \u00fcber jenen See in Potsdam, an dem die Haute Vol\u00e9e..\"Die Keiler vom...\" ach, wie hie\u00df der See noch gleich..? \u00c4hnlich atmosph\u00e4risch-&-sezierend, und die Skurrilit\u00e4t des Momentes, die einem besseren Hollywood-Szenario h\u00e4tte nicht besser...beschrieben-entnommen sein k\u00f6nnen. Etwa auch der Satz: \"DAS IST NICHT TEIL DES PROGRAMMS, SIR!\" als die Taliban anfangen, herumzuballern, inmitten der Mudschaheddin-Milit\u00e4rparade zum Jahrestag des Sieges \u00fcber die russischen Truppen. Der Soldaten Waffen selbst sind ohne scharfe Munition. Weil ein Anschlag aus den eigenen Reihen bef\u00fcrchtet worden war. Und die Frage am Ende des Artikels, ob all der Aufwand der Weltgemeinschaft in Afghanistan lohne, wirkt keineswegs bissig, in einem solchen Fall, wie bei feminissima, sondern ganz einfach folgerichtig.","og_url":"https:\/\/feminissima.de\/index.php\/2008\/04\/27\/presse-show-chaos-nach-anschlag-in-kabul-27-4-08\/","og_site_name":"Feminissima","article_published_time":"2008-04-27T11:51:17+00:00","author":"admin","twitter_card":"summary_large_image","twitter_misc":{"Verfasst von":"admin","Gesch\u00e4tzte Lesezeit":"5\u00a0Minuten"},"schema":{"@context":"https:\/\/schema.org","@graph":[{"@type":"WebPage","@id":"https:\/\/feminissima.de\/index.php\/2008\/04\/27\/presse-show-chaos-nach-anschlag-in-kabul-27-4-08\/","url":"https:\/\/feminissima.de\/index.php\/2008\/04\/27\/presse-show-chaos-nach-anschlag-in-kabul-27-4-08\/","name":"PRESSE-SHOW - Chaos nach Anschlag in Kabul \/27.4.08 - Feminissima","isPartOf":{"@id":"https:\/\/feminissima.de\/#website"},"datePublished":"2008-04-27T11:51:17+00:00","dateModified":"2008-04-27T11:51:17+00:00","author":{"@id":"https:\/\/feminissima.de\/#\/schema\/person\/0b901e053624f88e7ecbea289d9d5128"},"breadcrumb":{"@id":"https:\/\/feminissima.de\/index.php\/2008\/04\/27\/presse-show-chaos-nach-anschlag-in-kabul-27-4-08\/#breadcrumb"},"inLanguage":"de","potentialAction":[{"@type":"ReadAction","target":["https:\/\/feminissima.de\/index.php\/2008\/04\/27\/presse-show-chaos-nach-anschlag-in-kabul-27-4-08\/"]}]},{"@type":"BreadcrumbList","@id":"https:\/\/feminissima.de\/index.php\/2008\/04\/27\/presse-show-chaos-nach-anschlag-in-kabul-27-4-08\/#breadcrumb","itemListElement":[{"@type":"ListItem","position":1,"name":"Startseite","item":"https:\/\/feminissima.de\/"},{"@type":"ListItem","position":2,"name":"PRESSE-SHOW &#8211; Chaos nach Anschlag in Kabul \/27.4.08"}]},{"@type":"WebSite","@id":"https:\/\/feminissima.de\/#website","url":"https:\/\/feminissima.de\/","name":"Feminissima","description":"","potentialAction":[{"@type":"SearchAction","target":{"@type":"EntryPoint","urlTemplate":"https:\/\/feminissima.de\/?s={search_term_string}"},"query-input":"required name=search_term_string"}],"inLanguage":"de"},{"@type":"Person","@id":"https:\/\/feminissima.de\/#\/schema\/person\/0b901e053624f88e7ecbea289d9d5128","name":"admin","image":{"@type":"ImageObject","inLanguage":"de","@id":"https:\/\/feminissima.de\/#\/schema\/person\/image\/","url":"https:\/\/secure.gravatar.com\/avatar\/8da1f51327453c0bf63338e8e2a791948b7d2ac19b68839492d1e69aac6924a8?s=96&d=mm&r=g","contentUrl":"https:\/\/secure.gravatar.com\/avatar\/8da1f51327453c0bf63338e8e2a791948b7d2ac19b68839492d1e69aac6924a8?s=96&d=mm&r=g","caption":"admin"},"url":"https:\/\/feminissima.de\/index.php\/author\/admin\/"}]}},"jetpack_featured_media_url":"","_links":{"self":[{"href":"https:\/\/feminissima.de\/index.php\/wp-json\/wp\/v2\/posts\/85080","targetHints":{"allow":["GET"]}}],"collection":[{"href":"https:\/\/feminissima.de\/index.php\/wp-json\/wp\/v2\/posts"}],"about":[{"href":"https:\/\/feminissima.de\/index.php\/wp-json\/wp\/v2\/types\/post"}],"author":[{"embeddable":true,"href":"https:\/\/feminissima.de\/index.php\/wp-json\/wp\/v2\/users\/2"}],"replies":[{"embeddable":true,"href":"https:\/\/feminissima.de\/index.php\/wp-json\/wp\/v2\/comments?post=85080"}],"version-history":[{"count":0,"href":"https:\/\/feminissima.de\/index.php\/wp-json\/wp\/v2\/posts\/85080\/revisions"}],"wp:attachment":[{"href":"https:\/\/feminissima.de\/index.php\/wp-json\/wp\/v2\/media?parent=85080"}],"wp:term":[{"taxonomy":"category","embeddable":true,"href":"https:\/\/feminissima.de\/index.php\/wp-json\/wp\/v2\/categories?post=85080"},{"taxonomy":"post_tag","embeddable":true,"href":"https:\/\/feminissima.de\/index.php\/wp-json\/wp\/v2\/tags?post=85080"}],"curies":[{"name":"wp","href":"https:\/\/api.w.org\/{rel}","templated":true}]}}