{"id":85078,"date":"2008-02-23T19:04:56","date_gmt":"2008-02-23T19:04:56","guid":{"rendered":"http:\/\/www.feminissima.de\/?p=85078"},"modified":"2008-02-23T19:04:56","modified_gmt":"2008-02-23T19:04:56","slug":"deutsche-richter-stark-von-medien-beeinflusst-meint","status":"publish","type":"post","link":"https:\/\/feminissima.de\/index.php\/2008\/02\/23\/deutsche-richter-stark-von-medien-beeinflusst-meint\/","title":{"rendered":"Deutsche Richter stark von Medien beeinflusst &#8211; meint:"},"content":{"rendered":"<p>Strafverteidiger stellen ein vernichtendes Urteil aus. Ist nicht neu der Text, aus dem Netz. Aber er deckt sich mit ..wenn Ihr bei Google &#8222;deutsche Richter&#8220; eingebt, \u00f6ffnet sich eine Welt, die die deutschen Richter einhellig &#8222;verurteilt.&#8220; <br \/>\nNa, denken wir nur an das Sachbuch FURCHTBARE RICHTER&#8230;.das auch beweist, dass die alten Nazi-Blut-Richter direkt auch nach der NS-Zeit es schafften, unbehelligt wieder in die Jurisprudenz einzuziehen&#8230;die Macht der deutschen Beamten..\u00fcbrigens ein sehr empfehlenswertes Buch, wenn Ihr Euren Horizont etwas oder sogar sehr&#8230;erweitern m\u00f6chtet, leider liegt das Buch daheim&#8230;und die derzeit-Schreibende hockt in einem Internet-Caf\u00e9&#8230;<\/p>\n<p>Deutsche Richter von Medien beeinflusst<br \/>\nStrafverteidiger stellen vernichtendes Urteil aus<\/p>\n<p>\nWie stark lassen sich Richter und Staatsanw\u00e4lte beeinflussen? <\/p>\n<p>D\u00fcsseldorf (pte\/04.01.2006\/06:15) &#8211; Eine repr\u00e4sentative Umfrage unter Deutschlands Strafrechtverteidiger hat ein vernichtendes Urteil \u00fcber die Objektivit\u00e4t der Richter ausgestellt. Die von der PR-Agentur Wilmes Kommunikation http:\/\/www.wilmes-kommunikation.de in Thesenform durchgef\u00fchrte Befragung hat dabei \u00fcber 114 Strafverteidiger interviewt. 72,1 Prozent der befragten Strafverteidiger sind demnach der Meinung, dass sich Berufsrichter bei der Urteilsfindung von den Medien beeinflussen lassen.<\/p>\n<p>Fast 67 Prozent gehen davon aus, dass die Medien die gr\u00f6\u00dfte Gefahr der Beeinflussung in einem Gerichtsverfahren darstellen, satte 85 Prozent meinen, dass mit der Ver\u00f6ffentlichung eines Ermittlungsverfahrens die Vorverurteilung f\u00fcr den Beschuldigten beginne. 80 Prozent meinen, dass ein klinisch-objektives Urteil ohne jegliche Beeinflussung durch die Medien nicht m\u00f6glich sei.<\/p>\n<p>Zahlen, die Wilfried Hamm, Sprecher des Vorstandes und Pressesprecher der Neuen Richtervereinigung http:\/\/www.nrv-net.de\/ zwar nicht ganz nachvollziehen kann, jedoch Verst\u00e4ndnis hervorrufen. &#8222;Richter sind doch auch nur Menschen. Der Druck unter anderem auch der Medien ist manchen Verfahren so gro\u00df, dass ich mir vorstellen kann, dass Richter, wenn auch unterbewusst, dadurch beeinflusst werden&#8220;, so Hamm im Gespr\u00e4ch mit pressetext. Hamm betont auch, dass es Richtern w\u00e4hrend eines laufenden Verfahrens nicht erlaubt sei, sich zu Pressemeldungen zu \u00e4u\u00dfern. &#8222;Die m\u00fcssen dann den Bericht \u00fcber die eigene Person hinnehmen und akzeptieren, was nicht jedem leicht f\u00e4llt&#8220;, so Hamm weiter.<\/p>\n<p>Hamm fordert in diesem Zusammenhang im Rahmen der geplanten Justizreform eine Selbstverwaltung der Justiz, denn &#8222;dadurch wird die Chance gr\u00f6\u00dfer, weniger Beeinflussung von innen oder au\u00dfen auf den Richter auszu\u00fcben.&#8220; Wichtig f\u00fcr Hamm ist auf jeden Fall die Tatsache, dass Informationen \u00fcber laufende Verfahren, die Richter aus den Medien entnehmen, auch \u00f6ffentlich im Gerichtsverfahren angesprochen werden und nicht nur intern zur Bildung der Meinung des Richters verwendet werden d\u00fcrfen. (Ende) <\/p>\n<p>\nAussender: pressetext.deutschland<br \/>\nRedakteur: Michael Fiala <br \/>\nemail: fiala@pressetext.com <br \/>\nTel. +43 (0)1 81140 303  <\/p>\n","protected":false},"excerpt":{"rendered":"<p>Strafverteidiger stellen ein vernichtendes Urteil aus. Ist nicht neu der Text, aus dem Netz. Aber er deckt sich mit ..wenn Ihr bei Google &#8222;deutsche Richter&#8220; eingebt, \u00f6ffnet sich eine Welt, die die deutschen Richter einhellig &#8222;verurteilt.&#8220; <br \/>\nNa, denken wir nur an das Sachbuch FURCHTBARE RICHTER&#8230;.das auch beweist, dass die alten Nazi-Blut-Richter direkt auch nach der NS-Zeit es schafften, unbehelligt wieder in die Jurisprudenz einzuziehen&#8230;die Macht der deutschen Beamten..\u00fcbrigens ein sehr empfehlenswertes Buch, wenn Ihr Euren Horizont etwas oder sogar sehr&#8230;erweitern m\u00f6chtet, leider liegt das Buch daheim&#8230;und die derzeit-Schreibende hockt in einem Internet-Caf\u00e9&#8230;<\/p>\n","protected":false},"author":2,"featured_media":0,"comment_status":"closed","ping_status":"closed","sticky":false,"template":"","format":"standard","meta":{"footnotes":""},"categories":[15],"tags":[],"class_list":["post-85078","post","type-post","status-publish","format-standard","hentry","category-femrecht","entry"],"yoast_head":"<!-- This site is optimized with the Yoast SEO plugin v21.0 - https:\/\/yoast.com\/wordpress\/plugins\/seo\/ -->\n<title>Deutsche Richter stark von Medien beeinflusst - meint: - Feminissima<\/title>\n<meta name=\"robots\" content=\"index, follow, max-snippet:-1, max-image-preview:large, max-video-preview:-1\" \/>\n<link rel=\"canonical\" href=\"https:\/\/feminissima.de\/index.php\/2008\/02\/23\/deutsche-richter-stark-von-medien-beeinflusst-meint\/\" \/>\n<meta property=\"og:locale\" content=\"de_DE\" \/>\n<meta property=\"og:type\" content=\"article\" \/>\n<meta property=\"og:title\" content=\"Deutsche Richter stark von Medien beeinflusst - meint: - Feminissima\" \/>\n<meta property=\"og:description\" content=\"Strafverteidiger stellen ein vernichtendes Urteil aus. Ist nicht neu der Text, aus dem Netz. Aber er deckt sich mit ..wenn Ihr bei Google &quot;deutsche Richter&quot; eingebt, \u00f6ffnet sich eine Welt, die die deutschen Richter einhellig &quot;verurteilt.&quot; Na, denken wir nur an das Sachbuch FURCHTBARE RICHTER....das auch beweist, dass die alten Nazi-Blut-Richter direkt auch nach der NS-Zeit es schafften, unbehelligt wieder in die Jurisprudenz einzuziehen...die Macht der deutschen Beamten..\u00fcbrigens ein sehr empfehlenswertes Buch, wenn Ihr Euren Horizont etwas oder sogar sehr...erweitern m\u00f6chtet, leider liegt das Buch daheim...und die derzeit-Schreibende hockt in einem Internet-Caf\u00e9...\" \/>\n<meta property=\"og:url\" content=\"https:\/\/feminissima.de\/index.php\/2008\/02\/23\/deutsche-richter-stark-von-medien-beeinflusst-meint\/\" \/>\n<meta property=\"og:site_name\" content=\"Feminissima\" \/>\n<meta property=\"article:published_time\" content=\"2008-02-23T19:04:56+00:00\" \/>\n<meta name=\"author\" content=\"admin\" \/>\n<meta name=\"twitter:card\" content=\"summary_large_image\" \/>\n<meta name=\"twitter:label1\" content=\"Verfasst von\" \/>\n\t<meta name=\"twitter:data1\" content=\"admin\" \/>\n\t<meta name=\"twitter:label2\" content=\"Gesch\u00e4tzte Lesezeit\" \/>\n\t<meta name=\"twitter:data2\" content=\"2\u00a0Minuten\" \/>\n<script type=\"application\/ld+json\" class=\"yoast-schema-graph\">{\"@context\":\"https:\/\/schema.org\",\"@graph\":[{\"@type\":\"WebPage\",\"@id\":\"https:\/\/feminissima.de\/index.php\/2008\/02\/23\/deutsche-richter-stark-von-medien-beeinflusst-meint\/\",\"url\":\"https:\/\/feminissima.de\/index.php\/2008\/02\/23\/deutsche-richter-stark-von-medien-beeinflusst-meint\/\",\"name\":\"Deutsche Richter stark von Medien beeinflusst - meint: - Feminissima\",\"isPartOf\":{\"@id\":\"https:\/\/feminissima.de\/#website\"},\"datePublished\":\"2008-02-23T19:04:56+00:00\",\"dateModified\":\"2008-02-23T19:04:56+00:00\",\"author\":{\"@id\":\"https:\/\/feminissima.de\/#\/schema\/person\/0b901e053624f88e7ecbea289d9d5128\"},\"breadcrumb\":{\"@id\":\"https:\/\/feminissima.de\/index.php\/2008\/02\/23\/deutsche-richter-stark-von-medien-beeinflusst-meint\/#breadcrumb\"},\"inLanguage\":\"de\",\"potentialAction\":[{\"@type\":\"ReadAction\",\"target\":[\"https:\/\/feminissima.de\/index.php\/2008\/02\/23\/deutsche-richter-stark-von-medien-beeinflusst-meint\/\"]}]},{\"@type\":\"BreadcrumbList\",\"@id\":\"https:\/\/feminissima.de\/index.php\/2008\/02\/23\/deutsche-richter-stark-von-medien-beeinflusst-meint\/#breadcrumb\",\"itemListElement\":[{\"@type\":\"ListItem\",\"position\":1,\"name\":\"Startseite\",\"item\":\"https:\/\/feminissima.de\/\"},{\"@type\":\"ListItem\",\"position\":2,\"name\":\"Deutsche Richter stark von Medien beeinflusst &#8211; meint:\"}]},{\"@type\":\"WebSite\",\"@id\":\"https:\/\/feminissima.de\/#website\",\"url\":\"https:\/\/feminissima.de\/\",\"name\":\"Feminissima\",\"description\":\"\",\"potentialAction\":[{\"@type\":\"SearchAction\",\"target\":{\"@type\":\"EntryPoint\",\"urlTemplate\":\"https:\/\/feminissima.de\/?s={search_term_string}\"},\"query-input\":\"required name=search_term_string\"}],\"inLanguage\":\"de\"},{\"@type\":\"Person\",\"@id\":\"https:\/\/feminissima.de\/#\/schema\/person\/0b901e053624f88e7ecbea289d9d5128\",\"name\":\"admin\",\"image\":{\"@type\":\"ImageObject\",\"inLanguage\":\"de\",\"@id\":\"https:\/\/feminissima.de\/#\/schema\/person\/image\/\",\"url\":\"https:\/\/secure.gravatar.com\/avatar\/8da1f51327453c0bf63338e8e2a791948b7d2ac19b68839492d1e69aac6924a8?s=96&d=mm&r=g\",\"contentUrl\":\"https:\/\/secure.gravatar.com\/avatar\/8da1f51327453c0bf63338e8e2a791948b7d2ac19b68839492d1e69aac6924a8?s=96&d=mm&r=g\",\"caption\":\"admin\"},\"url\":\"https:\/\/feminissima.de\/index.php\/author\/admin\/\"}]}<\/script>\n<!-- \/ Yoast SEO plugin. -->","yoast_head_json":{"title":"Deutsche Richter stark von Medien beeinflusst - meint: - Feminissima","robots":{"index":"index","follow":"follow","max-snippet":"max-snippet:-1","max-image-preview":"max-image-preview:large","max-video-preview":"max-video-preview:-1"},"canonical":"https:\/\/feminissima.de\/index.php\/2008\/02\/23\/deutsche-richter-stark-von-medien-beeinflusst-meint\/","og_locale":"de_DE","og_type":"article","og_title":"Deutsche Richter stark von Medien beeinflusst - meint: - Feminissima","og_description":"Strafverteidiger stellen ein vernichtendes Urteil aus. Ist nicht neu der Text, aus dem Netz. Aber er deckt sich mit ..wenn Ihr bei Google \"deutsche Richter\" eingebt, \u00f6ffnet sich eine Welt, die die deutschen Richter einhellig \"verurteilt.\" Na, denken wir nur an das Sachbuch FURCHTBARE RICHTER....das auch beweist, dass die alten Nazi-Blut-Richter direkt auch nach der NS-Zeit es schafften, unbehelligt wieder in die Jurisprudenz einzuziehen...die Macht der deutschen Beamten..\u00fcbrigens ein sehr empfehlenswertes Buch, wenn Ihr Euren Horizont etwas oder sogar sehr...erweitern m\u00f6chtet, leider liegt das Buch daheim...und die derzeit-Schreibende hockt in einem Internet-Caf\u00e9...","og_url":"https:\/\/feminissima.de\/index.php\/2008\/02\/23\/deutsche-richter-stark-von-medien-beeinflusst-meint\/","og_site_name":"Feminissima","article_published_time":"2008-02-23T19:04:56+00:00","author":"admin","twitter_card":"summary_large_image","twitter_misc":{"Verfasst von":"admin","Gesch\u00e4tzte Lesezeit":"2\u00a0Minuten"},"schema":{"@context":"https:\/\/schema.org","@graph":[{"@type":"WebPage","@id":"https:\/\/feminissima.de\/index.php\/2008\/02\/23\/deutsche-richter-stark-von-medien-beeinflusst-meint\/","url":"https:\/\/feminissima.de\/index.php\/2008\/02\/23\/deutsche-richter-stark-von-medien-beeinflusst-meint\/","name":"Deutsche Richter stark von Medien beeinflusst - meint: - Feminissima","isPartOf":{"@id":"https:\/\/feminissima.de\/#website"},"datePublished":"2008-02-23T19:04:56+00:00","dateModified":"2008-02-23T19:04:56+00:00","author":{"@id":"https:\/\/feminissima.de\/#\/schema\/person\/0b901e053624f88e7ecbea289d9d5128"},"breadcrumb":{"@id":"https:\/\/feminissima.de\/index.php\/2008\/02\/23\/deutsche-richter-stark-von-medien-beeinflusst-meint\/#breadcrumb"},"inLanguage":"de","potentialAction":[{"@type":"ReadAction","target":["https:\/\/feminissima.de\/index.php\/2008\/02\/23\/deutsche-richter-stark-von-medien-beeinflusst-meint\/"]}]},{"@type":"BreadcrumbList","@id":"https:\/\/feminissima.de\/index.php\/2008\/02\/23\/deutsche-richter-stark-von-medien-beeinflusst-meint\/#breadcrumb","itemListElement":[{"@type":"ListItem","position":1,"name":"Startseite","item":"https:\/\/feminissima.de\/"},{"@type":"ListItem","position":2,"name":"Deutsche Richter stark von Medien beeinflusst &#8211; meint:"}]},{"@type":"WebSite","@id":"https:\/\/feminissima.de\/#website","url":"https:\/\/feminissima.de\/","name":"Feminissima","description":"","potentialAction":[{"@type":"SearchAction","target":{"@type":"EntryPoint","urlTemplate":"https:\/\/feminissima.de\/?s={search_term_string}"},"query-input":"required name=search_term_string"}],"inLanguage":"de"},{"@type":"Person","@id":"https:\/\/feminissima.de\/#\/schema\/person\/0b901e053624f88e7ecbea289d9d5128","name":"admin","image":{"@type":"ImageObject","inLanguage":"de","@id":"https:\/\/feminissima.de\/#\/schema\/person\/image\/","url":"https:\/\/secure.gravatar.com\/avatar\/8da1f51327453c0bf63338e8e2a791948b7d2ac19b68839492d1e69aac6924a8?s=96&d=mm&r=g","contentUrl":"https:\/\/secure.gravatar.com\/avatar\/8da1f51327453c0bf63338e8e2a791948b7d2ac19b68839492d1e69aac6924a8?s=96&d=mm&r=g","caption":"admin"},"url":"https:\/\/feminissima.de\/index.php\/author\/admin\/"}]}},"jetpack_featured_media_url":"","_links":{"self":[{"href":"https:\/\/feminissima.de\/index.php\/wp-json\/wp\/v2\/posts\/85078","targetHints":{"allow":["GET"]}}],"collection":[{"href":"https:\/\/feminissima.de\/index.php\/wp-json\/wp\/v2\/posts"}],"about":[{"href":"https:\/\/feminissima.de\/index.php\/wp-json\/wp\/v2\/types\/post"}],"author":[{"embeddable":true,"href":"https:\/\/feminissima.de\/index.php\/wp-json\/wp\/v2\/users\/2"}],"replies":[{"embeddable":true,"href":"https:\/\/feminissima.de\/index.php\/wp-json\/wp\/v2\/comments?post=85078"}],"version-history":[{"count":0,"href":"https:\/\/feminissima.de\/index.php\/wp-json\/wp\/v2\/posts\/85078\/revisions"}],"wp:attachment":[{"href":"https:\/\/feminissima.de\/index.php\/wp-json\/wp\/v2\/media?parent=85078"}],"wp:term":[{"taxonomy":"category","embeddable":true,"href":"https:\/\/feminissima.de\/index.php\/wp-json\/wp\/v2\/categories?post=85078"},{"taxonomy":"post_tag","embeddable":true,"href":"https:\/\/feminissima.de\/index.php\/wp-json\/wp\/v2\/tags?post=85078"}],"curies":[{"name":"wp","href":"https:\/\/api.w.org\/{rel}","templated":true}]}}