{"id":85065,"date":"2008-01-19T00:33:12","date_gmt":"2008-01-19T00:33:12","guid":{"rendered":"http:\/\/www.feminissima.de\/?p=85065"},"modified":"2008-01-19T00:33:12","modified_gmt":"2008-01-19T00:33:12","slug":"weg-krankheit-lasker-schueler-tage-in-charlbg-verschoben","status":"publish","type":"post","link":"https:\/\/feminissima.de\/index.php\/2008\/01\/19\/weg-krankheit-lasker-schueler-tage-in-charlbg-verschoben\/","title":{"rendered":"Weg. Krankheit: Lasker-Sch\u00fcler-Tage in Charlbg verschoben"},"content":{"rendered":"<p>aktualisiert am 21. 1. 2008 &#8211; wie wir gerade in den e-mails erfuhren. Wir berichten wenn die Veranstaltungen nachgeholt werden!<\/p>\n<p>&#8212;&#8212;&#8212;&#8211;<\/p>\n<p>\nmehr sonst auch bei fem&#038;kultur oder fem&#038;b\u00fccher&#8230;der Hinweis auf die Else-Lasker-Sch\u00fcler-Tage der Kultur-Initiative ImWestenWasNeues<\/p>\n<p>ist ohne Gew\u00e4hr.<br \/>ImWestenWasNeues<\/p>\n<p>Else Lasker-Sch\u00fcler-Tage<\/p>\n<p>Else Lasker-Sch\u00fcler, die ja nicht nur nach Meinung von Gottfried Benn (OBGLEICH GENAU ER SIE VERRATEN HAT, Anm. FEMINISSIMA) die beste deutsche Lyrikerin war, hat den Gro\u00dfteil ihres Lebens in Berlin verbracht, 38 Jahre, bis sie im April 1933 Deutschland verlassen hat, ins Schweizer Exil gegangen ist.<\/p>\n<p>Zwar hat es immer wieder in Berlin die eine oder andere Lesung aus ihrem Werk gegeben und ihr Schauspiel &#8222;Die Wupper&#8220; wurde an der Schaub\u00fchne vor langer Zeit gespielt, doch eine wirkliche W\u00fcrdigung ihres Werks und ihres au\u00dfergew\u00f6hnliches Lebens hat es kaum mal gegeben.<\/p>\n<p>Wir wollen nun mit den ersten Else Lasker-Sch\u00fcler Tagen einen Ansto\u00df dazu geben und zwar in unmittelbarer N\u00e4he eines ihrer Berliner Wohnorte in der Wielandstra\u00dfe von Charlottenburg, <\/p>\n<p>n\u00e4mlich am Savignylatz.<\/p>\n<p>Voil\u00e0 das Programm: <\/p>\n<p>25.1.Pr\u00e4sentation des Else Lasker- 18.oo Sch\u00fcler Almanachs durch Hajo Jahn<\/p>\n<p>20.oo &#8222;Mein Herz &#8211; niemandem&#8220;<\/p>\n<p>der Roman<\/p>\n<p>gelesen von Katharina Burowa<\/p>\n<p>26.1.Erika Kl\u00fcsener:&#8220;Aufatmen im Bilde&#8220;<\/p>\n<p>18.oo Zum zeichnerischen Werk der<\/p>\n<p>Else Lasker-Sch\u00fcler<\/p>\n<p>20.oo J\u00f6rg Aufenanger: Franz Kafka und<\/p>\n<p>Else Lasker-Sch\u00fcler<\/p>\n<p>und: Franz Kafka<\/p>\n<p>&#8222;Josephine, die S\u00e4ngerin&#8220;<\/p>\n<p>Erz\u00e4hlung<\/p>\n<p>gelesen von Astrid Gorvin<\/p>\n<p>Galerie 1er \u00c9tage<\/p>\n<p>Savignyplatz 1<\/p>\n<p>Berlin-Charlottenburg<\/p>\n<p>Tel. 31 80 00 20<\/p>\n<p>Zu allen Veranstaltungen<\/p>\n<p>(au\u00dfer Almanach Pr\u00e4sentation)<\/p>\n<p>Kostenbeitrag 4 Euro<\/p>\n<p>f\u00fcr alle drei zusammen: 10 Euro<\/p>\n<p>Anmeldungen unter:<\/p>\n<p>imwestenwasneues@t-online.de <\/p>\n","protected":false},"excerpt":{"rendered":"<p>aktualisiert am 21. 1. 2008 &#8211; wie wir gerade in den e-mails erfuhren. Wir berichten wenn die Veranstaltungen nachgeholt werden!<\/p>\n<p>&#8212;&#8212;&#8212;&#8211;<\/p>\n<p>\nmehr sonst auch bei fem&#038;kultur oder fem&#038;b\u00fccher&#8230;der Hinweis auf die Else-Lasker-Sch\u00fcler-Tage der Kultur-Initiative ImWestenWasNeues<\/p>\n<p>ist ohne Gew\u00e4hr.<\/p>\n","protected":false},"author":2,"featured_media":0,"comment_status":"closed","ping_status":"closed","sticky":false,"template":"","format":"standard","meta":{"footnotes":""},"categories":[26],"tags":[],"class_list":["post-85065","post","type-post","status-publish","format-standard","hentry","category-pinnwand","entry"],"yoast_head":"<!-- This site is optimized with the Yoast SEO plugin v21.0 - https:\/\/yoast.com\/wordpress\/plugins\/seo\/ -->\n<title>Weg. Krankheit: Lasker-Sch\u00fcler-Tage in Charlbg verschoben - Feminissima<\/title>\n<meta name=\"robots\" content=\"index, follow, max-snippet:-1, max-image-preview:large, max-video-preview:-1\" \/>\n<link rel=\"canonical\" href=\"https:\/\/feminissima.de\/index.php\/2008\/01\/19\/weg-krankheit-lasker-schueler-tage-in-charlbg-verschoben\/\" \/>\n<meta property=\"og:locale\" content=\"de_DE\" \/>\n<meta property=\"og:type\" content=\"article\" \/>\n<meta property=\"og:title\" content=\"Weg. Krankheit: Lasker-Sch\u00fcler-Tage in Charlbg verschoben - Feminissima\" \/>\n<meta property=\"og:description\" content=\"aktualisiert am 21. 1. 2008 - wie wir gerade in den e-mails erfuhren. Wir berichten wenn die Veranstaltungen nachgeholt werden! -----------  mehr sonst auch bei fem&amp;kultur oder fem&amp;b\u00fccher...der Hinweis auf die Else-Lasker-Sch\u00fcler-Tage der Kultur-Initiative ImWestenWasNeues ist ohne Gew\u00e4hr.\" \/>\n<meta property=\"og:url\" content=\"https:\/\/feminissima.de\/index.php\/2008\/01\/19\/weg-krankheit-lasker-schueler-tage-in-charlbg-verschoben\/\" \/>\n<meta property=\"og:site_name\" content=\"Feminissima\" \/>\n<meta property=\"article:published_time\" content=\"2008-01-19T00:33:12+00:00\" \/>\n<meta name=\"author\" content=\"admin\" \/>\n<meta name=\"twitter:card\" content=\"summary_large_image\" \/>\n<meta name=\"twitter:label1\" content=\"Verfasst von\" \/>\n\t<meta name=\"twitter:data1\" content=\"admin\" \/>\n\t<meta name=\"twitter:label2\" content=\"Gesch\u00e4tzte Lesezeit\" \/>\n\t<meta name=\"twitter:data2\" content=\"1\u00a0Minute\" \/>\n<script type=\"application\/ld+json\" class=\"yoast-schema-graph\">{\"@context\":\"https:\/\/schema.org\",\"@graph\":[{\"@type\":\"WebPage\",\"@id\":\"https:\/\/feminissima.de\/index.php\/2008\/01\/19\/weg-krankheit-lasker-schueler-tage-in-charlbg-verschoben\/\",\"url\":\"https:\/\/feminissima.de\/index.php\/2008\/01\/19\/weg-krankheit-lasker-schueler-tage-in-charlbg-verschoben\/\",\"name\":\"Weg. Krankheit: Lasker-Sch\u00fcler-Tage in Charlbg verschoben - Feminissima\",\"isPartOf\":{\"@id\":\"https:\/\/feminissima.de\/#website\"},\"datePublished\":\"2008-01-19T00:33:12+00:00\",\"dateModified\":\"2008-01-19T00:33:12+00:00\",\"author\":{\"@id\":\"https:\/\/feminissima.de\/#\/schema\/person\/0b901e053624f88e7ecbea289d9d5128\"},\"breadcrumb\":{\"@id\":\"https:\/\/feminissima.de\/index.php\/2008\/01\/19\/weg-krankheit-lasker-schueler-tage-in-charlbg-verschoben\/#breadcrumb\"},\"inLanguage\":\"de\",\"potentialAction\":[{\"@type\":\"ReadAction\",\"target\":[\"https:\/\/feminissima.de\/index.php\/2008\/01\/19\/weg-krankheit-lasker-schueler-tage-in-charlbg-verschoben\/\"]}]},{\"@type\":\"BreadcrumbList\",\"@id\":\"https:\/\/feminissima.de\/index.php\/2008\/01\/19\/weg-krankheit-lasker-schueler-tage-in-charlbg-verschoben\/#breadcrumb\",\"itemListElement\":[{\"@type\":\"ListItem\",\"position\":1,\"name\":\"Startseite\",\"item\":\"https:\/\/feminissima.de\/\"},{\"@type\":\"ListItem\",\"position\":2,\"name\":\"Weg. Krankheit: Lasker-Sch\u00fcler-Tage in Charlbg verschoben\"}]},{\"@type\":\"WebSite\",\"@id\":\"https:\/\/feminissima.de\/#website\",\"url\":\"https:\/\/feminissima.de\/\",\"name\":\"Feminissima\",\"description\":\"\",\"potentialAction\":[{\"@type\":\"SearchAction\",\"target\":{\"@type\":\"EntryPoint\",\"urlTemplate\":\"https:\/\/feminissima.de\/?s={search_term_string}\"},\"query-input\":\"required name=search_term_string\"}],\"inLanguage\":\"de\"},{\"@type\":\"Person\",\"@id\":\"https:\/\/feminissima.de\/#\/schema\/person\/0b901e053624f88e7ecbea289d9d5128\",\"name\":\"admin\",\"image\":{\"@type\":\"ImageObject\",\"inLanguage\":\"de\",\"@id\":\"https:\/\/feminissima.de\/#\/schema\/person\/image\/\",\"url\":\"https:\/\/secure.gravatar.com\/avatar\/8da1f51327453c0bf63338e8e2a791948b7d2ac19b68839492d1e69aac6924a8?s=96&d=mm&r=g\",\"contentUrl\":\"https:\/\/secure.gravatar.com\/avatar\/8da1f51327453c0bf63338e8e2a791948b7d2ac19b68839492d1e69aac6924a8?s=96&d=mm&r=g\",\"caption\":\"admin\"},\"url\":\"https:\/\/feminissima.de\/index.php\/author\/admin\/\"}]}<\/script>\n<!-- \/ Yoast SEO plugin. -->","yoast_head_json":{"title":"Weg. Krankheit: Lasker-Sch\u00fcler-Tage in Charlbg verschoben - Feminissima","robots":{"index":"index","follow":"follow","max-snippet":"max-snippet:-1","max-image-preview":"max-image-preview:large","max-video-preview":"max-video-preview:-1"},"canonical":"https:\/\/feminissima.de\/index.php\/2008\/01\/19\/weg-krankheit-lasker-schueler-tage-in-charlbg-verschoben\/","og_locale":"de_DE","og_type":"article","og_title":"Weg. Krankheit: Lasker-Sch\u00fcler-Tage in Charlbg verschoben - Feminissima","og_description":"aktualisiert am 21. 1. 2008 - wie wir gerade in den e-mails erfuhren. Wir berichten wenn die Veranstaltungen nachgeholt werden! -----------  mehr sonst auch bei fem&kultur oder fem&b\u00fccher...der Hinweis auf die Else-Lasker-Sch\u00fcler-Tage der Kultur-Initiative ImWestenWasNeues ist ohne Gew\u00e4hr.","og_url":"https:\/\/feminissima.de\/index.php\/2008\/01\/19\/weg-krankheit-lasker-schueler-tage-in-charlbg-verschoben\/","og_site_name":"Feminissima","article_published_time":"2008-01-19T00:33:12+00:00","author":"admin","twitter_card":"summary_large_image","twitter_misc":{"Verfasst von":"admin","Gesch\u00e4tzte Lesezeit":"1\u00a0Minute"},"schema":{"@context":"https:\/\/schema.org","@graph":[{"@type":"WebPage","@id":"https:\/\/feminissima.de\/index.php\/2008\/01\/19\/weg-krankheit-lasker-schueler-tage-in-charlbg-verschoben\/","url":"https:\/\/feminissima.de\/index.php\/2008\/01\/19\/weg-krankheit-lasker-schueler-tage-in-charlbg-verschoben\/","name":"Weg. Krankheit: Lasker-Sch\u00fcler-Tage in Charlbg verschoben - Feminissima","isPartOf":{"@id":"https:\/\/feminissima.de\/#website"},"datePublished":"2008-01-19T00:33:12+00:00","dateModified":"2008-01-19T00:33:12+00:00","author":{"@id":"https:\/\/feminissima.de\/#\/schema\/person\/0b901e053624f88e7ecbea289d9d5128"},"breadcrumb":{"@id":"https:\/\/feminissima.de\/index.php\/2008\/01\/19\/weg-krankheit-lasker-schueler-tage-in-charlbg-verschoben\/#breadcrumb"},"inLanguage":"de","potentialAction":[{"@type":"ReadAction","target":["https:\/\/feminissima.de\/index.php\/2008\/01\/19\/weg-krankheit-lasker-schueler-tage-in-charlbg-verschoben\/"]}]},{"@type":"BreadcrumbList","@id":"https:\/\/feminissima.de\/index.php\/2008\/01\/19\/weg-krankheit-lasker-schueler-tage-in-charlbg-verschoben\/#breadcrumb","itemListElement":[{"@type":"ListItem","position":1,"name":"Startseite","item":"https:\/\/feminissima.de\/"},{"@type":"ListItem","position":2,"name":"Weg. Krankheit: Lasker-Sch\u00fcler-Tage in Charlbg verschoben"}]},{"@type":"WebSite","@id":"https:\/\/feminissima.de\/#website","url":"https:\/\/feminissima.de\/","name":"Feminissima","description":"","potentialAction":[{"@type":"SearchAction","target":{"@type":"EntryPoint","urlTemplate":"https:\/\/feminissima.de\/?s={search_term_string}"},"query-input":"required name=search_term_string"}],"inLanguage":"de"},{"@type":"Person","@id":"https:\/\/feminissima.de\/#\/schema\/person\/0b901e053624f88e7ecbea289d9d5128","name":"admin","image":{"@type":"ImageObject","inLanguage":"de","@id":"https:\/\/feminissima.de\/#\/schema\/person\/image\/","url":"https:\/\/secure.gravatar.com\/avatar\/8da1f51327453c0bf63338e8e2a791948b7d2ac19b68839492d1e69aac6924a8?s=96&d=mm&r=g","contentUrl":"https:\/\/secure.gravatar.com\/avatar\/8da1f51327453c0bf63338e8e2a791948b7d2ac19b68839492d1e69aac6924a8?s=96&d=mm&r=g","caption":"admin"},"url":"https:\/\/feminissima.de\/index.php\/author\/admin\/"}]}},"jetpack_featured_media_url":"","_links":{"self":[{"href":"https:\/\/feminissima.de\/index.php\/wp-json\/wp\/v2\/posts\/85065","targetHints":{"allow":["GET"]}}],"collection":[{"href":"https:\/\/feminissima.de\/index.php\/wp-json\/wp\/v2\/posts"}],"about":[{"href":"https:\/\/feminissima.de\/index.php\/wp-json\/wp\/v2\/types\/post"}],"author":[{"embeddable":true,"href":"https:\/\/feminissima.de\/index.php\/wp-json\/wp\/v2\/users\/2"}],"replies":[{"embeddable":true,"href":"https:\/\/feminissima.de\/index.php\/wp-json\/wp\/v2\/comments?post=85065"}],"version-history":[{"count":0,"href":"https:\/\/feminissima.de\/index.php\/wp-json\/wp\/v2\/posts\/85065\/revisions"}],"wp:attachment":[{"href":"https:\/\/feminissima.de\/index.php\/wp-json\/wp\/v2\/media?parent=85065"}],"wp:term":[{"taxonomy":"category","embeddable":true,"href":"https:\/\/feminissima.de\/index.php\/wp-json\/wp\/v2\/categories?post=85065"},{"taxonomy":"post_tag","embeddable":true,"href":"https:\/\/feminissima.de\/index.php\/wp-json\/wp\/v2\/tags?post=85065"}],"curies":[{"name":"wp","href":"https:\/\/api.w.org\/{rel}","templated":true}]}}