{"id":85063,"date":"2007-12-26T18:37:00","date_gmt":"2007-12-26T18:37:00","guid":{"rendered":"http:\/\/www.feminissima.de\/?p=85063"},"modified":"2007-12-26T18:37:00","modified_gmt":"2007-12-26T18:37:00","slug":"vom-18-12-umzugs-blues","status":"publish","type":"post","link":"https:\/\/feminissima.de\/index.php\/2007\/12\/26\/vom-18-12-umzugs-blues\/","title":{"rendered":"vom 18.12. \/Umzugs-Blues.."},"content":{"rendered":"<p>&#8230;aber es geht auch um ..ja, bitte lest doch zeitlos..gerne selbst..:<br \/>18-12&#8211;..herzlich willkommen..<br \/>mitten aus der Umzugskiste..<\/p>\n<p>\n879950.<br \/>heute: 262, <br \/>inmitten endlos kichernder, chattender very-Jung-T\u00fcrkisch-Russinnen..oder..mit und ohne..<br \/>Kopftuch, ich schw\u00f6re&#8230;!<br \/>Die die Liebesschw\u00fcre aus dem Internet prustend vorlesen..<br \/>Die WebCams anwerfen und sich wegwerfen&#8230;vor Lachen&#8230;<br \/>und in die Tastatur h\u00e4mmernd,<br \/>schier zusammenbrechend vor Vergn\u00fcgen&#8230;<\/p>\n<p><\/p>\n<table width=\"100%\">\n<tr>\n<td style=\"background-image=url('images\/monet-heller.jpg')\"><font size=\"+1\"><\/p>\n<p>14 Uhr 23 in Berlin.<br \/>Farblos im Internet-Caf\u00e9..Wilmersdorf,<br \/>na, momenti-dementi!<\/p>\n<p>Seitdem die Berliner aufgewacht sind,<br \/>wurden innerhalb einer einzigen Woche<br \/>weit \u00fcber 100, <br \/>nein, beinahe 200 Kinder <br \/>aus ihrer &#8222;h\u00e4uslichen H\u00f6lle&#8220; befreit,<br \/>wie ein Boulevard-Blatt schrieb.<br \/>Und \u00fcber 1.000 Anrufe beim Kinder-Not-Telefon, das ..in diesem Jahr&#8230;<br \/>och, wie aktuell!<br \/>eingerichtet worden ist..<\/p>\n<p>Jetzt soll es den Notstands-Kindergipfel geben.<br \/>Von Angela Merkel geleitet.<br \/>Ob das was bringt?<\/p>\n<p>mal saven,<br \/>\u00e4u\u00dferst elegant, <br \/>wirklich, <br \/>im aktuellen SPIEGEL:<\/p>\n<p>Dort lernst du, essayistisch \u00fcber die \u00c4sthetik der Kindst\u00f6tung durch die Mutter zu parlieren.<br \/>Der Interviewer offenbart seine ungeheure Bildung in Sachen Kindermord durch die Mutter,<br \/>von der Antike an aufw\u00e4rts \u00fcber Goethe und Gesche und <br \/>nicht zu vergessen die Goebbels.<\/p>\n<p>Sehr feinsinnig antwortet jeweils die &#8230;<br \/>Literaturwissenschaftlerin..?<br \/>Anthropologin&#8230;?<\/p>\n<p>Und beide, SPIEGEL-Interviewer als auch feingeistige Interviewte<br \/>kommen \u00fcberein:<br \/>Wie allein die M\u00fctter sich gef\u00fchlt haben m\u00fcssen, mal saven.<\/p>\n<p>Da w\u00fcrde, da werde auch HINSEHEN nichts \u00e4ndern.<\/p>\n<p>\u00dcber die &#8218;Verh\u00e4ltnisse&#8216;?<br \/>Nein, je vous en prie!<br \/>Die Verh\u00e4ltnisse, <br \/>die bleiben au\u00dfen vor.<br \/>Die Verh\u00e4ltnisse,<br \/>nein, die interessieren nicht,<br \/>nur das Verh\u00e4ltnis.<\/p>\n<p>Verh\u00e4ltnisse spielen unter Sch\u00f6ngeistigen<br \/> doch wirklich keine Rolle.<br \/>Nur das Verh\u00e4ltnis an sich.<\/p>\n<p>Das w\u00e4re auch un\u00e4sthetisch.<br \/>Armut etwa, in diesen erlauchten oder aus diesen erlauchten M\u00fcndern.<br \/>Armut.<br \/>Was ist das?<br \/>Die Zerm\u00fcrbung.<br \/>Was ist das.<br \/>Und wenn, dann nur unter philosophischen und neu- oder alt-phylosophy&#8230;filosofisch, darf jetzt ja auch mit f geschrieben, auf jeden Fall, <br \/>nein, ja, doch.<\/p>\n<p>Ja, ja, ein echter Fall f\u00fcr das filosofische Quartett.<br \/>Nein, Panzers N\u00e4chte!<br \/>Genau.<br \/>War diese oder jene Kindst\u00f6tung ..<br \/>&#8230;wie w\u00e4re sie..wo w\u00e4re sie..zu subsummmm&#8230;..subsi&#8230;sub&#8230;<br \/>in welche Kategorie einzuordnen?<br \/>Gottgleich?<br \/>Simple Rache?<br \/>Gr\u00f6\u00dfenwahn also oder niedre Triebe&#8230;?<\/p>\n<p>Gar nicht gewu\u00dft, <br \/>dass, ja auch das gelernt, <br \/>&#8222;Mutterliebe ein Konstrukt der Neuzeit ist &#8220; &#8211; <br \/>Rousseau geschuldet,<br \/> der kinderreiche und voll verarmte Schlawiner, der!<\/p>\n<p>Nun gut.<\/p>\n<p>\n<\/tr>\n<\/table>\n","protected":false},"excerpt":{"rendered":"<p>&#8230;aber es geht auch um ..ja, bitte lest doch zeitlos..gerne selbst..:<\/p>\n","protected":false},"author":2,"featured_media":0,"comment_status":"closed","ping_status":"closed","sticky":false,"template":"","format":"standard","meta":{"footnotes":""},"categories":[20],"tags":[],"class_list":["post-85063","post","type-post","status-publish","format-standard","hentry","category-impressionen","entry"],"yoast_head":"<!-- This site is optimized with the Yoast SEO plugin v21.0 - https:\/\/yoast.com\/wordpress\/plugins\/seo\/ -->\n<title>vom 18.12. \/Umzugs-Blues.. - Feminissima<\/title>\n<meta name=\"robots\" content=\"index, follow, max-snippet:-1, max-image-preview:large, max-video-preview:-1\" \/>\n<link rel=\"canonical\" href=\"https:\/\/feminissima.de\/index.php\/2007\/12\/26\/vom-18-12-umzugs-blues\/\" \/>\n<meta property=\"og:locale\" content=\"de_DE\" \/>\n<meta property=\"og:type\" content=\"article\" \/>\n<meta property=\"og:title\" content=\"vom 18.12. \/Umzugs-Blues.. - Feminissima\" \/>\n<meta property=\"og:description\" content=\"...aber es geht auch um ..ja, bitte lest doch zeitlos..gerne selbst..:\" \/>\n<meta property=\"og:url\" content=\"https:\/\/feminissima.de\/index.php\/2007\/12\/26\/vom-18-12-umzugs-blues\/\" \/>\n<meta property=\"og:site_name\" content=\"Feminissima\" \/>\n<meta property=\"article:published_time\" content=\"2007-12-26T18:37:00+00:00\" \/>\n<meta name=\"author\" content=\"admin\" \/>\n<meta name=\"twitter:card\" content=\"summary_large_image\" \/>\n<meta name=\"twitter:label1\" content=\"Verfasst von\" \/>\n\t<meta name=\"twitter:data1\" content=\"admin\" \/>\n\t<meta name=\"twitter:label2\" content=\"Gesch\u00e4tzte Lesezeit\" \/>\n\t<meta name=\"twitter:data2\" content=\"2\u00a0Minuten\" \/>\n<script type=\"application\/ld+json\" class=\"yoast-schema-graph\">{\"@context\":\"https:\/\/schema.org\",\"@graph\":[{\"@type\":\"WebPage\",\"@id\":\"https:\/\/feminissima.de\/index.php\/2007\/12\/26\/vom-18-12-umzugs-blues\/\",\"url\":\"https:\/\/feminissima.de\/index.php\/2007\/12\/26\/vom-18-12-umzugs-blues\/\",\"name\":\"vom 18.12. \/Umzugs-Blues.. - Feminissima\",\"isPartOf\":{\"@id\":\"https:\/\/feminissima.de\/#website\"},\"datePublished\":\"2007-12-26T18:37:00+00:00\",\"dateModified\":\"2007-12-26T18:37:00+00:00\",\"author\":{\"@id\":\"https:\/\/feminissima.de\/#\/schema\/person\/0b901e053624f88e7ecbea289d9d5128\"},\"breadcrumb\":{\"@id\":\"https:\/\/feminissima.de\/index.php\/2007\/12\/26\/vom-18-12-umzugs-blues\/#breadcrumb\"},\"inLanguage\":\"de\",\"potentialAction\":[{\"@type\":\"ReadAction\",\"target\":[\"https:\/\/feminissima.de\/index.php\/2007\/12\/26\/vom-18-12-umzugs-blues\/\"]}]},{\"@type\":\"BreadcrumbList\",\"@id\":\"https:\/\/feminissima.de\/index.php\/2007\/12\/26\/vom-18-12-umzugs-blues\/#breadcrumb\",\"itemListElement\":[{\"@type\":\"ListItem\",\"position\":1,\"name\":\"Startseite\",\"item\":\"https:\/\/feminissima.de\/\"},{\"@type\":\"ListItem\",\"position\":2,\"name\":\"vom 18.12. \/Umzugs-Blues..\"}]},{\"@type\":\"WebSite\",\"@id\":\"https:\/\/feminissima.de\/#website\",\"url\":\"https:\/\/feminissima.de\/\",\"name\":\"Feminissima\",\"description\":\"\",\"potentialAction\":[{\"@type\":\"SearchAction\",\"target\":{\"@type\":\"EntryPoint\",\"urlTemplate\":\"https:\/\/feminissima.de\/?s={search_term_string}\"},\"query-input\":\"required name=search_term_string\"}],\"inLanguage\":\"de\"},{\"@type\":\"Person\",\"@id\":\"https:\/\/feminissima.de\/#\/schema\/person\/0b901e053624f88e7ecbea289d9d5128\",\"name\":\"admin\",\"image\":{\"@type\":\"ImageObject\",\"inLanguage\":\"de\",\"@id\":\"https:\/\/feminissima.de\/#\/schema\/person\/image\/\",\"url\":\"https:\/\/secure.gravatar.com\/avatar\/8da1f51327453c0bf63338e8e2a791948b7d2ac19b68839492d1e69aac6924a8?s=96&d=mm&r=g\",\"contentUrl\":\"https:\/\/secure.gravatar.com\/avatar\/8da1f51327453c0bf63338e8e2a791948b7d2ac19b68839492d1e69aac6924a8?s=96&d=mm&r=g\",\"caption\":\"admin\"},\"url\":\"https:\/\/feminissima.de\/index.php\/author\/admin\/\"}]}<\/script>\n<!-- \/ Yoast SEO plugin. -->","yoast_head_json":{"title":"vom 18.12. \/Umzugs-Blues.. - Feminissima","robots":{"index":"index","follow":"follow","max-snippet":"max-snippet:-1","max-image-preview":"max-image-preview:large","max-video-preview":"max-video-preview:-1"},"canonical":"https:\/\/feminissima.de\/index.php\/2007\/12\/26\/vom-18-12-umzugs-blues\/","og_locale":"de_DE","og_type":"article","og_title":"vom 18.12. \/Umzugs-Blues.. - Feminissima","og_description":"...aber es geht auch um ..ja, bitte lest doch zeitlos..gerne selbst..:","og_url":"https:\/\/feminissima.de\/index.php\/2007\/12\/26\/vom-18-12-umzugs-blues\/","og_site_name":"Feminissima","article_published_time":"2007-12-26T18:37:00+00:00","author":"admin","twitter_card":"summary_large_image","twitter_misc":{"Verfasst von":"admin","Gesch\u00e4tzte Lesezeit":"2\u00a0Minuten"},"schema":{"@context":"https:\/\/schema.org","@graph":[{"@type":"WebPage","@id":"https:\/\/feminissima.de\/index.php\/2007\/12\/26\/vom-18-12-umzugs-blues\/","url":"https:\/\/feminissima.de\/index.php\/2007\/12\/26\/vom-18-12-umzugs-blues\/","name":"vom 18.12. \/Umzugs-Blues.. - Feminissima","isPartOf":{"@id":"https:\/\/feminissima.de\/#website"},"datePublished":"2007-12-26T18:37:00+00:00","dateModified":"2007-12-26T18:37:00+00:00","author":{"@id":"https:\/\/feminissima.de\/#\/schema\/person\/0b901e053624f88e7ecbea289d9d5128"},"breadcrumb":{"@id":"https:\/\/feminissima.de\/index.php\/2007\/12\/26\/vom-18-12-umzugs-blues\/#breadcrumb"},"inLanguage":"de","potentialAction":[{"@type":"ReadAction","target":["https:\/\/feminissima.de\/index.php\/2007\/12\/26\/vom-18-12-umzugs-blues\/"]}]},{"@type":"BreadcrumbList","@id":"https:\/\/feminissima.de\/index.php\/2007\/12\/26\/vom-18-12-umzugs-blues\/#breadcrumb","itemListElement":[{"@type":"ListItem","position":1,"name":"Startseite","item":"https:\/\/feminissima.de\/"},{"@type":"ListItem","position":2,"name":"vom 18.12. \/Umzugs-Blues.."}]},{"@type":"WebSite","@id":"https:\/\/feminissima.de\/#website","url":"https:\/\/feminissima.de\/","name":"Feminissima","description":"","potentialAction":[{"@type":"SearchAction","target":{"@type":"EntryPoint","urlTemplate":"https:\/\/feminissima.de\/?s={search_term_string}"},"query-input":"required name=search_term_string"}],"inLanguage":"de"},{"@type":"Person","@id":"https:\/\/feminissima.de\/#\/schema\/person\/0b901e053624f88e7ecbea289d9d5128","name":"admin","image":{"@type":"ImageObject","inLanguage":"de","@id":"https:\/\/feminissima.de\/#\/schema\/person\/image\/","url":"https:\/\/secure.gravatar.com\/avatar\/8da1f51327453c0bf63338e8e2a791948b7d2ac19b68839492d1e69aac6924a8?s=96&d=mm&r=g","contentUrl":"https:\/\/secure.gravatar.com\/avatar\/8da1f51327453c0bf63338e8e2a791948b7d2ac19b68839492d1e69aac6924a8?s=96&d=mm&r=g","caption":"admin"},"url":"https:\/\/feminissima.de\/index.php\/author\/admin\/"}]}},"jetpack_featured_media_url":"","_links":{"self":[{"href":"https:\/\/feminissima.de\/index.php\/wp-json\/wp\/v2\/posts\/85063","targetHints":{"allow":["GET"]}}],"collection":[{"href":"https:\/\/feminissima.de\/index.php\/wp-json\/wp\/v2\/posts"}],"about":[{"href":"https:\/\/feminissima.de\/index.php\/wp-json\/wp\/v2\/types\/post"}],"author":[{"embeddable":true,"href":"https:\/\/feminissima.de\/index.php\/wp-json\/wp\/v2\/users\/2"}],"replies":[{"embeddable":true,"href":"https:\/\/feminissima.de\/index.php\/wp-json\/wp\/v2\/comments?post=85063"}],"version-history":[{"count":0,"href":"https:\/\/feminissima.de\/index.php\/wp-json\/wp\/v2\/posts\/85063\/revisions"}],"wp:attachment":[{"href":"https:\/\/feminissima.de\/index.php\/wp-json\/wp\/v2\/media?parent=85063"}],"wp:term":[{"taxonomy":"category","embeddable":true,"href":"https:\/\/feminissima.de\/index.php\/wp-json\/wp\/v2\/categories?post=85063"},{"taxonomy":"post_tag","embeddable":true,"href":"https:\/\/feminissima.de\/index.php\/wp-json\/wp\/v2\/tags?post=85063"}],"curies":[{"name":"wp","href":"https:\/\/api.w.org\/{rel}","templated":true}]}}