{"id":85061,"date":"2007-12-26T18:06:37","date_gmt":"2007-12-26T18:06:37","guid":{"rendered":"http:\/\/www.feminissima.de\/?p=85061"},"modified":"2007-12-26T18:06:37","modified_gmt":"2007-12-26T18:06:37","slug":"closed-biblios-in-berlin-v-22-12-07","status":"publish","type":"post","link":"https:\/\/feminissima.de\/index.php\/2007\/12\/26\/closed-biblios-in-berlin-v-22-12-07\/","title":{"rendered":"Closed..Biblios in Berlin\/ v. 22.12. 07"},"content":{"rendered":"<p>der ex-live-Text&#8230;as time goes so quickly by&#8230;unglaublich..<br \/>22.12. live..So, jetzt aber, die Sachen raffen!<br \/>Fragte doch eben ein t\u00fcrkischer Mitb\u00fcrger im Internet-Caf\u00e9:<br \/>&#8222;Gehst du denn nicht schlafen?&#8220;<br \/>Der lebt noch hinterm Mond, was..?<br \/>Und das hei\u00dft nicht &#8222;du&#8220; , <br \/>das hei\u00dft &#8222;Sie&#8220;.<\/p>\n<p>&#8230;.hey, ran an die Stipendien, <br \/>liebste K\u00fcnstlerInnen&#8230;<br \/>frisch in der PINNWAND..!<\/p>\n<p>last page view:889706.<br \/>Willkommen!<\/p>\n<p>Inzwischen 23 Uhr 45..hi! MEZ.<\/p>\n<p>gestern: 1961<br \/>heute: 5.870.<\/p>\n<p>our best day all war der 8. 12. mit \u00fcber 10.000 G\u00e4sten an einem Tag..whow..<br \/>da bogen sich die Dielen der Lese-Lounges&#8230;angenehm ber\u00fchrt..<\/p>\n<table width=\"100%\">\n<tr>\n<td style=\"background-image=url('images\/monet-heller.jpg')\"><font size=\"+1\"><\/p>\n<p>&#8230;.ja, sch\u00f6ne Weihnachtsgr\u00fcsse an die &#8222;ALLES-MUSS-RAUS!&#8220; &#8211; KULTURKILLER VON BERLIN!<\/p>\n<p>Gebt doch Eure Mandate zur\u00fcck ! <br \/>gleich mehr &#8211; es ist 21 Uhr 44 in Berlin-Ost.<br \/>Google hat ganz solidarisch, <br \/>leider im Admin-Bereich,<br \/>den Ihr nicht sehen k\u00f6nnt, <br \/>eine www. Musikbibliothek.de Anzeige hingesetzt.<br \/>Ey, das ist ja noch ein vorsintflutlicher Computer hier, <br \/>na, unter uns, daf\u00fcr nur 60 Cent die Stunde.<br \/>Iss so einer von den sonst ungenutzten Nebenr\u00e4umen von einer Kaschemme.<br \/>Ei, warum denn-auch-net.<br \/>Wenn feminissima die Ummeldung noch nicht gebacken bekommen hat.<br \/>Weil ein Bein noch in Charlottenburg, aber t\u00e4glich wenigr.<\/p>\n<p>Ja, Chrissy und die anderen heulten auf vor Wut und Trauer.<\/p>\n<p>Von wegen Demokratie.<\/p>\n<p>Nee, oder?<\/p>\n<p>Bei uns jedenfalls nicht.<\/p>\n<p>Und wenn diese Leute etwas &#8222;in sich h\u00e4tten&#8220;, <br \/>wie mir Hesse sagen-tun, <br \/>dann w\u00fcrdense den Lappen hinschmeissen.<\/p>\n<p>Des Parteibuch, des.<br \/>Aber des sinn halt alles H\u00f6flinge, <br \/>L\u00fcgner, Schleimer, <br \/>die LINKE wieder voran,<br \/> wir kennen das doch so in-und-kotz-w\u00fcrg.<br \/>Alles nur Opportunisten. <br \/>Sonst nix.<\/p>\n<p>Da sagt dieser Dr. Nelken ..(darauf reimt sich &#8222;welken&#8220;), <br \/>in einer Radio-Kultur-Sendung vom rbb, <br \/>unl\u00e4ngst, <br \/>als zuvor die sowieso l\u00e4ngst beschlossene Schlie\u00dfung der<br \/> Kinder-Jugend-Erwachsenen-&#038;-Musikbibliothek im Eliashof,<br \/>pseudo-demokratisch-scheinheilig <br \/>durch ein Gro\u00df-Palaver im Bezirkshaus..<br \/>scheinbar der Chose ein Anstrich von<br \/> Schein-Demokratie verliehen werden sollte, <br \/>da sacht-der-Bursch,<br \/> wie mir Hesse des so mundartlich von Herze kommend ausdr\u00fccke tun:<\/p>\n<p>&#8220; Er sei f\u00fcr den Erhalt!&#8220;<br \/>(Sinngem\u00e4\u00df).<br \/>Treuherzig.<br \/>&#8222;Would I lie to ya, Baby&#8230;!?&#8220;<br \/>Ja, klar. <br \/>Worte k\u00f6nne sich halt net wehren, nicht wahr. <br \/>Und sofort die Einschr\u00e4nkung..<br \/>man k\u00f6nne halt nicht..<\/p>\n<p>EI WIESO DENN NET??????<\/p>\n<p>Einen DANK \u00fcbrigens an die BERLINER ZEITUNG!!<\/p>\n<p>Sie widmet heute eine ganze Seite dem Berliner-Abschlie\u00dfen.<br \/>Da ist ja auch noch die JERUSALEM-Bibliothek im Wedding dran. <\/p>\n<p>Mit dem Artikel:<\/p>\n<p>&#8222;AUSGELESEN&#8220;<br \/>Letzter Tag:<br \/>Die Bibliothek im Eliashof wird geschlossen.<\/p>\n<p>hat die Autorin ANJA SCHLENDER <br \/>der Bibliothek und all jenen,<br \/>die sich..na egal, <br \/>ein Kleinod-Denkmal gesetzt.<\/p>\n<p>Ach, schnief, verdammt!!<\/p>\n<p>Wir schlagen vor, das dauer-blonde-gierige-Blondchen aus dem Irrgarten des ZDF,<br \/> nein Sonntagsgarten, oder wie das Schunkel-Volksverdummungs-Zeug hei\u00dft, <br \/>des die sonntags, <br \/>um dem Schwachsinn einen Namen zu geben,<br \/>eine Tussi, wo du dich immer gefragt hast, <br \/>wen bedient die nachts, <br \/>dass die am Tach uff de Bildschirm derf?<br \/>Der Inbegriff der Dummheit, <br \/>auch noch uff dem Schaukelboot von deme wie hei\u00dft der Sender&#8230;MDR oder so&#8230;<br \/>ja, so dumm, daf\u00fcr immer kichernd, <br \/>das iss-ja das Spannende an der Dummheit:<\/p>\n<p>Die Leut, die von dieser unheilbaren Krankheit befallen sind, <br \/>glaube, <br \/>sie glaube des-ganz-fest,<br \/>sie sinn die Schlaumeier, die Schlau-esten.. von allen.<\/p>\n<p>Soll die doch ihr Werbe-Geld hergeben, <br \/>und damit Stellen f\u00fcr die Rettung der Bibliotheken finanzieren&#8230;<\/p>\n<p>Sie sollte es eigentlich nicht behalten d\u00fcrfen. <br \/>Ja, jetzt kann sie sich d\u00fcnne-machen. <br \/>Die Flach-Moderatorinnen <br \/>(nicht zu verwechseln mit den moderierenden Journalistinnen der POLITIK-Sendungen!)<br \/> der \u00f6ffentlich-rechtlichen Bildschirme&#8230;.ja-ja&#8230;<br \/>sie fangen an, <br \/>es den M\u00e4nnern nachzumachen.<\/p>\n<p>Geldgeil as can be.<br \/>Bis die Jobs verloren gehen.<br \/>Eigentlich h\u00e4tte auch Kerner schon l\u00e4ngst geflogen sein m\u00fcssen&#8230;<\/p>\n<p>Ja, bis bald&#8230;!<br \/>kommt noch gut durch die Nacht.<\/p>\n<p>P.S. wie wir k\u00fcrzlich ja &#8230;und not for the first time, feststellten:<\/p>\n<p>Bildung st\u00f6rt blo\u00df, <br \/>bei einer herk\u00f6mmlichen Bildschirmkarrriere&#8230;<\/p>\n<p>Hing irgendwie zusammen mit einem ..<br \/>Quiz-Abend mit Pilawa, NDR, <br \/>die sind alle gleich-seicht, <br \/>aber trotzdem sollte das Nachhaken nicht vergessen werden.<\/p>\n<p>Beate Klarsfeld war Gegenstand einer Quizfrage &#8230;<br \/>beim g\u00e4hn-Promi-Quiz f\u00fcr den guten Zweck, nicht wahr, <br \/>und da wu\u00dfte der scheidende ARD-Vorsitzende Struve, <br \/>dass Beate Klarsfeld den ehemaligen Bundeskanzler Kiesinger, CDU, geohrfeigt hatte.<\/p>\n<p>Und dann der SKANDAL, <br \/>der nat\u00fcrlich in dieser Runde von Gleichgesinnten noch sogar mit Gel\u00e4chter&#8230;bedacht&#8230;<br \/>Struve sagte noch etwas Abf\u00e4lliges, <br \/>trat nach, statt kommentarlos, wenn schon, zu bleiben &#8211; <br \/>sie habe agitieren wollen. <br \/>Er hat den wahren Sachverhalt, Kiesinger war ein Nazi, fr\u00fcher, Beate Klarsfeld J\u00fcdin, jetzt mal ganz verk\u00fcrzt..<br \/>nein, es war &#8230;&#8230;unfassbar.<br \/>Die Hohe Zeit der DummDreistHeit.<br \/>Sie haben jedwede Moral verloren.<\/p>\n<p>So, jetzt aber Zeit zu gehen.<br \/>Heute Abend Bettina Wegner verpasst.<br \/>Aber morgen hoffentlich noch ne Karte zu kriegen.<br \/>Die gro\u00dfe politische Liedermacherin, <br \/>fr\u00fcher &#8222;aus der DDR&#8220;.<\/p>\n","protected":false},"excerpt":{"rendered":"<p>der ex-live-Text&#8230;as time goes so quickly by&#8230;unglaublich..<\/p>\n","protected":false},"author":2,"featured_media":0,"comment_status":"closed","ping_status":"closed","sticky":false,"template":"","format":"standard","meta":{"footnotes":""},"categories":[11],"tags":[],"class_list":["post-85061","post","type-post","status-publish","format-standard","hentry","category-femkultur","entry"],"yoast_head":"<!-- This site is optimized with the Yoast SEO plugin v21.0 - https:\/\/yoast.com\/wordpress\/plugins\/seo\/ -->\n<title>Closed..Biblios in Berlin\/ v. 22.12. 07 - Feminissima<\/title>\n<meta name=\"robots\" content=\"index, follow, max-snippet:-1, max-image-preview:large, max-video-preview:-1\" \/>\n<link rel=\"canonical\" href=\"https:\/\/feminissima.de\/index.php\/2007\/12\/26\/closed-biblios-in-berlin-v-22-12-07\/\" \/>\n<meta property=\"og:locale\" content=\"de_DE\" \/>\n<meta property=\"og:type\" content=\"article\" \/>\n<meta property=\"og:title\" content=\"Closed..Biblios in Berlin\/ v. 22.12. 07 - Feminissima\" \/>\n<meta property=\"og:description\" content=\"der ex-live-Text...as time goes so quickly by...unglaublich..\" \/>\n<meta property=\"og:url\" content=\"https:\/\/feminissima.de\/index.php\/2007\/12\/26\/closed-biblios-in-berlin-v-22-12-07\/\" \/>\n<meta property=\"og:site_name\" content=\"Feminissima\" \/>\n<meta property=\"article:published_time\" content=\"2007-12-26T18:06:37+00:00\" \/>\n<meta name=\"author\" content=\"admin\" \/>\n<meta name=\"twitter:card\" content=\"summary_large_image\" \/>\n<meta name=\"twitter:label1\" content=\"Verfasst von\" \/>\n\t<meta name=\"twitter:data1\" content=\"admin\" \/>\n\t<meta name=\"twitter:label2\" content=\"Gesch\u00e4tzte Lesezeit\" \/>\n\t<meta name=\"twitter:data2\" content=\"4\u00a0Minuten\" \/>\n<script type=\"application\/ld+json\" class=\"yoast-schema-graph\">{\"@context\":\"https:\/\/schema.org\",\"@graph\":[{\"@type\":\"WebPage\",\"@id\":\"https:\/\/feminissima.de\/index.php\/2007\/12\/26\/closed-biblios-in-berlin-v-22-12-07\/\",\"url\":\"https:\/\/feminissima.de\/index.php\/2007\/12\/26\/closed-biblios-in-berlin-v-22-12-07\/\",\"name\":\"Closed..Biblios in Berlin\/ v. 22.12. 07 - Feminissima\",\"isPartOf\":{\"@id\":\"https:\/\/feminissima.de\/#website\"},\"datePublished\":\"2007-12-26T18:06:37+00:00\",\"dateModified\":\"2007-12-26T18:06:37+00:00\",\"author\":{\"@id\":\"https:\/\/feminissima.de\/#\/schema\/person\/0b901e053624f88e7ecbea289d9d5128\"},\"breadcrumb\":{\"@id\":\"https:\/\/feminissima.de\/index.php\/2007\/12\/26\/closed-biblios-in-berlin-v-22-12-07\/#breadcrumb\"},\"inLanguage\":\"de\",\"potentialAction\":[{\"@type\":\"ReadAction\",\"target\":[\"https:\/\/feminissima.de\/index.php\/2007\/12\/26\/closed-biblios-in-berlin-v-22-12-07\/\"]}]},{\"@type\":\"BreadcrumbList\",\"@id\":\"https:\/\/feminissima.de\/index.php\/2007\/12\/26\/closed-biblios-in-berlin-v-22-12-07\/#breadcrumb\",\"itemListElement\":[{\"@type\":\"ListItem\",\"position\":1,\"name\":\"Startseite\",\"item\":\"https:\/\/feminissima.de\/\"},{\"@type\":\"ListItem\",\"position\":2,\"name\":\"Closed..Biblios in Berlin\/ v. 22.12. 07\"}]},{\"@type\":\"WebSite\",\"@id\":\"https:\/\/feminissima.de\/#website\",\"url\":\"https:\/\/feminissima.de\/\",\"name\":\"Feminissima\",\"description\":\"\",\"potentialAction\":[{\"@type\":\"SearchAction\",\"target\":{\"@type\":\"EntryPoint\",\"urlTemplate\":\"https:\/\/feminissima.de\/?s={search_term_string}\"},\"query-input\":\"required name=search_term_string\"}],\"inLanguage\":\"de\"},{\"@type\":\"Person\",\"@id\":\"https:\/\/feminissima.de\/#\/schema\/person\/0b901e053624f88e7ecbea289d9d5128\",\"name\":\"admin\",\"image\":{\"@type\":\"ImageObject\",\"inLanguage\":\"de\",\"@id\":\"https:\/\/feminissima.de\/#\/schema\/person\/image\/\",\"url\":\"https:\/\/secure.gravatar.com\/avatar\/8da1f51327453c0bf63338e8e2a791948b7d2ac19b68839492d1e69aac6924a8?s=96&d=mm&r=g\",\"contentUrl\":\"https:\/\/secure.gravatar.com\/avatar\/8da1f51327453c0bf63338e8e2a791948b7d2ac19b68839492d1e69aac6924a8?s=96&d=mm&r=g\",\"caption\":\"admin\"},\"url\":\"https:\/\/feminissima.de\/index.php\/author\/admin\/\"}]}<\/script>\n<!-- \/ Yoast SEO plugin. -->","yoast_head_json":{"title":"Closed..Biblios in Berlin\/ v. 22.12. 07 - Feminissima","robots":{"index":"index","follow":"follow","max-snippet":"max-snippet:-1","max-image-preview":"max-image-preview:large","max-video-preview":"max-video-preview:-1"},"canonical":"https:\/\/feminissima.de\/index.php\/2007\/12\/26\/closed-biblios-in-berlin-v-22-12-07\/","og_locale":"de_DE","og_type":"article","og_title":"Closed..Biblios in Berlin\/ v. 22.12. 07 - Feminissima","og_description":"der ex-live-Text...as time goes so quickly by...unglaublich..","og_url":"https:\/\/feminissima.de\/index.php\/2007\/12\/26\/closed-biblios-in-berlin-v-22-12-07\/","og_site_name":"Feminissima","article_published_time":"2007-12-26T18:06:37+00:00","author":"admin","twitter_card":"summary_large_image","twitter_misc":{"Verfasst von":"admin","Gesch\u00e4tzte Lesezeit":"4\u00a0Minuten"},"schema":{"@context":"https:\/\/schema.org","@graph":[{"@type":"WebPage","@id":"https:\/\/feminissima.de\/index.php\/2007\/12\/26\/closed-biblios-in-berlin-v-22-12-07\/","url":"https:\/\/feminissima.de\/index.php\/2007\/12\/26\/closed-biblios-in-berlin-v-22-12-07\/","name":"Closed..Biblios in Berlin\/ v. 22.12. 07 - Feminissima","isPartOf":{"@id":"https:\/\/feminissima.de\/#website"},"datePublished":"2007-12-26T18:06:37+00:00","dateModified":"2007-12-26T18:06:37+00:00","author":{"@id":"https:\/\/feminissima.de\/#\/schema\/person\/0b901e053624f88e7ecbea289d9d5128"},"breadcrumb":{"@id":"https:\/\/feminissima.de\/index.php\/2007\/12\/26\/closed-biblios-in-berlin-v-22-12-07\/#breadcrumb"},"inLanguage":"de","potentialAction":[{"@type":"ReadAction","target":["https:\/\/feminissima.de\/index.php\/2007\/12\/26\/closed-biblios-in-berlin-v-22-12-07\/"]}]},{"@type":"BreadcrumbList","@id":"https:\/\/feminissima.de\/index.php\/2007\/12\/26\/closed-biblios-in-berlin-v-22-12-07\/#breadcrumb","itemListElement":[{"@type":"ListItem","position":1,"name":"Startseite","item":"https:\/\/feminissima.de\/"},{"@type":"ListItem","position":2,"name":"Closed..Biblios in Berlin\/ v. 22.12. 07"}]},{"@type":"WebSite","@id":"https:\/\/feminissima.de\/#website","url":"https:\/\/feminissima.de\/","name":"Feminissima","description":"","potentialAction":[{"@type":"SearchAction","target":{"@type":"EntryPoint","urlTemplate":"https:\/\/feminissima.de\/?s={search_term_string}"},"query-input":"required name=search_term_string"}],"inLanguage":"de"},{"@type":"Person","@id":"https:\/\/feminissima.de\/#\/schema\/person\/0b901e053624f88e7ecbea289d9d5128","name":"admin","image":{"@type":"ImageObject","inLanguage":"de","@id":"https:\/\/feminissima.de\/#\/schema\/person\/image\/","url":"https:\/\/secure.gravatar.com\/avatar\/8da1f51327453c0bf63338e8e2a791948b7d2ac19b68839492d1e69aac6924a8?s=96&d=mm&r=g","contentUrl":"https:\/\/secure.gravatar.com\/avatar\/8da1f51327453c0bf63338e8e2a791948b7d2ac19b68839492d1e69aac6924a8?s=96&d=mm&r=g","caption":"admin"},"url":"https:\/\/feminissima.de\/index.php\/author\/admin\/"}]}},"jetpack_featured_media_url":"","_links":{"self":[{"href":"https:\/\/feminissima.de\/index.php\/wp-json\/wp\/v2\/posts\/85061","targetHints":{"allow":["GET"]}}],"collection":[{"href":"https:\/\/feminissima.de\/index.php\/wp-json\/wp\/v2\/posts"}],"about":[{"href":"https:\/\/feminissima.de\/index.php\/wp-json\/wp\/v2\/types\/post"}],"author":[{"embeddable":true,"href":"https:\/\/feminissima.de\/index.php\/wp-json\/wp\/v2\/users\/2"}],"replies":[{"embeddable":true,"href":"https:\/\/feminissima.de\/index.php\/wp-json\/wp\/v2\/comments?post=85061"}],"version-history":[{"count":0,"href":"https:\/\/feminissima.de\/index.php\/wp-json\/wp\/v2\/posts\/85061\/revisions"}],"wp:attachment":[{"href":"https:\/\/feminissima.de\/index.php\/wp-json\/wp\/v2\/media?parent=85061"}],"wp:term":[{"taxonomy":"category","embeddable":true,"href":"https:\/\/feminissima.de\/index.php\/wp-json\/wp\/v2\/categories?post=85061"},{"taxonomy":"post_tag","embeddable":true,"href":"https:\/\/feminissima.de\/index.php\/wp-json\/wp\/v2\/tags?post=85061"}],"curies":[{"name":"wp","href":"https:\/\/api.w.org\/{rel}","templated":true}]}}