{"id":85047,"date":"2007-11-30T17:51:30","date_gmt":"2007-11-30T17:51:30","guid":{"rendered":"http:\/\/www.feminissima.de\/?p=85047"},"modified":"2007-11-30T17:51:30","modified_gmt":"2007-11-30T17:51:30","slug":"idee-beate-klarsfeld-zugdererinnerung-nur-junge-welt-berichtet","status":"publish","type":"post","link":"https:\/\/feminissima.de\/index.php\/2007\/11\/30\/idee-beate-klarsfeld-zugdererinnerung-nur-junge-welt-berichtet\/","title":{"rendered":"Idee Beate Klarsfeld: ZugDerErinnerung\/nur JUNGE WELT berichtet"},"content":{"rendered":"<p>ABER &#8211; es gibt  ja die Blogs, es gibt ja das INTERNET und zum Gl\u00fcck gibt es ja GOOGLE.<\/p>\n<p>junge Welt: 10.11.2007 \/ Inland \/ Seite 5<br \/>\nZum Inhalt dieser Ausgabe | <\/p>\n<p>\nZug der Erinnerung rollt<br \/>\nWanderausstellung auf Schienen h\u00e4lt das Gedenken an von den Nazis deportierte Kinder wach<br \/>\nVon Gitta D\u00fcperthal<\/p>\n<p>\n 10.11.2007 \/ Inland \/ Seite 5<br \/>\nZum Inhalt dieser Ausgabe | <\/p>\n<p>\nZug der Erinnerung rollt<br \/>\nWanderausstellung auf Schienen h\u00e4lt das Gedenken an von den Nazis deportierte Kinder wach<br \/>\nVon Gitta D\u00fcperthal<\/p>\n<p>Margot Kleinberger (links) wurde 1942 als Elfj\u00e4hrige mit der Bahn in das KZ Theresienstadt deportiert<br \/>\nFoto: dpa <br \/>\nDie Lok, Baujahr 1921, bl\u00e4st wei\u00dfe Dampfwolken in die Luft. Der Zug der Erinnerung ist am Donnerstag in Frankfurt am Main gestartet. Im Gedenken an Kinder und Jugendliche aus ganz Europa, die w\u00e4hrend der Nazizeit in Konzentrationslager deportiert wurden, wird er rund 3000 Kilometer durch die Republik rollen. Nur zwei Tage blieb der Zug in Frankfurt. Dann brach er zum n\u00e4chsten Halt nach Darmstadt auf, wo er bis 13. November bleibt. Das sei zuwenig Zeit, monierten zahlreiche Besucher der Ausstellung im Zug, der auf alten Hafenschienen vom Hauptbahnhof zum Frankfurter R\u00f6mer fuhr und dort Station machte. Vor allem Lehrer nutzten die Ausstellung, um ihre Schulklassen durch die beiden Waggons zu f\u00fchren, in denen historische Fotos von Kindern, die Schilderung ihrer Geschichte sowie Biographien der T\u00e4ter zu sehen sind. <\/p>\n<p>Veranstalter ist der Verein \u00bbZug der Erinnerung e. V.\u00ab, in dem unter anderem der Historiker Stephan Wirtz, die Lehrerin Renate Dreesen und der Journalist Hans-R\u00fcdiger Minow mitwirken. Der Zug ist nach einer Idee von Beate Klarsfeld gestaltet, die mit einer Ausstellung an die Deportation von 11 000 j\u00fcdischen Kindern aus Frankreich erinnern wollte. Diese Dokumentation durfte in deutschen Bahnh\u00f6fen bisher nicht gezeigt werden. Auch an der Ausstellung \u00bbZug der Erinnerung\u00ab habe sich die Deutsche Bundesbahn nicht beteiligt, so Stephan Wirtz gegen\u00fcber junge Welt. F\u00fcr die Nutzung der Gleise und des Stroms habe man gezahlt, die Waggons aus den 60er und 70er Jahren seien gemietet. Die Ausstellung, seit Januar konzipiert, koste insgesamt rund 250000 Euro. Stiftungen, regionale Vereine und Privatleute beteiligten sich an den Kosten.<\/p>\n<p>Claudia Topp, Lehrerin der Frankfurter Berta-Jordan-Berufsfachschule, hatte erst vor kurzem von der Ausstellung erfahren und sich spontan zur Besichtigung entschlossen. Ihren Sch\u00fclerinnen hatte sie zur Aufgabe gegeben, sich das Foto eines Jugendlichen herauszusuchen und dessen Geschichte zu beschreiben. Wenig sp\u00e4ter stand Topps Sch\u00fclerin Patricia Puseljic vertieft vor dem Bild des j\u00fcdischen Sch\u00fclers Rudi L\u00f6wenstein. Der 19j\u00e4hrige K\u00f6lner, der einst das katholische Gymnasium an der Apostelkirche besuchte, hatte sich geweigert, den gelben Stern zu tragen. Er wurde ins KZ Theresienstadt deportiert. Am 4. Mai 1944 kam die Todesnachricht aus der Kommandantur des Konzentrationslagers. Besonders ber\u00fchrt hatte Patricia, da\u00df Rudi L\u00f6wenstein kurz vor seiner Deportation noch eine Liebesgeschichte mit Helga Elias hatte. Beide sind auf einem Foto zu sehen \u2013 in gl\u00fccklichen Tagen auf einer Wiese. Dokumentiert ist ein Liebesbrief. Auch Helga wurde nach Polen verschleppt und ermordet. <\/p>\n<p>Vom 14. bis 17. November wird der Zug in Mannheim, vom 18. bis 20. November in Karlsruhe Station machen, um dann Ettlingen, Vaihingen, Stuttgart, T\u00fcbingen anzufahren. Weitere Aufenthalte sind in Saarbr\u00fccken, Fulda, G\u00f6ttingen, Hannover, Braunschweig, Gotha, Erfurt, Weimar, Leipzig und Dresden geplant. Eine weitaus gr\u00f6\u00dfere Anzahl von St\u00e4dten wolle sich beteiligen, so Wirtz. Anfragen sind unter info@zugde.eu m\u00f6glich. Als letzte Etappe wird der Zug am 27. Januar 2008, dem Tag der Befreiung des Konzentrationslagers, die Gedenkst\u00e4tte Auschwitz erreichen. <\/p>\n<p>zug-der-erinnerung.de.<br \/>\n Zum Seitenanfang springen  Ausdrucken  Versenden  Leserbrief <br \/>\nMehr aus der Rubrik Inland (10.11.2007)<br \/>\nLokf\u00fchrer warten auf neues Angebot <br \/>\nGDL-Streik: Schieneng\u00fcterverkehr im Osten fast komplett, im Westen zu zwei Dritteln lahmgelegt  <br \/>\nRainer Balcerowiak<br \/>\nThora-Rolle zum Gl\u00fcckstag <br \/>\n\u00bbPressefreiheit wird auf den Kopf gestellt\u00ab <br \/>\nVer.di kritisiert Postdurchsuchung bei Zeitungen als \u00bbunverh\u00e4ltnism\u00e4\u00dfig\u00ab. Ein Gespr\u00e4ch mit Andreas K\u00f6hn  <br \/>\nClaudia Wangerin<br \/>\n\u00bbWir sind alle Abschaum\u00ab <br \/>\nBerlin: Antifaschistische Gruppen wollen Merkel und Sarkozy die Meinung sagen  <br \/>\nMagdeburg: Linke will mit CDU <br \/>\nSachsen-Anhalts Linksfraktionschef Gallert kann sich \u00bbperspektivisches B\u00fcndnis\u00ab mit den Christdemokraten vorstellen. Denen aber fehlt daf\u00fcr die Phantasie  <br \/>\nHolger Elias<br \/>\nAuf der Reeperbahn heute um eins <br \/>\nW\u00f6lfe im Schafspelz <br \/>\nT\u00fcrkische Gro\u00dfdemonstration gegen PKK in M\u00fcnchen geplant. Kurden bef\u00fcrchten \u00dcbergriffe  <br \/>\nClaudia Wangerin<br \/>\nAlles wird registriert <br \/>\nGegen vielfachen Widerstand beschlie\u00dft gro\u00dfe Koalition Gesetz zur Vorratsdatenspeicherung. Opposition stimmt geschlossen dagegen. FDP k\u00fcndigt Klage an  <br \/>\nUlla Jelpke<br \/>\n\u00bbAbbau von Zuschl\u00e4gen mit ver.di nicht verhandelbar\u00ab <br \/>\nIn Nordrhein-Westfalen k\u00fcndigt Gewerkschaft im Tarifstreit des Einzelhandels h\u00e4rtere Gangart an. Ein Gespr\u00e4ch mit Margret M\u00f6nig-Raane  <\/p>\n<p>ermine<br \/>\nTheaterst\u00fcck: Hier geblieben<br \/>\n18.12., 15:00 Uhr, Tanzhaus Central, 04720 D\u00f6beln<br \/>\nZivilcourage gegen Naziaufmarsch<br \/>\n1.12., 10:30 Uhr, Treptow\/N\u00e4he S-Bhf-Sch\u00f6neweide, 12435 Berlin-Treptow<br \/>\n140 Jahre &#8222;Das Kapital&#8220;<br \/>\n1.12., 14:00 Uhr, Universit\u00e4t Hamburg, 20146 Hamburg<br \/>\nMythos Finanzkapital<br \/>\n8.02., 18:00 Uhr, N\u00e4heres bei Anmeldung, 30424 Hannover<br \/>\nStudierendenproteste 1997-2007ff.<br \/>\n19.12., 20:00 Uhr, Interkulturelles Zentrum Don Quijote, 48151 M\u00fcnster<br \/>\nSeminar zu Guatemala<br \/>\n13.12., 19:00 Uhr, Haus der Demokratie und Menschenrechte, 58097 Hagen<br \/>\nDas faschistische Profil der NPD<br \/>\n5.12., 19:00 Uhr, DGB-Haus, 79104 Freiburg<br \/>\nKeine Abschiebungen in den Irak!<br \/>\n8.12., 13:00 Uhr, Georg-Freundorfer-Platz (U 5 Schwanthalerh\u00f6he), 80000 M\u00fcnchen<br \/>\nPLZ-Bereich: &#8230;0123456789<br \/>\n&#8212;&#8212;&#8212;&#8212;&#8212;&#8212;&#8212;&#8212;&#8212;&#8212;&#8212;&#8212;&#8212;&#8212;&#8212;&#8212;&#8212;&#8212;&#8212;&#8212;&#8212;&#8212;&#8212;&#8212;&#8212;&#8212;&#8211;<\/p>\n<p> Freitag, 30. November 2007, Nr. 278 <\/p>\n","protected":false},"excerpt":{"rendered":"<p>ABER &#8211; es gibt  ja die Blogs, es gibt ja das INTERNET und zum Gl\u00fcck gibt es ja GOOGLE.<\/p>\n<p>junge Welt: 10.11.2007 \/ Inland \/ Seite 5<br \/>\nZum Inhalt dieser Ausgabe | <\/p>\n<p>\nZug der Erinnerung rollt<br \/>\nWanderausstellung auf Schienen h\u00e4lt das Gedenken an von den Nazis deportierte Kinder wach<br \/>\nVon Gitta D\u00fcperthal<\/p>\n","protected":false},"author":2,"featured_media":0,"comment_status":"closed","ping_status":"closed","sticky":false,"template":"","format":"standard","meta":{"footnotes":""},"categories":[32],"tags":[],"class_list":["post-85047","post","type-post","status-publish","format-standard","hentry","category-supissima","entry"],"yoast_head":"<!-- This site is optimized with the Yoast SEO plugin v21.0 - https:\/\/yoast.com\/wordpress\/plugins\/seo\/ -->\n<title>Idee Beate Klarsfeld: ZugDerErinnerung\/nur JUNGE WELT berichtet - Feminissima<\/title>\n<meta name=\"robots\" content=\"index, follow, max-snippet:-1, max-image-preview:large, max-video-preview:-1\" \/>\n<link rel=\"canonical\" href=\"https:\/\/feminissima.de\/index.php\/2007\/11\/30\/idee-beate-klarsfeld-zugdererinnerung-nur-junge-welt-berichtet\/\" \/>\n<meta property=\"og:locale\" content=\"de_DE\" \/>\n<meta property=\"og:type\" content=\"article\" \/>\n<meta property=\"og:title\" content=\"Idee Beate Klarsfeld: ZugDerErinnerung\/nur JUNGE WELT berichtet - Feminissima\" \/>\n<meta property=\"og:description\" content=\"ABER - es gibt ja die Blogs, es gibt ja das INTERNET und zum Gl\u00fcck gibt es ja GOOGLE. junge Welt: 10.11.2007 \/ Inland \/ Seite 5 Zum Inhalt dieser Ausgabe |  Zug der Erinnerung rollt Wanderausstellung auf Schienen h\u00e4lt das Gedenken an von den Nazis deportierte Kinder wach Von Gitta D\u00fcperthal\" \/>\n<meta property=\"og:url\" content=\"https:\/\/feminissima.de\/index.php\/2007\/11\/30\/idee-beate-klarsfeld-zugdererinnerung-nur-junge-welt-berichtet\/\" \/>\n<meta property=\"og:site_name\" content=\"Feminissima\" \/>\n<meta property=\"article:published_time\" content=\"2007-11-30T17:51:30+00:00\" \/>\n<meta name=\"author\" content=\"admin\" \/>\n<meta name=\"twitter:card\" content=\"summary_large_image\" \/>\n<meta name=\"twitter:label1\" content=\"Verfasst von\" \/>\n\t<meta name=\"twitter:data1\" content=\"admin\" \/>\n\t<meta name=\"twitter:label2\" content=\"Gesch\u00e4tzte Lesezeit\" \/>\n\t<meta name=\"twitter:data2\" content=\"4\u00a0Minuten\" \/>\n<script type=\"application\/ld+json\" class=\"yoast-schema-graph\">{\"@context\":\"https:\/\/schema.org\",\"@graph\":[{\"@type\":\"WebPage\",\"@id\":\"https:\/\/feminissima.de\/index.php\/2007\/11\/30\/idee-beate-klarsfeld-zugdererinnerung-nur-junge-welt-berichtet\/\",\"url\":\"https:\/\/feminissima.de\/index.php\/2007\/11\/30\/idee-beate-klarsfeld-zugdererinnerung-nur-junge-welt-berichtet\/\",\"name\":\"Idee Beate Klarsfeld: ZugDerErinnerung\/nur JUNGE WELT berichtet - Feminissima\",\"isPartOf\":{\"@id\":\"https:\/\/feminissima.de\/#website\"},\"datePublished\":\"2007-11-30T17:51:30+00:00\",\"dateModified\":\"2007-11-30T17:51:30+00:00\",\"author\":{\"@id\":\"https:\/\/feminissima.de\/#\/schema\/person\/0b901e053624f88e7ecbea289d9d5128\"},\"breadcrumb\":{\"@id\":\"https:\/\/feminissima.de\/index.php\/2007\/11\/30\/idee-beate-klarsfeld-zugdererinnerung-nur-junge-welt-berichtet\/#breadcrumb\"},\"inLanguage\":\"de\",\"potentialAction\":[{\"@type\":\"ReadAction\",\"target\":[\"https:\/\/feminissima.de\/index.php\/2007\/11\/30\/idee-beate-klarsfeld-zugdererinnerung-nur-junge-welt-berichtet\/\"]}]},{\"@type\":\"BreadcrumbList\",\"@id\":\"https:\/\/feminissima.de\/index.php\/2007\/11\/30\/idee-beate-klarsfeld-zugdererinnerung-nur-junge-welt-berichtet\/#breadcrumb\",\"itemListElement\":[{\"@type\":\"ListItem\",\"position\":1,\"name\":\"Startseite\",\"item\":\"https:\/\/feminissima.de\/\"},{\"@type\":\"ListItem\",\"position\":2,\"name\":\"Idee Beate Klarsfeld: ZugDerErinnerung\/nur JUNGE WELT berichtet\"}]},{\"@type\":\"WebSite\",\"@id\":\"https:\/\/feminissima.de\/#website\",\"url\":\"https:\/\/feminissima.de\/\",\"name\":\"Feminissima\",\"description\":\"\",\"potentialAction\":[{\"@type\":\"SearchAction\",\"target\":{\"@type\":\"EntryPoint\",\"urlTemplate\":\"https:\/\/feminissima.de\/?s={search_term_string}\"},\"query-input\":\"required name=search_term_string\"}],\"inLanguage\":\"de\"},{\"@type\":\"Person\",\"@id\":\"https:\/\/feminissima.de\/#\/schema\/person\/0b901e053624f88e7ecbea289d9d5128\",\"name\":\"admin\",\"image\":{\"@type\":\"ImageObject\",\"inLanguage\":\"de\",\"@id\":\"https:\/\/feminissima.de\/#\/schema\/person\/image\/\",\"url\":\"https:\/\/secure.gravatar.com\/avatar\/8da1f51327453c0bf63338e8e2a791948b7d2ac19b68839492d1e69aac6924a8?s=96&d=mm&r=g\",\"contentUrl\":\"https:\/\/secure.gravatar.com\/avatar\/8da1f51327453c0bf63338e8e2a791948b7d2ac19b68839492d1e69aac6924a8?s=96&d=mm&r=g\",\"caption\":\"admin\"},\"url\":\"https:\/\/feminissima.de\/index.php\/author\/admin\/\"}]}<\/script>\n<!-- \/ Yoast SEO plugin. -->","yoast_head_json":{"title":"Idee Beate Klarsfeld: ZugDerErinnerung\/nur JUNGE WELT berichtet - Feminissima","robots":{"index":"index","follow":"follow","max-snippet":"max-snippet:-1","max-image-preview":"max-image-preview:large","max-video-preview":"max-video-preview:-1"},"canonical":"https:\/\/feminissima.de\/index.php\/2007\/11\/30\/idee-beate-klarsfeld-zugdererinnerung-nur-junge-welt-berichtet\/","og_locale":"de_DE","og_type":"article","og_title":"Idee Beate Klarsfeld: ZugDerErinnerung\/nur JUNGE WELT berichtet - Feminissima","og_description":"ABER - es gibt ja die Blogs, es gibt ja das INTERNET und zum Gl\u00fcck gibt es ja GOOGLE. junge Welt: 10.11.2007 \/ Inland \/ Seite 5 Zum Inhalt dieser Ausgabe |  Zug der Erinnerung rollt Wanderausstellung auf Schienen h\u00e4lt das Gedenken an von den Nazis deportierte Kinder wach Von Gitta D\u00fcperthal","og_url":"https:\/\/feminissima.de\/index.php\/2007\/11\/30\/idee-beate-klarsfeld-zugdererinnerung-nur-junge-welt-berichtet\/","og_site_name":"Feminissima","article_published_time":"2007-11-30T17:51:30+00:00","author":"admin","twitter_card":"summary_large_image","twitter_misc":{"Verfasst von":"admin","Gesch\u00e4tzte Lesezeit":"4\u00a0Minuten"},"schema":{"@context":"https:\/\/schema.org","@graph":[{"@type":"WebPage","@id":"https:\/\/feminissima.de\/index.php\/2007\/11\/30\/idee-beate-klarsfeld-zugdererinnerung-nur-junge-welt-berichtet\/","url":"https:\/\/feminissima.de\/index.php\/2007\/11\/30\/idee-beate-klarsfeld-zugdererinnerung-nur-junge-welt-berichtet\/","name":"Idee Beate Klarsfeld: ZugDerErinnerung\/nur JUNGE WELT berichtet - Feminissima","isPartOf":{"@id":"https:\/\/feminissima.de\/#website"},"datePublished":"2007-11-30T17:51:30+00:00","dateModified":"2007-11-30T17:51:30+00:00","author":{"@id":"https:\/\/feminissima.de\/#\/schema\/person\/0b901e053624f88e7ecbea289d9d5128"},"breadcrumb":{"@id":"https:\/\/feminissima.de\/index.php\/2007\/11\/30\/idee-beate-klarsfeld-zugdererinnerung-nur-junge-welt-berichtet\/#breadcrumb"},"inLanguage":"de","potentialAction":[{"@type":"ReadAction","target":["https:\/\/feminissima.de\/index.php\/2007\/11\/30\/idee-beate-klarsfeld-zugdererinnerung-nur-junge-welt-berichtet\/"]}]},{"@type":"BreadcrumbList","@id":"https:\/\/feminissima.de\/index.php\/2007\/11\/30\/idee-beate-klarsfeld-zugdererinnerung-nur-junge-welt-berichtet\/#breadcrumb","itemListElement":[{"@type":"ListItem","position":1,"name":"Startseite","item":"https:\/\/feminissima.de\/"},{"@type":"ListItem","position":2,"name":"Idee Beate Klarsfeld: ZugDerErinnerung\/nur JUNGE WELT berichtet"}]},{"@type":"WebSite","@id":"https:\/\/feminissima.de\/#website","url":"https:\/\/feminissima.de\/","name":"Feminissima","description":"","potentialAction":[{"@type":"SearchAction","target":{"@type":"EntryPoint","urlTemplate":"https:\/\/feminissima.de\/?s={search_term_string}"},"query-input":"required name=search_term_string"}],"inLanguage":"de"},{"@type":"Person","@id":"https:\/\/feminissima.de\/#\/schema\/person\/0b901e053624f88e7ecbea289d9d5128","name":"admin","image":{"@type":"ImageObject","inLanguage":"de","@id":"https:\/\/feminissima.de\/#\/schema\/person\/image\/","url":"https:\/\/secure.gravatar.com\/avatar\/8da1f51327453c0bf63338e8e2a791948b7d2ac19b68839492d1e69aac6924a8?s=96&d=mm&r=g","contentUrl":"https:\/\/secure.gravatar.com\/avatar\/8da1f51327453c0bf63338e8e2a791948b7d2ac19b68839492d1e69aac6924a8?s=96&d=mm&r=g","caption":"admin"},"url":"https:\/\/feminissima.de\/index.php\/author\/admin\/"}]}},"jetpack_featured_media_url":"","_links":{"self":[{"href":"https:\/\/feminissima.de\/index.php\/wp-json\/wp\/v2\/posts\/85047","targetHints":{"allow":["GET"]}}],"collection":[{"href":"https:\/\/feminissima.de\/index.php\/wp-json\/wp\/v2\/posts"}],"about":[{"href":"https:\/\/feminissima.de\/index.php\/wp-json\/wp\/v2\/types\/post"}],"author":[{"embeddable":true,"href":"https:\/\/feminissima.de\/index.php\/wp-json\/wp\/v2\/users\/2"}],"replies":[{"embeddable":true,"href":"https:\/\/feminissima.de\/index.php\/wp-json\/wp\/v2\/comments?post=85047"}],"version-history":[{"count":0,"href":"https:\/\/feminissima.de\/index.php\/wp-json\/wp\/v2\/posts\/85047\/revisions"}],"wp:attachment":[{"href":"https:\/\/feminissima.de\/index.php\/wp-json\/wp\/v2\/media?parent=85047"}],"wp:term":[{"taxonomy":"category","embeddable":true,"href":"https:\/\/feminissima.de\/index.php\/wp-json\/wp\/v2\/categories?post=85047"},{"taxonomy":"post_tag","embeddable":true,"href":"https:\/\/feminissima.de\/index.php\/wp-json\/wp\/v2\/tags?post=85047"}],"curies":[{"name":"wp","href":"https:\/\/api.w.org\/{rel}","templated":true}]}}