{"id":85034,"date":"2007-11-22T18:51:57","date_gmt":"2007-11-22T18:51:57","guid":{"rendered":"http:\/\/www.feminissima.de\/?p=85034"},"modified":"2007-11-22T18:51:57","modified_gmt":"2007-11-22T18:51:57","slug":"presse-schau-hasstiraden-gegen-lehrer-im-internet","status":"publish","type":"post","link":"https:\/\/feminissima.de\/index.php\/2007\/11\/22\/presse-schau-hasstiraden-gegen-lehrer-im-internet\/","title":{"rendered":"PRESSE-SCHAU: Ha\u00dftiraden gegen Lehrer im Internet"},"content":{"rendered":"<p>ausgew\u00e4hlt: SZ-ONLINE.de von heute:<br \/>22.11.2007    17:00 Uhr  <\/p>\n<p>Schrobenhausen<br \/>\nHasstiraden gegen Lehrer<br \/>\nF\u00fcr den Direktor des Schrobenhauser Gymnasiums muss die Nachricht ein Schock gewesen sein: Im Internet verbreiten einige seiner Sch\u00fcler Mordphantasien gegen Lehrer. <br \/>\nVon Stefan Mayr <\/p>\n<p>\nBis vor wenigen Tagen war Alex Naundorf \u00fcberzeugt, dass an seiner Schule ein &#8222;sehr, sehr gutes Klima&#8220; herrsche zwischen den 1100 Sch\u00fclern und den 80 Lehrern. &#8222;Deshalb hat uns das Ganze auch besonders tief getroffen&#8220;, berichtet der Direktor des Schrobenhausener Gymnasiums. <\/p>\n<p>&#8222;Das Ganze&#8220; &#8211; das sind \u00e4u\u00dferst unappetitliche \u00c4u\u00dferungen in einem lokalen Internetforum. Unter der Rubrik &#8222;Hasslehrer&#8220; beschimpften etwa 30 Sch\u00fcler ihre Lehrer, dabei \u00fcbertrumpften sie einander mit &#8222;beleidigenden und verleumderischen Behauptungen&#8220;, wie es Oberstudiendirektor Naundorf formuliert. Drei Sch\u00fcler \u00e4u\u00dferten sogar den Wunsch, ein Lehrer &#8222;m\u00fcsste get\u00f6tet werden&#8220;. <\/p>\n<p>Als die P\u00e4dagogen von diesen \u00c4u\u00dferungen erfuhren, waren sie geschockt. &#8222;Eine Lehrerin hat eine Woche lang den Unterricht nicht wahrnehmen k\u00f6nnen&#8220;, sagt Naundorf, in die Klasse mit dem Urheber dieser Worte gehe sie bis heute nicht.<\/p>\n<p>\nDie Staatsanwaltschaft Ingolstadt nahm Ermittlungen auf, stellte diese aber schnell wieder ein. Oberstaatsanwalt Wolfram Herrle best\u00e4tigt zwar, dass mehrere Beleidigungen ge\u00e4u\u00dfert wurden und in drei F\u00e4llen vom &#8222;T\u00f6ten und Umbringen&#8220; die Rede war. &#8222;Aber bei den T\u00e4tern handelt es sich ausschlie\u00dflich um schuldunf\u00e4hige Kinder&#8220;, sagt Herrle. <\/p>\n<p>Die Sch\u00fcler seien von der Polizei befragt worden, dabei h\u00e4tten sie glaubhaft versichert, es nicht so ernst gemeint zu haben. &#8222;Die kommen alle aus ordentlichen Verh\u00e4ltnissen&#8220;, betont Herrle.<\/p>\n<p>W\u00e4hrend die Ermittler ihre Akten geschlossen haben, will Schulleiter Naundorf auf keinen Fall zur Tagesordnung \u00fcbergehen. &#8222;Das wird auf jeden Fall Ordnungsma\u00dfnahmen nach sich ziehen.&#8220; Er k\u00fcndigt &#8222;Verweise und versch\u00e4rfte Verweise&#8220; an, den Ausschluss von der Schule schlie\u00dft er nicht aus. &#8222;Wir sind noch mitten in den Gespr\u00e4chen des Disziplinarausschusses&#8220;, sagt Naundorf. <\/p>\n<p>Die \u00c4u\u00dferungen gingen weit unter die G\u00fcrtellinie<br \/>\nMit den mitteilungsw\u00fctigen Sch\u00fclern habe er ebenfalls gesprochen. &#8222;Sie haben ihre Fehler eingesehen und Reue artikuliert&#8220;, berichtet der Direktor, &#8222;in einem Fall steht die Glaubw\u00fcrdigkeit dieser Reue allerdings dahin.&#8220;<\/p>\n<p>Naundorf selbst ist einer der acht Lehrer, die verunglimpft wurden. &#8222;Ich habe so etwas noch nie erlebt&#8220;, sagt der 63-J\u00e4hrige, &#8222;die Lehrer waren allesamt platt und sind auch noch nicht dar\u00fcber hinweg.&#8220; Best\u00fcrzend sei das junge Alter der Sch\u00fcler (zw\u00f6lf bis 14) und das Niveau der \u00c4u\u00dferungen gewesen. &#8222;Das war unterhalb der Grasnabe.&#8220; <\/p>\n<p>Naundorf und seine Lehrer versuchen nun, die Vorkommnisse &#8222;p\u00e4dagogisch aufzuarbeiten &#8211; und zwar in beide Richtungen&#8220;. Er r\u00e4umt ein, dass es an jedem Gymnasium Lehrer gebe, die &#8222;mitunter ungl\u00fccklich agieren&#8220;. <\/p>\n<p>F\u00fcr das Kultusministerium sind die Entgleisungen gegen\u00fcber Lehrern im &#8211; vermeintlich &#8211; anonymen Internet kein Einzelfall. &#8222;In dieser Sch\u00e4rfe ist es aber noch nie vorgekommen&#8220;, sagt Sprecher Ludwig Unger. <\/p>\n<p>Der Betreiber der Internetplattform wollte pers\u00f6nlich keine Stellung nehmen, gab auf seiner Internet-Seite aber eine schriftliche Erkl\u00e4rung ab. Darin weist er jede Verantwortung von sich: &#8222;Als ehrenamtliche Administratoren einer so gro\u00dfen Online-Community mit mehr als 150.000 registrierten Mitgliedern werden wir leider nie ausschlie\u00dfen k\u00f6nnen, dass sich Vorf\u00e4lle wie am Schrobenhausener Gymnasium wiederholen k\u00f6nnen.&#8220;<\/p>\n<p>Vorw\u00fcrfe an Schulleitung<br \/>\nSodann geht der Plattform-Betreiber zum Frontalangriff auf die Schule \u00fcber: &#8222;Wir sind nicht froh \u00fcber die Vorf\u00e4lle, aber genauso wenig \u00fcber die Schulleitung, die es vers\u00e4umt hat, unverz\u00fcglich offiziell Kontakt mit der Kripo und uns aufzunehmen, um Ungereimtheiten so schnell wie m\u00f6glich aus der Welt zu schaffen.&#8220;<\/p>\n<p>Au\u00dferdem k\u00f6nne er nur staunen, wenn er lese, &#8222;dass die Erziehungsberechtigten von 337 Mitgliedern dieser Schul-Gruppe und auch die Schulleitung angeblich nichts davon mitbekommen, was ihre Kinder nachmittags im Internet machen.&#8220; Schlie\u00dflich sei ein Gro\u00dfteil der beanstandeten Zitate &#8222;schon seit mindestens vier Wochen auch in Lehrerkreisen nachweislich bekannt gewesen&#8220;.<\/p>\n<p>Bereits vor einem Jahr war das Internet-Forum in die Schlagzeilen geraten, weil Sch\u00fcler des Pfaffenhofener Schyren-Gymnasiums einen Film hineingestellt hatten, der den Wutanfall einer Lehrerin zeigt, die vorher bewusst provoziert worden war. Weder in diesem noch im aktuellen Fall aus Schrobenhausen gab es rechtliche Konsequenzen gegen die Online-Plattform. Das Forum &#8222;Hasslehrer&#8220; wurde gel\u00f6scht.<\/p>\n<p>(SZ vom 23.11.2007\/bica)<\/p>\n<p> Kommentare <\/p>\n<p>Bitte melden Sie sich an, um diesen Artikel zu kommentieren, bestehende Kommentare zu bewerten und bei neuen Kommentaren per Email benachrichtigt zu werden.<\/p>\n<p>22.11.2007 18:25:33 <\/p>\n<p>Vitis: Irgendwann lesen wir in der Zeitung&#8230; <\/p>\n<p>&#8230; dass ein Lehrer Amok lief. Ganz oben auf der Liste waren die Hasssch\u00fcler mit den vielen Pickeln, die ihre Verse nie konnten. <\/p>\n<p>\n 4 Besucher haben diesen Kommentar bewertet  <\/p>\n<p>Sie sind der Meinung, dass dieser Kommentar gel\u00f6scht werden sollte? Dann melden Sie sich bitte an und schreiben uns bitte hier eine kurze Nachricht. <\/p>\n<p>\n22.11.2007 18:21:34 <\/p>\n<p>treasurer: Ursachlichkeiten <\/p>\n<p>Das Induvidum der Sch\u00fcler trifft in der Person des Lehres auf das System. Das System fordert Leistung, der Sch\u00fcler ist befindet sich in der `Bringschuld`. Alleine dies und die Weiterungen f\u00fchren unter Umst\u00e4nden zu einem emotional sehr angespannten abh\u00e4ngigkeits Verh\u00e4ltnis. Etwaige \u00e4u\u00dferungen ( beiderseits) sollten daher weder \u00fcberbewertet noch einfach \u00fcbergangen werden. <\/p>\n<p>Was mich pers\u00f6nlich st\u00f6rt ist die Utopie und der heile Weltglaube einiger wir w\u00fcrden in einer gewaltfreien Gesellschaft leben. Ein Lebewesen das nach und nach alle anderen Lebewesen samt ihrem Lebensraum niedermacht ( und den eigenen auch mit ) hat eigentlich das Anrecht als gewaltfrei angesehen zu werden verspielt. Noch dazu wo Gewalt bzw die gewaltssame L\u00f6sung bei allen m\u00f6glichen `Konflikten`, von Pflanzenkrankheiten ( Totspritzmittel ), bishin zu Nationalen Konflikten ( Totschie\u00dfmittel ) an beinah oberster Stelle propagiert wird. <\/p>\n<p>Die Gewalt kommt NICHT durchs Internet oder KILLERSPIELE zu uns. Sie ist l\u00e4ngst unter uns. Wir verGEWALTIGEN diesen Planet und seine Lebewesen jeden Tag und deshalb ist die Menschheit auch so Gott-Los. <\/p>\n<p> 4 Besucher haben diesen Kommentar bewertet  <\/p>\n<p>Sie sind der Meinung, dass dieser Kommentar gel\u00f6scht werden sollte? Dann melden Sie sich bitte an und schreiben uns bitte hier eine kurze Nachricht. <\/p>\n<p>\n22.11.2007 18:20:08 <\/p>\n<p>Gerhard Berlin: Hasstiraden gegen Lehrer <\/p>\n<p>Man sollte die ganze Angelegenheit etwas gelassener angehen, vor allem mit p\u00e4dagogischen Mitteln \u2013 statt mit der Polizei. <br \/>\nDas aber ist gerade das Problem, es gibt viel zu wenig p\u00e4dagogisch ausgebildete Lehrkr\u00e4fte, viele sind v\u00f6llig \u00fcberfordert und haben den Beruf gew\u00e4hlt \u2013 nicht, weil sie Kinder p\u00e4dagogisch erziehen wollen \u2013 sondern um sich selbst ein \u201eangenehmes Leben\u201c zu machen. Nach dem Motto: \u00abich studier\u2019 mal dies und das, wenn es nichts wird, kann ich ja noch Lehrer werden.\u00bb <br \/>\nDeutschland w\u00e4re gut beraten, an seine Lehrkr\u00e4fte h\u00f6here Anspr\u00fcche zu stellen \u2013 mit einer Kontrolle des Erfolges, auch z. B. der Weiterbildung. Die unf\u00e4higen sollten sich dann aus dem Lehramt verabschieden m\u00fcssen. <br \/>\nIch kann mich noch gut an meine Schulzeit (Grundschule\/Gymnasium) erinnern, auch da gab es \u201everhasste\u201c Lehrer \u2013 und oft zu Recht: unf\u00e4hig, ungerecht (Lieblinge), launisch und teilweise ungepflegt (sie stanken nach Schweiss, ein Ei-Fleck auf dem Hemd hielt 2 Wochen). Bei einigen wenigen haben wir es geschafft, sie \u201eloszuwerden\u201c \u2013 das war in den 1970er Jahren. <br \/>\nSo viel hat sich an der Schule nicht ver\u00e4ndert, ausser dass das Ausbildungsniveau vieler Lehrer gesunken ist \u2013 bei gestiegenen Anspr\u00fcchen durch eine gemischtere Sch\u00fclerzusammensetzung. <\/p>\n<p> 4 Besucher haben diesen Kommentar bewertet  <\/p>\n<p>Sie sind der Meinung, dass dieser Kommentar gel\u00f6scht werden sollte? Dann melden Sie sich bitte an und schreiben uns bitte hier eine kurze Nachricht. <\/p>\n<p>Profil ansehen 22.11.2007 18:04:16 <\/p>\n<p>Hummel119: Hallo? <\/p>\n<p>solche Spr\u00fcche findet man in Schulen doch an jeder Klot\u00fcr. Und Sch\u00fcler in diesem Alter sind nun mal auf Kravall geb\u00fcrstet und Feind Nummer 1 ist der Lehrer. Also locker bleiben im Kollegium. <\/p>\n<p> 7 Besucher haben diesen Kommentar bewertet  <\/p>\n<p>Sie sind der Meinung, dass dieser Kommentar gel\u00f6scht werden sollte? Dann melden Sie sich bitte an und schreiben uns bitte hier eine kurze Nachricht. <\/p>\n<p>\n22.11.2007 17:40:40 <\/p>\n<p>talrasha86: Falsche Methode <\/p>\n<p>&#8222;Er k\u00fcndigt &#8222;Verweise und versch\u00e4rfte Verweise&#8220; an, den Ausschluss von der Schule schlie\u00dft er nicht aus.&#8220; <\/p>\n<p>Das ist nat\u00fcrlich genau die falsche Methode. Was hofft der Direktor damit zu erreichen? Der Hass ist mit diesen Ma\u00dfnahmen sicher nicht weg. Und wahrscheinlich nur eine Frage der Zeit, bis \u00e4hnliche \u00e4u\u00dferungen seitens der Sch\u00fcler wieder im endlosen Netz auftauchen&#8230; <\/p>\n<p> 3 Besucher haben diesen Kommentar bewertet  <\/p>\n<p><\/p>\n","protected":false},"excerpt":{"rendered":"<p>ausgew\u00e4hlt: SZ-ONLINE.de von heute:<\/p>\n","protected":false},"author":2,"featured_media":0,"comment_status":"closed","ping_status":"closed","sticky":false,"template":"","format":"standard","meta":{"footnotes":""},"categories":[11],"tags":[],"class_list":["post-85034","post","type-post","status-publish","format-standard","hentry","category-femkultur","entry"],"yoast_head":"<!-- This site is optimized with the Yoast SEO plugin v21.0 - https:\/\/yoast.com\/wordpress\/plugins\/seo\/ -->\n<title>PRESSE-SCHAU: Ha\u00dftiraden gegen Lehrer im Internet - Feminissima<\/title>\n<meta name=\"robots\" content=\"index, follow, max-snippet:-1, max-image-preview:large, max-video-preview:-1\" \/>\n<link rel=\"canonical\" href=\"https:\/\/feminissima.de\/index.php\/2007\/11\/22\/presse-schau-hasstiraden-gegen-lehrer-im-internet\/\" \/>\n<meta property=\"og:locale\" content=\"de_DE\" \/>\n<meta property=\"og:type\" content=\"article\" \/>\n<meta property=\"og:title\" content=\"PRESSE-SCHAU: Ha\u00dftiraden gegen Lehrer im Internet - Feminissima\" \/>\n<meta property=\"og:description\" content=\"ausgew\u00e4hlt: SZ-ONLINE.de von heute:\" \/>\n<meta property=\"og:url\" content=\"https:\/\/feminissima.de\/index.php\/2007\/11\/22\/presse-schau-hasstiraden-gegen-lehrer-im-internet\/\" \/>\n<meta property=\"og:site_name\" content=\"Feminissima\" \/>\n<meta property=\"article:published_time\" content=\"2007-11-22T18:51:57+00:00\" \/>\n<meta name=\"author\" content=\"admin\" \/>\n<meta name=\"twitter:card\" content=\"summary_large_image\" \/>\n<meta name=\"twitter:label1\" content=\"Verfasst von\" \/>\n\t<meta name=\"twitter:data1\" content=\"admin\" \/>\n\t<meta name=\"twitter:label2\" content=\"Gesch\u00e4tzte Lesezeit\" \/>\n\t<meta name=\"twitter:data2\" content=\"7\u00a0Minuten\" \/>\n<script type=\"application\/ld+json\" class=\"yoast-schema-graph\">{\"@context\":\"https:\/\/schema.org\",\"@graph\":[{\"@type\":\"WebPage\",\"@id\":\"https:\/\/feminissima.de\/index.php\/2007\/11\/22\/presse-schau-hasstiraden-gegen-lehrer-im-internet\/\",\"url\":\"https:\/\/feminissima.de\/index.php\/2007\/11\/22\/presse-schau-hasstiraden-gegen-lehrer-im-internet\/\",\"name\":\"PRESSE-SCHAU: Ha\u00dftiraden gegen Lehrer im Internet - Feminissima\",\"isPartOf\":{\"@id\":\"https:\/\/feminissima.de\/#website\"},\"datePublished\":\"2007-11-22T18:51:57+00:00\",\"dateModified\":\"2007-11-22T18:51:57+00:00\",\"author\":{\"@id\":\"https:\/\/feminissima.de\/#\/schema\/person\/0b901e053624f88e7ecbea289d9d5128\"},\"breadcrumb\":{\"@id\":\"https:\/\/feminissima.de\/index.php\/2007\/11\/22\/presse-schau-hasstiraden-gegen-lehrer-im-internet\/#breadcrumb\"},\"inLanguage\":\"de\",\"potentialAction\":[{\"@type\":\"ReadAction\",\"target\":[\"https:\/\/feminissima.de\/index.php\/2007\/11\/22\/presse-schau-hasstiraden-gegen-lehrer-im-internet\/\"]}]},{\"@type\":\"BreadcrumbList\",\"@id\":\"https:\/\/feminissima.de\/index.php\/2007\/11\/22\/presse-schau-hasstiraden-gegen-lehrer-im-internet\/#breadcrumb\",\"itemListElement\":[{\"@type\":\"ListItem\",\"position\":1,\"name\":\"Startseite\",\"item\":\"https:\/\/feminissima.de\/\"},{\"@type\":\"ListItem\",\"position\":2,\"name\":\"PRESSE-SCHAU: Ha\u00dftiraden gegen Lehrer im Internet\"}]},{\"@type\":\"WebSite\",\"@id\":\"https:\/\/feminissima.de\/#website\",\"url\":\"https:\/\/feminissima.de\/\",\"name\":\"Feminissima\",\"description\":\"\",\"potentialAction\":[{\"@type\":\"SearchAction\",\"target\":{\"@type\":\"EntryPoint\",\"urlTemplate\":\"https:\/\/feminissima.de\/?s={search_term_string}\"},\"query-input\":\"required name=search_term_string\"}],\"inLanguage\":\"de\"},{\"@type\":\"Person\",\"@id\":\"https:\/\/feminissima.de\/#\/schema\/person\/0b901e053624f88e7ecbea289d9d5128\",\"name\":\"admin\",\"image\":{\"@type\":\"ImageObject\",\"inLanguage\":\"de\",\"@id\":\"https:\/\/feminissima.de\/#\/schema\/person\/image\/\",\"url\":\"https:\/\/secure.gravatar.com\/avatar\/8da1f51327453c0bf63338e8e2a791948b7d2ac19b68839492d1e69aac6924a8?s=96&d=mm&r=g\",\"contentUrl\":\"https:\/\/secure.gravatar.com\/avatar\/8da1f51327453c0bf63338e8e2a791948b7d2ac19b68839492d1e69aac6924a8?s=96&d=mm&r=g\",\"caption\":\"admin\"},\"url\":\"https:\/\/feminissima.de\/index.php\/author\/admin\/\"}]}<\/script>\n<!-- \/ Yoast SEO plugin. -->","yoast_head_json":{"title":"PRESSE-SCHAU: Ha\u00dftiraden gegen Lehrer im Internet - Feminissima","robots":{"index":"index","follow":"follow","max-snippet":"max-snippet:-1","max-image-preview":"max-image-preview:large","max-video-preview":"max-video-preview:-1"},"canonical":"https:\/\/feminissima.de\/index.php\/2007\/11\/22\/presse-schau-hasstiraden-gegen-lehrer-im-internet\/","og_locale":"de_DE","og_type":"article","og_title":"PRESSE-SCHAU: Ha\u00dftiraden gegen Lehrer im Internet - Feminissima","og_description":"ausgew\u00e4hlt: SZ-ONLINE.de von heute:","og_url":"https:\/\/feminissima.de\/index.php\/2007\/11\/22\/presse-schau-hasstiraden-gegen-lehrer-im-internet\/","og_site_name":"Feminissima","article_published_time":"2007-11-22T18:51:57+00:00","author":"admin","twitter_card":"summary_large_image","twitter_misc":{"Verfasst von":"admin","Gesch\u00e4tzte Lesezeit":"7\u00a0Minuten"},"schema":{"@context":"https:\/\/schema.org","@graph":[{"@type":"WebPage","@id":"https:\/\/feminissima.de\/index.php\/2007\/11\/22\/presse-schau-hasstiraden-gegen-lehrer-im-internet\/","url":"https:\/\/feminissima.de\/index.php\/2007\/11\/22\/presse-schau-hasstiraden-gegen-lehrer-im-internet\/","name":"PRESSE-SCHAU: Ha\u00dftiraden gegen Lehrer im Internet - Feminissima","isPartOf":{"@id":"https:\/\/feminissima.de\/#website"},"datePublished":"2007-11-22T18:51:57+00:00","dateModified":"2007-11-22T18:51:57+00:00","author":{"@id":"https:\/\/feminissima.de\/#\/schema\/person\/0b901e053624f88e7ecbea289d9d5128"},"breadcrumb":{"@id":"https:\/\/feminissima.de\/index.php\/2007\/11\/22\/presse-schau-hasstiraden-gegen-lehrer-im-internet\/#breadcrumb"},"inLanguage":"de","potentialAction":[{"@type":"ReadAction","target":["https:\/\/feminissima.de\/index.php\/2007\/11\/22\/presse-schau-hasstiraden-gegen-lehrer-im-internet\/"]}]},{"@type":"BreadcrumbList","@id":"https:\/\/feminissima.de\/index.php\/2007\/11\/22\/presse-schau-hasstiraden-gegen-lehrer-im-internet\/#breadcrumb","itemListElement":[{"@type":"ListItem","position":1,"name":"Startseite","item":"https:\/\/feminissima.de\/"},{"@type":"ListItem","position":2,"name":"PRESSE-SCHAU: Ha\u00dftiraden gegen Lehrer im Internet"}]},{"@type":"WebSite","@id":"https:\/\/feminissima.de\/#website","url":"https:\/\/feminissima.de\/","name":"Feminissima","description":"","potentialAction":[{"@type":"SearchAction","target":{"@type":"EntryPoint","urlTemplate":"https:\/\/feminissima.de\/?s={search_term_string}"},"query-input":"required name=search_term_string"}],"inLanguage":"de"},{"@type":"Person","@id":"https:\/\/feminissima.de\/#\/schema\/person\/0b901e053624f88e7ecbea289d9d5128","name":"admin","image":{"@type":"ImageObject","inLanguage":"de","@id":"https:\/\/feminissima.de\/#\/schema\/person\/image\/","url":"https:\/\/secure.gravatar.com\/avatar\/8da1f51327453c0bf63338e8e2a791948b7d2ac19b68839492d1e69aac6924a8?s=96&d=mm&r=g","contentUrl":"https:\/\/secure.gravatar.com\/avatar\/8da1f51327453c0bf63338e8e2a791948b7d2ac19b68839492d1e69aac6924a8?s=96&d=mm&r=g","caption":"admin"},"url":"https:\/\/feminissima.de\/index.php\/author\/admin\/"}]}},"jetpack_featured_media_url":"","_links":{"self":[{"href":"https:\/\/feminissima.de\/index.php\/wp-json\/wp\/v2\/posts\/85034","targetHints":{"allow":["GET"]}}],"collection":[{"href":"https:\/\/feminissima.de\/index.php\/wp-json\/wp\/v2\/posts"}],"about":[{"href":"https:\/\/feminissima.de\/index.php\/wp-json\/wp\/v2\/types\/post"}],"author":[{"embeddable":true,"href":"https:\/\/feminissima.de\/index.php\/wp-json\/wp\/v2\/users\/2"}],"replies":[{"embeddable":true,"href":"https:\/\/feminissima.de\/index.php\/wp-json\/wp\/v2\/comments?post=85034"}],"version-history":[{"count":0,"href":"https:\/\/feminissima.de\/index.php\/wp-json\/wp\/v2\/posts\/85034\/revisions"}],"wp:attachment":[{"href":"https:\/\/feminissima.de\/index.php\/wp-json\/wp\/v2\/media?parent=85034"}],"wp:term":[{"taxonomy":"category","embeddable":true,"href":"https:\/\/feminissima.de\/index.php\/wp-json\/wp\/v2\/categories?post=85034"},{"taxonomy":"post_tag","embeddable":true,"href":"https:\/\/feminissima.de\/index.php\/wp-json\/wp\/v2\/tags?post=85034"}],"curies":[{"name":"wp","href":"https:\/\/api.w.org\/{rel}","templated":true}]}}