{"id":85033,"date":"2007-11-21T05:07:16","date_gmt":"2007-11-21T05:07:16","guid":{"rendered":"http:\/\/www.feminissima.de\/?p=85033"},"modified":"2007-11-21T05:07:16","modified_gmt":"2007-11-21T05:07:16","slug":"74-herbst-live-texte-11-07","status":"publish","type":"post","link":"https:\/\/feminissima.de\/index.php\/2007\/11\/21\/74-herbst-live-texte-11-07\/","title":{"rendered":"74 Herbst-live-Texte 11\/07"},"content":{"rendered":"<p>oh&#8230;so viele..? Und hier unter einem Dach!<\/p>\n<p>\n21. 11. &#8230;.Kein Auftauen zwischen Mehdorn &#038; Schell, ach was f\u00fcr ein Kreuz!!<\/p>\n<p>\n04 Uhr 37<\/p>\n<p>\n&#8230;nee,<\/p>\n<p>\nlangsam ist das nicht mehr witzig.<br \/>\n\u00dcberhaupt nicht.<br \/>\nHey, da gibt es Omas, <br \/>\ndie mit teuren Bahn-Cards <br \/>\nihre Enkel besuchen wollen.<br \/>\nEs weihnachtet&#8230;<br \/>\nKommt endlich in die Puschen!!<\/p>\n<p>821241.<\/p>\n<p>\ngestern: 1.220 \/heute: 180\/<\/p>\n<p>\nDer Text:<\/p>\n<p>\n&#8222;Die STASI-hat-\u00fcbernommen&#8220;<\/p>\n<p>\ninzwischen in fem&#038;Kultur jetzt, <\/p>\n<p>\nobgleich Unkultur&#8230;<\/p>\n<p>update: 04 Uhr 20&#8230;<\n\n<br \/>\ndie Nachtschicht noch immer munter!<\/p>\n<p>\nUnd unsere G\u00e4ste ja auch.<\/p>\n<p>Info zur FTD-Umfrage: <\/p>\n<p>\nLeider keine Zahl dabei, wieviel Leute geklickt haben..!!<\/p>\n<p>\nUnseri\u00f6s! <\/p>\n<p>\nMehr als 60%<\/p>\n<p>\nder Deutschen<\/p>\n<p>\nhalten nach einer<\/p>\n<p>\nnicht repr\u00e4sentativen Umfrage von<\/p>\n<p>\nFTD-online<\/p>\n<p>\ndie HARTZ IV-S\u00e4tze f\u00fcr zu niedrig.<\/p>\n<p>Ebenso viele glauben, <\/p>\n<p>\nda\u00df ihre private Vorsorge <\/p>\n<p>\nf\u00fcr ein gesichertes Alter<\/p>\n<p>\nnicht ausreiche.<\/p>\n<p>\n(Angst vorm Alter und Armut).<\/p>\n<p>\nEin Patt bei der Frage, <\/p>\n<p>\nob im Ausland bessere Job-Chancen.<\/p>\n<p>\n45% JA<\/p>\n<p>\n45 Prozent &#8222;Nein&#8220;.<\/p>\n<p>\nDie Atomkraft h\u00e4lt eine Mehrheit nicht f\u00fcr sicher. <\/p>\n<p>______<\/p>\n<p>Merkw\u00fcrdig gestern Abend die sonst von feminissima so gesch\u00e4tzte ARD-Sendung &#8222;PLUSMINUS&#8220; :<\/p>\n<p>\nAnhand des Beispiels einer gro\u00dfen M\u00f6belfirma<\/p>\n<p>\nsollte bewiesen werden, <\/p>\n<p>\ndass Leute mit &#8222;50 plus&#8220; im Pa\u00df\/Geburtsdatum <\/p>\n<p>\npl\u00f6tzlich wieder sehr gefragt seien.<\/p>\n<p>\n&#8222;Kunden wollen lieber von \u00c4lteren beraten werden.&#8220;<\/p>\n<p>\nDas mag sein. <\/p>\n<p>\nIst aber noch kein Beweis.<\/p>\n<p>\nDamit wurde gegen die endlich wieder durchgesetzte Verl\u00e4ngerung von AlG I &#8222;geschossen&#8220;.<\/p>\n<p>\nMit der hintertupfigen Argumentation der ewig Gestrigen, <\/p>\n<p>\ndie doch tats\u00e4chlich glauben, <\/p>\n<p>\ndie M\u00f6glichkeit f\u00fcr den Bezug eines l\u00e4ngeren Arbeitslosengeldes I<\/p>\n<p>\nbedeute, dass die Menschen auch tats\u00e4chlich l\u00e4nger arbeitslos seien.<\/p>\n<p>\nMit anderen Worten &#8211; <\/p>\n<p>\nals seien sie gerne arbeitslos.<\/p>\n<p>\nDabei wird ja von diesen Leuten immer unterschlagen, <\/p>\n<p>\ndass das AlG ja weit unter dem vorherigen Einkommen liegt. <\/p>\n<p>\nUnd dass danach das, <\/p>\n<p>\nwir bezeichnen es immer als &#8222;verbrecherisch&#8220; &#8211; <\/p>\n<p>\nalso der Zwangsabsturz in die Zwangs-Verarmung durch die sch\u00e4bigen HARTZ-IV- &#8222;Gesetze&#8220; <\/p>\n<p>\nerfolgt.<\/p>\n<p>\nEin MINUS also f\u00fcr PLUSMINUS.<\/p>\n<p>\nAm sozialpolitisch engagiertesten<\/p>\n<p>\nund analytisch-gesellschaftskritischsten bei der PLUSMINUS-Runde<\/p>\n<p>\nist jeweils der SAARL\u00c4NDISCHE RUNDFUNK.<\/p>\n<p>\nVon dem ansonsten der Rest der ARD-Gemeinde viel zu wenig sieht. <\/p>\n<p>\nWarum wird der SR so ausgeklinkt?<\/p>\n<p>\nWie auch RADIO BREMEN?<\/p>\n<p>\nDie Sender existieren doch noch!<\/p>\n<p>__________<\/p>\n<p>K\u00f6ln.<\/p>\n<p>\nDas ungeheure Dilemma. gleich mehr.<\/p>\n<p>\nUnd was es bedeutet, <\/p>\n<p>\ngesellschaftspolitisch, <\/p>\n<p>\nwenn sich Sch\u00fcler\/Jugendlich auf einer neuen Site namens<\/p>\n<p>\nSEELSORGEvz austauschen&#8230;.<\/p>\n<p>\nNa, liegt auf der Hand. <\/p>\n<p>\nDas Total-Versagen der realen Gesellschaft wie Eltern, Sender etc.<\/p>\n<p>\nDenn Jugendfunk ist ja nicht mehr, nirgends. <\/p>\n<p>\n&#8222;FRITZ&#8220; von&#8230;?? <\/p>\n<p>\nist mehr albern.<\/p>\n<p>Bei feminissima hoben sich mehr als zwei Augenbrauen, <\/p>\n<p>\nals die Meldungen kamen, <\/p>\n<p>\nder vorgebliche, angebliche &#8230;<\/p>\n<p>\nAmokl\u00e4ufer habe sich nach der Vernehmung durch die Polizei <\/p>\n<p>\nvor eine Stra\u00dfenbahn geworfen. <\/p>\n<p>\nDas noch viel Beunruhigerende daran war, so schien uns, <\/p>\n<p>\ndass dies mit ..ja, es schien so&#8230;<\/p>\n<p>\neiner gewissen Befriedigung vermeldet wurde. <\/p>\n<p>\nKommt weiterhin beunruhigt durch die Nacht&#8230;<\/p>\n<p>Dass jetzt erst rauskommt, <\/p>\n<p>\nwie wir ..ha, Sch\u00e4uble ist \u00fcberall!!<\/p>\n<p>\nbereits \u00fcberwacht werden, <\/p>\n<p>\nohne es zu wissen&#8230;<\/p>\n<p>\n>das Scannen von Auto-Nummernschildern&#8230;<\/p>\n<p>\nerscheint uns bedrohlicher, <\/p>\n<p>\nals das gerade passend wie herbeigezauberte angebliche neue &#8222;Droh-Video&#8220; <\/p>\n<p>\nnicht n\u00e4her genannter und nat\u00fcrlich &#8222;islamistischer&#8220;, was sonst, doch nicht etwas deutsche Geheimdienstler..!!<\n\n<br \/>\nja, ja, &#8230;das B\u00f6se ist immer-und-\u00fcberall.<\/p>\n<p>\nVor allem in dieser Regierung.<\/p>\n<p>\n______<\/p>\n<p>Hihi&#8230;es gibt ja tats\u00e4chlich noch den Herrn, wie hie\u00df er noch gleich&#8230;?<\/p>\n<p>\nLandwirtschaftsminister aus Bayern..<\/p>\n<p>\nName vergessen, Seehofer..?<\/p>\n<p>\nWeil die herrlichst subventionierten uns dabei vergiftenden deutschen Bauern jetzt mal weniger in die Taschen gesteckt kriegen sollen, <\/p>\n<p>\ndank Br\u00fcssel.<\/p>\n<p>Da ist der Mann dagegen. <\/p>\n<p>\nWir sind aber schwer DAF\u00dcR.<\/p>\n<p>\nWarum werden denn andere Berufsgruppen nicht so f\u00fcrstlich-k\u00f6niglich seit Jahrzehnten aus Br\u00fcssel alimentiert&#8230;?????<\/p>\n<p>K\u00dcNSTLER &#8230;.etwa&#8230;???<\/p>\n<p>_________<\/p>\n<p>SUPERDOOF und typisch kleinkariert-Berlin finden wir, <\/p>\n<p>\ndass nun haha&#8230;<\/p>\n<p>\nja, die Falschen immer am Hebel der Macht!<\/p>\n<p>\nDie Macht der Unf\u00e4higen&#8230;!<\/p>\n<p>\nBesonders in Berliner SPD-Sagens-Kreisen!<\/p>\n<p>\nWeil die Mehrheit der Berliner B\u00fcrger f\u00fcr den Erhalt des Flughafens Tempelhof ist, <\/p>\n<p>\nsollen die Gelder f\u00fcr die Sanierung der weltrenommierten STAATSOPER UNTER DEN LINDEN<\/p>\n<p>\nnicht rausger\u00fcckt werden!<\/p>\n<p>Alle zur\u00fccktreten!<\/p>\n<p>\nUnd wo ist eigentlich der Dauer-CDU-Mann aus Bremen geblieben?<\/p>\n<p>\nVoll \u00fcberfordert &#8230;auch der total-falsche Mann!<\/p>\n<p>\n(sagten wir schon ewig und immer)<\/p>\n<p>\nauf dem Posten des &#8222;Staats-Kulturministers&#8220; &#8211; <\/p>\n<p>\nBernd Neumann aus Bremen.<\/p>\n<p>Sonst h\u00e4tter der sich doch jetzt wenigstens mal ger\u00e4uspert.<\/p>\n<p>Auch der Schwachsinn mit der Schlie\u00dfung der kleinen Bibliotheken..in Berlin, <\/p>\n<p>\nw\u00e4hrend die ZentralBibliothek und so&#8230;<\/p>\n<p>\nGeld ohne Ende, na, auch nicht, aber!<\/p>\n<p>\nDie Zentralisierung erinnert halt zu arg, <\/p>\n<p>\nan den KonsumTerror durch den Zusammenschlu\u00df der Ern\u00e4hrungsgiganten, <\/p>\n<p>\ngab es \u00fcbrigens nicht mal irgendwo ein KARTELLAMT??<\/p>\n<p>\nALLE BESTOCHEN oder wie oder was&#8230;??????????????????????<\/p>\n<p>\nDas bezog sich jetzt auf die Ern\u00e4hrungs-Mafia.<\/p>\n<p>Es ist jetzt Viertel nach 2,<\/p>\n<p>\nund 90 Nightriders sind noch unterwegs bei uns gewesen, <\/p>\n<p>\nhaben reingeschaut.<\/p>\n<p>\u00dcbrigens,<\/p>\n<p>\nwir ziehen noch dieses Jahr um, jawoll!<\/p>\n<p>\nGenug von all dem Industrie-&#038;-Auto-L\u00e4rm am Kaiserdamm.<\/p>\n<p>\nWir ziehen in den OSTEN.<\/p>\n<p>\nNach WEISSENSEE.<\/p>\n<p>\nUnd basteln an einer dann &#8230;.<\/p>\n<p>\nja&#8230;freut Euch&#8230;<\/p>\n<p>\nSTADTTEIL-Zeitung&#8230;<\/p>\n<p>\nnat\u00fcrlich f\u00fcr ganz Berlin und weltweit&#8230;.PRINT!&#8230;Zeitungspapier.<\/p>\n<p>Ja!!<\/p>\n<p>Aber FEMINISSIMA bleibt, claro!<\/p>\n<p>(&#8222;Wir basteln uns ein kleines Medien-Konzern-chen&#8230;hihi&#8230;wo sind Kleber und Schere&#8230;??)<\/p>\n<p>\nDer typografische Entwurf steht schon. <\/p>\n<p>\nMit viel WEISS&#8230;klar doch.<\/p>\n<p>\nFarbe als Gestaltung. <\/p>\n<p>\nUnd &#8211; Emptiness als space.<\/p>\n<p>\nDer Satz ist von einer Koriph\u00e4e, nicht von uns. <\/p>\n<p>\nBedeutet &#8211; weniger ist mehr.<\/p>\n<p>\nVollgestopft ist Ramsch.<\/p>\n<p>AUS: &#8222;THE ELEMENTS OF GRAPHIC DESIGN&#8220;.<\/p>\n<p>Hier k\u00f6nnen wir ja blo\u00df schreiben. <\/p>\n<p>\nDort k\u00f6nnen wir dann auch gestalten.<\/p>\n<p>\n21. 11. &#8230;.Kein Auftauen zwischen Mehdorn &#038; Schell, ach was f\u00fcr ein Kreuz!!<\/p>\n<p>20.11 &#8230;&#8230;&#8230;&#8230;&#8230;&#8230;&#8230;MARCO &#8230;&#8230;&#8230;&#8230;&#8230;&#8230;&#8230;&#8230;&#8230;<\/p>\n<p>820686.<\/p>\n<p>\n16 Uhr 47 in Berlin.<\/p>\n<p>Wieder wurde sein Proze\u00df vertagt.<\/p>\n<p>\nUnd wieder wurde Marco nicht aus der Unteruchungshaft entlassen.<\/p>\n<p>\nSeit sieben Monaten sitzt er im Antalya-Knast.<\/p>\n<p>\nIm Internet wird jetzt zu SITZ-BLOCKADEN<\/p>\n<p>\nvor der T\u00dcRKISCHEN BOTSCHAFT aufgerufen.<\/p>\n<p>\nAm Wochenende fand eine Mahnwache f\u00fcr MARCO<\/p>\n<p>\nvor dem Brandenburger Tor in Berlin statt.<\/p>\n<p>\nIm <\/p>\n<p>\nW\u00fcrgegriff<\/p>\n<p>\neiner unf\u00e4higen Justiz.<\/p>\n<p>\nDie sich zu politischen Zwecken instrumentalisieren l\u00e4sst.<\/p>\n<p>Heute nimmt MARCO in den Nachrichten den Stellenwert<\/p>\n<p>\ndes Endlos-Krachs zwischen Mehdorn und Schell ein.<\/p>\n<p>Nein, da ist noch etwas anderes dabei.<\/p>\n<p>\nMenschen brechen in Tr\u00e4nen aus \/und\/oder ballen die Faust.<\/p>\n<p>\nDie einen wollen nie wieder ins &#8222;bigotte England&#8220; reisen,<\/p>\n<p>\ndie anderen nie und sowieso \u00fcberhaupt nie &#8211; in die T\u00fcrkei.<\/p>\n<p>MARCO heute in den politischen Hintergrundsgespr\u00e4chen Thema.<\/p>\n<p>\nIn ernstzunehmenden Sendern und Redaktionen.<\/p>\n<p>\nIn den Nachrichten.<\/p>\n<p>Im Interview mit dem Vorsitzenden des deutschen Richterbunds, im INFO-RADIO von rbb <\/p>\n<p>\nwar der Tenor eindeutig:<\/p>\n<p>Wieso darf die Ankl\u00e4gerin so lange damit warten,<\/p>\n<p>\nihre Aussage zu machen.<\/p>\n<p>\nUnd anders, wieso braucht es so lange, <\/p>\n<p>\nbis die Aussagen \u00fcbersetzt sind.<\/p>\n<p>\nUnd dann wieder, <\/p>\n<p>\nwieso &#8222;wei\u00df&#8220; der SPIEGEL so viel?<\/p>\n<p>\nWenn doch MARCOS Anw\u00e4lte keinen Einblick<\/p>\n<p>\nin Marcos Akten erhalten??<\/p>\n<p>Ein sogar im SPIEGEL selbst ver\u00f6ffentlichter Leserbrief prangert die Machenschaften des SPIEGEL an.<\/p>\n<p>\nNun seien Marcos Chancen auf einen fairen Prozess noch weiter gesunken.<\/p>\n<p>Was hei\u00dft hier NOCH FAIR????<\/p>\n<p>Jemand anders fragt, <\/p>\n<p>\nwieso wird die Mutter der kleinen<\/p>\n<p>\nEngl\u00e4nderin nicht wegen verschlampter Aufsichtspflicht drangekriegt?<\/p>\n<p>\nUnd was ist mit Marcos Unschuldsvermutung?<\/p>\n<p>\nBekommt Recht, wer ZUERST anzeigt?<\/p>\n<p>\nEine Halb-Engl\u00e4nderin schreibt &#8211; &#8222;we are British &#8211; we want Sex&#8220;&#8230;.<\/p>\n<p>Nein, zum Scherzen kein Anlass.<\/p>\n<p>MARCO IST DAS OPFERLAMM unterschwelliger Animosit\u00e4ten im Triangel DEUTSCHLAND-ENGLAND-T\u00dcRKEI.<\/p>\n<p>Es wurde irgendwo noch kl\u00fcger formuliert.<\/p>\n<p>\nEngland will Deutschland eins auswischen.<\/p>\n<p>\nDie T\u00fcrkei ganz Europa.<\/p>\n<p>Aber wo liegt die Wahrheit?<\/p>\n<p>\n21. 11. &#8230;.Kein Auftauen zwischen Mehdorn &#038; Schell, ach was f\u00fcr ein Kreuz!!<\/p>\n<p>20.11 &#8230;&#8230;&#8230;&#8230;&#8230;&#8230;&#8230;MARCO &#8230;&#8230;&#8230;&#8230;&#8230;&#8230;&#8230;&#8230;&#8230;<\/p>\n<p>20.11. Schon geh\u00f6rt? Heute ist Tag des Internationalen Stra\u00dfenkindes.<\/p>\n<p>\nSie z\u00e4hlen die Zahlen auf.<\/p>\n<p>\nWeltweit.<\/p>\n<p>\nAber nicht, <\/p>\n<p>\nwas dagegen<\/p>\n<p>\nzu tun <\/p>\n<p>\nsei.<\/p>\n<p>Das Orakel,<\/p>\n<p>\nsiehe Nacht-Text,<\/p>\n<p>\nsagt bei genauer Betrachung und Interpretation <\/p>\n<p>\nalways the same:<\/p>\n<p>&#8222;Handle edel&#8220;.<\/p>\n<p>\n21. 11. &#8230;.Kein Auftauen zwischen Mehdorn &#038; Schell, ach was f\u00fcr ein Kreuz!!<\/p>\n<p>20.11 &#8230;&#8230;&#8230;&#8230;&#8230;&#8230;&#8230;MARCO &#8230;&#8230;&#8230;&#8230;&#8230;&#8230;&#8230;&#8230;&#8230;<\/p>\n<p>20.11. Schon geh\u00f6rt? Heute ist Tag des Internationalen Stra\u00dfenkindes.<\/p>\n<p>20.11&#8230;.BILD zelebriert am 3. Tag in Folge 19. Jahrhundert&#8230;.wie abgeschmackt<\/p>\n<p>&#8230;<\/p>\n<p>820443.<\/p>\n<p>\nheute: 602 &#8211; willkommen!<\/p>\n<p>12 Uhr 49 in Berlin.<\/p>\n<p>\nMaschinen und Menschen haben Mittagspausen.<\/p>\n<p>\nM\u00e4nnern<\/p>\n<p>\n.. gegen\u00fcber<\/p>\n<p>\nw\u00fcrden sie sich einen<\/p>\n<p>\nsolchen Affentanz wohl <\/p>\n<p>\nnicht getrauen.<\/p>\n<p>\nNa, es geht um das angebliche<\/p>\n<p>\nLiebes-Lesben-Bekenntnis von Anne Will.<\/p>\n<p>\nUnd heute, am 3. Tag hintereinander, <\/p>\n<p>\nwann ist das ausgequetscht?<\/p>\n<p>\nnach einem oberd\u00fcmmlich-megadumm-banalen-sexistischen-frauenverachtenden-Brief-von-Dummbo-Wagner&#8230;<\/p>\n<p>\ngestern,<\/p>\n<p>\nach, lassen wir das.<\/p>\n<p>\nSchenken wir diesen M\u00e4nnern von vor-vor-vorgestern <\/p>\n<p>\neinfach keine Beachtung mehr:<\/p>\n<p>\nWERDEN WIR DOCH AM BESTEN <\/p>\n<p>\nALLE NUR NOCH-FRAUEN-LIEBEND!<\/p>\n<p>Dann schauen sie aber!<\/p>\n<p>\nVerlassen..aus der W\u00e4sche..!!<\/p>\n<p>\nLes machos!<\/p>\n<p>In den 70er Jahren<\/p>\n<p>\ngab es ja schon einmal den Begriff <\/p>\n<p>\n&#8218;Bewegungslesbe&#8216;<\/p>\n<p>na, man mu\u00df halt alles in die Schubladen<\/p>\n<p>\nund etikettieren&#8230;<\/p>\n<p>g\u00e4hn&#8230;.!!!<\/p>\n<p>\n21. 11. &#8230;.Kein Auftauen zwischen Mehdorn &#038; Schell, ach was f\u00fcr ein Kreuz!!<\/p>\n<p>20.11 &#8230;&#8230;&#8230;&#8230;&#8230;&#8230;&#8230;MARCO &#8230;&#8230;&#8230;&#8230;&#8230;&#8230;&#8230;&#8230;&#8230;<\/p>\n<p>20.11. Schon geh\u00f6rt? Heute ist Tag des Internationalen Stra\u00dfenkindes.<\/p>\n<p>20.11&#8230;.BILD zelebriert am 3. Tag in Folge 19. Jahrhundert&#8230;.wie abgeschmackt<\/p>\n<p>&#8230;&#8230;&#8230;..-hey-hey-hey&#8230;..workin&#8216; free&#8230; in harmony&#8230;&#8230;<\/p>\n<p>Aktuell jetzt 9 Uhr57<\/p>\n<p>\nDie Au\u00dfenseite der Balkont\u00fcr wird maschinell abgeschliffen.<\/p>\n<p>\nDie Innen-Balkont\u00fcr.<\/p>\n<p>\nDie Au\u00dfenbalkont\u00fcr wurde gestern ausgeh\u00e4ngt&#8230;<\/p>\n<p>\nlast page view:<\/p>\n<p>\n820285.<\/p>\n<p>\ngestern: 3.862<\/p>\n<p>\nheute: 444 &#8211; willkommen!<\/p>\n<p>\nUnd eben war es noch:<\/p>\n<p>\n&#8222;gleich 9 Uhr 30&#8243;&#8230;<\/p>\n<p>Ganz inoffiziell..juchhu&#8230;!<\/p>\n<p>\nsollen sich ja heute im Untergrund..<\/p>\n<p>\ndie beiden M\u00e4nner Mehdorn &#038; Schell treffen&#8230;!!!!!!<\/p>\n<p>\nDr\u00fccken wir ihnen die Daumen&#8230;!<\/p>\n<p>Dass beide ein gewisses Augenma\u00df&#8230;f\u00fcr uns&#8230;ach bittsch\u00f6n!!!!!<\/p>\n<p>..einen<\/p>\n<p>\nwundersch\u00f6nen<\/p>\n<p>\nguten Morgen an diesem 20. November!<\/p>\n<p>\nIn Berlin lacht eine Sonne, eiskalt!<\/p>\n<p>\nAber strahlend!<\/p>\n<p>\nCrissy wirft das Layout an, hold on!<\/p>\n<p>..one fine day&#8230;we&#8217;ll fly away&#8230;.<\/p>\n<p>\nherrlicher Song, oder..?<\/p>\n<p>\nDa rockst du doch gleich durchs ganze Zimmer&#8230;<\/p>\n<p>\nStaubraupen hin oder her&#8230;<\/p>\n<p>\nund bietest dem Bau-Arbeiter auf dem Ger\u00fcst vor deinem Balkon<\/p>\n<p>\neinen frisch-aufgebr\u00fchten Kaffee an,<\/p>\n<p>\ner lehnt ab, darf er wohl nicht?<\/p>\n<p>\nEine nicht im Arbeitsplan vorgesehene Pause?<\/p>\n<p>\nEr darf nicht Kaffee trinken, wann ER will&#8230;?<\/p>\n<p>Und jetzt mal wieder hingesetzt, los, <\/p>\n<p>\nist aber schwer, nachdem <\/p>\n<p>\nLAMB aufgelegt&#8230;<\/p>\n<p>\ndie haben sich aufgel\u00f6st oder?<\/p>\n<p>\nSchon l\u00e4nger, oder?<\/p>\n<p>\nErf\u00fcllt dich mit innerlich Gro\u00dfr\u00e4umigem, ihre Musik, nicht?<\/p>\n<p>\nBreitwandig, irgendwie.<\/p>\n<p>Ja, die bevorstehende, <\/p>\n<p>\nja offensichtlich <\/p>\n<p>\nschon l\u00e4ngst beschlossene Schlie\u00dfung<\/p>\n<p>\ndiverser kleiner (it was cosy, you know!)<\/p>\n<p>\nStadtteilbibliothekn in Berlin <\/p>\n<p>Das hat ja alles noch ganz ganz ganz <\/p>\n<p>\nandere Aspekte.<\/p>\n<p>\nNicht nur dieses bittere, <\/p>\n<p>\n&#8222;ich mu\u00df ab 1.1. 2008 drau\u00dfenbleiben&#8220; &#8211; <\/p>\n<p>\ngeh\u00f6re zu den 10 Entlassenen, <\/p>\n<p>\n&#8222;zwecks Optimierung&#8220;&#8230;<\/p>\n<p>\nnein-nein, da entwickeln sich von jetzt auf gleich.<\/p>\n<p>\nneue gruppendynamische Prozesse.<\/p>\n<p>\nUnd da fallen auch S\u00e4tze, die dir als Ex-Wessi zeigen ,<\/p>\n<p>\nverdeutlichen, <\/p>\n<p>\nwelche versteckten&#8230;br\u00fchenden-gl\u00fchenden&#8230;<\/p>\n<p>\nAnimosit\u00e4ten&#8230;<\/p>\n<p>\nunter ..Ex-Ossis&#8230;.<\/p>\n<p>und wir, <\/p>\n<p>\ndie wir gegen die Schlie\u00dfungen ank\u00e4mpfen, <\/p>\n<p>\nmit Worten, Gef\u00fchlen&#8230;Argumenten..?<\/p>\n<p>\nauch wir erleben etwas Neues..wieder&#8230;<\/p>\n<p>\nein flammendes Gef\u00fchl von Emp\u00f6rung, <\/p>\n<p>\nund eine j\u00e4h entstandene GEMEINSCHAFT \u00e4hnlich Gesonnener\/Gesinnter..<\/p>\n<p>\nAber nicht parteipolitisch, sondern kunst-&#038; &#8211; &#8218;human-politisch&#8217;&#8230;unsch\u00f6nes Wort.<\/p>\n<p>\nStell dir ein Quadrat vor. <\/p>\n<p>\nSeine vier Seiten.<\/p>\n<p>\nSo sind die Gruppierungen.<\/p>\n<p>\nHier die Eltern und ihre Kinder in Prenzlauer Berg.<\/p>\n<p>\nSie wollen ihre Bibliothek im ELIAS HOF behalten, <\/p>\n<p>\nist ja auch zugleich ne Musikbibliothek und Kinderbibliothek, <\/p>\n<p>\nnur eine T\u00fcr vom Kinder-MITMACH-MUSEUM getrennt.<\/p>\n<p>\nArgument: &#8222;Kurze Wege. Gewachssenes Kiez-Dorf-Gef\u00fchl.<\/p>\n<p>\nDie Kinder sind auch allein in der Bibliothek.<\/p>\n<p>\nW\u00e4re in einer Gro\u00dfraum-Bibliothek nicht m\u00f6glich.<\/p>\n<p>Die andere Gruppe&#8230;die KULTURSCHAFFENDEN.<\/p>\n<p>\nDie aus allen Aspekten,<\/p>\n<p>\nund auch des Bewahrens heraus, <\/p>\n<p>\nneben allem Experimentellen, <\/p>\n<p>\ndie weitere pure Verkommerzialisierung von Kollwitz-Platz und Helmholtz-Platz, verhindern wollen, <\/p>\n<p>\nnur KULTUR kann ein Bollwerk dagegen sein, <\/p>\n<p>\ndie in der Schlie\u00dfung der ELIASHOF-BIBLIOTHEK ein \u00fcbles Signal sehen&#8230;<\/p>\n<p>\ndie sich auch beklagen, <\/p>\n<p>\n\u00fcber die Wohnungen, <\/p>\n<p>\ndie nach Sanierung nicht mehr f\u00fcr das Vor-ort-Klientel bezahlbar sind. <\/p>\n<p>\nDas ist eine sehr lebendige und kr\u00e4ftige Gruppe:<\/p>\n<p>\nund eine Mehrheit mit DDR-Vergangenheit..<\/p>\n<p>\ndass hier ausgerechnet in Pankow so zugeschlagen wird, <\/p>\n<p>\nweckt b\u00f6se Erinnerungen und auch S\u00e4tze.<\/p>\n<p>\nJa, und als Phalanx dann gegen\u00fcber auf &#8222;Seite vier&#8220; des Quadrats dann also &#8222;die Bonzen&#8220;, <\/p>\n<p>\nwie die Parteipolitiker genannt werden.<\/p>\n<p>\nDie als unoffen, hinterfotzig bis zu &#8222;wehrlose Marionetten&#8220; <\/p>\n<p>\nbezeichnet werden.<\/p>\n<p>Es kommt etwas in Bewegung.<\/p>\n<p>Und jetzt auf vielfachen Wunsch &#8230;&#8220;Midnight-Moon&#8220;&#8230;von SHIVA&#8230;<\/p>\n<p>\nh\u00f6rst du nur bei uns<\/p>\n<p>\nyour online-live-programme<\/p>\n<p>\naus Berlin. <\/p>\n<p>\nBeim letzten Ton war es:<\/p>\n<p>neun-uhr-f\u00fcnfundvierzig.<\/p>\n<p>\nDie Sinfonie der Industrie-Ger\u00e4usche dringt nur noch <\/p>\n<p>\ndezent durch die aufgelegte<\/p>\n<p>\nInnen-Raum-Beschallung, nein..MUSIK&#8230;<\/p>\n<p>\nDer Vorteil:<\/p>\n<p>\ndu kannst voll aufdrehen.<\/p>\n<p>\nUnd bist selbst auch voll aufgedreht&#8230;!<\/p>\n<p>\n21. 11. &#8230;.Kein Auftauen zwischen Mehdorn &#038; Schell, ach was f\u00fcr ein Kreuz!!<\/p>\n<p>20.11 &#8230;&#8230;&#8230;&#8230;&#8230;&#8230;&#8230;MARCO &#8230;&#8230;&#8230;&#8230;&#8230;&#8230;&#8230;&#8230;&#8230;<\/p>\n<p>20.11. Schon geh\u00f6rt? Heute ist Tag des Internationalen Stra\u00dfenkindes.<\/p>\n<p>20.11&#8230;.BILD zelebriert am 3. Tag in Folge 19. Jahrhundert&#8230;.wie abgeschmackt<\/p>\n<p>&#8230;&#8230;&#8230;..-hey-hey-hey&#8230;..workin&#8216; free&#8230; in harmony&#8230;&#8230;<\/p>\n<p>20. 11. &#8230;.willkommen&#8230;<\/p>\n<p>01 Uhr 30:<\/p>\n<p>\n819872.<\/p>\n<p>\ngestern: 3.862<\/p>\n<p>\nheute: 31 &#8211; willkommen!<\/p>\n<p>\nDas Orakel sagt:<\/p>\n<p>&#8222;Gro\u00dfz\u00fcgigkeit in den Augen des Volkes.<\/p>\n<p>\nUm seine Position zu st\u00e4rken, <\/p>\n<p>\nist es wichtig,<\/p>\n<p>\ndie Herzen seiner Untergebenen zu gewinnen.<\/p>\n<p>Das gilt auch f\u00fcr die Dinge, <\/p>\n<p>\ndie wir tun:<\/p>\n<p>je mehr sie uns bedeuten, <\/p>\n<p>\numso williger setzen wir uns ein:<\/p>\n<p>Eine gute Beziehung zwischen Regierung und Volk<\/p>\n<p>\nist die Quelle f\u00fcr den Erfolg<\/p>\n<p>\neiner Gemeinschaft.&#8220;<\/p>\n<p>FEMINISSIMA: <\/p>\n<p>\nDas L\u00f6sungswort hei\u00dft VERTRAUEN.<\/p>\n<p>\nVertrauen in andere.<\/p>\n<p>\nUnd in dich selbst.<\/p>\n<p>\nGib einem Dieb deine Sachen, <\/p>\n<p>\nund bitte ihn,<\/p>\n<p>\ndarauf aufzupassen.<\/p>\n<p>\nUnd er wird dir nichts wegnehmen.<\/p>\n<p>Sag einem Kind,<\/p>\n<p>\ndu kannst das,<\/p>\n<p>\nund es wird ein gelehriger Sch\u00fcler.<\/p>\n<p>\nLass alle vorgefassten Meinungen fallen,<\/p>\n<p>\nund beginne neu.<\/p>\n<p>Kommt noch gut durch die Nacht.<\/p>\n<p>\n21. 11. &#8230;.Kein Auftauen zwischen Mehdorn &#038; Schell, ach was f\u00fcr ein Kreuz!!<\/p>\n<p>20.11 &#8230;&#8230;&#8230;&#8230;&#8230;&#8230;&#8230;MARCO &#8230;&#8230;&#8230;&#8230;&#8230;&#8230;&#8230;&#8230;&#8230;<\/p>\n<p>20.11. Schon geh\u00f6rt? Heute ist Tag des Internationalen Stra\u00dfenkindes.<\/p>\n<p>20.11&#8230;.BILD zelebriert am 3. Tag in Folge 19. Jahrhundert&#8230;.wie abgeschmackt<\/p>\n<p>&#8230;&#8230;&#8230;..-hey-hey-hey&#8230;..workin&#8216; free&#8230; in harmony&#8230;&#8230;<\/p>\n<p>20. 11. &#8230;.willkommen&#8230;<\/p>\n<p>19.11. ..Feinstaub, \u00fcberall, auch auf dem Bildschirm..<\/p>\n<p>22 Uhr 57 <\/p>\n<p>819821.<\/p>\n<p>\ngestern: 4.649<\/p>\n<p>\nheute: 3.842<\/p>\n<p>willkommen.<\/p>\n<p>\n..21 Uhr 53&#8230;<\/p>\n<p>\nnix iss heute Abend mit <\/p>\n<p>\nKuchenbergen und Sammeltassen..<\/p>\n<p>Flucht am Mittag, <\/p>\n<p>\nals alles zu viel wurde.<\/p>\n<p>\nDas Tuckern war der neue Stra\u00dfenaufri\u00df.<\/p>\n<p>\nWas ist am Kaiserdamm und immer an derselben Stelle&#8230;<\/p>\n<p>\ndenn blo\u00df los?<\/p>\n<p>\nWas haben die Menschen hier verbrochen, <\/p>\n<p>\nderart \u00fcber Monate mit Sta\u00dfenaufrissen gequ\u00e4lt zu werden&#8230;?<\/p>\n<p>UNERTR\u00c4GLICH.<\/p>\n<p>\nMit etwas frischer Luft in den Lungen&#8230;<\/p>\n<p>\ndrau\u00dfen&#8230;von Wei\u00dfensee..<\/p>\n<p>\neine S-Bahn Station hinter Prenzlauer Allee.<\/p>\n<p>Hier aber &#8211; riecht alles nach Bau,<\/p>\n<p>\nnach M\u00f6rtel, nach allem..<\/p>\n<p>\nnur nicht nach Behaglichkeit.<\/p>\n<p>Aber das mu\u00df ja sein, die Renovierung.<\/p>\n<p>\nDie kommt dazu.<\/p>\n<p>\nZu den monatelangen Stra\u00dfenaufrissen per Elektro-Pressluft-Hammer&#8230;<\/p>\n<p>Die Au\u00dfenfenster sind abmontiert.<\/p>\n<p>\nJetzt h\u00f6rst du den Kaiserdamm noch kon-kreter.<\/p>\n<p>Husten kommt auf. <\/p>\n<p>\nIm Hintergrund k\u00fcmmert sich SWR-REPORT unerm\u00fcdlich erneut um die GESCHLAGENEN in Altenpflegeheimen.<\/p>\n<p>\nES H\u00d6RT NICHT AUF!!!!<\/p>\n<p>\nWo bleibt die AUFSICHT???????????<\/p>\n<p>\n21. 11. &#8230;.Kein Auftauen zwischen Mehdorn &#038; Schell, ach was f\u00fcr ein Kreuz!!<\/p>\n<p>20.11 &#8230;&#8230;&#8230;&#8230;&#8230;&#8230;&#8230;MARCO &#8230;&#8230;&#8230;&#8230;&#8230;&#8230;&#8230;&#8230;&#8230;<\/p>\n<p>20.11. Schon geh\u00f6rt? Heute ist Tag des Internationalen Stra\u00dfenkindes.<\/p>\n<p>20.11&#8230;.BILD zelebriert am 3. Tag in Folge 19. Jahrhundert&#8230;.wie abgeschmackt<\/p>\n<p>&#8230;&#8230;&#8230;..-hey-hey-hey&#8230;..workin&#8216; free&#8230; in harmony&#8230;&#8230;<\/p>\n<p>20. 11. &#8230;.willkommen&#8230;<\/p>\n<p>19.11. ..Feinstaub, \u00fcberall, auch auf dem Bildschirm..<\/p>\n<p>19.11. &#8230;j&#8217;ai rendez-vous avec vous&#8230;<\/p>\n<p>819600.<\/p>\n<p>\ngestern: 4.649.<\/p>\n<p>\nheute: 3.621<\/p>\n<p>Guten Morgen!<\/p>\n<p>\nGleich halb elf.<\/p>\n<p>\nSonne..\u00fcberzeugend.<\/p>\n<p>\nUnd das Haus wird renoviert!<\/p>\n<p>Ja.<\/p>\n<p>\nDa kriegst du Respekt.<\/p>\n<p>Wenn hinterher die Fassaden so nett ausschaun,<\/p>\n<p>\nda hast du ja keine Ahnung mehr,<\/p>\n<p>\nwie die vorher drauf waren!<\/p>\n<p>\nUnd was da von morgens&#8230;fr\u00fchmorgens&#8230;<\/p>\n<p>\nbis sp\u00e4t..oft,<\/p>\n<p>\nin den Nachmittag hinein&#8230;<\/p>\n<p>\ngearbeitet wird, <\/p>\n<p>\nund fast<\/p>\n<p>\nbei jedem Wetter!<\/p>\n<p>Momenti &#8211; !<\/p>\n<p>\nGerade wird<\/p>\n<p>\ndie Au\u00dfent\u00fcr vom Balkon herausgenommen..<\/p>\n<p>\nnun, das Verb ist leich bl\u00e4sslich-untertrieben.<\/p>\n<p>\nDenn ohne technische Nach-Hilfe geht das nicht.<\/p>\n<p>\nDas hing fest seit wohl&#8230;bald 70 Jahren oder so.<\/p>\n<p>Macht aber alles gar nichts.<\/p>\n<p>\nDie Jungs sind nett, <\/p>\n<p>\nund ob da gespachtelt oder geh\u00e4mmert oder geklopft wird, <\/p>\n<p>\nmacht ja gar nichts,<\/p>\n<p>\ntut der Konzentration gar keinen Harm an, <\/p>\n<p>denn:<\/p>\n<p>\n&#8222;J&#8217;ai Rendez-Vous avec Vous..&#8220;<\/p>\n<p>(Ein Chanson von Georges Brassens, <\/p>\n<p>\n&#8222;Ich bin mit dir verabredet&#8230;..!&#8220;)<\/p>\n<p>Und von Juni bis September<\/p>\n<p>\nwurden ja direkt vor dem Haus..<\/p>\n<p>\nauf dem Kaiserdamm..<\/p>\n<p>\ndie Uralt-Fernw\u00e4rme-Rohre ausgetauscht.<\/p>\n<p>\nGegen neue.<\/p>\n<p>\nJa, eigentlich fehlt dir fast was,<\/p>\n<p>\nan Industrieger\u00e4uschen.<\/p>\n<p>\nDoch keine Bange, <\/p>\n<p>\nunweit blubbert so ein Maschinchen, <\/p>\n<p>\nErsatz-Aggregator-Aligator oder Mini-Elektro-<\/p>\n<p>\nPressluft-H\u00e4mmer oder wie das alles hei\u00dft&#8230;<\/p>\n<p>\nes w\u00e4re ein Musical wert&#8230;<\/p>\n<p>&#8222;Die Industrie-Sinfonie&#8230;<\/p>\n<p>und dann tief-groovig als Refrain, <\/p>\n<p>\nim Chor:<\/p>\n<p>&#8222;LET THE SUNSHINE IN&#8230;!&#8220;<\/p>\n<p>\nund: &#8222;OH HAPPY DAY-AY&#8230;..!&#8220;<\/p>\n<p>Genau.<\/p>\n<p>\nWir sehn uns!<\/p>\n<p>21. 11. &#8230;.Kein Auftauen zwischen Mehdorn &#038; Schell, ach was f\u00fcr ein Kreuz!!<\/p>\n<p>20.11 &#8230;&#8230;&#8230;&#8230;&#8230;&#8230;&#8230;MARCO &#8230;&#8230;&#8230;&#8230;&#8230;&#8230;&#8230;&#8230;&#8230;<\/p>\n<p>20.11. Schon geh\u00f6rt? Heute ist Tag des Internationalen Stra\u00dfenkindes.<\/p>\n<p>20.11&#8230;.BILD zelebriert am 3. Tag in Folge 19. Jahrhundert&#8230;.wie abgeschmackt<\/p>\n<p>&#8230;&#8230;&#8230;..-hey-hey-hey&#8230;..workin&#8216; free&#8230; in harmony&#8230;&#8230;<\/p>\n<p>20. 11. &#8230;.willkommen&#8230;<\/p>\n<p>19.11. ..Feinstaub, \u00fcberall, auch auf dem Bildschirm..<\/p>\n<p>19.11. &#8230;j&#8217;ai rendez-vous avec vous&#8230;<\/p>\n<p>19.11&#8230;&#8230;&#8230;..Montags-Memo&#8230;.<\/p>\n<p>816240.<\/p>\n<p>\nheute: 261&#8230;fast ein Uhr schon wieder..!<\/p>\n<p>\n261 G\u00e4ste..whow..!<\/p>\n<p>\nIst der Kamin angeworfen?<\/p>\n<p>\nIss kalt drau\u00dfen!<\/p>\n<p>______<\/p>\n<p>816151.<\/p>\n<p>\ngestern: 4.649<\/p>\n<p>\nheute: 172<\/p>\n<p>\nHallo &#8211; !!<\/p>\n<p>\nGleich halb eins&#8230;a.m.<\/p>\n<p>Oma w\u00fcrde heute 107 Jahre alt geworden sein.<\/p>\n<p>\n\u00dcber die Geburtstagsfeiern bei Grand&#8216;-M\u00e8re..dann mehr am Tag-Abend&#8230;.<\/p>\n<p>\n(schnief..)<\/p>\n<p>\nSie, Jahrgang 1900,<\/p>\n<p>\nwurde 91 Jahre alt.<\/p>\n<p>\nWarum konnte sie dann nicht gleich auch noch l\u00e4nger<\/p>\n<p>\nbei uns bleiben?<\/p>\n<p>\nDabei <\/p>\n<p>\nist der Montag erst 19 Minuten alt.<\/p>\n<p>\nEigentlich m\u00f6chte er sich ja noch ausruhen.<\/p>\n<p>\nNa gut!<\/p>\n<p>\nAber sein kleines Handtascherl kippt er schon mal aus.<\/p>\n<p>\nWas ist da alles drin?<\/p>\n<p>Ah, da schau her:<\/p>\n<p>&#8222;Amoktat&#8220; sagen die Schweizer,<\/p>\n<p>\nstatt unserem &#8222;Amoklauf&#8220;.<\/p>\n<p>\nMal bei Wikipedia nachschauen (memo 2 ), <\/p>\n<p>\nwarum das bei uns Amoklauf hei\u00dft.<\/p>\n<p>\n(siehe Text von gestern Abend: Amoklauf eines Sch\u00fclers in K\u00f6ln<\/p>\n<p>\ndurch die Polizei verhindert).<\/p>\n<p>\nUnd h ier das ganz skurrile memo:<\/p>\n<p>\nUN erkl\u00e4rt 2008 zum Jahr der Kartoffel.<\/p>\n<p>\nOder Kartoffel wird Heidi von 2008?<\/p>\n<p>\nAn Bekanntheitsgrad?<\/p>\n<p>\nHeidi..?<\/p>\n<p>\nDie wo beim Alm-\u00d6hi lebte?<\/p>\n<p>\nAber naa, die \u00dcberall-Heidi&#8230;<\/p>\n<p>\nFernsehen, Print, Werbung \u00fcberall und gleichzeitig, <\/p>\n<p>\njetzt auch Gatte Seal..mit dabei.<\/p>\n<p>Blo\u00df kein Neid.<\/p>\n<p>\nSo ein Leben ist Schwerstarbeit.<\/p>\n<p>\nStell dir vor, <\/p>\n<p>\nimmer so gut aussehen zu m\u00fcssen!<\/p>\n<p>\nUnertr\u00e4glich, oder?<\/p>\n<p>\n&#8222;Diese Woche ja erstmals nirgends die Angeline Jolie auf den Titelseiten,&#8220; <\/p>\n<p>\nsagt der junge h\u00fcbsche Zeitungsverk\u00e4ufer , <\/p>\n<p>\n&#8222;daf\u00fcr \u00fcberall die Heidi, <\/p>\n<p>\nihr Nachname hat ihr nie geschadet, <\/p>\n<p>\nund wird auf Englisch ja &#8222;klamm&#8220; ausgesprochen.&#8220;<\/p>\n<p>\n\u00dcber diesen kleinen Joke<\/p>\n<p>\nauf Kosten einer Outfit-&#038;Bilder-Milliard\u00e4rin <\/p>\n<p>\nlachen wir dezent &#038; kurzlebig.<\/p>\n<p>Ja, was sich die UN alles einfallen l\u00e4sst.<\/p>\n<p>\nDie Kartoffel w\u00e4re so gesund.<\/p>\n<p>\nW\u00e4rst du nie von allein drauf-gekommen.<\/p>\n<p>\nKrimskrams, in so einer kleinen Montags-Memo-Tasche, was&#8230;?<\/p>\n<p>Aber nie die Nagelfeile vergessen..!<\/p>\n<p>Nein, das hat nichts mit dem Sachbuch einer Profilerin zu tun (&#8222;Mein Leben unter Serienm\u00f6rdern&#8220; von Helen Morrison),<\/p>\n<p>\nder Titel h\u00e4lt leider nicht, <\/p>\n<p>\nwas er verspricht, <\/p>\n<p>\nsondern mit abgebrochenen Fingern\u00e4geln.<\/p>\n<p>Wozu haben sie diese neue, nein alt-bekannte ..Schokoladen-Marke so fingernagelfeindlich verpackt?<\/p>\n<p>\nDiese Milka so eingeschwei\u00dft?<\/p>\n<p>\nIst doch Bl\u00f6d-Stuff, sowas.<\/p>\n<p>\nKriegste nich auf.<\/p>\n<p>\nJa, da kaufen wir doch sowieso glatt f\u00fcr die H\u00e4lfte<\/p>\n<p>\ndas einfach zu \u00f6ffnende..mhh..schmeckt auch, sowieso..! <\/p>\n<p>\nno-name-Schokoladi!<\/p>\n<p>\nMacht ja auch gl\u00fccklich!<\/p>\n<p>\nDer Riesen-PLUS <\/p>\n<p>\nmit den possierlichen kleinen Preisen&#8230;so die Werbung, <\/p>\n<p>\nwird jetzt, <\/p>\n<p>\nach, geh\u00f6rte zu Tengelmann&#8230;?<\/p>\n<p>\nUnd Tengelmann zu KAISER&#8217;S&#8230;?<\/p>\n<p>\nWird jetzt alles EDEKA, der kleine spar-Laden von nebenan&#8230;<\/p>\n<p>Memo-memo-manno:<\/p>\n<p>\nBlind wirst du&#8230;vor lauter Konzernen&#8230;<\/p>\n<p>\nMedienkonzernen,<\/p>\n<p>\nLebensmittelkonzernen, <\/p>\n<p>\nParteikonzernen, <\/p>\n<p>\nBahnkonzern,<\/p>\n<p>\nach&#8230;ein Graus ist das.<\/p>\n<p>\nDie Rettung: SCHREIBEN!<\/p>\n<p>\nDer MDR will Literatur f\u00f6rdern.<\/p>\n<p>\nAber nur solche, die sich schon irgendwo geoutet hat. <\/p>\n<p>\nAlso: schreibt irgendwo auf einer Literatur-Internet-Platform.<\/p>\n<p>\nDann gildet das, und ihr k\u00f6nnt bis Ende Januar einen 6-Seiten-Text beim mdr-Schreibwettbewerb einreichen.<\/p>\n<p>\nN\u00e4heres am Tag oder morgen&#8230;in unserer PINNWAND&#8230;<\/p>\n<p>Mal zwei Sek\u00fcndchen schlafen:<\/p>\n<p>\nFor a beauty sleep&#8230;?<\/p>\n<p>\nN\u00f6.<\/p>\n<p>\nKaffee macht ja auch sch\u00f6n.<\/p>\n<p>21. 11. &#8230;.Kein Auftauen zwischen Mehdorn &#038; Schell, ach was f\u00fcr ein Kreuz!!<\/p>\n<p>20.11 &#8230;&#8230;&#8230;&#8230;&#8230;&#8230;&#8230;MARCO &#8230;&#8230;&#8230;&#8230;&#8230;&#8230;&#8230;&#8230;&#8230;<\/p>\n<p>20.11. Schon geh\u00f6rt? Heute ist Tag des Internationalen Stra\u00dfenkindes.<\/p>\n<p>20.11&#8230;.BILD zelebriert am 3. Tag in Folge 19. Jahrhundert&#8230;.wie abgeschmackt<\/p>\n<p>&#8230;&#8230;&#8230;..-hey-hey-hey&#8230;..workin&#8216; free&#8230; in harmony&#8230;&#8230;<\/p>\n<p>20. 11. &#8230;.willkommen&#8230;<\/p>\n<p>19.11. ..Feinstaub, \u00fcberall, auch auf dem Bildschirm..<\/p>\n<p>19.11. &#8230;j&#8217;ai rendez-vous avec vous&#8230;<\/p>\n<p>19.11&#8230;&#8230;&#8230;..Montags-Memo&#8230;.<\/p>\n<p>18.11 &#8211; &#8222;MACHTKAMPF AUF DEN SCHIENEN&#8220; &#8211; ANNE WILL\/ ARD: PERFECTO!<\/p>\n<p>Inzwischen 23 Uhr 58<\/p>\n<p>\n815975.<\/p>\n<p>\ngestern: 2.587<\/p>\n<p>\nheute: 4.645<\/p>\n<p>\nMan sieht sich!<\/p>\n<p>_______<\/p>\n<p>22 Uhr 33:<\/p>\n<p>\n(G\u00e4steliste etc. in fem&#038;Kultur)<\/p>\n<p>\nInformativ.<\/p>\n<p>\nSpannende, explosive, <\/p>\n<p>\ndoch beherrschte Gespr\u00e4chskultur.<\/p>\n<p>\nRelevante G\u00e4ste.<\/p>\n<p>\nUnd die Hauptakteure:<\/p>\n<p>\nManfred Schell, GDL-Chef<\/p>\n<p>\nMargret Suckale, DB-Personalchefin. <\/p>\n<p>\n(Herr Mehdorn und Herr Schell waren wohl<\/p>\n<p>\nin einem Raum nicht unterzukriegen&#8230;)<\/p>\n<p>\n\u00dcbrigens,<\/p>\n<p>\nMargret Suckales Monatseinkommen: <\/p>\n<p>\n140.000 Euro.<\/p>\n<p>Und auf der Couch:<\/p>\n<p>\nEin professioneller Coach. <\/p>\n<p>\nDie TAGESTHEMEN interpretieren gerade das Resultat der Sendung GEGENS\u00c4TZLICH <\/p>\n<p>\nzu FEMINISSIMA.<\/p>\n<p>Zuletzt sah es so aus,<\/p>\n<p>\ndass sich morgen alle treffen,<\/p>\n<p>\num miteinander zu reden.<\/p>\n<p>WIR GLAUBEN DARAN.<\/p>\n<p>\nUnd appellieren daran.<\/p>\n<p>Der Coach, fr\u00fcher als Polizist bei Geiselnahmen de-eskalierend t\u00e4tig,<\/p>\n<p>\nanalysierte den Stillstand zwischen Bahn und GDL verk\u00fcrzt formuliert, so:<\/p>\n<p>Emotion und \u00fcbersteigerte &#8218;Vernunft&#8216;<\/p>\n<p>\nprallen hier aufeinander.<\/p>\n<p>\nUnd analysierte die &#8218;Vernunft&#8216;<\/p>\n<p>\n(..&#8220;der Bahn&#8220;)<\/p>\n<p>\nals das FALSCHE Signal.<\/p>\n<p>\nAnne Will hob kurz BEIDE Augenbrauen.<\/p>\n<p>Und der Mann fuhr fort,<\/p>\n<p>\nbeim Beispiel einer Geiselnahme bleibend:<\/p>\n<p>Sinngem\u00e4\u00df:<\/p>\n<p>&#8230;Wenn wir auf die hoch-emotionalisierte Drohung eines Geiselnehmers, <\/p>\n<p>\ner erschie\u00dfe jetzt seine Geisel,<\/p>\n<p>\nwenn man nicht&#8230;.,<\/p>\n<p>\nlediglich mit eiskalter Vernunft (&#8222;dann sitzen Sie halt irgendwann lebenslang im Knast&#8220;)<\/p>\n<p>\nmit \u00fcbersteigerter kalter &#8222;Ratio&#8220;<\/p>\n<p>\nreagiert h\u00e4tten,<\/p>\n<p>\noder Gegendrohung: &#8222;Spielen Sie sich nicht so auf!&#8220; <\/p>\n<p>\ndann w\u00e4re manch eine Geisel nicht am Leben geblieben&#8230;&#8220;<\/p>\n<p>Mit gebetsm\u00fchlenartiger rationaler Formulierung der Bahn-Personalchefin:<\/p>\n<p>\n&#8222;Wir m\u00fcssen alle Bahnbediensteten gleich behandeln&#8220;<\/p>\n<p>\nwerde die Emotionalit\u00e4t der Streikenden nur immer weiter gesch\u00fcrt, <\/p>\n<p>\nund zugleich der weitere innere Zusammenschlu\u00df gest\u00e4rkt, <\/p>\n<p>\nhier die Streikbereitschaft, <\/p>\n<p>\ndurch den ausge\u00fcbten Druck:<\/p>\n<p>\n&#8222;mehr als 4,5 % gibts nicht!&#8220;<\/p>\n<p>Auch die beidseitige Taktik, <\/p>\n<p>\n\u00fcbereinander zu reden,<\/p>\n<p>\nals miteinander zu reden,<\/p>\n<p>\ninterpretierte der Coach als Gefahrenstufe kurz vor der Explosion.<\/p>\n<p>\nDiese w\u00e4re ein vorerst allgemeiner unbefristeter Streik.<\/p>\n<p>Nach seinen Ausf\u00fchrungen lag eine Entspannung \u00fcber der Runde.<\/p>\n<p>\nDie so k\u00fchle Personal-Chefin wirkte beinah euphorisch:<\/p>\n<p>\n&#8222;Jawohl, <\/p>\n<p>\nwir sagen am Montag alle Termine ab, <\/p>\n<p>\nwir reden,<\/p>\n<p>\nkommen Sie Herr Schell!&#8220;<\/p>\n<p>Manfred Schell f\u00fchlte sich wie im fremden Film.<\/p>\n<p>Blieb skeptisch:<\/p>\n<p>&#8222;Dann sitzen wir und Sie unterbreiten wie seit Monaten blo\u00df 4.5 % !&#8220;<\/p>\n<p>\nAnfangs hatte er einger\u00e4umt, <\/p>\n<p>\nmit knapp 10% anstelle der 31 Prozent w\u00e4re man &#8230;.<\/p>\n<p>\nja, erst einmal befrie-det.<\/p>\n<p>\nDa auch ein eigener Tarifvertrag..<\/p>\n<p>\nwenngleich nicht &#8222;einfach so&#8220;, <\/p>\n<p>\nsondern mit gewissen noch zu diskutierenden Klippen..<\/p>\n<p>\n(..&#8220; er mu\u00df konfliktfrei sein&#8220;, so die Bahn).<\/p>\n<p>Eigentlich k\u00f6nnte die L\u00f6sung nahe sein.<\/p>\n<p>\nWenn, dann hat diese Sendung dazu beigetragen.<\/p>\n<p>\nANNE WILL als Sendung:<\/p>\n<p>\nEndlich beinah angekommen.<\/p>\n<p>\nEin Anfang.<\/p>\n<p>\nAuf der Hauptb\u00fchne.<\/p>\n<p>\nBisher war es Probeb\u00fchne.<\/p>\n<p>21. 11. &#8230;.Kein Auftauen zwischen Mehdorn &#038; Schell, ach was f\u00fcr ein Kreuz!!<\/p>\n<p>20.11 &#8230;&#8230;&#8230;&#8230;&#8230;&#8230;&#8230;MARCO &#8230;&#8230;&#8230;&#8230;&#8230;&#8230;&#8230;&#8230;&#8230;<\/p>\n<p>20.11. Schon geh\u00f6rt? Heute ist Tag des Internationalen Stra\u00dfenkindes.<\/p>\n<p>20.11&#8230;.BILD zelebriert am 3. Tag in Folge 19. Jahrhundert&#8230;.wie abgeschmackt<\/p>\n<p>&#8230;&#8230;&#8230;..-hey-hey-hey&#8230;..workin&#8216; free&#8230; in harmony&#8230;&#8230;<\/p>\n<p>20. 11. &#8230;.willkommen&#8230;<\/p>\n<p>19.11. ..Feinstaub, \u00fcberall, auch auf dem Bildschirm..<\/p>\n<p>19.11. &#8230;j&#8217;ai rendez-vous avec vous&#8230;<\/p>\n<p>19.11&#8230;&#8230;&#8230;..Montags-Memo&#8230;.<\/p>\n<p>18.11 &#8211; &#8222;MACHTKAMPF AUF DEN SCHIENEN&#8220; &#8211; ANNE WILL\/ ARD: PERFECTO!<\/p>\n<p>18.11. &#8211; Aktuell: Amoklauf in K\u00f6ln verhindert \/Berlin: Bibliotheksschlie\u00dfen beschlossen..<\/p>\n<p>update: 19 Uhr 55:<\/p>\n<p>\nHi &#8211; !<\/p>\n<p>814870.<\/p>\n<p>\ngestern: 2.587<\/p>\n<p>\nheute: 3.540<\/p>\n<p>Bei ANNE WILL geht es heute Abend um den Lokomotiv-F\u00fchrer Streik.<\/p>\n<p>\nEs diente dem Aufschwung der Sendung,<\/p>\n<p>\nwenn DORT eine L\u00f6sung<\/p>\n<p>\ngefunden werden k\u00f6nnte&#8230;!<\/p>\n<p>\nHihi..achtet auf die Wertung&#8230;!<\/p>\n<p>\nWer wohl heute auf dem Katzenb\u00e4nkchen sitzen wird?<\/p>\n<p>\nWir finden ja, <\/p>\n<p>\ndas ist die schlechteste Konzept-Idee, <\/p>\n<p>\ndie jemand hat entwickeln k\u00f6nnen&#8230;<\/p>\n<p>_____<\/p>\n<p>19 Uhr<\/p>\n<p>\n814773.<\/p>\n<p>\nheute: 3.433<\/p>\n<p>Zwei S\u00e4tze:<\/p>\n<p>\nZum Jahrestag von Emsdetten, wollte am 20. November<\/p>\n<p>\nein 17j\u00e4hriger Sch\u00fcler an seiner Schule<\/p>\n<p>\nin K\u00f6ln Amok laufen.<\/p>\n<p>\nEr soll sich inzwischen umgebracht haben.<\/p>\n<p>\nWas geht ab..?????????<\/p>\n<p>\nZum Berliner Bibliotheksschlie\u00dfen:<\/p>\n<p>Das ist insbesondere schon deswegen so sonderbar, <\/p>\n<p>\nals fem ja immer wieder von Aktivit\u00e4ten der<\/p>\n<p>\n&#8222;gro\u00dfen&#8220; Zentral-Bibliothek berichtet.<\/p>\n<p>\nUnd gerade wieder eine Einladung und Presse-Mitteilung<\/p>\n<p>\nzu einer Art Staatsakt &#8222;mit anschlie\u00dfendem Empfang&#8220; eingegangen ist. <\/p>\n<p>\nDie Ver\u00f6ffentlichung sp\u00e4ter.<\/p>\n<p>\nUnd die kleinen sollen ausbluten?<\/p>\n<p>Die kleinen Stadtteil-Bibliotheken, <\/p>\n<p>\nwir berichteten in der Woche 2x..<\/p>\n<p>\nam 16. auch ein Artikel im TAGESSPIEGEL..<\/p>\n<p>\nuns zugemailt, heute, <\/p>\n<p>\nder zeigt,<\/p>\n<p>\ndass die Leute &#8222;vor Ort&#8220; <\/p>\n<p>\nin Pankow&#8230;<\/p>\n<p>\nnoch hinters Licht gef\u00fchrt werden, <\/p>\n<p>\nda erst f\u00fcr kommenden Mittwoch, den 21. November,<\/p>\n<p>\nein gr\u00f6\u00dferes \u00f6ffentliches Treffen<\/p>\n<p>\nmit den Fraktionisten der Parteien,<\/p>\n<p>\nwegen der Schlie\u00dfung der Stadt-Bibliothek und Musik-Bibliothek im ELIASHOF angesetzt ist. <\/p>\n<p>Ein in diesem Sommer gegr\u00fcndeter<\/p>\n<p>\nF\u00d6RDERVEREIN f\u00fcr die Bibliothek namens:<\/p>\n<p>\njederZeit Musik (e.V. ist geplant)<\/p>\n<p>\nwill die Schlie\u00dfung jedenfalls nicht einfach hinnehmen.<\/p>\n<p>\nUnd hat ein eigenes Konzept entwickelt, <\/p>\n<p>\nwie die ELIASHOF-Bibliothek<\/p>\n<p>\n(im Ensemble ja ideal mit KINDER-MITMACH-MUSEUM, MUSIKSCHULE&#8230;!!<\/p>\n<p>\nzudem aus EU-Mitteln weitgehend entstanden!)<\/p>\n<p>\ndoch noch gerettet werden k\u00f6nnte.<\/p>\n<p>Anwohner haben bereits ihre Balkons f\u00fcr TRANSPARENTE zur Verf\u00fcgung gestellt.<\/p>\n<p>\nEltern ihre Kinder mit Unterschriften-Listen ausgestattet.<\/p>\n<p>Es w\u00e4re ein KULTUR-SKANDAL, wenn die Bibliothek geschlossen w\u00fcrde!<\/p>\n<p>Wir bleiben dran!<\/p>\n<p>den TAGESSPIEGEL-Artikel posten wir noch.<\/p>\n<p>***GER\u00dcCHTE BESAGEN:<\/p>\n<p>\nEINE PRIVATE GRUNDSCHULE SOLL DORT REIN, <\/p>\n<p>\nstatt der Bibliothek&#8230;&#8230;<\/p>\n<p>\n21. 11. &#8230;.Kein Auftauen zwischen Mehdorn &#038; Schell, ach was f\u00fcr ein Kreuz!!<\/p>\n<p>20.11 &#8230;&#8230;&#8230;&#8230;&#8230;&#8230;&#8230;MARCO &#8230;&#8230;&#8230;&#8230;&#8230;&#8230;&#8230;&#8230;&#8230;<\/p>\n<p>20.11. Schon geh\u00f6rt? Heute ist Tag des Internationalen Stra\u00dfenkindes.<\/p>\n<p>20.11&#8230;.BILD zelebriert am 3. Tag in Folge 19. Jahrhundert&#8230;.wie abgeschmackt<\/p>\n<p>&#8230;&#8230;&#8230;..-hey-hey-hey&#8230;..workin&#8216; free&#8230; in harmony&#8230;&#8230;<\/p>\n<p>20. 11. &#8230;.willkommen&#8230;<\/p>\n<p>19.11. ..Feinstaub, \u00fcberall, auch auf dem Bildschirm..<\/p>\n<p>19.11. &#8230;j&#8217;ai rendez-vous avec vous&#8230;<\/p>\n<p>19.11&#8230;&#8230;&#8230;..Montags-Memo&#8230;.<\/p>\n<p>18.11 &#8211; &#8222;MACHTKAMPF AUF DEN SCHIENEN&#8220; &#8211; ANNE WILL\/ ARD: PERFECTO!<\/p>\n<p>18.11. &#8211; Aktuell: Amoklauf in K\u00f6ln verhindert \/Berlin: Bibliotheksschlie\u00dfen beschlossen..<\/p>\n<p>18.11. feminissima, bekennender Fan von Ben Becker:<\/p>\n<p>17 Uhr 27 in Berlin.<\/p>\n<p>\nD\u00e4mmrig bei Nebel.<\/p>\n<p>\nlast page view: 814204.<\/p>\n<p>\nheute bisher: 2.874 G\u00e4ste, willkommen!<\/p>\n<p>\nHerz aus Gold.<\/p>\n<p>\nZartbesaitet wie ein Veilchen.<\/p>\n<p>\nMutig wie ein L\u00f6we..Katzen sind ja auch viel-sinnig..<\/p>\n<p>Kleine Beobachtung, schon l\u00e4nger her:<\/p>\n<p>\nBen Becker kommt von einer Probe<\/p>\n<p>\nin sein Stamm-Resto, <\/p>\n<p>\nexistiert leider nicht mehr, <\/p>\n<p>\nin Mitte, <\/p>\n<p>\nist sichtlich ausgepowert,<\/p>\n<p>\nbestellt sich was zu essen, <\/p>\n<p>\nzum Mitnehmen, <\/p>\n<p>\nwartet mit einem Begleiter an der Theke.<\/p>\n<p>\nSieht gestresst aus, hat noch die Schminke im Gesicht.<\/p>\n<p>\nKriegt mit, <\/p>\n<p>\ndass zwei Leutchen dort ne Ausstellung &#038; auch<\/p>\n<p>\neventuell Lesung<\/p>\n<p>\neiner unbekannten jungen Autorin<\/p>\n<p>\nmit dem Wirt besprechen.<\/p>\n<p>\nIrgendwann dreht er sein ersch\u00f6pftes Gesicht<\/p>\n<p>\nzur Diskussion hin<\/p>\n<p>\nund sagt trocken:<\/p>\n<p>\n&#8222;Wenn&#8217;s Euch irgendwie hilft, <\/p>\n<p>\nk\u00f6nnt Ihr ja auf die Einladung schreiben:<\/p>\n<p>\nAls Gast kommt Ben Becker..&#8220;<\/p>\n<p>Nickt, grinst leicht, <\/p>\n<p>\npackt sein eingepacktes Essen, und geht.<\/p>\n<p>Kein Einzelfall.<\/p>\n<p>Er hat sowas nie <\/p>\n<p>\nan irgendeine gro\u00dfe Glocke geh\u00e4ngt, <\/p>\n<p>\ngerade weil er auch noch <\/p>\n<p>\n&#8222;leben will wie ein normaler Mensch&#8220; &#8211; <\/p>\n<p>\nwenn er auch beispielsweise<\/p>\n<p>\nauf den Stufen einer Kneipe in Mitte hockt<\n\n<br \/>\nund sich mit dem Problem einer Person<\/p>\n<p>\nim Gespr\u00e4ch austauscht.<\/p>\n<p>Was in this country nicht erkannt wird, <\/p>\n<p>\nund weswegen so viele Stars<\/p>\n<p>\nausgewandert sind, <\/p>\n<p>\ndass zum GENIE, zum GENIALEN..<\/p>\n<p>\neine gewisse Extravaganz geh\u00f6rt,<\/p>\n<p>\nauch die Gefahr<\/p>\n<p>\ndes SICH-VERBRENNENs geh\u00f6rt,<\/p>\n<p>\n\u00fcbertragen und konkret..bis an den RAND gehen..und auch edgy&#8230;<\/p>\n<p>und das da leicht<\/p>\n<p>\nwirklich jemand dran-verbrennen kann, <\/p>\n<p>\nwenn in h\u00f6lzern-rationalistischer Umgebung&#8230;<\/p>\n<p>\noder auch &#8211; <\/p>\n<p>\nin ausbeuterischer Umgebung&#8230;<\/p>\n<p>\nwie etwa &#8222;BECKMANN&#8220;, <\/p>\n<p>\nsich davor nicht sch\u00fctzend&#8230;..:<\/p>\n<p>\nvom MITTELMASS beurteilt&#8230;<\/p>\n<p>\nabgeurteilt zu werden.<\/p>\n<p>\n21. 11. &#8230;.Kein Auftauen zwischen Mehdorn &#038; Schell, ach was f\u00fcr ein Kreuz!!<\/p>\n<p>20.11 &#8230;&#8230;&#8230;&#8230;&#8230;&#8230;&#8230;MARCO &#8230;&#8230;&#8230;&#8230;&#8230;&#8230;&#8230;&#8230;&#8230;<\/p>\n<p>20.11. Schon geh\u00f6rt? Heute ist Tag des Internationalen Stra\u00dfenkindes.<\/p>\n<p>20.11&#8230;.BILD zelebriert am 3. Tag in Folge 19. Jahrhundert&#8230;.wie abgeschmackt<\/p>\n<p>&#8230;&#8230;&#8230;..-hey-hey-hey&#8230;..workin&#8216; free&#8230; in harmony&#8230;&#8230;<\/p>\n<p>20. 11. &#8230;.willkommen&#8230;<\/p>\n<p>19.11. ..Feinstaub, \u00fcberall, auch auf dem Bildschirm..<\/p>\n<p>19.11. &#8230;j&#8217;ai rendez-vous avec vous&#8230;<\/p>\n<p>19.11&#8230;&#8230;&#8230;..Montags-Memo&#8230;.<\/p>\n<p>18.11 &#8211; &#8222;MACHTKAMPF AUF DEN SCHIENEN&#8220; &#8211; ANNE WILL\/ ARD: PERFECTO!<\/p>\n<p>18.11. &#8211; Aktuell: Amoklauf in K\u00f6ln verhindert \/Berlin: Bibliotheksschlie\u00dfen beschlossen..<\/p>\n<p>18.11. feminissima, bekennender Fan von Ben Becker:<\/p>\n<p>18.11. EXTRA.SAUER: FEMINISSIMA vergibt eine SAURE ZITRONE&#8230;<\/p>\n<p>814052.<\/p>\n<p>\ngestern: 2.587 \/heute: 2.722<\/p>\n<p>\n16 Uhr 23\/16 Uhr 38 <\/p>\n<p>\nwillkommen!<\/p>\n<p>*+*+*TAGESSPIEGEL-Autor fand es witzig&#8230;<\/p>\n<p>\nund stufte es als gelungenen GAG ein, <\/p>\n<p>\ndass Sabrina Setlur <\/p>\n<p>\nmit &#8222;Naddel&#8220; angesprochen wurde,<\/p>\n<p>\nvon Pocher&#8230;<\/p>\n<p>\nund der TAGESSPIEGEL-AUTOR<\/p>\n<p>\nSabrina Setlur auch noch<\/p>\n<p>\nals sowieso <\/p>\n<p>\n&#8222;\u00fcberfl\u00fcssigen Gast&#8220; bezeichnet&#8230;.<\/p>\n<p>DIE Extra-SAURE MEDIEN-ZITRONE von FEMINISSIMA<\/p>\n<p>\nGEHT AN <\/p>\n<p>\nden gestrigen<\/p>\n<p>\nTEXT IM TAGESSPIEGEL:<\/p>\n<p>&#8222;SCHMIDT &#038; POCHER&#8220; sei das BESTE&#8230;.<\/p>\n<p>\ndas die ARD zur Zeit zu <\/p>\n<p>\nbieten h\u00e4tte&#8230;<\/p>\n<p>\nUnter harmloser Unterschrift:<\/p>\n<p>\n&#8222;Zoff um Nazometer geht weiter&#8220;<\/p>\n<p>Findet Ihr komplett in Rubrik &#8222;br\u00fccke&#8220;.<\/p>\n<p>21. 11. &#8230;.Kein Auftauen zwischen Mehdorn &#038; Schell, ach was f\u00fcr ein Kreuz!!<\/p>\n<p>20.11 &#8230;&#8230;&#8230;&#8230;&#8230;&#8230;&#8230;MARCO &#8230;&#8230;&#8230;&#8230;&#8230;&#8230;&#8230;&#8230;&#8230;<\/p>\n<p>20.11. Schon geh\u00f6rt? Heute ist Tag des Internationalen Stra\u00dfenkindes.<\/p>\n<p>20.11&#8230;.BILD zelebriert am 3. Tag in Folge 19. Jahrhundert&#8230;.wie abgeschmackt<\/p>\n<p>&#8230;&#8230;&#8230;..-hey-hey-hey&#8230;..workin&#8216; free&#8230; in harmony&#8230;&#8230;<\/p>\n<p>20. 11. &#8230;.willkommen&#8230;<\/p>\n<p>19.11. ..Feinstaub, \u00fcberall, auch auf dem Bildschirm..<\/p>\n<p>19.11. &#8230;j&#8217;ai rendez-vous avec vous&#8230;<\/p>\n<p>19.11&#8230;&#8230;&#8230;..Montags-Memo&#8230;.<\/p>\n<p>18.11 &#8211; &#8222;MACHTKAMPF AUF DEN SCHIENEN&#8220; &#8211; ANNE WILL\/ ARD: PERFECTO!<\/p>\n<p>18.11. &#8211; Aktuell: Amoklauf in K\u00f6ln verhindert \/Berlin: Bibliotheksschlie\u00dfen beschlossen..<\/p>\n<p>18.11. feminissima, bekennender Fan von Ben Becker:<\/p>\n<p>18.11. EXTRA.SAUER: FEMINISSIMA vergibt eine SAURE ZITRONE&#8230;<\/p>\n<p>18.11. .. &#8212; Medienmen\u00fc am Mittag &#8230;.&#8212;&#8212;&#8211;.<\/p>\n<p>NachTisch:&#8230;****\u00fcbrigens,<\/p>\n<p>\n> Erg\u00e4nzung um 16 Uhr 20<\/p>\n<p>\nzum folgenden Text von heute Mittag.<\/p>\n<p>\nDie Konzentration der Medienkonzerne,<\/p>\n<p>\nwie sie Meinung machen&#8230;.:<\/p>\n<p>Nun hat auch welt-online der BamS nachgezogen&#8230;<\/p>\n<p>&#8222;Anne Will bekennt sich zu ihrer Lebenspartnerin&#8220;..<\/p>\n<p>Ach, was f\u00fcr ein widerlicher klein-muff-m\u00e4nner-verein!!<\/p>\n<p>\nDie sind blo\u00df eifers\u00fcchtig, <\/p>\n<p>\ndass zwei so kluge, prominente, wohlhabende und auch noch <\/p>\n<p>\nsch\u00f6ne Frauen von M\u00e4nnern nix wissen wollen..oder?<\/p>\n<p>_____<\/p>\n<p>\nZeitvergleich: gleich 15 Uhr<\/p>\n<p>\n813680.<\/p>\n<p>\ngestern: 2.587<\/p>\n<p>\nheute: 2.350<\/p>\n<p>_____<\/p>\n<p>12 Uhr 51<\/p>\n<p>\n813360.<\/p>\n<p>\nheute: 2.030<\/p>\n<p>\nBeginnen wir mit<\/p>\n<p>\nder (online) BILD-am-Sonntag.<\/p>\n<p>Markantes Beispiel f\u00fcr <\/p>\n<p>\nschlechten Journalismus.<\/p>\n<p>Machen wir es kurz &#038; b\u00fcndig:<\/p>\n<p>Die HEADLINE der Titelseite.<\/p>\n<p>Nat\u00fcrlich war M\u00fcnteferings R\u00fccktritt politisch<\/p>\n<p>\ndas Thema der Woche, <\/p>\n<p>\nin this country.<\/p>\n<p>Angesichts der SCHLAG-Zeile :<\/p>\n<p>\n&#8230;na, irgendwas wie:<\/p>\n<p>\n&#8222;Die wahren Gr\u00fcnde f\u00fcr den R\u00fccktritt&#8220;&#8230;,<\/p>\n<p>\nerwartet der Leser doch wohl zu Recht <\/p>\n<p>\nein Exklusiv-Interview mit dem Zur\u00fcckgetretenen selbst.<\/p>\n<p>ABER NEIN, ABER NEIN:<\/p>\n<p>\nAusgrechnet sein GEGNER, <\/p>\n<p>\nsein politischer Gegner, <\/p>\n<p>\nwenngleich ebenfalls in der SPD, <\/p>\n<p>\nalso Kurt Beck, <\/p>\n<p>\nwird interviewt!<\/p>\n<p>KOLPORTAGE statt REPORTAGE!!<\/p>\n<p>\nUnd Betrug am Leser und seiner Intelligenz dazu.<\/p>\n<p>N\u00e4chstes Thema:<\/p>\n<p>Uralt, interessiert keinen, <\/p>\n<p>\naber nat\u00fcrlich ein Thema, <\/p>\n<p>\num einen vergleichsweisen harmlosen Auftritt&#8230;<\/p>\n<p>\nmit &#8222;Pep&#8220;&#8230;zu versehen:<\/p>\n<p>\n(Pikant daran nur, <\/p>\n<p>\ndass Ex-Kanzler Kohl..<\/p>\n<p>\nund Anne Will..<\/p>\n<p>\nzeitgleich im J\u00fcdischen Museum zu Berlin einen Preis&#8230;,<\/p>\n<p>\ndie Inflation der Preise&#8230;<\/p>\n<p>\nf\u00fcr&#8230;Toleranz und so&#8230;ausgerechnet..<\/p>\n<p>\nerhielten..),<\/p>\n<p>&#8222;Anne Will und Miriam Meckel<\/p>\n<p>\n(Prof. Dr. Meckel, war\/ist eine der j\u00fcngsten Professorinnen dieses Landes!)<\/p>\n<p>.. sind ein Paar.&#8220;<\/p>\n<p>Entweder ist BamS wirklich so hinterm Mond<\/p>\n<p>\noder sie betupfen erneut den Leser.<\/p>\n<p>Denn dass die beiden Medien-Frauen ein Paar sind,<\/p>\n<p>\nschon lange, <\/p>\n<p>\nist ja nicht nur in Medien-Branchen-Kreisen<\/p>\n<p>\nmindestens ebenso lange bekannt.<\/p>\n<p>DAS \u00c4RGSTE jedoch &#8211; <\/p>\n<p>\nund dies unterstreicht den Schmieren-Charakter<\/p>\n<p>\ndieses Blattes,<\/p>\n<p>\nda wird nun ganz arglos getan, <\/p>\n<p>\nnein, nicht arglos, sondern hinterfotzig, <\/p>\n<p>\nund..<\/p>\n<p>\nbeim &#8222;Arbeitgeber&#8220; von Anne Will, dem NDR,<\/p>\n<p>\nangeblich nachgefragt, <\/p>\n<p>\nwas der dazu sage.<\/p>\n<p>Wie? <\/p>\n<p>\nWas?<\/p>\n<p>\nHallo?<\/p>\n<p>\nWo sind wir?<\/p>\n<p>Und&#8230;wurde Wowereits fr\u00fcherer &#8222;Arbeitgeber&#8220; gefragt, <\/p>\n<p>\nwas der davon halte, <\/p>\n<p>\nda\u00df der neue SPD-Regierende B\u00fcrgermeister<\/p>\n<p>\noffensiv bekennendere Schwuler sei..??<\/p>\n<p>Letzter Satz ist satirisch gemeint.<\/p>\n<p>\nGeht ja nicht anders.<\/p>\n<p>Jeder weitere Kommentar er\u00fcbrigt sich&#8230;!<\/p>\n<p>Dazu&#8230;<\/p>\n<p>\nOder&#8230;&#8230;??<\/p>\n<p>\nZur BILD-Gruppe&#8230;.:<\/p>\n<p>\nsoll ja innerhalb des SPRINGER-VERLAGS gut-ge<\/p>\n","protected":false},"excerpt":{"rendered":"<p>oh&#8230;so viele..? Und hier unter einem Dach!<\/p>\n","protected":false},"author":2,"featured_media":0,"comment_status":"closed","ping_status":"closed","sticky":false,"template":"","format":"standard","meta":{"footnotes":""},"categories":[11],"tags":[],"class_list":["post-85033","post","type-post","status-publish","format-standard","hentry","category-femkultur","entry"],"yoast_head":"<!-- This site is optimized with the Yoast SEO plugin v21.0 - https:\/\/yoast.com\/wordpress\/plugins\/seo\/ -->\n<title>74 Herbst-live-Texte 11\/07 - Feminissima<\/title>\n<meta name=\"robots\" content=\"index, follow, max-snippet:-1, max-image-preview:large, max-video-preview:-1\" \/>\n<link rel=\"canonical\" href=\"https:\/\/feminissima.de\/index.php\/2007\/11\/21\/74-herbst-live-texte-11-07\/\" \/>\n<meta property=\"og:locale\" content=\"de_DE\" \/>\n<meta property=\"og:type\" content=\"article\" \/>\n<meta property=\"og:title\" content=\"74 Herbst-live-Texte 11\/07 - Feminissima\" \/>\n<meta property=\"og:description\" content=\"oh...so viele..? Und hier unter einem Dach!\" \/>\n<meta property=\"og:url\" content=\"https:\/\/feminissima.de\/index.php\/2007\/11\/21\/74-herbst-live-texte-11-07\/\" \/>\n<meta property=\"og:site_name\" content=\"Feminissima\" \/>\n<meta property=\"article:published_time\" content=\"2007-11-21T05:07:16+00:00\" \/>\n<meta name=\"author\" content=\"admin\" \/>\n<meta name=\"twitter:card\" content=\"summary_large_image\" \/>\n<meta name=\"twitter:label1\" content=\"Verfasst von\" \/>\n\t<meta name=\"twitter:data1\" content=\"admin\" \/>\n\t<meta name=\"twitter:label2\" content=\"Gesch\u00e4tzte Lesezeit\" \/>\n\t<meta name=\"twitter:data2\" content=\"2\u00a0Minuten\" \/>\n<script type=\"application\/ld+json\" class=\"yoast-schema-graph\">{\"@context\":\"https:\/\/schema.org\",\"@graph\":[{\"@type\":\"WebPage\",\"@id\":\"https:\/\/feminissima.de\/index.php\/2007\/11\/21\/74-herbst-live-texte-11-07\/\",\"url\":\"https:\/\/feminissima.de\/index.php\/2007\/11\/21\/74-herbst-live-texte-11-07\/\",\"name\":\"74 Herbst-live-Texte 11\/07 - Feminissima\",\"isPartOf\":{\"@id\":\"https:\/\/feminissima.de\/#website\"},\"datePublished\":\"2007-11-21T05:07:16+00:00\",\"dateModified\":\"2007-11-21T05:07:16+00:00\",\"author\":{\"@id\":\"https:\/\/feminissima.de\/#\/schema\/person\/0b901e053624f88e7ecbea289d9d5128\"},\"breadcrumb\":{\"@id\":\"https:\/\/feminissima.de\/index.php\/2007\/11\/21\/74-herbst-live-texte-11-07\/#breadcrumb\"},\"inLanguage\":\"de\",\"potentialAction\":[{\"@type\":\"ReadAction\",\"target\":[\"https:\/\/feminissima.de\/index.php\/2007\/11\/21\/74-herbst-live-texte-11-07\/\"]}]},{\"@type\":\"BreadcrumbList\",\"@id\":\"https:\/\/feminissima.de\/index.php\/2007\/11\/21\/74-herbst-live-texte-11-07\/#breadcrumb\",\"itemListElement\":[{\"@type\":\"ListItem\",\"position\":1,\"name\":\"Startseite\",\"item\":\"https:\/\/feminissima.de\/\"},{\"@type\":\"ListItem\",\"position\":2,\"name\":\"74 Herbst-live-Texte 11\/07\"}]},{\"@type\":\"WebSite\",\"@id\":\"https:\/\/feminissima.de\/#website\",\"url\":\"https:\/\/feminissima.de\/\",\"name\":\"Feminissima\",\"description\":\"\",\"potentialAction\":[{\"@type\":\"SearchAction\",\"target\":{\"@type\":\"EntryPoint\",\"urlTemplate\":\"https:\/\/feminissima.de\/?s={search_term_string}\"},\"query-input\":\"required name=search_term_string\"}],\"inLanguage\":\"de\"},{\"@type\":\"Person\",\"@id\":\"https:\/\/feminissima.de\/#\/schema\/person\/0b901e053624f88e7ecbea289d9d5128\",\"name\":\"admin\",\"image\":{\"@type\":\"ImageObject\",\"inLanguage\":\"de\",\"@id\":\"https:\/\/feminissima.de\/#\/schema\/person\/image\/\",\"url\":\"https:\/\/secure.gravatar.com\/avatar\/8da1f51327453c0bf63338e8e2a791948b7d2ac19b68839492d1e69aac6924a8?s=96&d=mm&r=g\",\"contentUrl\":\"https:\/\/secure.gravatar.com\/avatar\/8da1f51327453c0bf63338e8e2a791948b7d2ac19b68839492d1e69aac6924a8?s=96&d=mm&r=g\",\"caption\":\"admin\"},\"url\":\"https:\/\/feminissima.de\/index.php\/author\/admin\/\"}]}<\/script>\n<!-- \/ Yoast SEO plugin. -->","yoast_head_json":{"title":"74 Herbst-live-Texte 11\/07 - Feminissima","robots":{"index":"index","follow":"follow","max-snippet":"max-snippet:-1","max-image-preview":"max-image-preview:large","max-video-preview":"max-video-preview:-1"},"canonical":"https:\/\/feminissima.de\/index.php\/2007\/11\/21\/74-herbst-live-texte-11-07\/","og_locale":"de_DE","og_type":"article","og_title":"74 Herbst-live-Texte 11\/07 - Feminissima","og_description":"oh...so viele..? Und hier unter einem Dach!","og_url":"https:\/\/feminissima.de\/index.php\/2007\/11\/21\/74-herbst-live-texte-11-07\/","og_site_name":"Feminissima","article_published_time":"2007-11-21T05:07:16+00:00","author":"admin","twitter_card":"summary_large_image","twitter_misc":{"Verfasst von":"admin","Gesch\u00e4tzte Lesezeit":"2\u00a0Minuten"},"schema":{"@context":"https:\/\/schema.org","@graph":[{"@type":"WebPage","@id":"https:\/\/feminissima.de\/index.php\/2007\/11\/21\/74-herbst-live-texte-11-07\/","url":"https:\/\/feminissima.de\/index.php\/2007\/11\/21\/74-herbst-live-texte-11-07\/","name":"74 Herbst-live-Texte 11\/07 - Feminissima","isPartOf":{"@id":"https:\/\/feminissima.de\/#website"},"datePublished":"2007-11-21T05:07:16+00:00","dateModified":"2007-11-21T05:07:16+00:00","author":{"@id":"https:\/\/feminissima.de\/#\/schema\/person\/0b901e053624f88e7ecbea289d9d5128"},"breadcrumb":{"@id":"https:\/\/feminissima.de\/index.php\/2007\/11\/21\/74-herbst-live-texte-11-07\/#breadcrumb"},"inLanguage":"de","potentialAction":[{"@type":"ReadAction","target":["https:\/\/feminissima.de\/index.php\/2007\/11\/21\/74-herbst-live-texte-11-07\/"]}]},{"@type":"BreadcrumbList","@id":"https:\/\/feminissima.de\/index.php\/2007\/11\/21\/74-herbst-live-texte-11-07\/#breadcrumb","itemListElement":[{"@type":"ListItem","position":1,"name":"Startseite","item":"https:\/\/feminissima.de\/"},{"@type":"ListItem","position":2,"name":"74 Herbst-live-Texte 11\/07"}]},{"@type":"WebSite","@id":"https:\/\/feminissima.de\/#website","url":"https:\/\/feminissima.de\/","name":"Feminissima","description":"","potentialAction":[{"@type":"SearchAction","target":{"@type":"EntryPoint","urlTemplate":"https:\/\/feminissima.de\/?s={search_term_string}"},"query-input":"required name=search_term_string"}],"inLanguage":"de"},{"@type":"Person","@id":"https:\/\/feminissima.de\/#\/schema\/person\/0b901e053624f88e7ecbea289d9d5128","name":"admin","image":{"@type":"ImageObject","inLanguage":"de","@id":"https:\/\/feminissima.de\/#\/schema\/person\/image\/","url":"https:\/\/secure.gravatar.com\/avatar\/8da1f51327453c0bf63338e8e2a791948b7d2ac19b68839492d1e69aac6924a8?s=96&d=mm&r=g","contentUrl":"https:\/\/secure.gravatar.com\/avatar\/8da1f51327453c0bf63338e8e2a791948b7d2ac19b68839492d1e69aac6924a8?s=96&d=mm&r=g","caption":"admin"},"url":"https:\/\/feminissima.de\/index.php\/author\/admin\/"}]}},"jetpack_featured_media_url":"","_links":{"self":[{"href":"https:\/\/feminissima.de\/index.php\/wp-json\/wp\/v2\/posts\/85033","targetHints":{"allow":["GET"]}}],"collection":[{"href":"https:\/\/feminissima.de\/index.php\/wp-json\/wp\/v2\/posts"}],"about":[{"href":"https:\/\/feminissima.de\/index.php\/wp-json\/wp\/v2\/types\/post"}],"author":[{"embeddable":true,"href":"https:\/\/feminissima.de\/index.php\/wp-json\/wp\/v2\/users\/2"}],"replies":[{"embeddable":true,"href":"https:\/\/feminissima.de\/index.php\/wp-json\/wp\/v2\/comments?post=85033"}],"version-history":[{"count":0,"href":"https:\/\/feminissima.de\/index.php\/wp-json\/wp\/v2\/posts\/85033\/revisions"}],"wp:attachment":[{"href":"https:\/\/feminissima.de\/index.php\/wp-json\/wp\/v2\/media?parent=85033"}],"wp:term":[{"taxonomy":"category","embeddable":true,"href":"https:\/\/feminissima.de\/index.php\/wp-json\/wp\/v2\/categories?post=85033"},{"taxonomy":"post_tag","embeddable":true,"href":"https:\/\/feminissima.de\/index.php\/wp-json\/wp\/v2\/tags?post=85033"}],"curies":[{"name":"wp","href":"https:\/\/api.w.org\/{rel}","templated":true}]}}