{"id":85031,"date":"2007-11-18T23:46:05","date_gmt":"2007-11-18T23:46:05","guid":{"rendered":"http:\/\/www.feminissima.de\/?p=85031"},"modified":"2007-11-18T23:46:05","modified_gmt":"2007-11-18T23:46:05","slug":"femkultur-machtkampf-auf-den-schienen-anne-will-gaeste","status":"publish","type":"post","link":"https:\/\/feminissima.de\/index.php\/2007\/11\/18\/femkultur-machtkampf-auf-den-schienen-anne-will-gaeste\/","title":{"rendered":"fem&#038;Kultur: &#8222;Machtkampf auf den Schienen&#8220; \/Anne Will \/G\u00e4ste"},"content":{"rendered":"<p>Genaueres \u00fcber die G\u00e4ste und die Absicht der Sendung.<br \/>Aktuelle Sendung<br \/>\nMachtkampf auf der Schiene: Die Nerven liegen blank<\/p>\n<p>Der Streik der Lokf\u00fchrer legt einen Gro\u00dfteil des Personen- und G\u00fcterverkehrs auf der Schiene lahm. Aber die Fronten bleiben verh\u00e4rtet: Weder Bahnchef Mehdorn noch GDL-Chef Schell wollen unter den gegebenen Umst\u00e4nden zur\u00fcck an den Verhandlungstisch. Doch wohin f\u00fchrt dieser Arbeitskampf?<\/p>\n<p>\nDie G\u00e4ste im Studio<\/p>\n<p>Das Thema diskutieren GDL-Chef Manfred Schell, DB-Personalvorstand Margret Suckale, Transnet-Chef Norbert Hansen, der Mediator im Tarifstreit, Kurt Biedenkopf, und Gesamtmetall-Pr\u00e4sident Martin Kannegiesser.<\/p>\n<p>\nDie G\u00e4ste auf dem Sofa<\/p>\n<p>Matthias Schranner ist Verhandlungsexperte und glaubt zu wissen, was in den Tarifverhandlungen der Bahn mit den Lokf\u00fchrern schief l\u00e4uft. Olaf Guckelberger arbeitet als Arzt an der Berliner Charit\u00e9 und hat erfolgreich einen eigenen Tarifvertrag erstritten.<\/p>\n<p>Anne Will<br \/>\nNichts geht mehr<\/p>\n<p>Seit mehr als einem Monat herrscht Stillstand im Tarifstreit zwischen Bahn und Lokf\u00fchrergewerkschaft. Zuletzt hatte die Bahn am 15. Oktober ein Angebot vorgelegt, das GDL-Chef Schell aber als &#8222;Mogelpackung&#8220; abqualifizierte. Dann verstrich ein ums andere Ultimatum der GDL, ohne dass die Bahn auf die Tarifforderungen eingehen wollte. <\/p>\n<p>\nZusatzinformationen<br \/>\nANNE WILL BLOG<br \/>\nNichts geht mehr <br \/>\nDiskutieren Sie mit uns das Thema der Sendung!<br \/>\nAuf Sendung<br \/>\nDas Erste: So 21.45 Uhr<br \/>\nNDR: Mo 05.50 Uhr<br \/>\nMDR: Mo 09.35 Uhr<br \/>\nPhoenix: Mo 10.00 Uhr<br \/>\nEinsExtra: Mo 21.02 Uhr<br \/>\nRBB: Mo nach Mitternacht<br \/>\nHR: Di 08.55 Uhr<\/p>\n<p>In Nord- und Lateinamerika bei DW-TV:<br \/>\nSo 23.30 Uhr UTC<\/p>\n<p>Und im Deutschlandradio:<br \/>\nSo 21.45 Uhr auf LW 153<br \/>\nund 177 sowie auf MW 855<br \/>\n(DRM) und 990 kHz<\/p>\n<p>Weitere Informationen<br \/>\nMultimedia <br \/>\nLive-Stream, Podcast, Video-on-demand &#038; Co. <\/p>\n","protected":false},"excerpt":{"rendered":"<p>Genaueres \u00fcber die G\u00e4ste und die Absicht der Sendung.<\/p>\n","protected":false},"author":2,"featured_media":0,"comment_status":"closed","ping_status":"closed","sticky":false,"template":"","format":"standard","meta":{"footnotes":""},"categories":[11],"tags":[],"class_list":["post-85031","post","type-post","status-publish","format-standard","hentry","category-femkultur","entry"],"yoast_head":"<!-- This site is optimized with the Yoast SEO plugin v21.0 - https:\/\/yoast.com\/wordpress\/plugins\/seo\/ -->\n<title>fem&amp;Kultur: &quot;Machtkampf auf den Schienen&quot; \/Anne Will \/G\u00e4ste - Feminissima<\/title>\n<meta name=\"robots\" content=\"index, follow, max-snippet:-1, max-image-preview:large, max-video-preview:-1\" \/>\n<link rel=\"canonical\" href=\"https:\/\/feminissima.de\/index.php\/2007\/11\/18\/femkultur-machtkampf-auf-den-schienen-anne-will-gaeste\/\" \/>\n<meta property=\"og:locale\" content=\"de_DE\" \/>\n<meta property=\"og:type\" content=\"article\" \/>\n<meta property=\"og:title\" content=\"fem&amp;Kultur: &quot;Machtkampf auf den Schienen&quot; \/Anne Will \/G\u00e4ste - Feminissima\" \/>\n<meta property=\"og:description\" content=\"Genaueres \u00fcber die G\u00e4ste und die Absicht der Sendung.\" \/>\n<meta property=\"og:url\" content=\"https:\/\/feminissima.de\/index.php\/2007\/11\/18\/femkultur-machtkampf-auf-den-schienen-anne-will-gaeste\/\" \/>\n<meta property=\"og:site_name\" content=\"Feminissima\" \/>\n<meta property=\"article:published_time\" content=\"2007-11-18T23:46:05+00:00\" \/>\n<meta name=\"author\" content=\"admin\" \/>\n<meta name=\"twitter:card\" content=\"summary_large_image\" \/>\n<meta name=\"twitter:label1\" content=\"Verfasst von\" \/>\n\t<meta name=\"twitter:data1\" content=\"admin\" \/>\n\t<meta name=\"twitter:label2\" content=\"Gesch\u00e4tzte Lesezeit\" \/>\n\t<meta name=\"twitter:data2\" content=\"1\u00a0Minute\" \/>\n<script type=\"application\/ld+json\" class=\"yoast-schema-graph\">{\"@context\":\"https:\/\/schema.org\",\"@graph\":[{\"@type\":\"WebPage\",\"@id\":\"https:\/\/feminissima.de\/index.php\/2007\/11\/18\/femkultur-machtkampf-auf-den-schienen-anne-will-gaeste\/\",\"url\":\"https:\/\/feminissima.de\/index.php\/2007\/11\/18\/femkultur-machtkampf-auf-den-schienen-anne-will-gaeste\/\",\"name\":\"fem&Kultur: \\\"Machtkampf auf den Schienen\\\" \/Anne Will \/G\u00e4ste - Feminissima\",\"isPartOf\":{\"@id\":\"https:\/\/feminissima.de\/#website\"},\"datePublished\":\"2007-11-18T23:46:05+00:00\",\"dateModified\":\"2007-11-18T23:46:05+00:00\",\"author\":{\"@id\":\"https:\/\/feminissima.de\/#\/schema\/person\/0b901e053624f88e7ecbea289d9d5128\"},\"breadcrumb\":{\"@id\":\"https:\/\/feminissima.de\/index.php\/2007\/11\/18\/femkultur-machtkampf-auf-den-schienen-anne-will-gaeste\/#breadcrumb\"},\"inLanguage\":\"de\",\"potentialAction\":[{\"@type\":\"ReadAction\",\"target\":[\"https:\/\/feminissima.de\/index.php\/2007\/11\/18\/femkultur-machtkampf-auf-den-schienen-anne-will-gaeste\/\"]}]},{\"@type\":\"BreadcrumbList\",\"@id\":\"https:\/\/feminissima.de\/index.php\/2007\/11\/18\/femkultur-machtkampf-auf-den-schienen-anne-will-gaeste\/#breadcrumb\",\"itemListElement\":[{\"@type\":\"ListItem\",\"position\":1,\"name\":\"Startseite\",\"item\":\"https:\/\/feminissima.de\/\"},{\"@type\":\"ListItem\",\"position\":2,\"name\":\"fem&#038;Kultur: &#8222;Machtkampf auf den Schienen&#8220; \/Anne Will \/G\u00e4ste\"}]},{\"@type\":\"WebSite\",\"@id\":\"https:\/\/feminissima.de\/#website\",\"url\":\"https:\/\/feminissima.de\/\",\"name\":\"Feminissima\",\"description\":\"\",\"potentialAction\":[{\"@type\":\"SearchAction\",\"target\":{\"@type\":\"EntryPoint\",\"urlTemplate\":\"https:\/\/feminissima.de\/?s={search_term_string}\"},\"query-input\":\"required name=search_term_string\"}],\"inLanguage\":\"de\"},{\"@type\":\"Person\",\"@id\":\"https:\/\/feminissima.de\/#\/schema\/person\/0b901e053624f88e7ecbea289d9d5128\",\"name\":\"admin\",\"image\":{\"@type\":\"ImageObject\",\"inLanguage\":\"de\",\"@id\":\"https:\/\/feminissima.de\/#\/schema\/person\/image\/\",\"url\":\"https:\/\/secure.gravatar.com\/avatar\/8da1f51327453c0bf63338e8e2a791948b7d2ac19b68839492d1e69aac6924a8?s=96&d=mm&r=g\",\"contentUrl\":\"https:\/\/secure.gravatar.com\/avatar\/8da1f51327453c0bf63338e8e2a791948b7d2ac19b68839492d1e69aac6924a8?s=96&d=mm&r=g\",\"caption\":\"admin\"},\"url\":\"https:\/\/feminissima.de\/index.php\/author\/admin\/\"}]}<\/script>\n<!-- \/ Yoast SEO plugin. -->","yoast_head_json":{"title":"fem&Kultur: \"Machtkampf auf den Schienen\" \/Anne Will \/G\u00e4ste - Feminissima","robots":{"index":"index","follow":"follow","max-snippet":"max-snippet:-1","max-image-preview":"max-image-preview:large","max-video-preview":"max-video-preview:-1"},"canonical":"https:\/\/feminissima.de\/index.php\/2007\/11\/18\/femkultur-machtkampf-auf-den-schienen-anne-will-gaeste\/","og_locale":"de_DE","og_type":"article","og_title":"fem&Kultur: \"Machtkampf auf den Schienen\" \/Anne Will \/G\u00e4ste - Feminissima","og_description":"Genaueres \u00fcber die G\u00e4ste und die Absicht der Sendung.","og_url":"https:\/\/feminissima.de\/index.php\/2007\/11\/18\/femkultur-machtkampf-auf-den-schienen-anne-will-gaeste\/","og_site_name":"Feminissima","article_published_time":"2007-11-18T23:46:05+00:00","author":"admin","twitter_card":"summary_large_image","twitter_misc":{"Verfasst von":"admin","Gesch\u00e4tzte Lesezeit":"1\u00a0Minute"},"schema":{"@context":"https:\/\/schema.org","@graph":[{"@type":"WebPage","@id":"https:\/\/feminissima.de\/index.php\/2007\/11\/18\/femkultur-machtkampf-auf-den-schienen-anne-will-gaeste\/","url":"https:\/\/feminissima.de\/index.php\/2007\/11\/18\/femkultur-machtkampf-auf-den-schienen-anne-will-gaeste\/","name":"fem&Kultur: \"Machtkampf auf den Schienen\" \/Anne Will \/G\u00e4ste - Feminissima","isPartOf":{"@id":"https:\/\/feminissima.de\/#website"},"datePublished":"2007-11-18T23:46:05+00:00","dateModified":"2007-11-18T23:46:05+00:00","author":{"@id":"https:\/\/feminissima.de\/#\/schema\/person\/0b901e053624f88e7ecbea289d9d5128"},"breadcrumb":{"@id":"https:\/\/feminissima.de\/index.php\/2007\/11\/18\/femkultur-machtkampf-auf-den-schienen-anne-will-gaeste\/#breadcrumb"},"inLanguage":"de","potentialAction":[{"@type":"ReadAction","target":["https:\/\/feminissima.de\/index.php\/2007\/11\/18\/femkultur-machtkampf-auf-den-schienen-anne-will-gaeste\/"]}]},{"@type":"BreadcrumbList","@id":"https:\/\/feminissima.de\/index.php\/2007\/11\/18\/femkultur-machtkampf-auf-den-schienen-anne-will-gaeste\/#breadcrumb","itemListElement":[{"@type":"ListItem","position":1,"name":"Startseite","item":"https:\/\/feminissima.de\/"},{"@type":"ListItem","position":2,"name":"fem&#038;Kultur: &#8222;Machtkampf auf den Schienen&#8220; \/Anne Will \/G\u00e4ste"}]},{"@type":"WebSite","@id":"https:\/\/feminissima.de\/#website","url":"https:\/\/feminissima.de\/","name":"Feminissima","description":"","potentialAction":[{"@type":"SearchAction","target":{"@type":"EntryPoint","urlTemplate":"https:\/\/feminissima.de\/?s={search_term_string}"},"query-input":"required name=search_term_string"}],"inLanguage":"de"},{"@type":"Person","@id":"https:\/\/feminissima.de\/#\/schema\/person\/0b901e053624f88e7ecbea289d9d5128","name":"admin","image":{"@type":"ImageObject","inLanguage":"de","@id":"https:\/\/feminissima.de\/#\/schema\/person\/image\/","url":"https:\/\/secure.gravatar.com\/avatar\/8da1f51327453c0bf63338e8e2a791948b7d2ac19b68839492d1e69aac6924a8?s=96&d=mm&r=g","contentUrl":"https:\/\/secure.gravatar.com\/avatar\/8da1f51327453c0bf63338e8e2a791948b7d2ac19b68839492d1e69aac6924a8?s=96&d=mm&r=g","caption":"admin"},"url":"https:\/\/feminissima.de\/index.php\/author\/admin\/"}]}},"jetpack_featured_media_url":"","_links":{"self":[{"href":"https:\/\/feminissima.de\/index.php\/wp-json\/wp\/v2\/posts\/85031","targetHints":{"allow":["GET"]}}],"collection":[{"href":"https:\/\/feminissima.de\/index.php\/wp-json\/wp\/v2\/posts"}],"about":[{"href":"https:\/\/feminissima.de\/index.php\/wp-json\/wp\/v2\/types\/post"}],"author":[{"embeddable":true,"href":"https:\/\/feminissima.de\/index.php\/wp-json\/wp\/v2\/users\/2"}],"replies":[{"embeddable":true,"href":"https:\/\/feminissima.de\/index.php\/wp-json\/wp\/v2\/comments?post=85031"}],"version-history":[{"count":0,"href":"https:\/\/feminissima.de\/index.php\/wp-json\/wp\/v2\/posts\/85031\/revisions"}],"wp:attachment":[{"href":"https:\/\/feminissima.de\/index.php\/wp-json\/wp\/v2\/media?parent=85031"}],"wp:term":[{"taxonomy":"category","embeddable":true,"href":"https:\/\/feminissima.de\/index.php\/wp-json\/wp\/v2\/categories?post=85031"},{"taxonomy":"post_tag","embeddable":true,"href":"https:\/\/feminissima.de\/index.php\/wp-json\/wp\/v2\/tags?post=85031"}],"curies":[{"name":"wp","href":"https:\/\/api.w.org\/{rel}","templated":true}]}}