{"id":85030,"date":"2007-11-18T19:18:13","date_gmt":"2007-11-18T19:18:13","guid":{"rendered":"http:\/\/www.feminissima.de\/?p=85030"},"modified":"2007-11-18T19:18:13","modified_gmt":"2007-11-18T19:18:13","slug":"presse-schueler-wollte-in-koeln-amok-laufen","status":"publish","type":"post","link":"https:\/\/feminissima.de\/index.php\/2007\/11\/18\/presse-schueler-wollte-in-koeln-amok-laufen\/","title":{"rendered":"PRESSE: Sch\u00fcler wollte in K\u00f6ln Amok-Laufen"},"content":{"rendered":"<p>Die Beh\u00f6rden haben einen f\u00fcr Dienstag geplanten Amoklauf an einem K\u00f6lner Gymnasium vereitelt. Die Tat organisiert hat offenbar ein 17-J\u00e4hriger, der sich inzwischen das Leben genommen hat.<\/p>\n<p>Mehr: quelle: zeit-online.de<\/p>\n<p> Sonntag, 18.11.2007<\/p>\n<p>Die Beh\u00f6rden haben einen f\u00fcr Dienstag geplanten Amoklauf an einem K\u00f6lner Gymnasium vereitelt. Die Tat organisiert hat offenbar ein 17-J\u00e4hriger, der sich inzwischen das Leben genommen hat.<\/p>\n<p>Die Polizei hat nach eigenen Angaben einen Amoklauf in einer Schule in K\u00f6ln verhindert. Die Tat sei f\u00fcr den kommenden Dienstag geplant gewesen. Ein 17 Jahre alter Sch\u00fcler, der Urheber der Amokpl\u00e4ne gewesen sein soll, nahm sich am Freitag das Leben, wie die Ermittler weiter mitteilten. Die Polizei sprach von &#8222;umfangreichen Ermittlungen&#8220; zu der angeblich geplanten Straftat. Der 17-J\u00e4hrige sei von einem 18-J\u00e4hrigen unterst\u00fctzt worden, hie\u00df es weiter.<\/p>\n<p>Ziel des Amoklaufs sei das Georg-B\u00fcchner-Gymnasium im K\u00f6lner Stadtteil Weiden gewesen. Bei einer Wohnungsdurchsuchung stie\u00dfen die Beamten auf Softair-Pistolen und zwei Armbrust-Waffen sowie auf eine Liste mit Namen von Lehrern und Sch\u00fclern, hie\u00df es weiter. Laut &#8222;K\u00f6lner Express&#8220; soll der Sch\u00fcler mit seinen Vorstellungen vor Freunden geprahlt haben, die daraufhin die Polizei informierten. Der Zeitung zufolge sei bei dem 17-J\u00e4hrigen auch Sprengstoff gefunden worden. Als er von der Hausdurchsuchung erfuhr, sei der Sch\u00fcler gefl\u00fcchtet und habe sich vor einen Zug der Stra\u00dfenbahnlinie 1 geworfen. Schwer verletzt wurde er daraufhin ins Krankenhaus gebracht, wo er verstarb.<\/p>\n<p>18-J\u00e4hriger gesteht Tatpl\u00e4ne<\/p>\n<p>Die Polizei nahm zudem einen 18-J\u00e4hrigen fest, der die Tat mit dem 17-J\u00e4hrigen geplant haben soll. Der 18-J\u00e4hrige gestand laut Polizei den Plan. Ein Verdacht gegen einen weiteren 18 Jahre alten Sch\u00fcler habe sich nicht best\u00e4tigt.<\/p>\n<p>Auch der Schulleiter habe nach Angaben der Nachrichtenagentur AFP bei den Ermittlungen geholfen. Er habe die beiden Sch\u00fcler als &#8222;Gewalt verherrlichend&#8220; beschrieben. Die Polizei best\u00e4tigte das und berichtete, der 17-J\u00e4hrige habe auf einer Internetseite f\u00fcnf Bilder des Massakers an der Columbine-Schule eingestellt. Wie die AFP weiter meldet, sollte der Amoklauf am ersten Jahrestag der Bluttat von Emsdetten stattfinden. Dabei waren am 20. November 2006 in Nordrhein-Westfalen 37 Menschen verletzt worden. (mit dpa, ddp)<\/p>\n<p>mehr Nachrichten \u00bb<\/p>\n<p>\u00a9 ZEIT online, Tagesspiegel | 18.11.2007 19:10<\/p>\n","protected":false},"excerpt":{"rendered":"<p>Die Beh\u00f6rden haben einen f\u00fcr Dienstag geplanten Amoklauf an einem K\u00f6lner Gymnasium vereitelt. Die Tat organisiert hat offenbar ein 17-J\u00e4hriger, der sich inzwischen das Leben genommen hat.<\/p>\n<p>Mehr: quelle: zeit-online.de<\/p>\n","protected":false},"author":2,"featured_media":0,"comment_status":"closed","ping_status":"closed","sticky":false,"template":"","format":"standard","meta":{"footnotes":""},"categories":[8],"tags":[],"class_list":["post-85030","post","type-post","status-publish","format-standard","hentry","category-fembildung","entry"],"yoast_head":"<!-- This site is optimized with the Yoast SEO plugin v21.0 - https:\/\/yoast.com\/wordpress\/plugins\/seo\/ -->\n<title>PRESSE: Sch\u00fcler wollte in K\u00f6ln Amok-Laufen - Feminissima<\/title>\n<meta name=\"robots\" content=\"index, follow, max-snippet:-1, max-image-preview:large, max-video-preview:-1\" \/>\n<link rel=\"canonical\" href=\"https:\/\/feminissima.de\/index.php\/2007\/11\/18\/presse-schueler-wollte-in-koeln-amok-laufen\/\" \/>\n<meta property=\"og:locale\" content=\"de_DE\" \/>\n<meta property=\"og:type\" content=\"article\" \/>\n<meta property=\"og:title\" content=\"PRESSE: Sch\u00fcler wollte in K\u00f6ln Amok-Laufen - Feminissima\" \/>\n<meta property=\"og:description\" content=\"Die Beh\u00f6rden haben einen f\u00fcr Dienstag geplanten Amoklauf an einem K\u00f6lner Gymnasium vereitelt. Die Tat organisiert hat offenbar ein 17-J\u00e4hriger, der sich inzwischen das Leben genommen hat. Mehr: quelle: zeit-online.de\" \/>\n<meta property=\"og:url\" content=\"https:\/\/feminissima.de\/index.php\/2007\/11\/18\/presse-schueler-wollte-in-koeln-amok-laufen\/\" \/>\n<meta property=\"og:site_name\" content=\"Feminissima\" \/>\n<meta property=\"article:published_time\" content=\"2007-11-18T19:18:13+00:00\" \/>\n<meta name=\"author\" content=\"admin\" \/>\n<meta name=\"twitter:card\" content=\"summary_large_image\" \/>\n<meta name=\"twitter:label1\" content=\"Verfasst von\" \/>\n\t<meta name=\"twitter:data1\" content=\"admin\" \/>\n\t<meta name=\"twitter:label2\" content=\"Gesch\u00e4tzte Lesezeit\" \/>\n\t<meta name=\"twitter:data2\" content=\"2\u00a0Minuten\" \/>\n<script type=\"application\/ld+json\" class=\"yoast-schema-graph\">{\"@context\":\"https:\/\/schema.org\",\"@graph\":[{\"@type\":\"WebPage\",\"@id\":\"https:\/\/feminissima.de\/index.php\/2007\/11\/18\/presse-schueler-wollte-in-koeln-amok-laufen\/\",\"url\":\"https:\/\/feminissima.de\/index.php\/2007\/11\/18\/presse-schueler-wollte-in-koeln-amok-laufen\/\",\"name\":\"PRESSE: Sch\u00fcler wollte in K\u00f6ln Amok-Laufen - Feminissima\",\"isPartOf\":{\"@id\":\"https:\/\/feminissima.de\/#website\"},\"datePublished\":\"2007-11-18T19:18:13+00:00\",\"dateModified\":\"2007-11-18T19:18:13+00:00\",\"author\":{\"@id\":\"https:\/\/feminissima.de\/#\/schema\/person\/0b901e053624f88e7ecbea289d9d5128\"},\"breadcrumb\":{\"@id\":\"https:\/\/feminissima.de\/index.php\/2007\/11\/18\/presse-schueler-wollte-in-koeln-amok-laufen\/#breadcrumb\"},\"inLanguage\":\"de\",\"potentialAction\":[{\"@type\":\"ReadAction\",\"target\":[\"https:\/\/feminissima.de\/index.php\/2007\/11\/18\/presse-schueler-wollte-in-koeln-amok-laufen\/\"]}]},{\"@type\":\"BreadcrumbList\",\"@id\":\"https:\/\/feminissima.de\/index.php\/2007\/11\/18\/presse-schueler-wollte-in-koeln-amok-laufen\/#breadcrumb\",\"itemListElement\":[{\"@type\":\"ListItem\",\"position\":1,\"name\":\"Startseite\",\"item\":\"https:\/\/feminissima.de\/\"},{\"@type\":\"ListItem\",\"position\":2,\"name\":\"PRESSE: Sch\u00fcler wollte in K\u00f6ln Amok-Laufen\"}]},{\"@type\":\"WebSite\",\"@id\":\"https:\/\/feminissima.de\/#website\",\"url\":\"https:\/\/feminissima.de\/\",\"name\":\"Feminissima\",\"description\":\"\",\"potentialAction\":[{\"@type\":\"SearchAction\",\"target\":{\"@type\":\"EntryPoint\",\"urlTemplate\":\"https:\/\/feminissima.de\/?s={search_term_string}\"},\"query-input\":\"required name=search_term_string\"}],\"inLanguage\":\"de\"},{\"@type\":\"Person\",\"@id\":\"https:\/\/feminissima.de\/#\/schema\/person\/0b901e053624f88e7ecbea289d9d5128\",\"name\":\"admin\",\"image\":{\"@type\":\"ImageObject\",\"inLanguage\":\"de\",\"@id\":\"https:\/\/feminissima.de\/#\/schema\/person\/image\/\",\"url\":\"https:\/\/secure.gravatar.com\/avatar\/8da1f51327453c0bf63338e8e2a791948b7d2ac19b68839492d1e69aac6924a8?s=96&d=mm&r=g\",\"contentUrl\":\"https:\/\/secure.gravatar.com\/avatar\/8da1f51327453c0bf63338e8e2a791948b7d2ac19b68839492d1e69aac6924a8?s=96&d=mm&r=g\",\"caption\":\"admin\"},\"url\":\"https:\/\/feminissima.de\/index.php\/author\/admin\/\"}]}<\/script>\n<!-- \/ Yoast SEO plugin. -->","yoast_head_json":{"title":"PRESSE: Sch\u00fcler wollte in K\u00f6ln Amok-Laufen - Feminissima","robots":{"index":"index","follow":"follow","max-snippet":"max-snippet:-1","max-image-preview":"max-image-preview:large","max-video-preview":"max-video-preview:-1"},"canonical":"https:\/\/feminissima.de\/index.php\/2007\/11\/18\/presse-schueler-wollte-in-koeln-amok-laufen\/","og_locale":"de_DE","og_type":"article","og_title":"PRESSE: Sch\u00fcler wollte in K\u00f6ln Amok-Laufen - Feminissima","og_description":"Die Beh\u00f6rden haben einen f\u00fcr Dienstag geplanten Amoklauf an einem K\u00f6lner Gymnasium vereitelt. Die Tat organisiert hat offenbar ein 17-J\u00e4hriger, der sich inzwischen das Leben genommen hat. Mehr: quelle: zeit-online.de","og_url":"https:\/\/feminissima.de\/index.php\/2007\/11\/18\/presse-schueler-wollte-in-koeln-amok-laufen\/","og_site_name":"Feminissima","article_published_time":"2007-11-18T19:18:13+00:00","author":"admin","twitter_card":"summary_large_image","twitter_misc":{"Verfasst von":"admin","Gesch\u00e4tzte Lesezeit":"2\u00a0Minuten"},"schema":{"@context":"https:\/\/schema.org","@graph":[{"@type":"WebPage","@id":"https:\/\/feminissima.de\/index.php\/2007\/11\/18\/presse-schueler-wollte-in-koeln-amok-laufen\/","url":"https:\/\/feminissima.de\/index.php\/2007\/11\/18\/presse-schueler-wollte-in-koeln-amok-laufen\/","name":"PRESSE: Sch\u00fcler wollte in K\u00f6ln Amok-Laufen - Feminissima","isPartOf":{"@id":"https:\/\/feminissima.de\/#website"},"datePublished":"2007-11-18T19:18:13+00:00","dateModified":"2007-11-18T19:18:13+00:00","author":{"@id":"https:\/\/feminissima.de\/#\/schema\/person\/0b901e053624f88e7ecbea289d9d5128"},"breadcrumb":{"@id":"https:\/\/feminissima.de\/index.php\/2007\/11\/18\/presse-schueler-wollte-in-koeln-amok-laufen\/#breadcrumb"},"inLanguage":"de","potentialAction":[{"@type":"ReadAction","target":["https:\/\/feminissima.de\/index.php\/2007\/11\/18\/presse-schueler-wollte-in-koeln-amok-laufen\/"]}]},{"@type":"BreadcrumbList","@id":"https:\/\/feminissima.de\/index.php\/2007\/11\/18\/presse-schueler-wollte-in-koeln-amok-laufen\/#breadcrumb","itemListElement":[{"@type":"ListItem","position":1,"name":"Startseite","item":"https:\/\/feminissima.de\/"},{"@type":"ListItem","position":2,"name":"PRESSE: Sch\u00fcler wollte in K\u00f6ln Amok-Laufen"}]},{"@type":"WebSite","@id":"https:\/\/feminissima.de\/#website","url":"https:\/\/feminissima.de\/","name":"Feminissima","description":"","potentialAction":[{"@type":"SearchAction","target":{"@type":"EntryPoint","urlTemplate":"https:\/\/feminissima.de\/?s={search_term_string}"},"query-input":"required name=search_term_string"}],"inLanguage":"de"},{"@type":"Person","@id":"https:\/\/feminissima.de\/#\/schema\/person\/0b901e053624f88e7ecbea289d9d5128","name":"admin","image":{"@type":"ImageObject","inLanguage":"de","@id":"https:\/\/feminissima.de\/#\/schema\/person\/image\/","url":"https:\/\/secure.gravatar.com\/avatar\/8da1f51327453c0bf63338e8e2a791948b7d2ac19b68839492d1e69aac6924a8?s=96&d=mm&r=g","contentUrl":"https:\/\/secure.gravatar.com\/avatar\/8da1f51327453c0bf63338e8e2a791948b7d2ac19b68839492d1e69aac6924a8?s=96&d=mm&r=g","caption":"admin"},"url":"https:\/\/feminissima.de\/index.php\/author\/admin\/"}]}},"jetpack_featured_media_url":"","_links":{"self":[{"href":"https:\/\/feminissima.de\/index.php\/wp-json\/wp\/v2\/posts\/85030","targetHints":{"allow":["GET"]}}],"collection":[{"href":"https:\/\/feminissima.de\/index.php\/wp-json\/wp\/v2\/posts"}],"about":[{"href":"https:\/\/feminissima.de\/index.php\/wp-json\/wp\/v2\/types\/post"}],"author":[{"embeddable":true,"href":"https:\/\/feminissima.de\/index.php\/wp-json\/wp\/v2\/users\/2"}],"replies":[{"embeddable":true,"href":"https:\/\/feminissima.de\/index.php\/wp-json\/wp\/v2\/comments?post=85030"}],"version-history":[{"count":0,"href":"https:\/\/feminissima.de\/index.php\/wp-json\/wp\/v2\/posts\/85030\/revisions"}],"wp:attachment":[{"href":"https:\/\/feminissima.de\/index.php\/wp-json\/wp\/v2\/media?parent=85030"}],"wp:term":[{"taxonomy":"category","embeddable":true,"href":"https:\/\/feminissima.de\/index.php\/wp-json\/wp\/v2\/categories?post=85030"},{"taxonomy":"post_tag","embeddable":true,"href":"https:\/\/feminissima.de\/index.php\/wp-json\/wp\/v2\/tags?post=85030"}],"curies":[{"name":"wp","href":"https:\/\/api.w.org\/{rel}","templated":true}]}}