{"id":85024,"date":"2007-11-17T13:24:04","date_gmt":"2007-11-17T13:24:04","guid":{"rendered":"http:\/\/www.feminissima.de\/?p=85024"},"modified":"2007-11-17T13:24:04","modified_gmt":"2007-11-17T13:24:04","slug":"politik-frueher-ksze-heute-osze-osce-11-07","status":"publish","type":"post","link":"https:\/\/feminissima.de\/index.php\/2007\/11\/17\/politik-frueher-ksze-heute-osze-osce-11-07\/","title":{"rendered":"POLITIK &#8211; fr\u00fcher KSZE &#8211; heute OSZE\/ OSCE\/11\/07"},"content":{"rendered":"<p>Die in Wien ans\u00e4ssige Organisation f\u00fcr Sicherheit und Zusammenarbeit in Europa (OSZE) wurde 1975 als Konferenz f\u00fcr Sicherheit und Zusammenarbeit in Europa (KSZE) gegr\u00fcndet und 1994 in OSZE umbenannt.<br \/>Die Organisation f\u00fcr Sicherheit und Zusammenarbeit in Europa <\/p>\n<p>\nZentrum f\u00fcr OSZE-Forschung <\/p>\n<p>Download<\/p>\n<p>Vademecum: Eine Einf\u00fchrung \u00fcber die &#8222;Organisation f\u00fcr Sicherheit und Zusammenarbeit in Europa&#8220;  (221 Kb, pdf) <\/p>\n<p>Fachkontakt<\/p>\n<p>E-Mail  PA1-OSZE@eda.admin.ch<\/p>\n<p> Die Organisation f\u00fcr Sicherheit und Zusammenarbeit in Europa<\/p>\n<p>Die in Wien ans\u00e4ssige Organisation f\u00fcr Sicherheit und Zusammenarbeit in Europa (OSZE) wurde 1975 als Konferenz f\u00fcr Sicherheit und Zusammenarbeit in Europa (KSZE) gegr\u00fcndet und 1994 in OSZE umbenannt. <\/p>\n<p>Die Schwerpunkte der T\u00e4tigkeit der OSZE liegen in der Pr\u00e4ventivdiplomatie, Konfliktverh\u00fctung und Krisenbew\u00e4ltigung sowie im Wiederaufbau und der Festigung demokratischer Gesellschaftsstrukturen nach Konflikten. Sie leistet einen wichtigen Beitrag zur F\u00f6rderung von Demokratie, Menschenrechten und Rechtsstaatlichkeit. <\/p>\n<p>Im politisch-milit\u00e4rischen Bereich bem\u00fcht sie sich durch Herstellung von Offenheit, Transparenz und Berechenbarkeit darum, Spannungen abzubauen, das gegenseitige Vertrauen zu st\u00e4rken und dadurch zur gegenseitigen R\u00fcstungskontrolle im OSZE-Raum beizutragen. Die OSZE umfasst 56 Teilnehmerstaaten, darunter die Schweiz. <\/p>\n<p>Die OSZE basiert auf einem umfassenden Verst\u00e4ndnis von Sicherheit. Dazu geh\u00f6ren <\/p>\n<p>\u2022 Schutz der Menschenrechte <\/p>\n<p>\u2022 demokratische Strukturen <\/p>\n<p>\u2022 Rechtsstaatlichkeit <\/p>\n<p>\u2022 politisch-milit\u00e4rische Vertrauens- und Sicherheitsbildung <\/p>\n<p>\u2022 wirtschaftliche Entwicklung und nachhaltiger Umgang mit Ressourcen <\/p>\n<p>Innerhalb der OSZE setzt sich eine Reihe von politischen Gremien und st\u00e4ndigen Institutionen f\u00fcr diese Ziele ein: <\/p>\n<p>\u2022 das Treffen der Staats- und Regierungschefs <\/p>\n<p>\u2022 der Ministerrat <\/p>\n<p>\u2022 der St\u00e4ndige Rat <\/p>\n<p>\u2022 das Forum f\u00fcr Sicherheitskooperation <\/p>\n<p>\u2022 das Sekretariat <\/p>\n<p>\u2022 das B\u00fcro f\u00fcr Menschenrechte und demokratische Institutionen <\/p>\n<p>\u2022 der Hohe Kommissar f\u00fcr nationale Minderheiten <\/p>\n<p>\u2022 der Beauftragte f\u00fcr Medienfreiheit <\/p>\n<p>\u2022 der Koordinator f\u00fcr Wirtschafts- und Umweltangelegenheiten <\/p>\n<p>Zudem verf\u00fcgt die OSZE \u00fcber 19 Feldpr\u00e4senzen. Zu deren Aufgaben geh\u00f6ren die Fr\u00fchwarnung und die Konfliktpr\u00e4vention, die Normalisierung der Lage nach Konflikten und die Unterst\u00fctzung von demokratischen Transformationsprozessen Ein bew\u00e4hrtes Instrument sind die Wahlbeobachtungen. <\/p>\n<p>F\u00fcr die Schweiz ist die Organisation ein wichtiger Partner in der europ\u00e4ischen und globalen Sicherheitsarchitektur. Durch die \u00dcbernahme der Pr\u00e4sidentschaft der OSZE 1996 hat sie die Bedeutung unterstrichen, die sie der gesamteurop\u00e4ischen Zusammenarbeit beimisst. <\/p>\n<p>Die Schweiz konzentriert sich auf die urspr\u00fcnglichen Kernaufgaben der Organisation. Sie nutzt die Organisation als Forum, um mit allen L\u00e4ndern Europas, Zentralasiens sowie den USA und Kanada \u00fcber sicherheitspolitische Fragen zu diskutieren Sie nimmt an wichtigen Konferenzen und Treffen teil. Sie unterst\u00fctzt Projekte der OSZE im Bereich der menschlichen und der politisch-milit\u00e4rischen Sicherheit. Ferner werden Schweizer Expertinnen und Experten in Schl\u00fcsselfunktionen der Organisation entsandt. In der Parlamentarischen Versammlung ist die Schweiz mit 8 Mitgliedern vertreten. <\/p>\n","protected":false},"excerpt":{"rendered":"<p>Die in Wien ans\u00e4ssige Organisation f\u00fcr Sicherheit und Zusammenarbeit in Europa (OSZE) wurde 1975 als Konferenz f\u00fcr Sicherheit und Zusammenarbeit in Europa (KSZE) gegr\u00fcndet und 1994 in OSZE umbenannt.<\/p>\n","protected":false},"author":2,"featured_media":0,"comment_status":"closed","ping_status":"closed","sticky":false,"template":"","format":"standard","meta":{"footnotes":""},"categories":[14],"tags":[],"class_list":["post-85024","post","type-post","status-publish","format-standard","hentry","category-fempolitik","entry"],"yoast_head":"<!-- This site is optimized with the Yoast SEO plugin v21.0 - https:\/\/yoast.com\/wordpress\/plugins\/seo\/ -->\n<title>POLITIK - fr\u00fcher KSZE - heute OSZE\/ OSCE\/11\/07 - Feminissima<\/title>\n<meta name=\"robots\" content=\"index, follow, max-snippet:-1, max-image-preview:large, max-video-preview:-1\" \/>\n<link rel=\"canonical\" href=\"https:\/\/feminissima.de\/index.php\/2007\/11\/17\/politik-frueher-ksze-heute-osze-osce-11-07\/\" \/>\n<meta property=\"og:locale\" content=\"de_DE\" \/>\n<meta property=\"og:type\" content=\"article\" \/>\n<meta property=\"og:title\" content=\"POLITIK - fr\u00fcher KSZE - heute OSZE\/ OSCE\/11\/07 - Feminissima\" \/>\n<meta property=\"og:description\" content=\"Die in Wien ans\u00e4ssige Organisation f\u00fcr Sicherheit und Zusammenarbeit in Europa (OSZE) wurde 1975 als Konferenz f\u00fcr Sicherheit und Zusammenarbeit in Europa (KSZE) gegr\u00fcndet und 1994 in OSZE umbenannt.\" \/>\n<meta property=\"og:url\" content=\"https:\/\/feminissima.de\/index.php\/2007\/11\/17\/politik-frueher-ksze-heute-osze-osce-11-07\/\" \/>\n<meta property=\"og:site_name\" content=\"Feminissima\" \/>\n<meta property=\"article:published_time\" content=\"2007-11-17T13:24:04+00:00\" \/>\n<meta name=\"author\" content=\"admin\" \/>\n<meta name=\"twitter:card\" content=\"summary_large_image\" \/>\n<meta name=\"twitter:label1\" content=\"Verfasst von\" \/>\n\t<meta name=\"twitter:data1\" content=\"admin\" \/>\n\t<meta name=\"twitter:label2\" content=\"Gesch\u00e4tzte Lesezeit\" \/>\n\t<meta name=\"twitter:data2\" content=\"2\u00a0Minuten\" \/>\n<script type=\"application\/ld+json\" class=\"yoast-schema-graph\">{\"@context\":\"https:\/\/schema.org\",\"@graph\":[{\"@type\":\"WebPage\",\"@id\":\"https:\/\/feminissima.de\/index.php\/2007\/11\/17\/politik-frueher-ksze-heute-osze-osce-11-07\/\",\"url\":\"https:\/\/feminissima.de\/index.php\/2007\/11\/17\/politik-frueher-ksze-heute-osze-osce-11-07\/\",\"name\":\"POLITIK - fr\u00fcher KSZE - heute OSZE\/ OSCE\/11\/07 - Feminissima\",\"isPartOf\":{\"@id\":\"https:\/\/feminissima.de\/#website\"},\"datePublished\":\"2007-11-17T13:24:04+00:00\",\"dateModified\":\"2007-11-17T13:24:04+00:00\",\"author\":{\"@id\":\"https:\/\/feminissima.de\/#\/schema\/person\/0b901e053624f88e7ecbea289d9d5128\"},\"breadcrumb\":{\"@id\":\"https:\/\/feminissima.de\/index.php\/2007\/11\/17\/politik-frueher-ksze-heute-osze-osce-11-07\/#breadcrumb\"},\"inLanguage\":\"de\",\"potentialAction\":[{\"@type\":\"ReadAction\",\"target\":[\"https:\/\/feminissima.de\/index.php\/2007\/11\/17\/politik-frueher-ksze-heute-osze-osce-11-07\/\"]}]},{\"@type\":\"BreadcrumbList\",\"@id\":\"https:\/\/feminissima.de\/index.php\/2007\/11\/17\/politik-frueher-ksze-heute-osze-osce-11-07\/#breadcrumb\",\"itemListElement\":[{\"@type\":\"ListItem\",\"position\":1,\"name\":\"Startseite\",\"item\":\"https:\/\/feminissima.de\/\"},{\"@type\":\"ListItem\",\"position\":2,\"name\":\"POLITIK &#8211; fr\u00fcher KSZE &#8211; heute OSZE\/ OSCE\/11\/07\"}]},{\"@type\":\"WebSite\",\"@id\":\"https:\/\/feminissima.de\/#website\",\"url\":\"https:\/\/feminissima.de\/\",\"name\":\"Feminissima\",\"description\":\"\",\"potentialAction\":[{\"@type\":\"SearchAction\",\"target\":{\"@type\":\"EntryPoint\",\"urlTemplate\":\"https:\/\/feminissima.de\/?s={search_term_string}\"},\"query-input\":\"required name=search_term_string\"}],\"inLanguage\":\"de\"},{\"@type\":\"Person\",\"@id\":\"https:\/\/feminissima.de\/#\/schema\/person\/0b901e053624f88e7ecbea289d9d5128\",\"name\":\"admin\",\"image\":{\"@type\":\"ImageObject\",\"inLanguage\":\"de\",\"@id\":\"https:\/\/feminissima.de\/#\/schema\/person\/image\/\",\"url\":\"https:\/\/secure.gravatar.com\/avatar\/8da1f51327453c0bf63338e8e2a791948b7d2ac19b68839492d1e69aac6924a8?s=96&d=mm&r=g\",\"contentUrl\":\"https:\/\/secure.gravatar.com\/avatar\/8da1f51327453c0bf63338e8e2a791948b7d2ac19b68839492d1e69aac6924a8?s=96&d=mm&r=g\",\"caption\":\"admin\"},\"url\":\"https:\/\/feminissima.de\/index.php\/author\/admin\/\"}]}<\/script>\n<!-- \/ Yoast SEO plugin. -->","yoast_head_json":{"title":"POLITIK - fr\u00fcher KSZE - heute OSZE\/ OSCE\/11\/07 - Feminissima","robots":{"index":"index","follow":"follow","max-snippet":"max-snippet:-1","max-image-preview":"max-image-preview:large","max-video-preview":"max-video-preview:-1"},"canonical":"https:\/\/feminissima.de\/index.php\/2007\/11\/17\/politik-frueher-ksze-heute-osze-osce-11-07\/","og_locale":"de_DE","og_type":"article","og_title":"POLITIK - fr\u00fcher KSZE - heute OSZE\/ OSCE\/11\/07 - Feminissima","og_description":"Die in Wien ans\u00e4ssige Organisation f\u00fcr Sicherheit und Zusammenarbeit in Europa (OSZE) wurde 1975 als Konferenz f\u00fcr Sicherheit und Zusammenarbeit in Europa (KSZE) gegr\u00fcndet und 1994 in OSZE umbenannt.","og_url":"https:\/\/feminissima.de\/index.php\/2007\/11\/17\/politik-frueher-ksze-heute-osze-osce-11-07\/","og_site_name":"Feminissima","article_published_time":"2007-11-17T13:24:04+00:00","author":"admin","twitter_card":"summary_large_image","twitter_misc":{"Verfasst von":"admin","Gesch\u00e4tzte Lesezeit":"2\u00a0Minuten"},"schema":{"@context":"https:\/\/schema.org","@graph":[{"@type":"WebPage","@id":"https:\/\/feminissima.de\/index.php\/2007\/11\/17\/politik-frueher-ksze-heute-osze-osce-11-07\/","url":"https:\/\/feminissima.de\/index.php\/2007\/11\/17\/politik-frueher-ksze-heute-osze-osce-11-07\/","name":"POLITIK - fr\u00fcher KSZE - heute OSZE\/ OSCE\/11\/07 - Feminissima","isPartOf":{"@id":"https:\/\/feminissima.de\/#website"},"datePublished":"2007-11-17T13:24:04+00:00","dateModified":"2007-11-17T13:24:04+00:00","author":{"@id":"https:\/\/feminissima.de\/#\/schema\/person\/0b901e053624f88e7ecbea289d9d5128"},"breadcrumb":{"@id":"https:\/\/feminissima.de\/index.php\/2007\/11\/17\/politik-frueher-ksze-heute-osze-osce-11-07\/#breadcrumb"},"inLanguage":"de","potentialAction":[{"@type":"ReadAction","target":["https:\/\/feminissima.de\/index.php\/2007\/11\/17\/politik-frueher-ksze-heute-osze-osce-11-07\/"]}]},{"@type":"BreadcrumbList","@id":"https:\/\/feminissima.de\/index.php\/2007\/11\/17\/politik-frueher-ksze-heute-osze-osce-11-07\/#breadcrumb","itemListElement":[{"@type":"ListItem","position":1,"name":"Startseite","item":"https:\/\/feminissima.de\/"},{"@type":"ListItem","position":2,"name":"POLITIK &#8211; fr\u00fcher KSZE &#8211; heute OSZE\/ OSCE\/11\/07"}]},{"@type":"WebSite","@id":"https:\/\/feminissima.de\/#website","url":"https:\/\/feminissima.de\/","name":"Feminissima","description":"","potentialAction":[{"@type":"SearchAction","target":{"@type":"EntryPoint","urlTemplate":"https:\/\/feminissima.de\/?s={search_term_string}"},"query-input":"required name=search_term_string"}],"inLanguage":"de"},{"@type":"Person","@id":"https:\/\/feminissima.de\/#\/schema\/person\/0b901e053624f88e7ecbea289d9d5128","name":"admin","image":{"@type":"ImageObject","inLanguage":"de","@id":"https:\/\/feminissima.de\/#\/schema\/person\/image\/","url":"https:\/\/secure.gravatar.com\/avatar\/8da1f51327453c0bf63338e8e2a791948b7d2ac19b68839492d1e69aac6924a8?s=96&d=mm&r=g","contentUrl":"https:\/\/secure.gravatar.com\/avatar\/8da1f51327453c0bf63338e8e2a791948b7d2ac19b68839492d1e69aac6924a8?s=96&d=mm&r=g","caption":"admin"},"url":"https:\/\/feminissima.de\/index.php\/author\/admin\/"}]}},"jetpack_featured_media_url":"","_links":{"self":[{"href":"https:\/\/feminissima.de\/index.php\/wp-json\/wp\/v2\/posts\/85024","targetHints":{"allow":["GET"]}}],"collection":[{"href":"https:\/\/feminissima.de\/index.php\/wp-json\/wp\/v2\/posts"}],"about":[{"href":"https:\/\/feminissima.de\/index.php\/wp-json\/wp\/v2\/types\/post"}],"author":[{"embeddable":true,"href":"https:\/\/feminissima.de\/index.php\/wp-json\/wp\/v2\/users\/2"}],"replies":[{"embeddable":true,"href":"https:\/\/feminissima.de\/index.php\/wp-json\/wp\/v2\/comments?post=85024"}],"version-history":[{"count":0,"href":"https:\/\/feminissima.de\/index.php\/wp-json\/wp\/v2\/posts\/85024\/revisions"}],"wp:attachment":[{"href":"https:\/\/feminissima.de\/index.php\/wp-json\/wp\/v2\/media?parent=85024"}],"wp:term":[{"taxonomy":"category","embeddable":true,"href":"https:\/\/feminissima.de\/index.php\/wp-json\/wp\/v2\/categories?post=85024"},{"taxonomy":"post_tag","embeddable":true,"href":"https:\/\/feminissima.de\/index.php\/wp-json\/wp\/v2\/tags?post=85024"}],"curies":[{"name":"wp","href":"https:\/\/api.w.org\/{rel}","templated":true}]}}