{"id":85023,"date":"2007-11-17T12:34:56","date_gmt":"2007-11-17T12:34:56","guid":{"rendered":"http:\/\/www.feminissima.de\/?p=85023"},"modified":"2007-11-17T12:34:56","modified_gmt":"2007-11-17T12:34:56","slug":"schmidt-pocher-vorzeitiges-aus-analfissuren-witz-komm-raus","status":"publish","type":"post","link":"https:\/\/feminissima.de\/index.php\/2007\/11\/17\/schmidt-pocher-vorzeitiges-aus-analfissuren-witz-komm-raus\/","title":{"rendered":"SCHMIDT &#038; POCHER &#8211; vorzeitiges Aus? Analfissuren &#038; Witz komm raus"},"content":{"rendered":"<p>und \u00e4hnlichen Unappetitlichkeiten? Wer Pocher einkaufte, wu\u00dfte, was er tat. Oder war geistig umnachtet. Jetzt nicht so tun, als seien alle blind und taub gewesen&#8230;schon mit Schmidt&#8230;dem teuersten Mann der ARD&#8230;**Zum THEMA hat FEMINISSIMA eine FAZ.NET-Kritik f\u00fcr uns\/Euch herausgesucht, <br \/>die unseren Geist erweitert.<\/p>\n<p>\u201eSchmidt &#038; Pocher\u201c<br \/>\nUnd mein Nazometer mit mir<br \/>\nVon J\u00f6rg Thomann<\/p>\n<p>\nWill keine b\u00f6sen W\u00f6rter mehr h\u00f6ren: Schmidt<br \/>\n16. November 2007 Wie leicht ist es doch manchmal, subversiv zu sein. Harald Schmidt musste gestern Abend in seiner ARD-Show mit Oliver Pocher nichts weiter tun, als mit einer Laterne in sein Studio zu spazieren und zwei Kinderlieder zu tr\u00e4llern. Der Doppelsinn entstand dadurch, dass regelm\u00e4\u00dfige Zuschauer die Laterne, die am Stab hing, bestens kannten: Es handelte sich um das \u201eNazometer\u201c, jenes Utensil, das den Komikern harte Kritik aus den Medien und der ARD selbst eingebracht hatte.<\/p>\n<p>Ein solch \u201elustvolles \u00dcberschreiten von Grenzen\u201c d\u00fcrfe es nicht geben, hatte sich der SWR-Intendant Peter Boudgoust echauffiert. Die \u201eBild\u201c-Zeitung spielte den Ball weiter, diagnostizierte \u201eWirbel um Nazi-Spr\u00fcche\u201c und telefonierte Prominente ab, die sich betroffen zeigten. Von der Kritik beeindruckt, hatte der f\u00fcr die Sendung zust\u00e4ndige WDR verlauten lassen, dass das Nazometer wohl weichen werde, da sich der Gag \u00fcberlebt habe. Hier irrte der Redakteur, da das Ger\u00e4t zu einem letzten, dem oben beschriebenen Einsatz kam.<\/p>\n<p>Ins Schlittern geraten<\/p>\n<p>Vorgestellt worden war das Nazometer von Pocher und Schmidt in ihrer ersten gemeinsamen Sendung als eine Art Fr\u00fchwarnsystem, das bei jedem Wort, das seine Unschuld eingeb\u00fc\u00dft habe, Alarm schlage. Als Schmidt \u201eWolfsburg\u201c sagte oder Pocher behauptete, er sei auf der Autobahn geblitzt worden, reagierte der Apparat mit hektischem Piepen. Nat\u00fcrlich verbarg sich hinter der Nummer ein sp\u00f6ttischer Gru\u00df an den ZDF-Kollegen Kerner, der die partout nicht bu\u00dffertige S\u00fcnderin Eva Herman in einem aufgesetzt heroischen Akt seines Studios verwiesen hatte (\u201eAutobahn geht gar nicht\u201c). Man schlittere ja leicht irgendwo rein, hatte Schmidt erkl\u00e4rt, und wolle nicht Gefahr laufen, unbewusst einen \u201edummen Nazi-Spruch\u201c abzulassen. Die j\u00fcngsten Schlagzeilen indes legen nahe, dass das Nazometer nicht funktioniert hat: Schmidt und Pocher sind arg ins Schlittern geraten.<\/p>\n<p>Zum Thema<\/p>\n<p>Fernsehkritik: Die Premiere von \u201eSchmidt &#038; Pocher\u201c<br \/>\nSchmidt &#038; Pocher: Um uns herum gibt es ja sonst nix<br \/>\nVerbl\u00fcffend ist, dass dies so sp\u00e4t geschah. Zahllose gro\u00dfe und weniger gro\u00dfe Medien haben die Premiere von \u201eSchmidt &#038; Pocher\u201c, die am 25. Oktober ausgestrahlt wurde, besprochen. Das Nazometer tauchte in vielen Besprechungen auf, manche Kritiker waren durchaus angetan, andere skeptisch, niemand schockiert. Die Idee mit dem Nazometer sei \u201egar nicht dumm, aber auch gar nicht so komisch\u201c, hie\u00df es an dieser Stelle (siehe: Fernsehkritik: Die Premiere von \u201eSchmidt &#038; Pocher\u201c), von einer \u201evorsichtigen Als-ob-Provokation\u201c schrieb der \u201eTagesspiegel\u201c. Die \u201eBild\u201c-Zeitung schrieb zwei Tage nach der Show, beim \u201eNazometer\u201c sei den Zuschauern das Lachen im Halse stecken geblieben. Ungleich wichtiger aber erschien dem Blatt ein ganz anderes Detail der Sendung, welches es in die Schlagzeile schaffte: \u201eSeit wann darf man in der ARD &#8218;ficken&#8216; sagen?\u201c Erst am 14. November regte sich \u201eBild\u201c dann \u00fcber die \u201eNazi-Spr\u00fcche\u201c Schmidts und Pochers auf, die man vorher anscheinend \u00fcberh\u00f6rt hatte. Der SWR-Mann Boudgoust wiederum muss sich fragen lassen, warum er eine Sendung, die in der ARD als teures Prestigeprojekt gilt, erst dann zur Kenntnis nimmt, wenn sich Mitglieder seiner Sendergremien bei ihm beschweren.<\/p>\n<p>Schlechtes Timing<\/p>\n<p>Das schlechte Timing seiner Kritiker hatte zuvor das ARD-Duo selbst demonstriert. In einem Interview am 22. Oktober hatte Pocher zum Herman-Kerner-Eklat erkl\u00e4rt: \u201eSchade, dass wir noch nicht auf Sendung waren. Harald und ich h\u00e4tten mit dieser Sendung locker zwanzig Minuten gef\u00fcllt.\u201c Drei Tage darauf f\u00fcllten sie mit dem Ereignis, das da schon l\u00e4nger als zwei Wochen zur\u00fccklag, immerhin noch knapp zehn Minuten. Das war deutlich zuviel. Zumal sich Pocher immer n\u00e4her an die Grenze wagte: \u201eIch habe zuhause einen Gasherd\u201c, sagte er, und als Schmidt sp\u00e4ter den Auftritt eines keifenden Vaters bei der \u201eSuper-Nanny\u201c nachspielte, der sein Kind zum Duschen schicken wollte, warf er ein: \u201eIch bin froh, dass das Nazometer nicht hier ist.\u201c Der durchaus aufkl\u00e4rerische Ansatz, auf die Emp\u00f6rungsreflexe der Berufskorrekten hinzuweisen, verkam hier zu pubert\u00e4rer Tabur\u00fcttelei.<\/p>\n<p>Geschmacklos? Gewiss. Nur: Ein \u201eNazi-Spruch\u201c ist der Satz \u201eIch habe zuhause einen Gasherd\u201c nicht. Wer das behauptet, tut genau das, was er den von ihm Kritisierten vorwirft: Er verschiebt die Grenzen. Den Index beliebig zu erweitern, hei\u00dft jene Entgleisungen zu verharmlosen, die tats\u00e4chlich gef\u00e4hrlich sind. Kaum auszudenken, wenn &#8211; was nicht geschehen wird &#8211; die ARD das Nazometer zum Anlass n\u00e4hme, Schmidt und Pocher vom Bildschirm zu verbannen: Es f\u00e4nden sich zwei M\u00e4nner als Kronzeugen der Ewiggestrigen wieder, die in dieser Ecke wirklich gar nichts zu suchen haben.<\/p>\n<p>F\u00fcr ein vorzeitiges Aus von \u201eSchmidt &#038; Pocher\u201c g\u00e4be es weit triftigere Gr\u00fcnde. Gestern Abend beispielsweise Pochers viele vergebliche Versuche, beim Publikum mit seinen Pointen kein Befremden auszul\u00f6sen, sein oft auf Ausgrenzung basierender Humor (\u201eAziz &#8211; ein typisch deutscher Name\u201c) oder die ersch\u00f6pfende Auseinandersetzung aller Anwesenden mit Unterleibsregionen &#8211; von der Analfissur bis zum Hund, dem Sabrina Setlurs Scho\u00dfk\u00f6ter die Vorhaut abbiss. Da konnte Pocher wohl nicht anders, als den K\u00f6lner Dom als \u201ebeschissen\u201c zu bezeichnen &#8211; ein Nebensatz, der den ARD-Rundfunkr\u00e4ten in ihren kommenden Sitzungen viel Vergn\u00fcgen bereiten d\u00fcrfte. Angesichts der damit erreichten Niederungen ist Schmidts Anfangsgag, der Laternenumzug mit dem Nazometer, in dieser Sendung sein bester geblieben. Man muss nur abwarten, ob darin nicht jemand eine Metapher auf die Fackelumz\u00fcge der Nazis zu erkennen glaubt.<\/p>\n","protected":false},"excerpt":{"rendered":"<p>und \u00e4hnlichen Unappetitlichkeiten? Wer Pocher einkaufte, wu\u00dfte, was er tat. Oder war geistig umnachtet. Jetzt nicht so tun, als seien alle blind und taub gewesen&#8230;schon mit Schmidt&#8230;dem teuersten Mann der ARD&#8230;**Zum THEMA hat FEMINISSIMA eine FAZ.NET-Kritik f\u00fcr uns\/Euch herausgesucht, <br \/>die unseren Geist erweitert.<\/p>\n","protected":false},"author":2,"featured_media":0,"comment_status":"closed","ping_status":"closed","sticky":false,"template":"","format":"standard","meta":{"footnotes":""},"categories":[13],"tags":[],"class_list":["post-85023","post","type-post","status-publish","format-standard","hentry","category-femmedien","entry"],"yoast_head":"<!-- This site is optimized with the Yoast SEO plugin v21.0 - https:\/\/yoast.com\/wordpress\/plugins\/seo\/ -->\n<title>SCHMIDT &amp; POCHER - vorzeitiges Aus? Analfissuren &amp; Witz komm raus - Feminissima<\/title>\n<meta name=\"robots\" content=\"index, follow, max-snippet:-1, max-image-preview:large, max-video-preview:-1\" \/>\n<link rel=\"canonical\" href=\"https:\/\/feminissima.de\/index.php\/2007\/11\/17\/schmidt-pocher-vorzeitiges-aus-analfissuren-witz-komm-raus\/\" \/>\n<meta property=\"og:locale\" content=\"de_DE\" \/>\n<meta property=\"og:type\" content=\"article\" \/>\n<meta property=\"og:title\" content=\"SCHMIDT &amp; POCHER - vorzeitiges Aus? Analfissuren &amp; Witz komm raus - Feminissima\" \/>\n<meta property=\"og:description\" content=\"und \u00e4hnlichen Unappetitlichkeiten? Wer Pocher einkaufte, wu\u00dfte, was er tat. Oder war geistig umnachtet. Jetzt nicht so tun, als seien alle blind und taub gewesen...schon mit Schmidt...dem teuersten Mann der ARD...**Zum THEMA hat FEMINISSIMA eine FAZ.NET-Kritik f\u00fcr uns\/Euch herausgesucht, die unseren Geist erweitert.\" \/>\n<meta property=\"og:url\" content=\"https:\/\/feminissima.de\/index.php\/2007\/11\/17\/schmidt-pocher-vorzeitiges-aus-analfissuren-witz-komm-raus\/\" \/>\n<meta property=\"og:site_name\" content=\"Feminissima\" \/>\n<meta property=\"article:published_time\" content=\"2007-11-17T12:34:56+00:00\" \/>\n<meta name=\"author\" content=\"admin\" \/>\n<meta name=\"twitter:card\" content=\"summary_large_image\" \/>\n<meta name=\"twitter:label1\" content=\"Verfasst von\" \/>\n\t<meta name=\"twitter:data1\" content=\"admin\" \/>\n\t<meta name=\"twitter:label2\" content=\"Gesch\u00e4tzte Lesezeit\" \/>\n\t<meta name=\"twitter:data2\" content=\"5\u00a0Minuten\" \/>\n<script type=\"application\/ld+json\" class=\"yoast-schema-graph\">{\"@context\":\"https:\/\/schema.org\",\"@graph\":[{\"@type\":\"WebPage\",\"@id\":\"https:\/\/feminissima.de\/index.php\/2007\/11\/17\/schmidt-pocher-vorzeitiges-aus-analfissuren-witz-komm-raus\/\",\"url\":\"https:\/\/feminissima.de\/index.php\/2007\/11\/17\/schmidt-pocher-vorzeitiges-aus-analfissuren-witz-komm-raus\/\",\"name\":\"SCHMIDT & POCHER - vorzeitiges Aus? Analfissuren & Witz komm raus - Feminissima\",\"isPartOf\":{\"@id\":\"https:\/\/feminissima.de\/#website\"},\"datePublished\":\"2007-11-17T12:34:56+00:00\",\"dateModified\":\"2007-11-17T12:34:56+00:00\",\"author\":{\"@id\":\"https:\/\/feminissima.de\/#\/schema\/person\/0b901e053624f88e7ecbea289d9d5128\"},\"breadcrumb\":{\"@id\":\"https:\/\/feminissima.de\/index.php\/2007\/11\/17\/schmidt-pocher-vorzeitiges-aus-analfissuren-witz-komm-raus\/#breadcrumb\"},\"inLanguage\":\"de\",\"potentialAction\":[{\"@type\":\"ReadAction\",\"target\":[\"https:\/\/feminissima.de\/index.php\/2007\/11\/17\/schmidt-pocher-vorzeitiges-aus-analfissuren-witz-komm-raus\/\"]}]},{\"@type\":\"BreadcrumbList\",\"@id\":\"https:\/\/feminissima.de\/index.php\/2007\/11\/17\/schmidt-pocher-vorzeitiges-aus-analfissuren-witz-komm-raus\/#breadcrumb\",\"itemListElement\":[{\"@type\":\"ListItem\",\"position\":1,\"name\":\"Startseite\",\"item\":\"https:\/\/feminissima.de\/\"},{\"@type\":\"ListItem\",\"position\":2,\"name\":\"SCHMIDT &#038; POCHER &#8211; vorzeitiges Aus? Analfissuren &#038; Witz komm raus\"}]},{\"@type\":\"WebSite\",\"@id\":\"https:\/\/feminissima.de\/#website\",\"url\":\"https:\/\/feminissima.de\/\",\"name\":\"Feminissima\",\"description\":\"\",\"potentialAction\":[{\"@type\":\"SearchAction\",\"target\":{\"@type\":\"EntryPoint\",\"urlTemplate\":\"https:\/\/feminissima.de\/?s={search_term_string}\"},\"query-input\":\"required name=search_term_string\"}],\"inLanguage\":\"de\"},{\"@type\":\"Person\",\"@id\":\"https:\/\/feminissima.de\/#\/schema\/person\/0b901e053624f88e7ecbea289d9d5128\",\"name\":\"admin\",\"image\":{\"@type\":\"ImageObject\",\"inLanguage\":\"de\",\"@id\":\"https:\/\/feminissima.de\/#\/schema\/person\/image\/\",\"url\":\"https:\/\/secure.gravatar.com\/avatar\/8da1f51327453c0bf63338e8e2a791948b7d2ac19b68839492d1e69aac6924a8?s=96&d=mm&r=g\",\"contentUrl\":\"https:\/\/secure.gravatar.com\/avatar\/8da1f51327453c0bf63338e8e2a791948b7d2ac19b68839492d1e69aac6924a8?s=96&d=mm&r=g\",\"caption\":\"admin\"},\"url\":\"https:\/\/feminissima.de\/index.php\/author\/admin\/\"}]}<\/script>\n<!-- \/ Yoast SEO plugin. -->","yoast_head_json":{"title":"SCHMIDT & POCHER - vorzeitiges Aus? Analfissuren & Witz komm raus - Feminissima","robots":{"index":"index","follow":"follow","max-snippet":"max-snippet:-1","max-image-preview":"max-image-preview:large","max-video-preview":"max-video-preview:-1"},"canonical":"https:\/\/feminissima.de\/index.php\/2007\/11\/17\/schmidt-pocher-vorzeitiges-aus-analfissuren-witz-komm-raus\/","og_locale":"de_DE","og_type":"article","og_title":"SCHMIDT & POCHER - vorzeitiges Aus? Analfissuren & Witz komm raus - Feminissima","og_description":"und \u00e4hnlichen Unappetitlichkeiten? Wer Pocher einkaufte, wu\u00dfte, was er tat. Oder war geistig umnachtet. Jetzt nicht so tun, als seien alle blind und taub gewesen...schon mit Schmidt...dem teuersten Mann der ARD...**Zum THEMA hat FEMINISSIMA eine FAZ.NET-Kritik f\u00fcr uns\/Euch herausgesucht, die unseren Geist erweitert.","og_url":"https:\/\/feminissima.de\/index.php\/2007\/11\/17\/schmidt-pocher-vorzeitiges-aus-analfissuren-witz-komm-raus\/","og_site_name":"Feminissima","article_published_time":"2007-11-17T12:34:56+00:00","author":"admin","twitter_card":"summary_large_image","twitter_misc":{"Verfasst von":"admin","Gesch\u00e4tzte Lesezeit":"5\u00a0Minuten"},"schema":{"@context":"https:\/\/schema.org","@graph":[{"@type":"WebPage","@id":"https:\/\/feminissima.de\/index.php\/2007\/11\/17\/schmidt-pocher-vorzeitiges-aus-analfissuren-witz-komm-raus\/","url":"https:\/\/feminissima.de\/index.php\/2007\/11\/17\/schmidt-pocher-vorzeitiges-aus-analfissuren-witz-komm-raus\/","name":"SCHMIDT & POCHER - vorzeitiges Aus? Analfissuren & Witz komm raus - Feminissima","isPartOf":{"@id":"https:\/\/feminissima.de\/#website"},"datePublished":"2007-11-17T12:34:56+00:00","dateModified":"2007-11-17T12:34:56+00:00","author":{"@id":"https:\/\/feminissima.de\/#\/schema\/person\/0b901e053624f88e7ecbea289d9d5128"},"breadcrumb":{"@id":"https:\/\/feminissima.de\/index.php\/2007\/11\/17\/schmidt-pocher-vorzeitiges-aus-analfissuren-witz-komm-raus\/#breadcrumb"},"inLanguage":"de","potentialAction":[{"@type":"ReadAction","target":["https:\/\/feminissima.de\/index.php\/2007\/11\/17\/schmidt-pocher-vorzeitiges-aus-analfissuren-witz-komm-raus\/"]}]},{"@type":"BreadcrumbList","@id":"https:\/\/feminissima.de\/index.php\/2007\/11\/17\/schmidt-pocher-vorzeitiges-aus-analfissuren-witz-komm-raus\/#breadcrumb","itemListElement":[{"@type":"ListItem","position":1,"name":"Startseite","item":"https:\/\/feminissima.de\/"},{"@type":"ListItem","position":2,"name":"SCHMIDT &#038; POCHER &#8211; vorzeitiges Aus? Analfissuren &#038; Witz komm raus"}]},{"@type":"WebSite","@id":"https:\/\/feminissima.de\/#website","url":"https:\/\/feminissima.de\/","name":"Feminissima","description":"","potentialAction":[{"@type":"SearchAction","target":{"@type":"EntryPoint","urlTemplate":"https:\/\/feminissima.de\/?s={search_term_string}"},"query-input":"required name=search_term_string"}],"inLanguage":"de"},{"@type":"Person","@id":"https:\/\/feminissima.de\/#\/schema\/person\/0b901e053624f88e7ecbea289d9d5128","name":"admin","image":{"@type":"ImageObject","inLanguage":"de","@id":"https:\/\/feminissima.de\/#\/schema\/person\/image\/","url":"https:\/\/secure.gravatar.com\/avatar\/8da1f51327453c0bf63338e8e2a791948b7d2ac19b68839492d1e69aac6924a8?s=96&d=mm&r=g","contentUrl":"https:\/\/secure.gravatar.com\/avatar\/8da1f51327453c0bf63338e8e2a791948b7d2ac19b68839492d1e69aac6924a8?s=96&d=mm&r=g","caption":"admin"},"url":"https:\/\/feminissima.de\/index.php\/author\/admin\/"}]}},"jetpack_featured_media_url":"","_links":{"self":[{"href":"https:\/\/feminissima.de\/index.php\/wp-json\/wp\/v2\/posts\/85023","targetHints":{"allow":["GET"]}}],"collection":[{"href":"https:\/\/feminissima.de\/index.php\/wp-json\/wp\/v2\/posts"}],"about":[{"href":"https:\/\/feminissima.de\/index.php\/wp-json\/wp\/v2\/types\/post"}],"author":[{"embeddable":true,"href":"https:\/\/feminissima.de\/index.php\/wp-json\/wp\/v2\/users\/2"}],"replies":[{"embeddable":true,"href":"https:\/\/feminissima.de\/index.php\/wp-json\/wp\/v2\/comments?post=85023"}],"version-history":[{"count":0,"href":"https:\/\/feminissima.de\/index.php\/wp-json\/wp\/v2\/posts\/85023\/revisions"}],"wp:attachment":[{"href":"https:\/\/feminissima.de\/index.php\/wp-json\/wp\/v2\/media?parent=85023"}],"wp:term":[{"taxonomy":"category","embeddable":true,"href":"https:\/\/feminissima.de\/index.php\/wp-json\/wp\/v2\/categories?post=85023"},{"taxonomy":"post_tag","embeddable":true,"href":"https:\/\/feminissima.de\/index.php\/wp-json\/wp\/v2\/tags?post=85023"}],"curies":[{"name":"wp","href":"https:\/\/api.w.org\/{rel}","templated":true}]}}