{"id":85021,"date":"2007-11-06T10:15:49","date_gmt":"2007-11-06T10:15:49","guid":{"rendered":"http:\/\/www.feminissima.de\/?p=85021"},"modified":"2007-11-06T10:15:49","modified_gmt":"2007-11-06T10:15:49","slug":"sie-kommen-aus-allen-schichten-europol-zerschlug-kinderpornoring","status":"publish","type":"post","link":"https:\/\/feminissima.de\/index.php\/2007\/11\/06\/sie-kommen-aus-allen-schichten-europol-zerschlug-kinderpornoring\/","title":{"rendered":"SIE KOMMEN AUS ALLEN SCHICHTEN: EUROPOL zerschlug Kinderpornoring"},"content":{"rendered":"<p>Quelle: n-tv.de<\/p>\n<p>Eurojust-Chef Michael Kennedy  verk\u00fcndet den Fahndungserfolg<\/p>\n<p>Montag, 5. November 2007<\/p>\n<p>Europ\u00e4ischer Erfolg<\/p>\n<p>Kinderpornoring zerschlagen<br \/>Eurojust-Chef Michael Kennedy (l) verk\u00fcndet den Fahndungserfolg<\/p>\n<p>Montag, 5. November 2007<\/p>\n<p>Europ\u00e4ischer Erfolg<\/p>\n<p>Kinderpornoring zerschlagen<\/p>\n<p>Die europ\u00e4ischen Kriminalbeh\u00f6rden Europol und Eurojust haben einen riesigen Handel mit Kinderpornografie auffliegen lassen. Der italienische Hintermann sei verhaftet worden, berichteten die Ermittler in Den Haag. Als Abnehmer von Millionen Bildern und Videos seien 2.500 Menschen in 19 L\u00e4ndern identifiziert worden. <\/p>\n<p>&#8222;Sie kommen aus allen Schichten, auch aus Vertrauenspositionen. Wir fanden Lehrer, Anw\u00e4lte, Schwimmlehrer&#8220;, sagte Menno Hagemeijer von Europol. Opfer seien 21 M\u00e4dchen aus der Ukraine und zwei M\u00e4dchen aus Belgien gewesen. Sie sind zwischen 9 und 16 Jahren alt. <\/p>\n<p>Eine Spur nach Deutschland gibt es bislang nicht. Die Ermittlungen gingen jedoch weiter, sagte Europol-Vizepr\u00e4sident Mariano Simancas. <\/p>\n<p>Hagemeijer berichtete, wie der Fall ins Rollen kam: Australische Fahnder fanden ein Internet-Video \u00fcber den Missbrauch zweier Kinder durch einen Mann. Sie vermuteten, holl\u00e4ndische W\u00f6rter zu h\u00f6ren und alarmierten Kollegen in den Niederlanden. Diese entdeckten, dass es sich um das in Belgien gesprochene Fl\u00e4misch handelte. So wurde schnell ein Belgier identifiziert, der seine beiden T\u00f6chter f\u00fcr das Video missbrauchte. Den Film hatte ein Italiener gedreht, den die Ermittler in Ferrara ausmachten. Er bot 150 pornografische Videos von minderj\u00e4hrigen M\u00e4dchen an und hatte die Namen aller 2.500 Kunden gespeichert. <\/p>\n<p>&#8222;Marzolo Sergio drehte die Videos in der Ukraine&#8220;, erl\u00e4uterte der stellvertretende Oberstaatsanwalt von Ferrara, Filippo di Benedetto. &#8222;Er wurde verhaftet am Tag bevor er sich in die Ukraine absetzen wollte. Er lebte ausschlie\u00dflich von diesem illegalen Gesch\u00e4ft.&#8220; <\/p>\n<p>Von den 2.500 ermittelten Abnehmern der Videos wurden bislang nur 92 angezeigt. Noch weniger, neun, sind in Untersuchungshaft. Zum gro\u00dfen Unterschied zur Gesamtzahl sagte der Europol-Vizepr\u00e4sident: &#8222;Es ist nur eine Frage der Zeit.&#8220; <\/p>\n<p>Simancas und Eurojust-Pr\u00e4sident Michael Kennedy lobten die enge Zusammenarbeit dieser beiden Beh\u00f6rden und aller beteiligten L\u00e4nder. Das sei in diesem Umfang einmalig. Europol ist die 1994 gegr\u00fcndete Beh\u00f6rde zur Koordinierung der grenz\u00fcberschreitenden Polizeiarbeit in der EU, Eurojust wurde 2002 als entsprechendes Gremium f\u00fcr die Staatsanwaltschaften gegr\u00fcndet. Beide haben ihren Sitz in Den Haag. <\/p>\n","protected":false},"excerpt":{"rendered":"<p>Quelle: n-tv.de<\/p>\n<p>Eurojust-Chef Michael Kennedy  verk\u00fcndet den Fahndungserfolg<\/p>\n<p>Montag, 5. November 2007<\/p>\n<p>Europ\u00e4ischer Erfolg<\/p>\n<p>Kinderpornoring zerschlagen<\/p>\n","protected":false},"author":2,"featured_media":0,"comment_status":"closed","ping_status":"closed","sticky":false,"template":"","format":"standard","meta":{"footnotes":""},"categories":[15],"tags":[],"class_list":["post-85021","post","type-post","status-publish","format-standard","hentry","category-femrecht","entry"],"yoast_head":"<!-- This site is optimized with the Yoast SEO plugin v21.0 - https:\/\/yoast.com\/wordpress\/plugins\/seo\/ -->\n<title>SIE KOMMEN AUS ALLEN SCHICHTEN: EUROPOL zerschlug Kinderpornoring - Feminissima<\/title>\n<meta name=\"robots\" content=\"index, follow, max-snippet:-1, max-image-preview:large, max-video-preview:-1\" \/>\n<link rel=\"canonical\" href=\"https:\/\/feminissima.de\/index.php\/2007\/11\/06\/sie-kommen-aus-allen-schichten-europol-zerschlug-kinderpornoring\/\" \/>\n<meta property=\"og:locale\" content=\"de_DE\" \/>\n<meta property=\"og:type\" content=\"article\" \/>\n<meta property=\"og:title\" content=\"SIE KOMMEN AUS ALLEN SCHICHTEN: EUROPOL zerschlug Kinderpornoring - Feminissima\" \/>\n<meta property=\"og:description\" content=\"Quelle: n-tv.de Eurojust-Chef Michael Kennedy verk\u00fcndet den Fahndungserfolg Montag, 5. November 2007 Europ\u00e4ischer Erfolg Kinderpornoring zerschlagen\" \/>\n<meta property=\"og:url\" content=\"https:\/\/feminissima.de\/index.php\/2007\/11\/06\/sie-kommen-aus-allen-schichten-europol-zerschlug-kinderpornoring\/\" \/>\n<meta property=\"og:site_name\" content=\"Feminissima\" \/>\n<meta property=\"article:published_time\" content=\"2007-11-06T10:15:49+00:00\" \/>\n<meta name=\"author\" content=\"admin\" \/>\n<meta name=\"twitter:card\" content=\"summary_large_image\" \/>\n<meta name=\"twitter:label1\" content=\"Verfasst von\" \/>\n\t<meta name=\"twitter:data1\" content=\"admin\" \/>\n\t<meta name=\"twitter:label2\" content=\"Gesch\u00e4tzte Lesezeit\" \/>\n\t<meta name=\"twitter:data2\" content=\"2\u00a0Minuten\" \/>\n<script type=\"application\/ld+json\" class=\"yoast-schema-graph\">{\"@context\":\"https:\/\/schema.org\",\"@graph\":[{\"@type\":\"WebPage\",\"@id\":\"https:\/\/feminissima.de\/index.php\/2007\/11\/06\/sie-kommen-aus-allen-schichten-europol-zerschlug-kinderpornoring\/\",\"url\":\"https:\/\/feminissima.de\/index.php\/2007\/11\/06\/sie-kommen-aus-allen-schichten-europol-zerschlug-kinderpornoring\/\",\"name\":\"SIE KOMMEN AUS ALLEN SCHICHTEN: EUROPOL zerschlug Kinderpornoring - Feminissima\",\"isPartOf\":{\"@id\":\"https:\/\/feminissima.de\/#website\"},\"datePublished\":\"2007-11-06T10:15:49+00:00\",\"dateModified\":\"2007-11-06T10:15:49+00:00\",\"author\":{\"@id\":\"https:\/\/feminissima.de\/#\/schema\/person\/0b901e053624f88e7ecbea289d9d5128\"},\"breadcrumb\":{\"@id\":\"https:\/\/feminissima.de\/index.php\/2007\/11\/06\/sie-kommen-aus-allen-schichten-europol-zerschlug-kinderpornoring\/#breadcrumb\"},\"inLanguage\":\"de\",\"potentialAction\":[{\"@type\":\"ReadAction\",\"target\":[\"https:\/\/feminissima.de\/index.php\/2007\/11\/06\/sie-kommen-aus-allen-schichten-europol-zerschlug-kinderpornoring\/\"]}]},{\"@type\":\"BreadcrumbList\",\"@id\":\"https:\/\/feminissima.de\/index.php\/2007\/11\/06\/sie-kommen-aus-allen-schichten-europol-zerschlug-kinderpornoring\/#breadcrumb\",\"itemListElement\":[{\"@type\":\"ListItem\",\"position\":1,\"name\":\"Startseite\",\"item\":\"https:\/\/feminissima.de\/\"},{\"@type\":\"ListItem\",\"position\":2,\"name\":\"SIE KOMMEN AUS ALLEN SCHICHTEN: EUROPOL zerschlug Kinderpornoring\"}]},{\"@type\":\"WebSite\",\"@id\":\"https:\/\/feminissima.de\/#website\",\"url\":\"https:\/\/feminissima.de\/\",\"name\":\"Feminissima\",\"description\":\"\",\"potentialAction\":[{\"@type\":\"SearchAction\",\"target\":{\"@type\":\"EntryPoint\",\"urlTemplate\":\"https:\/\/feminissima.de\/?s={search_term_string}\"},\"query-input\":\"required name=search_term_string\"}],\"inLanguage\":\"de\"},{\"@type\":\"Person\",\"@id\":\"https:\/\/feminissima.de\/#\/schema\/person\/0b901e053624f88e7ecbea289d9d5128\",\"name\":\"admin\",\"image\":{\"@type\":\"ImageObject\",\"inLanguage\":\"de\",\"@id\":\"https:\/\/feminissima.de\/#\/schema\/person\/image\/\",\"url\":\"https:\/\/secure.gravatar.com\/avatar\/8da1f51327453c0bf63338e8e2a791948b7d2ac19b68839492d1e69aac6924a8?s=96&d=mm&r=g\",\"contentUrl\":\"https:\/\/secure.gravatar.com\/avatar\/8da1f51327453c0bf63338e8e2a791948b7d2ac19b68839492d1e69aac6924a8?s=96&d=mm&r=g\",\"caption\":\"admin\"},\"url\":\"https:\/\/feminissima.de\/index.php\/author\/admin\/\"}]}<\/script>\n<!-- \/ Yoast SEO plugin. -->","yoast_head_json":{"title":"SIE KOMMEN AUS ALLEN SCHICHTEN: EUROPOL zerschlug Kinderpornoring - Feminissima","robots":{"index":"index","follow":"follow","max-snippet":"max-snippet:-1","max-image-preview":"max-image-preview:large","max-video-preview":"max-video-preview:-1"},"canonical":"https:\/\/feminissima.de\/index.php\/2007\/11\/06\/sie-kommen-aus-allen-schichten-europol-zerschlug-kinderpornoring\/","og_locale":"de_DE","og_type":"article","og_title":"SIE KOMMEN AUS ALLEN SCHICHTEN: EUROPOL zerschlug Kinderpornoring - Feminissima","og_description":"Quelle: n-tv.de Eurojust-Chef Michael Kennedy verk\u00fcndet den Fahndungserfolg Montag, 5. November 2007 Europ\u00e4ischer Erfolg Kinderpornoring zerschlagen","og_url":"https:\/\/feminissima.de\/index.php\/2007\/11\/06\/sie-kommen-aus-allen-schichten-europol-zerschlug-kinderpornoring\/","og_site_name":"Feminissima","article_published_time":"2007-11-06T10:15:49+00:00","author":"admin","twitter_card":"summary_large_image","twitter_misc":{"Verfasst von":"admin","Gesch\u00e4tzte Lesezeit":"2\u00a0Minuten"},"schema":{"@context":"https:\/\/schema.org","@graph":[{"@type":"WebPage","@id":"https:\/\/feminissima.de\/index.php\/2007\/11\/06\/sie-kommen-aus-allen-schichten-europol-zerschlug-kinderpornoring\/","url":"https:\/\/feminissima.de\/index.php\/2007\/11\/06\/sie-kommen-aus-allen-schichten-europol-zerschlug-kinderpornoring\/","name":"SIE KOMMEN AUS ALLEN SCHICHTEN: EUROPOL zerschlug Kinderpornoring - Feminissima","isPartOf":{"@id":"https:\/\/feminissima.de\/#website"},"datePublished":"2007-11-06T10:15:49+00:00","dateModified":"2007-11-06T10:15:49+00:00","author":{"@id":"https:\/\/feminissima.de\/#\/schema\/person\/0b901e053624f88e7ecbea289d9d5128"},"breadcrumb":{"@id":"https:\/\/feminissima.de\/index.php\/2007\/11\/06\/sie-kommen-aus-allen-schichten-europol-zerschlug-kinderpornoring\/#breadcrumb"},"inLanguage":"de","potentialAction":[{"@type":"ReadAction","target":["https:\/\/feminissima.de\/index.php\/2007\/11\/06\/sie-kommen-aus-allen-schichten-europol-zerschlug-kinderpornoring\/"]}]},{"@type":"BreadcrumbList","@id":"https:\/\/feminissima.de\/index.php\/2007\/11\/06\/sie-kommen-aus-allen-schichten-europol-zerschlug-kinderpornoring\/#breadcrumb","itemListElement":[{"@type":"ListItem","position":1,"name":"Startseite","item":"https:\/\/feminissima.de\/"},{"@type":"ListItem","position":2,"name":"SIE KOMMEN AUS ALLEN SCHICHTEN: EUROPOL zerschlug Kinderpornoring"}]},{"@type":"WebSite","@id":"https:\/\/feminissima.de\/#website","url":"https:\/\/feminissima.de\/","name":"Feminissima","description":"","potentialAction":[{"@type":"SearchAction","target":{"@type":"EntryPoint","urlTemplate":"https:\/\/feminissima.de\/?s={search_term_string}"},"query-input":"required name=search_term_string"}],"inLanguage":"de"},{"@type":"Person","@id":"https:\/\/feminissima.de\/#\/schema\/person\/0b901e053624f88e7ecbea289d9d5128","name":"admin","image":{"@type":"ImageObject","inLanguage":"de","@id":"https:\/\/feminissima.de\/#\/schema\/person\/image\/","url":"https:\/\/secure.gravatar.com\/avatar\/8da1f51327453c0bf63338e8e2a791948b7d2ac19b68839492d1e69aac6924a8?s=96&d=mm&r=g","contentUrl":"https:\/\/secure.gravatar.com\/avatar\/8da1f51327453c0bf63338e8e2a791948b7d2ac19b68839492d1e69aac6924a8?s=96&d=mm&r=g","caption":"admin"},"url":"https:\/\/feminissima.de\/index.php\/author\/admin\/"}]}},"jetpack_featured_media_url":"","_links":{"self":[{"href":"https:\/\/feminissima.de\/index.php\/wp-json\/wp\/v2\/posts\/85021","targetHints":{"allow":["GET"]}}],"collection":[{"href":"https:\/\/feminissima.de\/index.php\/wp-json\/wp\/v2\/posts"}],"about":[{"href":"https:\/\/feminissima.de\/index.php\/wp-json\/wp\/v2\/types\/post"}],"author":[{"embeddable":true,"href":"https:\/\/feminissima.de\/index.php\/wp-json\/wp\/v2\/users\/2"}],"replies":[{"embeddable":true,"href":"https:\/\/feminissima.de\/index.php\/wp-json\/wp\/v2\/comments?post=85021"}],"version-history":[{"count":0,"href":"https:\/\/feminissima.de\/index.php\/wp-json\/wp\/v2\/posts\/85021\/revisions"}],"wp:attachment":[{"href":"https:\/\/feminissima.de\/index.php\/wp-json\/wp\/v2\/media?parent=85021"}],"wp:term":[{"taxonomy":"category","embeddable":true,"href":"https:\/\/feminissima.de\/index.php\/wp-json\/wp\/v2\/categories?post=85021"},{"taxonomy":"post_tag","embeddable":true,"href":"https:\/\/feminissima.de\/index.php\/wp-json\/wp\/v2\/tags?post=85021"}],"curies":[{"name":"wp","href":"https:\/\/api.w.org\/{rel}","templated":true}]}}